{"id":2317,"date":"2021-09-03T02:12:58","date_gmt":"2021-09-03T02:12:58","guid":{"rendered":"https:\/\/selectednews.info\/de\/balkon-stuerzt-bei-geburtstagsparty-ein-verletzte\/"},"modified":"2021-09-03T02:13:08","modified_gmt":"2021-09-03T02:13:08","slug":"balkon-stuerzt-bei-geburtstagsparty-ein-verletzte","status":"publish","type":"post","link":"https:\/\/selectednews.info\/de\/balkon-stuerzt-bei-geburtstagsparty-ein-verletzte\/","title":{"rendered":"Balkon st\u00fcrzt bei Geburtstagsparty ein \u2013 Verletzte"},"content":{"rendered":"<p>In der s\u00e4chsischen Stadt Bautzen sollte ein 17. Geburtstag gefeiert werden \u2013 doch es kommt zu einem schlimmen Ungl\u00fcck. W\u00e4hrend der Party st\u00fcrzt der Balkon ein, auf dem sich viele Menschen befinden.\u00a0<\/p>\n<p>Beim Einsturz eines Holzbalkons w\u00e4hrend einer Geburtstagsfeier sind in der s\u00e4chsischen Stadt Bautzen neun Menschen verletzt worden.<\/p>\n<p>&#8222;Der Balkon im dritten Stock wurde von vielen Menschen betreten, und unter der hohen Belastung st\u00fcrzte er zusammen&#8220;, sagte ein Polizeisprecher am Freitagmorgen.\u00a0<\/p>\n<p>Die Partyg\u00e4ste hatten sich wegen des Geburtstags eines 17-J\u00e4hrigen getroffen. Es gab acht Leichtverletzte, darunter ein vierj\u00e4hriges Kind. Ein 50-J\u00e4hriger zog sich zudem schwere Verletzungen zu. Alle Verungl\u00fcckten wurden in Krankenh\u00e4usern behandelt.<\/p>\n<p>Der Balkon war am Donnerstagabend um kurz nach 20 Uhr eingest\u00fcrzt. Statiker und Kriminaltechniker sollen nun kl\u00e4ren, wie es zu dem Ungl\u00fcck kommen konnte. Nach Angaben der Polizei war der Balkon nachtr\u00e4glich an das Mehrfamilienhaus angebracht worden.<\/p>\n<p>\n<!--noindex--><br \/>\n<a href=\"https:\/\/www.t-online.de\/nachrichten\/panorama\/id_90736390\/bautzen-in-sachsen-balkon-stuerzt-bei-geburtstagsparty-ein-verletzte.html\" rel=\"nofollow\">Source link <\/a><br \/>\n<!--\/noindex--><\/p>\n","protected":false},"excerpt":{"rendered":"<p>In der s\u00e4chsischen Stadt Bautzen sollte ein 17. Geburtstag gefeiert werden \u2013 doch es kommt zu einem schlimmen Ungl\u00fcck. W\u00e4hrend der Party st\u00fcrzt der Balkon ein, auf dem sich viele Menschen befinden.\u00a0 Beim Einsturz eines Holzbalkons w\u00e4hrend einer Geburtstagsfeier sind in der s\u00e4chsischen Stadt Bautzen neun Menschen verletzt worden. &#8222;Der Balkon im dritten Stock wurde [&hellip;]<\/p>\n","protected":false},"author":1,"featured_media":2318,"comment_status":"open","ping_status":"open","sticky":false,"template":"","format":"standard","meta":{"footnotes":""},"categories":[1],"tags":[],"class_list":["post-2317","post","type-post","status-publish","format-standard","has-post-thumbnail","hentry","category-neuigkeiten"],"yoast_head":"<!-- This site is optimized with the Yoast SEO plugin v27.4 - https:\/\/yoast.com\/product\/yoast-seo-wordpress\/ -->\n<title>Balkon st\u00fcrzt bei Geburtstagsparty ein \u2013 Verletzte - Selected News<\/title>\n<meta name=\"robots\" content=\"index, follow, max-snippet:-1, max-image-preview:large, max-video-preview:-1\" \/>\n<link rel=\"canonical\" href=\"https:\/\/selectednews.info\/de\/balkon-stuerzt-bei-geburtstagsparty-ein-verletzte\/\" \/>\n<meta property=\"og:locale\" content=\"de_DE\" \/>\n<meta property=\"og:type\" content=\"article\" \/>\n<meta property=\"og:title\" content=\"Balkon st\u00fcrzt bei Geburtstagsparty ein \u2013 Verletzte - Selected News\" \/>\n<meta property=\"og:description\" content=\"In der s\u00e4chsischen Stadt Bautzen sollte ein 17. Geburtstag gefeiert werden \u2013 doch es kommt zu einem schlimmen Ungl\u00fcck. W\u00e4hrend der Party st\u00fcrzt der Balkon ein, auf dem sich viele Menschen befinden.\u00a0 Beim Einsturz eines Holzbalkons w\u00e4hrend einer Geburtstagsfeier sind in der s\u00e4chsischen Stadt Bautzen neun Menschen verletzt worden. &#8222;Der Balkon im dritten Stock wurde [&hellip;]\" \/>\n<meta property=\"og:url\" content=\"https:\/\/selectednews.info\/de\/balkon-stuerzt-bei-geburtstagsparty-ein-verletzte\/\" \/>\n<meta property=\"og:site_name\" content=\"Selected News\" \/>\n<meta property=\"article:published_time\" content=\"2021-09-03T02:12:58+00:00\" \/>\n<meta property=\"article:modified_time\" content=\"2021-09-03T02:13:08+00:00\" \/>\n<meta property=\"og:image\" content=\"https:\/\/selectednews.info\/de\/wp-content\/uploads\/sites\/13\/2021\/09\/Balkon-stuerzt-bei-Geburtstagsparty-ein-\u2013-Verletzte.jpg\" \/>\n\t<meta property=\"og:image:width\" content=\"640\" \/>\n\t<meta property=\"og:image:height\" content=\"360\" \/>\n\t<meta property=\"og:image:type\" content=\"image\/jpeg\" \/>\n<meta name=\"author\" content=\"selectednews\" \/>\n<meta name=\"twitter:card\" content=\"summary_large_image\" \/>\n<meta name=\"twitter:label1\" content=\"Verfasst von\" \/>\n\t<meta name=\"twitter:data1\" content=\"selectednews\" \/>\n\t<meta name=\"twitter:label2\" content=\"Gesch\u00e4tzte Lesezeit\" \/>\n\t<meta name=\"twitter:data2\" content=\"1\u00a0Minute\" \/>\n<script type=\"application\/ld+json\" class=\"yoast-schema-graph\">{\"@context\":\"https:\\\/\\\/schema.org\",\"@graph\":[{\"@type\":\"Article\",\"@id\":\"https:\\\/\\\/selectednews.info\\\/de\\\/balkon-stuerzt-bei-geburtstagsparty-ein-verletzte\\\/#article\",\"isPartOf\":{\"@id\":\"https:\\\/\\\/selectednews.info\\\/de\\\/balkon-stuerzt-bei-geburtstagsparty-ein-verletzte\\\/\"},\"author\":{\"name\":\"selectednews\",\"@id\":\"https:\\\/\\\/selectednews.info\\\/de\\\/#\\\/schema\\\/person\\\/b79ac6c3f85e7d3fd825ccfaa9a91671\"},\"headline\":\"Balkon st\u00fcrzt bei Geburtstagsparty ein \u2013 Verletzte\",\"datePublished\":\"2021-09-03T02:12:58+00:00\",\"dateModified\":\"2021-09-03T02:13:08+00:00\",\"mainEntityOfPage\":{\"@id\":\"https:\\\/\\\/selectednews.info\\\/de\\\/balkon-stuerzt-bei-geburtstagsparty-ein-verletzte\\\/\"},\"wordCount\":164,\"commentCount\":0,\"image\":{\"@id\":\"https:\\\/\\\/selectednews.info\\\/de\\\/balkon-stuerzt-bei-geburtstagsparty-ein-verletzte\\\/#primaryimage\"},\"thumbnailUrl\":\"https:\\\/\\\/selectednews.info\\\/de\\\/wp-content\\\/uploads\\\/sites\\\/13\\\/2021\\\/09\\\/Balkon-stuerzt-bei-Geburtstagsparty-ein-\u2013-Verletzte.jpg\",\"articleSection\":[\"NEUIGKEITEN\"],\"inLanguage\":\"de\",\"potentialAction\":[{\"@type\":\"CommentAction\",\"name\":\"Comment\",\"target\":[\"https:\\\/\\\/selectednews.info\\\/de\\\/balkon-stuerzt-bei-geburtstagsparty-ein-verletzte\\\/#respond\"]}]},{\"@type\":\"WebPage\",\"@id\":\"https:\\\/\\\/selectednews.info\\\/de\\\/balkon-stuerzt-bei-geburtstagsparty-ein-verletzte\\\/\",\"url\":\"https:\\\/\\\/selectednews.info\\\/de\\\/balkon-stuerzt-bei-geburtstagsparty-ein-verletzte\\\/\",\"name\":\"Balkon st\u00fcrzt bei Geburtstagsparty ein \u2013 Verletzte - Selected News\",\"isPartOf\":{\"@id\":\"https:\\\/\\\/selectednews.info\\\/de\\\/#website\"},\"primaryImageOfPage\":{\"@id\":\"https:\\\/\\\/selectednews.info\\\/de\\\/balkon-stuerzt-bei-geburtstagsparty-ein-verletzte\\\/#primaryimage\"},\"image\":{\"@id\":\"https:\\\/\\\/selectednews.info\\\/de\\\/balkon-stuerzt-bei-geburtstagsparty-ein-verletzte\\\/#primaryimage\"},\"thumbnailUrl\":\"https:\\\/\\\/selectednews.info\\\/de\\\/wp-content\\\/uploads\\\/sites\\\/13\\\/2021\\\/09\\\/Balkon-stuerzt-bei-Geburtstagsparty-ein-\u2013-Verletzte.jpg\",\"datePublished\":\"2021-09-03T02:12:58+00:00\",\"dateModified\":\"2021-09-03T02:13:08+00:00\",\"author\":{\"@id\":\"https:\\\/\\\/selectednews.info\\\/de\\\/#\\\/schema\\\/person\\\/b79ac6c3f85e7d3fd825ccfaa9a91671\"},\"breadcrumb\":{\"@id\":\"https:\\\/\\\/selectednews.info\\\/de\\\/balkon-stuerzt-bei-geburtstagsparty-ein-verletzte\\\/#breadcrumb\"},\"inLanguage\":\"de\",\"potentialAction\":[{\"@type\":\"ReadAction\",\"target\":[\"https:\\\/\\\/selectednews.info\\\/de\\\/balkon-stuerzt-bei-geburtstagsparty-ein-verletzte\\\/\"]}]},{\"@type\":\"ImageObject\",\"inLanguage\":\"de\",\"@id\":\"https:\\\/\\\/selectednews.info\\\/de\\\/balkon-stuerzt-bei-geburtstagsparty-ein-verletzte\\\/#primaryimage\",\"url\":\"https:\\\/\\\/selectednews.info\\\/de\\\/wp-content\\\/uploads\\\/sites\\\/13\\\/2021\\\/09\\\/Balkon-stuerzt-bei-Geburtstagsparty-ein-\u2013-Verletzte.jpg\",\"contentUrl\":\"https:\\\/\\\/selectednews.info\\\/de\\\/wp-content\\\/uploads\\\/sites\\\/13\\\/2021\\\/09\\\/Balkon-stuerzt-bei-Geburtstagsparty-ein-\u2013-Verletzte.jpg\",\"width\":640,\"height\":360,\"caption\":\"Balkon st\u00fcrzt bei Geburtstagsparty ein \u2013 Verletzte\"},{\"@type\":\"BreadcrumbList\",\"@id\":\"https:\\\/\\\/selectednews.info\\\/de\\\/balkon-stuerzt-bei-geburtstagsparty-ein-verletzte\\\/#breadcrumb\",\"itemListElement\":[{\"@type\":\"ListItem\",\"position\":1,\"name\":\"Home\",\"item\":\"https:\\\/\\\/selectednews.info\\\/de\\\/\"},{\"@type\":\"ListItem\",\"position\":2,\"name\":\"Balkon st\u00fcrzt bei Geburtstagsparty ein \u2013 Verletzte\"}]},{\"@type\":\"WebSite\",\"@id\":\"https:\\\/\\\/selectednews.info\\\/de\\\/#website\",\"url\":\"https:\\\/\\\/selectednews.info\\\/de\\\/\",\"name\":\"Selected News\",\"description\":\"Selected News Germany\",\"potentialAction\":[{\"@type\":\"SearchAction\",\"target\":{\"@type\":\"EntryPoint\",\"urlTemplate\":\"https:\\\/\\\/selectednews.info\\\/de\\\/?s={search_term_string}\"},\"query-input\":{\"@type\":\"PropertyValueSpecification\",\"valueRequired\":true,\"valueName\":\"search_term_string\"}}],\"inLanguage\":\"de\"},{\"@type\":\"Person\",\"@id\":\"https:\\\/\\\/selectednews.info\\\/de\\\/#\\\/schema\\\/person\\\/b79ac6c3f85e7d3fd825ccfaa9a91671\",\"name\":\"selectednews\",\"image\":{\"@type\":\"ImageObject\",\"inLanguage\":\"de\",\"@id\":\"https:\\\/\\\/secure.gravatar.com\\\/avatar\\\/df47a104cb5967d31c3340cf1cb4b49088cf27c3d8168f31a99c0b2fe0ef55c1?s=96&d=mm&r=g\",\"url\":\"https:\\\/\\\/secure.gravatar.com\\\/avatar\\\/df47a104cb5967d31c3340cf1cb4b49088cf27c3d8168f31a99c0b2fe0ef55c1?s=96&d=mm&r=g\",\"contentUrl\":\"https:\\\/\\\/secure.gravatar.com\\\/avatar\\\/df47a104cb5967d31c3340cf1cb4b49088cf27c3d8168f31a99c0b2fe0ef55c1?s=96&d=mm&r=g\",\"caption\":\"selectednews\"},\"url\":\"https:\\\/\\\/selectednews.info\\\/de\\\/author\\\/emely\\\/\"}]}<\/script>\n<!-- \/ Yoast SEO plugin. -->","yoast_head_json":{"title":"Balkon st\u00fcrzt bei Geburtstagsparty ein \u2013 Verletzte - Selected News","robots":{"index":"index","follow":"follow","max-snippet":"max-snippet:-1","max-image-preview":"max-image-preview:large","max-video-preview":"max-video-preview:-1"},"canonical":"https:\/\/selectednews.info\/de\/balkon-stuerzt-bei-geburtstagsparty-ein-verletzte\/","og_locale":"de_DE","og_type":"article","og_title":"Balkon st\u00fcrzt bei Geburtstagsparty ein \u2013 Verletzte - Selected News","og_description":"In der s\u00e4chsischen Stadt Bautzen sollte ein 17. Geburtstag gefeiert werden \u2013 doch es kommt zu einem schlimmen Ungl\u00fcck. W\u00e4hrend der Party st\u00fcrzt der Balkon ein, auf dem sich viele Menschen befinden.\u00a0 Beim Einsturz eines Holzbalkons w\u00e4hrend einer Geburtstagsfeier sind in der s\u00e4chsischen Stadt Bautzen neun Menschen verletzt worden. &#8222;Der Balkon im dritten Stock wurde [&hellip;]","og_url":"https:\/\/selectednews.info\/de\/balkon-stuerzt-bei-geburtstagsparty-ein-verletzte\/","og_site_name":"Selected News","article_published_time":"2021-09-03T02:12:58+00:00","article_modified_time":"2021-09-03T02:13:08+00:00","og_image":[{"width":640,"height":360,"url":"https:\/\/selectednews.info\/de\/wp-content\/uploads\/sites\/13\/2021\/09\/Balkon-stuerzt-bei-Geburtstagsparty-ein-\u2013-Verletzte.jpg","type":"image\/jpeg"}],"author":"selectednews","twitter_card":"summary_large_image","twitter_misc":{"Verfasst von":"selectednews","Gesch\u00e4tzte Lesezeit":"1\u00a0Minute"},"schema":{"@context":"https:\/\/schema.org","@graph":[{"@type":"Article","@id":"https:\/\/selectednews.info\/de\/balkon-stuerzt-bei-geburtstagsparty-ein-verletzte\/#article","isPartOf":{"@id":"https:\/\/selectednews.info\/de\/balkon-stuerzt-bei-geburtstagsparty-ein-verletzte\/"},"author":{"name":"selectednews","@id":"https:\/\/selectednews.info\/de\/#\/schema\/person\/b79ac6c3f85e7d3fd825ccfaa9a91671"},"headline":"Balkon st\u00fcrzt bei Geburtstagsparty ein \u2013 Verletzte","datePublished":"2021-09-03T02:12:58+00:00","dateModified":"2021-09-03T02:13:08+00:00","mainEntityOfPage":{"@id":"https:\/\/selectednews.info\/de\/balkon-stuerzt-bei-geburtstagsparty-ein-verletzte\/"},"wordCount":164,"commentCount":0,"image":{"@id":"https:\/\/selectednews.info\/de\/balkon-stuerzt-bei-geburtstagsparty-ein-verletzte\/#primaryimage"},"thumbnailUrl":"https:\/\/selectednews.info\/de\/wp-content\/uploads\/sites\/13\/2021\/09\/Balkon-stuerzt-bei-Geburtstagsparty-ein-\u2013-Verletzte.jpg","articleSection":["NEUIGKEITEN"],"inLanguage":"de","potentialAction":[{"@type":"CommentAction","name":"Comment","target":["https:\/\/selectednews.info\/de\/balkon-stuerzt-bei-geburtstagsparty-ein-verletzte\/#respond"]}]},{"@type":"WebPage","@id":"https:\/\/selectednews.info\/de\/balkon-stuerzt-bei-geburtstagsparty-ein-verletzte\/","url":"https:\/\/selectednews.info\/de\/balkon-stuerzt-bei-geburtstagsparty-ein-verletzte\/","name":"Balkon st\u00fcrzt bei Geburtstagsparty ein \u2013 Verletzte - Selected News","isPartOf":{"@id":"https:\/\/selectednews.info\/de\/#website"},"primaryImageOfPage":{"@id":"https:\/\/selectednews.info\/de\/balkon-stuerzt-bei-geburtstagsparty-ein-verletzte\/#primaryimage"},"image":{"@id":"https:\/\/selectednews.info\/de\/balkon-stuerzt-bei-geburtstagsparty-ein-verletzte\/#primaryimage"},"thumbnailUrl":"https:\/\/selectednews.info\/de\/wp-content\/uploads\/sites\/13\/2021\/09\/Balkon-stuerzt-bei-Geburtstagsparty-ein-\u2013-Verletzte.jpg","datePublished":"2021-09-03T02:12:58+00:00","dateModified":"2021-09-03T02:13:08+00:00","author":{"@id":"https:\/\/selectednews.info\/de\/#\/schema\/person\/b79ac6c3f85e7d3fd825ccfaa9a91671"},"breadcrumb":{"@id":"https:\/\/selectednews.info\/de\/balkon-stuerzt-bei-geburtstagsparty-ein-verletzte\/#breadcrumb"},"inLanguage":"de","potentialAction":[{"@type":"ReadAction","target":["https:\/\/selectednews.info\/de\/balkon-stuerzt-bei-geburtstagsparty-ein-verletzte\/"]}]},{"@type":"ImageObject","inLanguage":"de","@id":"https:\/\/selectednews.info\/de\/balkon-stuerzt-bei-geburtstagsparty-ein-verletzte\/#primaryimage","url":"https:\/\/selectednews.info\/de\/wp-content\/uploads\/sites\/13\/2021\/09\/Balkon-stuerzt-bei-Geburtstagsparty-ein-\u2013-Verletzte.jpg","contentUrl":"https:\/\/selectednews.info\/de\/wp-content\/uploads\/sites\/13\/2021\/09\/Balkon-stuerzt-bei-Geburtstagsparty-ein-\u2013-Verletzte.jpg","width":640,"height":360,"caption":"Balkon st\u00fcrzt bei Geburtstagsparty ein \u2013 Verletzte"},{"@type":"BreadcrumbList","@id":"https:\/\/selectednews.info\/de\/balkon-stuerzt-bei-geburtstagsparty-ein-verletzte\/#breadcrumb","itemListElement":[{"@type":"ListItem","position":1,"name":"Home","item":"https:\/\/selectednews.info\/de\/"},{"@type":"ListItem","position":2,"name":"Balkon st\u00fcrzt bei Geburtstagsparty ein \u2013 Verletzte"}]},{"@type":"WebSite","@id":"https:\/\/selectednews.info\/de\/#website","url":"https:\/\/selectednews.info\/de\/","name":"Selected News","description":"Selected News Germany","potentialAction":[{"@type":"SearchAction","target":{"@type":"EntryPoint","urlTemplate":"https:\/\/selectednews.info\/de\/?s={search_term_string}"},"query-input":{"@type":"PropertyValueSpecification","valueRequired":true,"valueName":"search_term_string"}}],"inLanguage":"de"},{"@type":"Person","@id":"https:\/\/selectednews.info\/de\/#\/schema\/person\/b79ac6c3f85e7d3fd825ccfaa9a91671","name":"selectednews","image":{"@type":"ImageObject","inLanguage":"de","@id":"https:\/\/secure.gravatar.com\/avatar\/df47a104cb5967d31c3340cf1cb4b49088cf27c3d8168f31a99c0b2fe0ef55c1?s=96&d=mm&r=g","url":"https:\/\/secure.gravatar.com\/avatar\/df47a104cb5967d31c3340cf1cb4b49088cf27c3d8168f31a99c0b2fe0ef55c1?s=96&d=mm&r=g","contentUrl":"https:\/\/secure.gravatar.com\/avatar\/df47a104cb5967d31c3340cf1cb4b49088cf27c3d8168f31a99c0b2fe0ef55c1?s=96&d=mm&r=g","caption":"selectednews"},"url":"https:\/\/selectednews.info\/de\/author\/emely\/"}]}},"_links":{"self":[{"href":"https:\/\/selectednews.info\/de\/wp-json\/wp\/v2\/posts\/2317","targetHints":{"allow":["GET"]}}],"collection":[{"href":"https:\/\/selectednews.info\/de\/wp-json\/wp\/v2\/posts"}],"about":[{"href":"https:\/\/selectednews.info\/de\/wp-json\/wp\/v2\/types\/post"}],"author":[{"embeddable":true,"href":"https:\/\/selectednews.info\/de\/wp-json\/wp\/v2\/users\/1"}],"replies":[{"embeddable":true,"href":"https:\/\/selectednews.info\/de\/wp-json\/wp\/v2\/comments?post=2317"}],"version-history":[{"count":1,"href":"https:\/\/selectednews.info\/de\/wp-json\/wp\/v2\/posts\/2317\/revisions"}],"predecessor-version":[{"id":2319,"href":"https:\/\/selectednews.info\/de\/wp-json\/wp\/v2\/posts\/2317\/revisions\/2319"}],"wp:featuredmedia":[{"embeddable":true,"href":"https:\/\/selectednews.info\/de\/wp-json\/wp\/v2\/media\/2318"}],"wp:attachment":[{"href":"https:\/\/selectednews.info\/de\/wp-json\/wp\/v2\/media?parent=2317"}],"wp:term":[{"taxonomy":"category","embeddable":true,"href":"https:\/\/selectednews.info\/de\/wp-json\/wp\/v2\/categories?post=2317"},{"taxonomy":"post_tag","embeddable":true,"href":"https:\/\/selectednews.info\/de\/wp-json\/wp\/v2\/tags?post=2317"}],"curies":[{"name":"wp","href":"https:\/\/api.w.org\/{rel}","templated":true}]}}