{"id":2329,"date":"2021-09-05T02:59:01","date_gmt":"2021-09-05T02:59:01","guid":{"rendered":"https:\/\/selectednews.info\/de\/us-first-lady-jill-biden-geht-wieder-als-lehrerin-arbeiten\/"},"modified":"2021-09-05T02:59:56","modified_gmt":"2021-09-05T02:59:56","slug":"us-first-lady-jill-biden-geht-wieder-als-lehrerin-arbeiten","status":"publish","type":"post","link":"https:\/\/selectednews.info\/de\/us-first-lady-jill-biden-geht-wieder-als-lehrerin-arbeiten\/","title":{"rendered":"US-First Lady Jill Biden geht wieder als Lehrerin arbeiten"},"content":{"rendered":"<p>Die Frau von US-Pr\u00e4sident Joe Biden, Jill Biden, wird wieder in ihrem alten Job t\u00e4tig sein. Schon n\u00e4chste Woche will die First Lady vor einer Klasse stehen und erkl\u00e4ren, wie man Aufs\u00e4tze schreibt.<\/p>\n<p>US-First Lady Jill Lady nimmt ihren Job als Lehrerin wieder auf: Die Ehefrau von Pr\u00e4sident Joe Biden wird ab der kommenden Woche wieder unterrichten, wie ein Sprecher der First Lady am Samstag best\u00e4tigte. Laut der &#8222;Washington Post&#8220; wird sie an zwei Tagen pro Woche am Northern Virginia Community College nahe Washington in Pr\u00e4senz Unterricht erteilen. Dort hatte sie bereits gearbeitet, als ihr Mann zwischen 2009 und 2017 unter Barack Obama Vizepr\u00e4sident war.<\/p>\n<p>Jill Biden ist die erste First Lady der USA, die neben ihren Verpflichtungen als Ehefrau des Pr\u00e4sidenten einer beruflichen T\u00e4tigkeit nachgeht. Dem Zeitungsbericht zufolge wird sie an dem Community College \u2013 einer Art Zwischenstufe zwischen High School und Universit\u00e4t \u2013 Kurse im Schreiben von Aufs\u00e4tzen geben.<\/p>\n<p>\n<!--noindex--><br \/>\n<a href=\"https:\/\/www.t-online.de\/nachrichten\/panorama\/buntes-kurioses\/id_90745732\/us-first-lady-jill-biden-geht-wieder-als-lehrerin-arbeiten.html\" rel=\"nofollow\">Source link <\/a><br \/>\n<!--\/noindex--><\/p>\n","protected":false},"excerpt":{"rendered":"<p>Die Frau von US-Pr\u00e4sident Joe Biden, Jill Biden, wird wieder in ihrem alten Job t\u00e4tig sein. Schon n\u00e4chste Woche will die First Lady vor einer Klasse stehen und erkl\u00e4ren, wie man Aufs\u00e4tze schreibt. US-First Lady Jill Lady nimmt ihren Job als Lehrerin wieder auf: Die Ehefrau von Pr\u00e4sident Joe Biden wird ab der kommenden Woche [&hellip;]<\/p>\n","protected":false},"author":1,"featured_media":2330,"comment_status":"open","ping_status":"open","sticky":false,"template":"","format":"standard","meta":{"footnotes":""},"categories":[1],"tags":[],"class_list":["post-2329","post","type-post","status-publish","format-standard","has-post-thumbnail","hentry","category-neuigkeiten"],"yoast_head":"<!-- This site is optimized with the Yoast SEO plugin v27.4 - https:\/\/yoast.com\/product\/yoast-seo-wordpress\/ -->\n<title>US-First Lady Jill Biden geht wieder als Lehrerin arbeiten - Selected News<\/title>\n<meta name=\"robots\" content=\"index, follow, max-snippet:-1, max-image-preview:large, max-video-preview:-1\" \/>\n<link rel=\"canonical\" href=\"https:\/\/selectednews.info\/de\/us-first-lady-jill-biden-geht-wieder-als-lehrerin-arbeiten\/\" \/>\n<meta property=\"og:locale\" content=\"de_DE\" \/>\n<meta property=\"og:type\" content=\"article\" \/>\n<meta property=\"og:title\" content=\"US-First Lady Jill Biden geht wieder als Lehrerin arbeiten - Selected News\" \/>\n<meta property=\"og:description\" content=\"Die Frau von US-Pr\u00e4sident Joe Biden, Jill Biden, wird wieder in ihrem alten Job t\u00e4tig sein. Schon n\u00e4chste Woche will die First Lady vor einer Klasse stehen und erkl\u00e4ren, wie man Aufs\u00e4tze schreibt. US-First Lady Jill Lady nimmt ihren Job als Lehrerin wieder auf: Die Ehefrau von Pr\u00e4sident Joe Biden wird ab der kommenden Woche [&hellip;]\" \/>\n<meta property=\"og:url\" content=\"https:\/\/selectednews.info\/de\/us-first-lady-jill-biden-geht-wieder-als-lehrerin-arbeiten\/\" \/>\n<meta property=\"og:site_name\" content=\"Selected News\" \/>\n<meta property=\"article:published_time\" content=\"2021-09-05T02:59:01+00:00\" \/>\n<meta property=\"article:modified_time\" content=\"2021-09-05T02:59:56+00:00\" \/>\n<meta property=\"og:image\" content=\"https:\/\/selectednews.info\/de\/wp-content\/uploads\/sites\/13\/2021\/09\/US-First-Lady-Jill-Biden-geht-wieder-als-Lehrerin-arbeiten.jpg\" \/>\n\t<meta property=\"og:image:width\" content=\"1517\" \/>\n\t<meta property=\"og:image:height\" content=\"854\" \/>\n\t<meta property=\"og:image:type\" content=\"image\/jpeg\" \/>\n<meta name=\"author\" content=\"selectednews\" \/>\n<meta name=\"twitter:card\" content=\"summary_large_image\" \/>\n<meta name=\"twitter:label1\" content=\"Verfasst von\" \/>\n\t<meta name=\"twitter:data1\" content=\"selectednews\" \/>\n\t<meta name=\"twitter:label2\" content=\"Gesch\u00e4tzte Lesezeit\" \/>\n\t<meta name=\"twitter:data2\" content=\"1\u00a0Minute\" \/>\n<script type=\"application\/ld+json\" class=\"yoast-schema-graph\">{\"@context\":\"https:\\\/\\\/schema.org\",\"@graph\":[{\"@type\":\"Article\",\"@id\":\"https:\\\/\\\/selectednews.info\\\/de\\\/us-first-lady-jill-biden-geht-wieder-als-lehrerin-arbeiten\\\/#article\",\"isPartOf\":{\"@id\":\"https:\\\/\\\/selectednews.info\\\/de\\\/us-first-lady-jill-biden-geht-wieder-als-lehrerin-arbeiten\\\/\"},\"author\":{\"name\":\"selectednews\",\"@id\":\"https:\\\/\\\/selectednews.info\\\/de\\\/#\\\/schema\\\/person\\\/b79ac6c3f85e7d3fd825ccfaa9a91671\"},\"headline\":\"US-First Lady Jill Biden geht wieder als Lehrerin arbeiten\",\"datePublished\":\"2021-09-05T02:59:01+00:00\",\"dateModified\":\"2021-09-05T02:59:56+00:00\",\"mainEntityOfPage\":{\"@id\":\"https:\\\/\\\/selectednews.info\\\/de\\\/us-first-lady-jill-biden-geht-wieder-als-lehrerin-arbeiten\\\/\"},\"wordCount\":171,\"commentCount\":0,\"image\":{\"@id\":\"https:\\\/\\\/selectednews.info\\\/de\\\/us-first-lady-jill-biden-geht-wieder-als-lehrerin-arbeiten\\\/#primaryimage\"},\"thumbnailUrl\":\"https:\\\/\\\/selectednews.info\\\/de\\\/wp-content\\\/uploads\\\/sites\\\/13\\\/2021\\\/09\\\/US-First-Lady-Jill-Biden-geht-wieder-als-Lehrerin-arbeiten.jpg\",\"articleSection\":[\"NEUIGKEITEN\"],\"inLanguage\":\"de\",\"potentialAction\":[{\"@type\":\"CommentAction\",\"name\":\"Comment\",\"target\":[\"https:\\\/\\\/selectednews.info\\\/de\\\/us-first-lady-jill-biden-geht-wieder-als-lehrerin-arbeiten\\\/#respond\"]}]},{\"@type\":\"WebPage\",\"@id\":\"https:\\\/\\\/selectednews.info\\\/de\\\/us-first-lady-jill-biden-geht-wieder-als-lehrerin-arbeiten\\\/\",\"url\":\"https:\\\/\\\/selectednews.info\\\/de\\\/us-first-lady-jill-biden-geht-wieder-als-lehrerin-arbeiten\\\/\",\"name\":\"US-First Lady Jill Biden geht wieder als Lehrerin arbeiten - Selected News\",\"isPartOf\":{\"@id\":\"https:\\\/\\\/selectednews.info\\\/de\\\/#website\"},\"primaryImageOfPage\":{\"@id\":\"https:\\\/\\\/selectednews.info\\\/de\\\/us-first-lady-jill-biden-geht-wieder-als-lehrerin-arbeiten\\\/#primaryimage\"},\"image\":{\"@id\":\"https:\\\/\\\/selectednews.info\\\/de\\\/us-first-lady-jill-biden-geht-wieder-als-lehrerin-arbeiten\\\/#primaryimage\"},\"thumbnailUrl\":\"https:\\\/\\\/selectednews.info\\\/de\\\/wp-content\\\/uploads\\\/sites\\\/13\\\/2021\\\/09\\\/US-First-Lady-Jill-Biden-geht-wieder-als-Lehrerin-arbeiten.jpg\",\"datePublished\":\"2021-09-05T02:59:01+00:00\",\"dateModified\":\"2021-09-05T02:59:56+00:00\",\"author\":{\"@id\":\"https:\\\/\\\/selectednews.info\\\/de\\\/#\\\/schema\\\/person\\\/b79ac6c3f85e7d3fd825ccfaa9a91671\"},\"breadcrumb\":{\"@id\":\"https:\\\/\\\/selectednews.info\\\/de\\\/us-first-lady-jill-biden-geht-wieder-als-lehrerin-arbeiten\\\/#breadcrumb\"},\"inLanguage\":\"de\",\"potentialAction\":[{\"@type\":\"ReadAction\",\"target\":[\"https:\\\/\\\/selectednews.info\\\/de\\\/us-first-lady-jill-biden-geht-wieder-als-lehrerin-arbeiten\\\/\"]}]},{\"@type\":\"ImageObject\",\"inLanguage\":\"de\",\"@id\":\"https:\\\/\\\/selectednews.info\\\/de\\\/us-first-lady-jill-biden-geht-wieder-als-lehrerin-arbeiten\\\/#primaryimage\",\"url\":\"https:\\\/\\\/selectednews.info\\\/de\\\/wp-content\\\/uploads\\\/sites\\\/13\\\/2021\\\/09\\\/US-First-Lady-Jill-Biden-geht-wieder-als-Lehrerin-arbeiten.jpg\",\"contentUrl\":\"https:\\\/\\\/selectednews.info\\\/de\\\/wp-content\\\/uploads\\\/sites\\\/13\\\/2021\\\/09\\\/US-First-Lady-Jill-Biden-geht-wieder-als-Lehrerin-arbeiten.jpg\",\"width\":1517,\"height\":854,\"caption\":\"US-First Lady Jill Biden geht wieder als Lehrerin arbeiten\"},{\"@type\":\"BreadcrumbList\",\"@id\":\"https:\\\/\\\/selectednews.info\\\/de\\\/us-first-lady-jill-biden-geht-wieder-als-lehrerin-arbeiten\\\/#breadcrumb\",\"itemListElement\":[{\"@type\":\"ListItem\",\"position\":1,\"name\":\"Home\",\"item\":\"https:\\\/\\\/selectednews.info\\\/de\\\/\"},{\"@type\":\"ListItem\",\"position\":2,\"name\":\"US-First Lady Jill Biden geht wieder als Lehrerin arbeiten\"}]},{\"@type\":\"WebSite\",\"@id\":\"https:\\\/\\\/selectednews.info\\\/de\\\/#website\",\"url\":\"https:\\\/\\\/selectednews.info\\\/de\\\/\",\"name\":\"Selected News\",\"description\":\"Selected News Germany\",\"potentialAction\":[{\"@type\":\"SearchAction\",\"target\":{\"@type\":\"EntryPoint\",\"urlTemplate\":\"https:\\\/\\\/selectednews.info\\\/de\\\/?s={search_term_string}\"},\"query-input\":{\"@type\":\"PropertyValueSpecification\",\"valueRequired\":true,\"valueName\":\"search_term_string\"}}],\"inLanguage\":\"de\"},{\"@type\":\"Person\",\"@id\":\"https:\\\/\\\/selectednews.info\\\/de\\\/#\\\/schema\\\/person\\\/b79ac6c3f85e7d3fd825ccfaa9a91671\",\"name\":\"selectednews\",\"image\":{\"@type\":\"ImageObject\",\"inLanguage\":\"de\",\"@id\":\"https:\\\/\\\/secure.gravatar.com\\\/avatar\\\/df47a104cb5967d31c3340cf1cb4b49088cf27c3d8168f31a99c0b2fe0ef55c1?s=96&d=mm&r=g\",\"url\":\"https:\\\/\\\/secure.gravatar.com\\\/avatar\\\/df47a104cb5967d31c3340cf1cb4b49088cf27c3d8168f31a99c0b2fe0ef55c1?s=96&d=mm&r=g\",\"contentUrl\":\"https:\\\/\\\/secure.gravatar.com\\\/avatar\\\/df47a104cb5967d31c3340cf1cb4b49088cf27c3d8168f31a99c0b2fe0ef55c1?s=96&d=mm&r=g\",\"caption\":\"selectednews\"},\"url\":\"https:\\\/\\\/selectednews.info\\\/de\\\/author\\\/emely\\\/\"}]}<\/script>\n<!-- \/ Yoast SEO plugin. -->","yoast_head_json":{"title":"US-First Lady Jill Biden geht wieder als Lehrerin arbeiten - Selected News","robots":{"index":"index","follow":"follow","max-snippet":"max-snippet:-1","max-image-preview":"max-image-preview:large","max-video-preview":"max-video-preview:-1"},"canonical":"https:\/\/selectednews.info\/de\/us-first-lady-jill-biden-geht-wieder-als-lehrerin-arbeiten\/","og_locale":"de_DE","og_type":"article","og_title":"US-First Lady Jill Biden geht wieder als Lehrerin arbeiten - Selected News","og_description":"Die Frau von US-Pr\u00e4sident Joe Biden, Jill Biden, wird wieder in ihrem alten Job t\u00e4tig sein. Schon n\u00e4chste Woche will die First Lady vor einer Klasse stehen und erkl\u00e4ren, wie man Aufs\u00e4tze schreibt. US-First Lady Jill Lady nimmt ihren Job als Lehrerin wieder auf: Die Ehefrau von Pr\u00e4sident Joe Biden wird ab der kommenden Woche [&hellip;]","og_url":"https:\/\/selectednews.info\/de\/us-first-lady-jill-biden-geht-wieder-als-lehrerin-arbeiten\/","og_site_name":"Selected News","article_published_time":"2021-09-05T02:59:01+00:00","article_modified_time":"2021-09-05T02:59:56+00:00","og_image":[{"width":1517,"height":854,"url":"https:\/\/selectednews.info\/de\/wp-content\/uploads\/sites\/13\/2021\/09\/US-First-Lady-Jill-Biden-geht-wieder-als-Lehrerin-arbeiten.jpg","type":"image\/jpeg"}],"author":"selectednews","twitter_card":"summary_large_image","twitter_misc":{"Verfasst von":"selectednews","Gesch\u00e4tzte Lesezeit":"1\u00a0Minute"},"schema":{"@context":"https:\/\/schema.org","@graph":[{"@type":"Article","@id":"https:\/\/selectednews.info\/de\/us-first-lady-jill-biden-geht-wieder-als-lehrerin-arbeiten\/#article","isPartOf":{"@id":"https:\/\/selectednews.info\/de\/us-first-lady-jill-biden-geht-wieder-als-lehrerin-arbeiten\/"},"author":{"name":"selectednews","@id":"https:\/\/selectednews.info\/de\/#\/schema\/person\/b79ac6c3f85e7d3fd825ccfaa9a91671"},"headline":"US-First Lady Jill Biden geht wieder als Lehrerin arbeiten","datePublished":"2021-09-05T02:59:01+00:00","dateModified":"2021-09-05T02:59:56+00:00","mainEntityOfPage":{"@id":"https:\/\/selectednews.info\/de\/us-first-lady-jill-biden-geht-wieder-als-lehrerin-arbeiten\/"},"wordCount":171,"commentCount":0,"image":{"@id":"https:\/\/selectednews.info\/de\/us-first-lady-jill-biden-geht-wieder-als-lehrerin-arbeiten\/#primaryimage"},"thumbnailUrl":"https:\/\/selectednews.info\/de\/wp-content\/uploads\/sites\/13\/2021\/09\/US-First-Lady-Jill-Biden-geht-wieder-als-Lehrerin-arbeiten.jpg","articleSection":["NEUIGKEITEN"],"inLanguage":"de","potentialAction":[{"@type":"CommentAction","name":"Comment","target":["https:\/\/selectednews.info\/de\/us-first-lady-jill-biden-geht-wieder-als-lehrerin-arbeiten\/#respond"]}]},{"@type":"WebPage","@id":"https:\/\/selectednews.info\/de\/us-first-lady-jill-biden-geht-wieder-als-lehrerin-arbeiten\/","url":"https:\/\/selectednews.info\/de\/us-first-lady-jill-biden-geht-wieder-als-lehrerin-arbeiten\/","name":"US-First Lady Jill Biden geht wieder als Lehrerin arbeiten - Selected News","isPartOf":{"@id":"https:\/\/selectednews.info\/de\/#website"},"primaryImageOfPage":{"@id":"https:\/\/selectednews.info\/de\/us-first-lady-jill-biden-geht-wieder-als-lehrerin-arbeiten\/#primaryimage"},"image":{"@id":"https:\/\/selectednews.info\/de\/us-first-lady-jill-biden-geht-wieder-als-lehrerin-arbeiten\/#primaryimage"},"thumbnailUrl":"https:\/\/selectednews.info\/de\/wp-content\/uploads\/sites\/13\/2021\/09\/US-First-Lady-Jill-Biden-geht-wieder-als-Lehrerin-arbeiten.jpg","datePublished":"2021-09-05T02:59:01+00:00","dateModified":"2021-09-05T02:59:56+00:00","author":{"@id":"https:\/\/selectednews.info\/de\/#\/schema\/person\/b79ac6c3f85e7d3fd825ccfaa9a91671"},"breadcrumb":{"@id":"https:\/\/selectednews.info\/de\/us-first-lady-jill-biden-geht-wieder-als-lehrerin-arbeiten\/#breadcrumb"},"inLanguage":"de","potentialAction":[{"@type":"ReadAction","target":["https:\/\/selectednews.info\/de\/us-first-lady-jill-biden-geht-wieder-als-lehrerin-arbeiten\/"]}]},{"@type":"ImageObject","inLanguage":"de","@id":"https:\/\/selectednews.info\/de\/us-first-lady-jill-biden-geht-wieder-als-lehrerin-arbeiten\/#primaryimage","url":"https:\/\/selectednews.info\/de\/wp-content\/uploads\/sites\/13\/2021\/09\/US-First-Lady-Jill-Biden-geht-wieder-als-Lehrerin-arbeiten.jpg","contentUrl":"https:\/\/selectednews.info\/de\/wp-content\/uploads\/sites\/13\/2021\/09\/US-First-Lady-Jill-Biden-geht-wieder-als-Lehrerin-arbeiten.jpg","width":1517,"height":854,"caption":"US-First Lady Jill Biden geht wieder als Lehrerin arbeiten"},{"@type":"BreadcrumbList","@id":"https:\/\/selectednews.info\/de\/us-first-lady-jill-biden-geht-wieder-als-lehrerin-arbeiten\/#breadcrumb","itemListElement":[{"@type":"ListItem","position":1,"name":"Home","item":"https:\/\/selectednews.info\/de\/"},{"@type":"ListItem","position":2,"name":"US-First Lady Jill Biden geht wieder als Lehrerin arbeiten"}]},{"@type":"WebSite","@id":"https:\/\/selectednews.info\/de\/#website","url":"https:\/\/selectednews.info\/de\/","name":"Selected News","description":"Selected News Germany","potentialAction":[{"@type":"SearchAction","target":{"@type":"EntryPoint","urlTemplate":"https:\/\/selectednews.info\/de\/?s={search_term_string}"},"query-input":{"@type":"PropertyValueSpecification","valueRequired":true,"valueName":"search_term_string"}}],"inLanguage":"de"},{"@type":"Person","@id":"https:\/\/selectednews.info\/de\/#\/schema\/person\/b79ac6c3f85e7d3fd825ccfaa9a91671","name":"selectednews","image":{"@type":"ImageObject","inLanguage":"de","@id":"https:\/\/secure.gravatar.com\/avatar\/df47a104cb5967d31c3340cf1cb4b49088cf27c3d8168f31a99c0b2fe0ef55c1?s=96&d=mm&r=g","url":"https:\/\/secure.gravatar.com\/avatar\/df47a104cb5967d31c3340cf1cb4b49088cf27c3d8168f31a99c0b2fe0ef55c1?s=96&d=mm&r=g","contentUrl":"https:\/\/secure.gravatar.com\/avatar\/df47a104cb5967d31c3340cf1cb4b49088cf27c3d8168f31a99c0b2fe0ef55c1?s=96&d=mm&r=g","caption":"selectednews"},"url":"https:\/\/selectednews.info\/de\/author\/emely\/"}]}},"_links":{"self":[{"href":"https:\/\/selectednews.info\/de\/wp-json\/wp\/v2\/posts\/2329","targetHints":{"allow":["GET"]}}],"collection":[{"href":"https:\/\/selectednews.info\/de\/wp-json\/wp\/v2\/posts"}],"about":[{"href":"https:\/\/selectednews.info\/de\/wp-json\/wp\/v2\/types\/post"}],"author":[{"embeddable":true,"href":"https:\/\/selectednews.info\/de\/wp-json\/wp\/v2\/users\/1"}],"replies":[{"embeddable":true,"href":"https:\/\/selectednews.info\/de\/wp-json\/wp\/v2\/comments?post=2329"}],"version-history":[{"count":1,"href":"https:\/\/selectednews.info\/de\/wp-json\/wp\/v2\/posts\/2329\/revisions"}],"predecessor-version":[{"id":2331,"href":"https:\/\/selectednews.info\/de\/wp-json\/wp\/v2\/posts\/2329\/revisions\/2331"}],"wp:featuredmedia":[{"embeddable":true,"href":"https:\/\/selectednews.info\/de\/wp-json\/wp\/v2\/media\/2330"}],"wp:attachment":[{"href":"https:\/\/selectednews.info\/de\/wp-json\/wp\/v2\/media?parent=2329"}],"wp:term":[{"taxonomy":"category","embeddable":true,"href":"https:\/\/selectednews.info\/de\/wp-json\/wp\/v2\/categories?post=2329"},{"taxonomy":"post_tag","embeddable":true,"href":"https:\/\/selectednews.info\/de\/wp-json\/wp\/v2\/tags?post=2329"}],"curies":[{"name":"wp","href":"https:\/\/api.w.org\/{rel}","templated":true}]}}