{"id":2341,"date":"2021-09-10T09:49:54","date_gmt":"2021-09-10T09:49:54","guid":{"rendered":"https:\/\/selectednews.info\/de\/kampfjetpiloten-wollten-unbewaffnet-flug-93-zerstoeren\/"},"modified":"2021-09-10T09:50:04","modified_gmt":"2021-09-10T09:50:04","slug":"kampfjetpiloten-wollten-unbewaffnet-flug-93-zerstoeren","status":"publish","type":"post","link":"https:\/\/selectednews.info\/de\/kampfjetpiloten-wollten-unbewaffnet-flug-93-zerstoeren\/","title":{"rendered":"Kampfjetpiloten wollten unbewaffnet Flug 93 zerst\u00f6ren"},"content":{"rendered":"<p>United Airlines Flug 93 war vor 20 Jahren in den H\u00e4nden von Entf\u00fchrern und sollte wahrscheinlich ins Kapitol fliegen. Zwei Kampfjet-Piloten machten sich damals eigenm\u00e4chtig auf den Weg, die Maschine zu stoppen.<\/p>\n<p>Den 11. September 2001 werden Millionen Menschen weltweit wohl niemals vergessen. Al Quaida-Terroristen hatten mehrere Passagierflugzeuge entf\u00fchrt und waren am Morgen in die beiden T\u00fcrme des World Trade Centers in New York geflogen, wenig sp\u00e4ter ins Pentagon. Fast 3.000 Menschen starben an diesem Tag.<\/p>\n<p>Zwei Piloten der Air National Guard haben nun zum ersten Mal \u00f6ffentlich \u00fcber ihre eigene Mission an jenem Tag des Terroranschlags, der sich zum 20. Mal j\u00e4hrt, gesprochen.\u00a0Generalleutnant Marc Sasseville und Heather Penney hatten die Nachrichten verfolgt, wussten von den entf\u00fchrten Flugzeugen und entschlossen sich, in ihre Kampfjets F-16 zu steigen, um &#8222;zu verteidigen und zu besch\u00fctzen&#8220;, wie Penney in einem Interview mit &#8222;CBS News&#8220; erz\u00e4hlt.<\/p>\n<p>      Foto-Serie mit 22 Bildern  <\/p>\n<p>Beide brachen zu einer Kamikazemission auf, denn Flug 93 war noch immer in der Luft, in der Hand der Entf\u00fchrer. Was das Ziel in Washington sein sollte, war unklar. Vermutet wird, dass das Flugzeug ins Wei\u00dfe Haus oder das Kapitol geflogen werden sollte. &#8222;Wir haben verstanden, was die Bedrohung war. Wir suchten nach einem abtr\u00fcnnigen Verkehrsflugzeug, das niedrig flog und nicht mit der Flugsicherung kommunizierte&#8220;, so Penney.<\/p>\n<p>&#8222;Wir trainieren nicht, um Flugzeuge abzuschie\u00dfen&#8220; <\/p>\n<p>Der Check vor dem Flug dauere normalerweise 20 Minuten, sagte Sasseville. Diesmal sei er einfach ins Cockpit gestiegen und abgeflogen. Die beiden h\u00e4tten keine Zeit gehabt, den Jet mit Raketen zu bewaffnen, um das Flugzeug notfalls abzuschie\u00dfen. &#8222;Wir trainieren nicht, um Flugzeuge &#8218;abzuschie\u00dfen&#8216;. Das haben wir nie getan&#8220;, erkl\u00e4rt der Generalleutnant. &#8222;Wir hatten keine Raketen und wir hatten keine Munition f\u00fcr den Kampf. Wir mussten das Flugzeug treffen und es irgendwie au\u00dfer Gefecht setzen.&#8220;<\/p>\n<p>Heather Penney erkl\u00e4rte, keiner von ihnen habe dar\u00fcber nachgedacht, seine F-16 in das Flugzeug zu fliegen. &#8222;Als Milit\u00e4r schicken wir unsere Soldaten nicht auf Selbstmordmissionen. Aber es war klar, was an diesem Morgen getan werden musste&#8220;, sagte sie. Der Befehl kam nicht \u00fcber die eigentlich notwendige Befehlskette\u00a0\u2013 die Piloten hatten sich selbst zu der Mission entschlossen. &#8222;Wir hatten keine andere Wahl. Und wir wollten nicht am Boden sitzen und zusehen, wie Amerika wieder angegriffen wird&#8220;, so Sasseville.<\/p>\n<p>Passagiere des Flugs 93 &#8222;sind die wahren Helden&#8220; <\/p>\n<p>Doch es kam nicht zu einem Abschuss. Passagiere des Flugs 93 konnten die Entf\u00fchrer \u00fcberw\u00e4ltigen und das Flugzeug auf einem Feld in Shanksville, Pennsylvania, zum Absturz bringen, bevor es das eigentliche Ziel treffen konnte. 44 Menschen an Bord starben. Sasseville sagte, er denke jeden Tag daran. &#8222;Diejenigen auf Flug 93, die den h\u00f6chsten Preis gezahlt haben, das sind die wahren Helden&#8220;, sagte er.<\/p>\n<p>&#8222;Sass und ich verdanken ihnen unser Leben&#8220;, f\u00fcgte Penney hinzu. &#8222;Aber das ist auch der Grund, warum ich, wenn ich an den 11. September denke, nicht von dem Trauma, dem Schrecken und der Trag\u00f6die \u00fcberw\u00e4ltigt werde, sondern von der Hoffnung. An diesem Tag hat sich gezeigt, was das Beste an uns ist. Mein Leben so normal wie m\u00f6glich zu leben, ist in gewisser Weise der beste Weg, um zu zeigen, dass die Terroristen nicht gewonnen haben.&#8220;\u00a0<\/p>\n<p>\n<!--noindex--><br \/>\n<a href=\"https:\/\/www.t-online.de\/nachrichten\/panorama\/id_90774302\/jahrestag-9-11-kampfjetpiloten-wollten-unbewaffnet-flug-93-zerstoeren.html\" rel=\"nofollow\">Source link <\/a><br \/>\n<!--\/noindex--><\/p>\n","protected":false},"excerpt":{"rendered":"<p>United Airlines Flug 93 war vor 20 Jahren in den H\u00e4nden von Entf\u00fchrern und sollte wahrscheinlich ins Kapitol fliegen. Zwei Kampfjet-Piloten machten sich damals eigenm\u00e4chtig auf den Weg, die Maschine zu stoppen. Den 11. September 2001 werden Millionen Menschen weltweit wohl niemals vergessen. Al Quaida-Terroristen hatten mehrere Passagierflugzeuge entf\u00fchrt und waren am Morgen in die [&hellip;]<\/p>\n","protected":false},"author":1,"featured_media":2342,"comment_status":"open","ping_status":"open","sticky":false,"template":"","format":"standard","meta":{"footnotes":""},"categories":[1],"tags":[],"class_list":["post-2341","post","type-post","status-publish","format-standard","has-post-thumbnail","hentry","category-neuigkeiten"],"yoast_head":"<!-- This site is optimized with the Yoast SEO plugin v27.4 - https:\/\/yoast.com\/product\/yoast-seo-wordpress\/ -->\n<title>Kampfjetpiloten wollten unbewaffnet Flug 93 zerst\u00f6ren - Selected News<\/title>\n<meta name=\"robots\" content=\"index, follow, max-snippet:-1, max-image-preview:large, max-video-preview:-1\" \/>\n<link rel=\"canonical\" href=\"https:\/\/selectednews.info\/de\/kampfjetpiloten-wollten-unbewaffnet-flug-93-zerstoeren\/\" \/>\n<meta property=\"og:locale\" content=\"de_DE\" \/>\n<meta property=\"og:type\" content=\"article\" \/>\n<meta property=\"og:title\" content=\"Kampfjetpiloten wollten unbewaffnet Flug 93 zerst\u00f6ren - Selected News\" \/>\n<meta property=\"og:description\" content=\"United Airlines Flug 93 war vor 20 Jahren in den H\u00e4nden von Entf\u00fchrern und sollte wahrscheinlich ins Kapitol fliegen. Zwei Kampfjet-Piloten machten sich damals eigenm\u00e4chtig auf den Weg, die Maschine zu stoppen. Den 11. September 2001 werden Millionen Menschen weltweit wohl niemals vergessen. Al Quaida-Terroristen hatten mehrere Passagierflugzeuge entf\u00fchrt und waren am Morgen in die [&hellip;]\" \/>\n<meta property=\"og:url\" content=\"https:\/\/selectednews.info\/de\/kampfjetpiloten-wollten-unbewaffnet-flug-93-zerstoeren\/\" \/>\n<meta property=\"og:site_name\" content=\"Selected News\" \/>\n<meta property=\"article:published_time\" content=\"2021-09-10T09:49:54+00:00\" \/>\n<meta property=\"article:modified_time\" content=\"2021-09-10T09:50:04+00:00\" \/>\n<meta property=\"og:image\" content=\"https:\/\/selectednews.info\/de\/wp-content\/uploads\/sites\/13\/2021\/09\/Kampfjetpiloten-wollten-unbewaffnet-Flug-93-zerstoeren.jpg\" \/>\n\t<meta property=\"og:image:width\" content=\"1920\" \/>\n\t<meta property=\"og:image:height\" content=\"1080\" \/>\n\t<meta property=\"og:image:type\" content=\"image\/jpeg\" \/>\n<meta name=\"author\" content=\"selectednews\" \/>\n<meta name=\"twitter:card\" content=\"summary_large_image\" \/>\n<meta name=\"twitter:label1\" content=\"Verfasst von\" \/>\n\t<meta name=\"twitter:data1\" content=\"selectednews\" \/>\n\t<meta name=\"twitter:label2\" content=\"Gesch\u00e4tzte Lesezeit\" \/>\n\t<meta name=\"twitter:data2\" content=\"3\u00a0Minuten\" \/>\n<script type=\"application\/ld+json\" class=\"yoast-schema-graph\">{\"@context\":\"https:\\\/\\\/schema.org\",\"@graph\":[{\"@type\":\"Article\",\"@id\":\"https:\\\/\\\/selectednews.info\\\/de\\\/kampfjetpiloten-wollten-unbewaffnet-flug-93-zerstoeren\\\/#article\",\"isPartOf\":{\"@id\":\"https:\\\/\\\/selectednews.info\\\/de\\\/kampfjetpiloten-wollten-unbewaffnet-flug-93-zerstoeren\\\/\"},\"author\":{\"name\":\"selectednews\",\"@id\":\"https:\\\/\\\/selectednews.info\\\/de\\\/#\\\/schema\\\/person\\\/b79ac6c3f85e7d3fd825ccfaa9a91671\"},\"headline\":\"Kampfjetpiloten wollten unbewaffnet Flug 93 zerst\u00f6ren\",\"datePublished\":\"2021-09-10T09:49:54+00:00\",\"dateModified\":\"2021-09-10T09:50:04+00:00\",\"mainEntityOfPage\":{\"@id\":\"https:\\\/\\\/selectednews.info\\\/de\\\/kampfjetpiloten-wollten-unbewaffnet-flug-93-zerstoeren\\\/\"},\"wordCount\":542,\"commentCount\":0,\"image\":{\"@id\":\"https:\\\/\\\/selectednews.info\\\/de\\\/kampfjetpiloten-wollten-unbewaffnet-flug-93-zerstoeren\\\/#primaryimage\"},\"thumbnailUrl\":\"https:\\\/\\\/selectednews.info\\\/de\\\/wp-content\\\/uploads\\\/sites\\\/13\\\/2021\\\/09\\\/Kampfjetpiloten-wollten-unbewaffnet-Flug-93-zerstoeren.jpg\",\"articleSection\":[\"NEUIGKEITEN\"],\"inLanguage\":\"de\",\"potentialAction\":[{\"@type\":\"CommentAction\",\"name\":\"Comment\",\"target\":[\"https:\\\/\\\/selectednews.info\\\/de\\\/kampfjetpiloten-wollten-unbewaffnet-flug-93-zerstoeren\\\/#respond\"]}]},{\"@type\":\"WebPage\",\"@id\":\"https:\\\/\\\/selectednews.info\\\/de\\\/kampfjetpiloten-wollten-unbewaffnet-flug-93-zerstoeren\\\/\",\"url\":\"https:\\\/\\\/selectednews.info\\\/de\\\/kampfjetpiloten-wollten-unbewaffnet-flug-93-zerstoeren\\\/\",\"name\":\"Kampfjetpiloten wollten unbewaffnet Flug 93 zerst\u00f6ren - Selected News\",\"isPartOf\":{\"@id\":\"https:\\\/\\\/selectednews.info\\\/de\\\/#website\"},\"primaryImageOfPage\":{\"@id\":\"https:\\\/\\\/selectednews.info\\\/de\\\/kampfjetpiloten-wollten-unbewaffnet-flug-93-zerstoeren\\\/#primaryimage\"},\"image\":{\"@id\":\"https:\\\/\\\/selectednews.info\\\/de\\\/kampfjetpiloten-wollten-unbewaffnet-flug-93-zerstoeren\\\/#primaryimage\"},\"thumbnailUrl\":\"https:\\\/\\\/selectednews.info\\\/de\\\/wp-content\\\/uploads\\\/sites\\\/13\\\/2021\\\/09\\\/Kampfjetpiloten-wollten-unbewaffnet-Flug-93-zerstoeren.jpg\",\"datePublished\":\"2021-09-10T09:49:54+00:00\",\"dateModified\":\"2021-09-10T09:50:04+00:00\",\"author\":{\"@id\":\"https:\\\/\\\/selectednews.info\\\/de\\\/#\\\/schema\\\/person\\\/b79ac6c3f85e7d3fd825ccfaa9a91671\"},\"breadcrumb\":{\"@id\":\"https:\\\/\\\/selectednews.info\\\/de\\\/kampfjetpiloten-wollten-unbewaffnet-flug-93-zerstoeren\\\/#breadcrumb\"},\"inLanguage\":\"de\",\"potentialAction\":[{\"@type\":\"ReadAction\",\"target\":[\"https:\\\/\\\/selectednews.info\\\/de\\\/kampfjetpiloten-wollten-unbewaffnet-flug-93-zerstoeren\\\/\"]}]},{\"@type\":\"ImageObject\",\"inLanguage\":\"de\",\"@id\":\"https:\\\/\\\/selectednews.info\\\/de\\\/kampfjetpiloten-wollten-unbewaffnet-flug-93-zerstoeren\\\/#primaryimage\",\"url\":\"https:\\\/\\\/selectednews.info\\\/de\\\/wp-content\\\/uploads\\\/sites\\\/13\\\/2021\\\/09\\\/Kampfjetpiloten-wollten-unbewaffnet-Flug-93-zerstoeren.jpg\",\"contentUrl\":\"https:\\\/\\\/selectednews.info\\\/de\\\/wp-content\\\/uploads\\\/sites\\\/13\\\/2021\\\/09\\\/Kampfjetpiloten-wollten-unbewaffnet-Flug-93-zerstoeren.jpg\",\"width\":1920,\"height\":1080,\"caption\":\"Kampfjetpiloten wollten unbewaffnet Flug 93 zerst\u00f6ren\"},{\"@type\":\"BreadcrumbList\",\"@id\":\"https:\\\/\\\/selectednews.info\\\/de\\\/kampfjetpiloten-wollten-unbewaffnet-flug-93-zerstoeren\\\/#breadcrumb\",\"itemListElement\":[{\"@type\":\"ListItem\",\"position\":1,\"name\":\"Home\",\"item\":\"https:\\\/\\\/selectednews.info\\\/de\\\/\"},{\"@type\":\"ListItem\",\"position\":2,\"name\":\"Kampfjetpiloten wollten unbewaffnet Flug 93 zerst\u00f6ren\"}]},{\"@type\":\"WebSite\",\"@id\":\"https:\\\/\\\/selectednews.info\\\/de\\\/#website\",\"url\":\"https:\\\/\\\/selectednews.info\\\/de\\\/\",\"name\":\"Selected News\",\"description\":\"Selected News Germany\",\"potentialAction\":[{\"@type\":\"SearchAction\",\"target\":{\"@type\":\"EntryPoint\",\"urlTemplate\":\"https:\\\/\\\/selectednews.info\\\/de\\\/?s={search_term_string}\"},\"query-input\":{\"@type\":\"PropertyValueSpecification\",\"valueRequired\":true,\"valueName\":\"search_term_string\"}}],\"inLanguage\":\"de\"},{\"@type\":\"Person\",\"@id\":\"https:\\\/\\\/selectednews.info\\\/de\\\/#\\\/schema\\\/person\\\/b79ac6c3f85e7d3fd825ccfaa9a91671\",\"name\":\"selectednews\",\"image\":{\"@type\":\"ImageObject\",\"inLanguage\":\"de\",\"@id\":\"https:\\\/\\\/secure.gravatar.com\\\/avatar\\\/df47a104cb5967d31c3340cf1cb4b49088cf27c3d8168f31a99c0b2fe0ef55c1?s=96&d=mm&r=g\",\"url\":\"https:\\\/\\\/secure.gravatar.com\\\/avatar\\\/df47a104cb5967d31c3340cf1cb4b49088cf27c3d8168f31a99c0b2fe0ef55c1?s=96&d=mm&r=g\",\"contentUrl\":\"https:\\\/\\\/secure.gravatar.com\\\/avatar\\\/df47a104cb5967d31c3340cf1cb4b49088cf27c3d8168f31a99c0b2fe0ef55c1?s=96&d=mm&r=g\",\"caption\":\"selectednews\"},\"url\":\"https:\\\/\\\/selectednews.info\\\/de\\\/author\\\/emely\\\/\"}]}<\/script>\n<!-- \/ Yoast SEO plugin. -->","yoast_head_json":{"title":"Kampfjetpiloten wollten unbewaffnet Flug 93 zerst\u00f6ren - Selected News","robots":{"index":"index","follow":"follow","max-snippet":"max-snippet:-1","max-image-preview":"max-image-preview:large","max-video-preview":"max-video-preview:-1"},"canonical":"https:\/\/selectednews.info\/de\/kampfjetpiloten-wollten-unbewaffnet-flug-93-zerstoeren\/","og_locale":"de_DE","og_type":"article","og_title":"Kampfjetpiloten wollten unbewaffnet Flug 93 zerst\u00f6ren - Selected News","og_description":"United Airlines Flug 93 war vor 20 Jahren in den H\u00e4nden von Entf\u00fchrern und sollte wahrscheinlich ins Kapitol fliegen. Zwei Kampfjet-Piloten machten sich damals eigenm\u00e4chtig auf den Weg, die Maschine zu stoppen. Den 11. September 2001 werden Millionen Menschen weltweit wohl niemals vergessen. Al Quaida-Terroristen hatten mehrere Passagierflugzeuge entf\u00fchrt und waren am Morgen in die [&hellip;]","og_url":"https:\/\/selectednews.info\/de\/kampfjetpiloten-wollten-unbewaffnet-flug-93-zerstoeren\/","og_site_name":"Selected News","article_published_time":"2021-09-10T09:49:54+00:00","article_modified_time":"2021-09-10T09:50:04+00:00","og_image":[{"width":1920,"height":1080,"url":"https:\/\/selectednews.info\/de\/wp-content\/uploads\/sites\/13\/2021\/09\/Kampfjetpiloten-wollten-unbewaffnet-Flug-93-zerstoeren.jpg","type":"image\/jpeg"}],"author":"selectednews","twitter_card":"summary_large_image","twitter_misc":{"Verfasst von":"selectednews","Gesch\u00e4tzte Lesezeit":"3\u00a0Minuten"},"schema":{"@context":"https:\/\/schema.org","@graph":[{"@type":"Article","@id":"https:\/\/selectednews.info\/de\/kampfjetpiloten-wollten-unbewaffnet-flug-93-zerstoeren\/#article","isPartOf":{"@id":"https:\/\/selectednews.info\/de\/kampfjetpiloten-wollten-unbewaffnet-flug-93-zerstoeren\/"},"author":{"name":"selectednews","@id":"https:\/\/selectednews.info\/de\/#\/schema\/person\/b79ac6c3f85e7d3fd825ccfaa9a91671"},"headline":"Kampfjetpiloten wollten unbewaffnet Flug 93 zerst\u00f6ren","datePublished":"2021-09-10T09:49:54+00:00","dateModified":"2021-09-10T09:50:04+00:00","mainEntityOfPage":{"@id":"https:\/\/selectednews.info\/de\/kampfjetpiloten-wollten-unbewaffnet-flug-93-zerstoeren\/"},"wordCount":542,"commentCount":0,"image":{"@id":"https:\/\/selectednews.info\/de\/kampfjetpiloten-wollten-unbewaffnet-flug-93-zerstoeren\/#primaryimage"},"thumbnailUrl":"https:\/\/selectednews.info\/de\/wp-content\/uploads\/sites\/13\/2021\/09\/Kampfjetpiloten-wollten-unbewaffnet-Flug-93-zerstoeren.jpg","articleSection":["NEUIGKEITEN"],"inLanguage":"de","potentialAction":[{"@type":"CommentAction","name":"Comment","target":["https:\/\/selectednews.info\/de\/kampfjetpiloten-wollten-unbewaffnet-flug-93-zerstoeren\/#respond"]}]},{"@type":"WebPage","@id":"https:\/\/selectednews.info\/de\/kampfjetpiloten-wollten-unbewaffnet-flug-93-zerstoeren\/","url":"https:\/\/selectednews.info\/de\/kampfjetpiloten-wollten-unbewaffnet-flug-93-zerstoeren\/","name":"Kampfjetpiloten wollten unbewaffnet Flug 93 zerst\u00f6ren - Selected News","isPartOf":{"@id":"https:\/\/selectednews.info\/de\/#website"},"primaryImageOfPage":{"@id":"https:\/\/selectednews.info\/de\/kampfjetpiloten-wollten-unbewaffnet-flug-93-zerstoeren\/#primaryimage"},"image":{"@id":"https:\/\/selectednews.info\/de\/kampfjetpiloten-wollten-unbewaffnet-flug-93-zerstoeren\/#primaryimage"},"thumbnailUrl":"https:\/\/selectednews.info\/de\/wp-content\/uploads\/sites\/13\/2021\/09\/Kampfjetpiloten-wollten-unbewaffnet-Flug-93-zerstoeren.jpg","datePublished":"2021-09-10T09:49:54+00:00","dateModified":"2021-09-10T09:50:04+00:00","author":{"@id":"https:\/\/selectednews.info\/de\/#\/schema\/person\/b79ac6c3f85e7d3fd825ccfaa9a91671"},"breadcrumb":{"@id":"https:\/\/selectednews.info\/de\/kampfjetpiloten-wollten-unbewaffnet-flug-93-zerstoeren\/#breadcrumb"},"inLanguage":"de","potentialAction":[{"@type":"ReadAction","target":["https:\/\/selectednews.info\/de\/kampfjetpiloten-wollten-unbewaffnet-flug-93-zerstoeren\/"]}]},{"@type":"ImageObject","inLanguage":"de","@id":"https:\/\/selectednews.info\/de\/kampfjetpiloten-wollten-unbewaffnet-flug-93-zerstoeren\/#primaryimage","url":"https:\/\/selectednews.info\/de\/wp-content\/uploads\/sites\/13\/2021\/09\/Kampfjetpiloten-wollten-unbewaffnet-Flug-93-zerstoeren.jpg","contentUrl":"https:\/\/selectednews.info\/de\/wp-content\/uploads\/sites\/13\/2021\/09\/Kampfjetpiloten-wollten-unbewaffnet-Flug-93-zerstoeren.jpg","width":1920,"height":1080,"caption":"Kampfjetpiloten wollten unbewaffnet Flug 93 zerst\u00f6ren"},{"@type":"BreadcrumbList","@id":"https:\/\/selectednews.info\/de\/kampfjetpiloten-wollten-unbewaffnet-flug-93-zerstoeren\/#breadcrumb","itemListElement":[{"@type":"ListItem","position":1,"name":"Home","item":"https:\/\/selectednews.info\/de\/"},{"@type":"ListItem","position":2,"name":"Kampfjetpiloten wollten unbewaffnet Flug 93 zerst\u00f6ren"}]},{"@type":"WebSite","@id":"https:\/\/selectednews.info\/de\/#website","url":"https:\/\/selectednews.info\/de\/","name":"Selected News","description":"Selected News Germany","potentialAction":[{"@type":"SearchAction","target":{"@type":"EntryPoint","urlTemplate":"https:\/\/selectednews.info\/de\/?s={search_term_string}"},"query-input":{"@type":"PropertyValueSpecification","valueRequired":true,"valueName":"search_term_string"}}],"inLanguage":"de"},{"@type":"Person","@id":"https:\/\/selectednews.info\/de\/#\/schema\/person\/b79ac6c3f85e7d3fd825ccfaa9a91671","name":"selectednews","image":{"@type":"ImageObject","inLanguage":"de","@id":"https:\/\/secure.gravatar.com\/avatar\/df47a104cb5967d31c3340cf1cb4b49088cf27c3d8168f31a99c0b2fe0ef55c1?s=96&d=mm&r=g","url":"https:\/\/secure.gravatar.com\/avatar\/df47a104cb5967d31c3340cf1cb4b49088cf27c3d8168f31a99c0b2fe0ef55c1?s=96&d=mm&r=g","contentUrl":"https:\/\/secure.gravatar.com\/avatar\/df47a104cb5967d31c3340cf1cb4b49088cf27c3d8168f31a99c0b2fe0ef55c1?s=96&d=mm&r=g","caption":"selectednews"},"url":"https:\/\/selectednews.info\/de\/author\/emely\/"}]}},"_links":{"self":[{"href":"https:\/\/selectednews.info\/de\/wp-json\/wp\/v2\/posts\/2341","targetHints":{"allow":["GET"]}}],"collection":[{"href":"https:\/\/selectednews.info\/de\/wp-json\/wp\/v2\/posts"}],"about":[{"href":"https:\/\/selectednews.info\/de\/wp-json\/wp\/v2\/types\/post"}],"author":[{"embeddable":true,"href":"https:\/\/selectednews.info\/de\/wp-json\/wp\/v2\/users\/1"}],"replies":[{"embeddable":true,"href":"https:\/\/selectednews.info\/de\/wp-json\/wp\/v2\/comments?post=2341"}],"version-history":[{"count":1,"href":"https:\/\/selectednews.info\/de\/wp-json\/wp\/v2\/posts\/2341\/revisions"}],"predecessor-version":[{"id":2343,"href":"https:\/\/selectednews.info\/de\/wp-json\/wp\/v2\/posts\/2341\/revisions\/2343"}],"wp:featuredmedia":[{"embeddable":true,"href":"https:\/\/selectednews.info\/de\/wp-json\/wp\/v2\/media\/2342"}],"wp:attachment":[{"href":"https:\/\/selectednews.info\/de\/wp-json\/wp\/v2\/media?parent=2341"}],"wp:term":[{"taxonomy":"category","embeddable":true,"href":"https:\/\/selectednews.info\/de\/wp-json\/wp\/v2\/categories?post=2341"},{"taxonomy":"post_tag","embeddable":true,"href":"https:\/\/selectednews.info\/de\/wp-json\/wp\/v2\/tags?post=2341"}],"curies":[{"name":"wp","href":"https:\/\/api.w.org\/{rel}","templated":true}]}}