{"id":1375,"date":"2019-06-24T14:29:42","date_gmt":"2019-06-24T14:29:42","guid":{"rendered":"https:\/\/selectednews.info\/mx\/pemex-avala-capitalizar-a-fertinal\/"},"modified":"2019-06-24T14:29:44","modified_gmt":"2019-06-24T14:29:44","slug":"pemex-avala-capitalizar-a-fertinal","status":"publish","type":"post","link":"https:\/\/selectednews.info\/mx\/pemex-avala-capitalizar-a-fertinal\/","title":{"rendered":"Pemex avala capitalizar a Fertinal"},"content":{"rendered":"<p> [ad_1]<br \/>\n<\/p>\n<div>\n<p><em><span class=\"__cf_email__\" data-cfemail=\"721c1d175c1100070832171e071c1b04170001131e5c111d1f5c1f0a\">[email\u00a0protected]<\/span><\/em><\/p>\n<p>\nEl problema de las<strong> empresas chatarra Fertinal <\/strong>y Pro Agro ya toc\u00f3 la esfera de esta administraci\u00f3n.<\/p>\n<p>\nAun conociendo la <strong>situaci\u00f3n financiera y operativa<\/strong> de la subsidiaria Pemex Fertilizantes \u2014controladora de ambas empresas\u2014 y c\u00f3mo las recibieron por el cambio de gobierno, en febrero pasado, <strong>su Consejo de Administraci\u00f3n aprob\u00f3 su capitalizaci\u00f3n<\/strong> para mantenerlas.<\/p>\n<p>\nNi siquiera la propuesta de venderlas, que fue discutida a nivel del m\u00e1ximo \u00f3rgano de gobierno de Pemex en octubre de 2017, como lo dio a conocer EL UNIVERSAL, cuando se aval\u00f3 la<strong> desincorporaci\u00f3n de la subsidiaria y sus filiales<\/strong> \u201cpara maximizar el valor de la empresa\u201d, fue suficiente para que las <strong>nuevas autoridades de Pemex reconsideraran mantenerlas.<\/strong><\/p>\n<p>\nLa propuesta de venta, que m\u00e1s tarde fue desechada, inclu\u00eda a las tres unidades de Pemex Fertilizantes: <strong>Fertinal<\/strong> es el<strong> principal productor de fertilizantes fosfatados en Am\u00e9rica Latina<\/strong>, con una planta en L\u00e1zaro C\u00e1rdenas, Michoac\u00e1n, y una mina en Baja California Sur, cuya<strong> capacidad es de 1.4 millones de toneladas al a\u00f1o<\/strong>; <strong>ProAgro,<\/strong> con una planta de urea en Pajaritos, Veracruz, y el complejo Cosoleacaque, Veracruz, es el <strong>\u00fanico productor de amoniaco en el pa\u00eds<\/strong>.<\/p>\n<p>\nTambi\u00e9n se inclu\u00edan los activos log\u00edsticos que generan capacidad de transporte, almacenaje y acceso a puertos.<\/p>\n<p>\nA pesar de ello y con la ausencia de varios titulares \u2014representados por sus suplentes\u2014, el pasado 26 de febrero el<strong> Consejo de Administraci\u00f3n de Pemex<\/strong>, ya encabezado por la titular de la Secretar\u00eda de Energ\u00eda,<strong> Roc\u00edo Nahle<\/strong>, y el responsable de Hacienda, <strong>Carlos Urz\u00faa<\/strong>, autoriz\u00f3 la capitalizaci\u00f3n de Pemex Fertilizantes y sus filiales, por lo que dio instrucciones a las administraciones de la petrolera \u201ca realizar los actos necesarios para el cumplimiento de este acuerdo\u201d.<\/p>\n<p>\nEl monto de la operaci\u00f3n de capitalizaci\u00f3n fue reservado por cinco a\u00f1os desde diciembre de 2018, debido a \u00a0\u00a0\u00a0que \u201cforma parte de un proceso deliberativo\u201d.<\/p>\n<p>\nLa decisi\u00f3n hab\u00eda sido tomada cuando el presidente<strong> Andr\u00e9s Manuel L\u00f3pez Obrador<\/strong> coment\u00f3 el pasado 18 de junio \u2014fecha en que esta casa editorial public\u00f3 que el expresidente<strong> Enrique Pe\u00f1a Nieto<\/strong> era investigado en<strong> Estados Unidos<\/strong> por soborno en la operaci\u00f3n compra-venta de Fertinal\u2014, que el gobierno federal analiza qu\u00e9 hacer con esas plantas.<\/p>\n<p>\n\u201cEstamos pensando qu\u00e9 es lo es que m\u00e1s conviene\u2026 echarla a andar para producir nosotros los fertilizantes que ayudar\u00edan al campo\u2026, pero tenemos que cuidar bien para no echarle dinero bueno al malo, o sea, ver costo-beneficio.<\/p>\n<p>\n\u201cLa otra opci\u00f3n es venderla, pero imag\u00ednense con la deuda, incluso en la primera opci\u00f3n hay que ver qu\u00e9 se hace con la deuda\u201d.<\/p>\n<p>\nY la otra opci\u00f3n, la tercera \u2014agreg\u00f3 el Jefe del Ejecutivo\u2014, \u201ces hacer una sociedad con la iniciativa privada, una empresa mixta para producir fertilizantes\u201d.<\/p>\n<p>\n<strong>Una herencia.<\/strong> La capitalizaci\u00f3n de Pemex Fertilizantes fue heredada por el gobierno pasado.<\/p>\n<p>\nEn el informe financiero de Pemex y sus subsidiarias \u2014discutido en el Consejo de Administraci\u00f3n de Pemex en abril de 2018 y en presencia del secretario de Energ\u00eda, Pedro Joaqu\u00edn Coldwell, David Ruelas Rodr\u00edguez, entonces director Corporativo de Finanzas de Pemex\u2014, reconoci\u00f3 que \u201clas plantas registraban un deterioro de mil 936 millones de pesos\u201d.<\/p>\n<p>\nEl consejero Carlos Elizondo destac\u00f3 que continuaban los problemas crecientes de las subsidiarias y que en Pemex Fertilizantes la situaci\u00f3n segu\u00eda deterior\u00e1ndose.<\/p>\n<p>\nRuelas se\u00f1al\u00f3 en ese momento que \u201csi se med\u00eda el balance financiero por Empresa Productiva Subsidiaria, el ingreso de Pemex Fertilizantes no era suficiente para cubrir gastos, resultado esencialmente de que los precios presupuestados no eran observados en el mercado, as\u00ed como el retraso en la operaci\u00f3n de algunas plantas y mantenimiento en la infraestructura\u201d.<\/p>\n<p>\nEn la misma secci\u00f3n, se puso sobre la mesa del consejo \u201cla capitalizaci\u00f3n de Pemex Fertilizantes y sus subsidiarias\u201d, con el voto en contra del consejero Elizondo.<\/p>\n<p>\nPara julio de 2017, Pemex fue notificado de \u201cla ruta de capitalizaci\u00f3n\u201d de esta subsidiaria, incluida una primer capitalizaci\u00f3n para Pro Agro, para que pudiera cubrir tres meses de intereses adelantados, con motivo de la reestructura de su cr\u00e9dito con Nacional Financiera.<\/p>\n<p>\nEn marzo de este a\u00f1o, el tema fue recogido por la nueva administraci\u00f3n de Pemex, para hacer del conocimiento del consejo \u201cla estructura de capitalizaci\u00f3n de Pemex Fertilizantes y sus subsidiarias\u201d, lo que supone que esta administraci\u00f3n decidir\u00e1 el destino de las plantas productoras de fertilizantes.<\/p>\n<\/div>\n<p>[ad_2]<br \/>\n<br \/><a href=\"https:\/\/www.eluniversal.com.mx\/cartera\/pemex-avala-capitalizar-fertinal\">Source link <\/a><\/p>\n","protected":false},"excerpt":{"rendered":"<p>[ad_1] [email\u00a0protected] El problema de las empresas chatarra Fertinal y Pro Agro ya toc\u00f3 la esfera de esta administraci\u00f3n. Aun conociendo la situaci\u00f3n financiera y operativa de la subsidiaria Pemex Fertilizantes \u2014controladora de ambas empresas\u2014 y c\u00f3mo las recibieron por el cambio de gobierno, en febrero pasado, su Consejo de Administraci\u00f3n aprob\u00f3 su capitalizaci\u00f3n para [&hellip;]<\/p>\n","protected":false},"author":2,"featured_media":1376,"comment_status":"open","ping_status":"open","sticky":false,"template":"","format":"standard","meta":{"footnotes":""},"categories":[1],"tags":[],"class_list":["post-1375","post","type-post","status-publish","format-standard","has-post-thumbnail","hentry","category-noticias-de-negocios"],"yoast_head":"<!-- This site is optimized with the Yoast SEO plugin v28.3 - https:\/\/yoast.com\/product\/yoast-seo-wordpress\/ -->\n<title>Pemex avala capitalizar a Fertinal - Selected News<\/title>\n<meta name=\"robots\" content=\"index, follow, max-snippet:-1, max-image-preview:large, max-video-preview:-1\" \/>\n<link rel=\"canonical\" href=\"https:\/\/selectednews.info\/mx\/pemex-avala-capitalizar-a-fertinal\/\" \/>\n<meta property=\"og:locale\" content=\"es_MX\" \/>\n<meta property=\"og:type\" content=\"article\" \/>\n<meta property=\"og:title\" content=\"Pemex avala capitalizar a Fertinal - Selected News\" \/>\n<meta property=\"og:description\" content=\"[ad_1] [email\u00a0protected] El problema de las empresas chatarra Fertinal y Pro Agro ya toc\u00f3 la esfera de esta administraci\u00f3n. Aun conociendo la situaci\u00f3n financiera y operativa de la subsidiaria Pemex Fertilizantes \u2014controladora de ambas empresas\u2014 y c\u00f3mo las recibieron por el cambio de gobierno, en febrero pasado, su Consejo de Administraci\u00f3n aprob\u00f3 su capitalizaci\u00f3n para [&hellip;]\" \/>\n<meta property=\"og:url\" content=\"https:\/\/selectednews.info\/mx\/pemex-avala-capitalizar-a-fertinal\/\" \/>\n<meta property=\"og:site_name\" content=\"Selected News\" \/>\n<meta property=\"article:published_time\" content=\"2019-06-24T14:29:42+00:00\" \/>\n<meta property=\"article:modified_time\" content=\"2019-06-24T14:29:44+00:00\" \/>\n<meta property=\"og:image\" content=\"https:\/\/selectednews.info\/mx\/wp-content\/uploads\/sites\/8\/2019\/06\/Pemex-avala-capitalizar-a-Fertinal.jpg\" \/>\n\t<meta property=\"og:image:width\" content=\"651\" \/>\n\t<meta property=\"og:image:height\" content=\"400\" \/>\n\t<meta property=\"og:image:type\" content=\"image\/jpeg\" \/>\n<meta name=\"author\" content=\"selectednews\" \/>\n<meta name=\"twitter:card\" content=\"summary_large_image\" \/>\n<meta name=\"twitter:label1\" content=\"Escrito por\" \/>\n\t<meta name=\"twitter:data1\" content=\"selectednews\" \/>\n\t<meta name=\"twitter:label2\" content=\"Tiempo de lectura\" \/>\n\t<meta name=\"twitter:data2\" content=\"4 minutos\" \/>\n<script type=\"application\/ld+json\" class=\"yoast-schema-graph\">{\"@context\":\"https:\\\/\\\/schema.org\",\"@graph\":[{\"@type\":\"Article\",\"@id\":\"https:\\\/\\\/selectednews.info\\\/mx\\\/pemex-avala-capitalizar-a-fertinal\\\/#article\",\"isPartOf\":{\"@id\":\"https:\\\/\\\/selectednews.info\\\/mx\\\/pemex-avala-capitalizar-a-fertinal\\\/\"},\"author\":{\"name\":\"selectednews\",\"@id\":\"https:\\\/\\\/selectednews.info\\\/mx\\\/#\\\/schema\\\/person\\\/c8a0f1bfe64548cfb06c0529b0970068\"},\"headline\":\"Pemex avala capitalizar a Fertinal\",\"datePublished\":\"2019-06-24T14:29:42+00:00\",\"dateModified\":\"2019-06-24T14:29:44+00:00\",\"mainEntityOfPage\":{\"@id\":\"https:\\\/\\\/selectednews.info\\\/mx\\\/pemex-avala-capitalizar-a-fertinal\\\/\"},\"wordCount\":765,\"commentCount\":0,\"image\":{\"@id\":\"https:\\\/\\\/selectednews.info\\\/mx\\\/pemex-avala-capitalizar-a-fertinal\\\/#primaryimage\"},\"thumbnailUrl\":\"https:\\\/\\\/selectednews.info\\\/mx\\\/wp-content\\\/uploads\\\/sites\\\/8\\\/2019\\\/06\\\/Pemex-avala-capitalizar-a-Fertinal.jpg\",\"articleSection\":[\"NOTICIAS DE NEGOCIOS\"],\"inLanguage\":\"es\",\"potentialAction\":[{\"@type\":\"CommentAction\",\"name\":\"Comment\",\"target\":[\"https:\\\/\\\/selectednews.info\\\/mx\\\/pemex-avala-capitalizar-a-fertinal\\\/#respond\"]}]},{\"@type\":\"WebPage\",\"@id\":\"https:\\\/\\\/selectednews.info\\\/mx\\\/pemex-avala-capitalizar-a-fertinal\\\/\",\"url\":\"https:\\\/\\\/selectednews.info\\\/mx\\\/pemex-avala-capitalizar-a-fertinal\\\/\",\"name\":\"Pemex avala capitalizar a Fertinal - Selected News\",\"isPartOf\":{\"@id\":\"https:\\\/\\\/selectednews.info\\\/mx\\\/#website\"},\"primaryImageOfPage\":{\"@id\":\"https:\\\/\\\/selectednews.info\\\/mx\\\/pemex-avala-capitalizar-a-fertinal\\\/#primaryimage\"},\"image\":{\"@id\":\"https:\\\/\\\/selectednews.info\\\/mx\\\/pemex-avala-capitalizar-a-fertinal\\\/#primaryimage\"},\"thumbnailUrl\":\"https:\\\/\\\/selectednews.info\\\/mx\\\/wp-content\\\/uploads\\\/sites\\\/8\\\/2019\\\/06\\\/Pemex-avala-capitalizar-a-Fertinal.jpg\",\"datePublished\":\"2019-06-24T14:29:42+00:00\",\"dateModified\":\"2019-06-24T14:29:44+00:00\",\"author\":{\"@id\":\"https:\\\/\\\/selectednews.info\\\/mx\\\/#\\\/schema\\\/person\\\/c8a0f1bfe64548cfb06c0529b0970068\"},\"breadcrumb\":{\"@id\":\"https:\\\/\\\/selectednews.info\\\/mx\\\/pemex-avala-capitalizar-a-fertinal\\\/#breadcrumb\"},\"inLanguage\":\"es\",\"potentialAction\":[{\"@type\":\"ReadAction\",\"target\":[\"https:\\\/\\\/selectednews.info\\\/mx\\\/pemex-avala-capitalizar-a-fertinal\\\/\"]}]},{\"@type\":\"ImageObject\",\"inLanguage\":\"es\",\"@id\":\"https:\\\/\\\/selectednews.info\\\/mx\\\/pemex-avala-capitalizar-a-fertinal\\\/#primaryimage\",\"url\":\"https:\\\/\\\/selectednews.info\\\/mx\\\/wp-content\\\/uploads\\\/sites\\\/8\\\/2019\\\/06\\\/Pemex-avala-capitalizar-a-Fertinal.jpg\",\"contentUrl\":\"https:\\\/\\\/selectednews.info\\\/mx\\\/wp-content\\\/uploads\\\/sites\\\/8\\\/2019\\\/06\\\/Pemex-avala-capitalizar-a-Fertinal.jpg\",\"width\":651,\"height\":400,\"caption\":\"Pemex avala capitalizar a Fertinal\"},{\"@type\":\"BreadcrumbList\",\"@id\":\"https:\\\/\\\/selectednews.info\\\/mx\\\/pemex-avala-capitalizar-a-fertinal\\\/#breadcrumb\",\"itemListElement\":[{\"@type\":\"ListItem\",\"position\":1,\"name\":\"Home\",\"item\":\"https:\\\/\\\/selectednews.info\\\/mx\\\/\"},{\"@type\":\"ListItem\",\"position\":2,\"name\":\"Pemex avala capitalizar a Fertinal\"}]},{\"@type\":\"WebSite\",\"@id\":\"https:\\\/\\\/selectednews.info\\\/mx\\\/#website\",\"url\":\"https:\\\/\\\/selectednews.info\\\/mx\\\/\",\"name\":\"Selected News\",\"description\":\"Selected News Mexico\",\"potentialAction\":[{\"@type\":\"SearchAction\",\"target\":{\"@type\":\"EntryPoint\",\"urlTemplate\":\"https:\\\/\\\/selectednews.info\\\/mx\\\/?s={search_term_string}\"},\"query-input\":{\"@type\":\"PropertyValueSpecification\",\"valueRequired\":true,\"valueName\":\"search_term_string\"}}],\"inLanguage\":\"es\"},{\"@type\":\"Person\",\"@id\":\"https:\\\/\\\/selectednews.info\\\/mx\\\/#\\\/schema\\\/person\\\/c8a0f1bfe64548cfb06c0529b0970068\",\"name\":\"selectednews\",\"image\":{\"@type\":\"ImageObject\",\"inLanguage\":\"es\",\"@id\":\"https:\\\/\\\/secure.gravatar.com\\\/avatar\\\/c88515018a25fd646d9f77ea80cc88996711575667608a2cd1b47f3d1145508a?s=96&d=mm&r=g\",\"url\":\"https:\\\/\\\/secure.gravatar.com\\\/avatar\\\/c88515018a25fd646d9f77ea80cc88996711575667608a2cd1b47f3d1145508a?s=96&d=mm&r=g\",\"contentUrl\":\"https:\\\/\\\/secure.gravatar.com\\\/avatar\\\/c88515018a25fd646d9f77ea80cc88996711575667608a2cd1b47f3d1145508a?s=96&d=mm&r=g\",\"caption\":\"selectednews\"},\"url\":\"https:\\\/\\\/selectednews.info\\\/mx\\\/author\\\/pt\\\/\"}]}<\/script>\n<!-- \/ Yoast SEO plugin. -->","yoast_head_json":{"title":"Pemex avala capitalizar a Fertinal - Selected News","robots":{"index":"index","follow":"follow","max-snippet":"max-snippet:-1","max-image-preview":"max-image-preview:large","max-video-preview":"max-video-preview:-1"},"canonical":"https:\/\/selectednews.info\/mx\/pemex-avala-capitalizar-a-fertinal\/","og_locale":"es_MX","og_type":"article","og_title":"Pemex avala capitalizar a Fertinal - Selected News","og_description":"[ad_1] [email\u00a0protected] El problema de las empresas chatarra Fertinal y Pro Agro ya toc\u00f3 la esfera de esta administraci\u00f3n. Aun conociendo la situaci\u00f3n financiera y operativa de la subsidiaria Pemex Fertilizantes \u2014controladora de ambas empresas\u2014 y c\u00f3mo las recibieron por el cambio de gobierno, en febrero pasado, su Consejo de Administraci\u00f3n aprob\u00f3 su capitalizaci\u00f3n para [&hellip;]","og_url":"https:\/\/selectednews.info\/mx\/pemex-avala-capitalizar-a-fertinal\/","og_site_name":"Selected News","article_published_time":"2019-06-24T14:29:42+00:00","article_modified_time":"2019-06-24T14:29:44+00:00","og_image":[{"width":651,"height":400,"url":"https:\/\/selectednews.info\/mx\/wp-content\/uploads\/sites\/8\/2019\/06\/Pemex-avala-capitalizar-a-Fertinal.jpg","type":"image\/jpeg"}],"author":"selectednews","twitter_card":"summary_large_image","twitter_misc":{"Escrito por":"selectednews","Tiempo de lectura":"4 minutos"},"schema":{"@context":"https:\/\/schema.org","@graph":[{"@type":"Article","@id":"https:\/\/selectednews.info\/mx\/pemex-avala-capitalizar-a-fertinal\/#article","isPartOf":{"@id":"https:\/\/selectednews.info\/mx\/pemex-avala-capitalizar-a-fertinal\/"},"author":{"name":"selectednews","@id":"https:\/\/selectednews.info\/mx\/#\/schema\/person\/c8a0f1bfe64548cfb06c0529b0970068"},"headline":"Pemex avala capitalizar a Fertinal","datePublished":"2019-06-24T14:29:42+00:00","dateModified":"2019-06-24T14:29:44+00:00","mainEntityOfPage":{"@id":"https:\/\/selectednews.info\/mx\/pemex-avala-capitalizar-a-fertinal\/"},"wordCount":765,"commentCount":0,"image":{"@id":"https:\/\/selectednews.info\/mx\/pemex-avala-capitalizar-a-fertinal\/#primaryimage"},"thumbnailUrl":"https:\/\/selectednews.info\/mx\/wp-content\/uploads\/sites\/8\/2019\/06\/Pemex-avala-capitalizar-a-Fertinal.jpg","articleSection":["NOTICIAS DE NEGOCIOS"],"inLanguage":"es","potentialAction":[{"@type":"CommentAction","name":"Comment","target":["https:\/\/selectednews.info\/mx\/pemex-avala-capitalizar-a-fertinal\/#respond"]}]},{"@type":"WebPage","@id":"https:\/\/selectednews.info\/mx\/pemex-avala-capitalizar-a-fertinal\/","url":"https:\/\/selectednews.info\/mx\/pemex-avala-capitalizar-a-fertinal\/","name":"Pemex avala capitalizar a Fertinal - Selected News","isPartOf":{"@id":"https:\/\/selectednews.info\/mx\/#website"},"primaryImageOfPage":{"@id":"https:\/\/selectednews.info\/mx\/pemex-avala-capitalizar-a-fertinal\/#primaryimage"},"image":{"@id":"https:\/\/selectednews.info\/mx\/pemex-avala-capitalizar-a-fertinal\/#primaryimage"},"thumbnailUrl":"https:\/\/selectednews.info\/mx\/wp-content\/uploads\/sites\/8\/2019\/06\/Pemex-avala-capitalizar-a-Fertinal.jpg","datePublished":"2019-06-24T14:29:42+00:00","dateModified":"2019-06-24T14:29:44+00:00","author":{"@id":"https:\/\/selectednews.info\/mx\/#\/schema\/person\/c8a0f1bfe64548cfb06c0529b0970068"},"breadcrumb":{"@id":"https:\/\/selectednews.info\/mx\/pemex-avala-capitalizar-a-fertinal\/#breadcrumb"},"inLanguage":"es","potentialAction":[{"@type":"ReadAction","target":["https:\/\/selectednews.info\/mx\/pemex-avala-capitalizar-a-fertinal\/"]}]},{"@type":"ImageObject","inLanguage":"es","@id":"https:\/\/selectednews.info\/mx\/pemex-avala-capitalizar-a-fertinal\/#primaryimage","url":"https:\/\/selectednews.info\/mx\/wp-content\/uploads\/sites\/8\/2019\/06\/Pemex-avala-capitalizar-a-Fertinal.jpg","contentUrl":"https:\/\/selectednews.info\/mx\/wp-content\/uploads\/sites\/8\/2019\/06\/Pemex-avala-capitalizar-a-Fertinal.jpg","width":651,"height":400,"caption":"Pemex avala capitalizar a Fertinal"},{"@type":"BreadcrumbList","@id":"https:\/\/selectednews.info\/mx\/pemex-avala-capitalizar-a-fertinal\/#breadcrumb","itemListElement":[{"@type":"ListItem","position":1,"name":"Home","item":"https:\/\/selectednews.info\/mx\/"},{"@type":"ListItem","position":2,"name":"Pemex avala capitalizar a Fertinal"}]},{"@type":"WebSite","@id":"https:\/\/selectednews.info\/mx\/#website","url":"https:\/\/selectednews.info\/mx\/","name":"Selected News","description":"Selected News Mexico","potentialAction":[{"@type":"SearchAction","target":{"@type":"EntryPoint","urlTemplate":"https:\/\/selectednews.info\/mx\/?s={search_term_string}"},"query-input":{"@type":"PropertyValueSpecification","valueRequired":true,"valueName":"search_term_string"}}],"inLanguage":"es"},{"@type":"Person","@id":"https:\/\/selectednews.info\/mx\/#\/schema\/person\/c8a0f1bfe64548cfb06c0529b0970068","name":"selectednews","image":{"@type":"ImageObject","inLanguage":"es","@id":"https:\/\/secure.gravatar.com\/avatar\/c88515018a25fd646d9f77ea80cc88996711575667608a2cd1b47f3d1145508a?s=96&d=mm&r=g","url":"https:\/\/secure.gravatar.com\/avatar\/c88515018a25fd646d9f77ea80cc88996711575667608a2cd1b47f3d1145508a?s=96&d=mm&r=g","contentUrl":"https:\/\/secure.gravatar.com\/avatar\/c88515018a25fd646d9f77ea80cc88996711575667608a2cd1b47f3d1145508a?s=96&d=mm&r=g","caption":"selectednews"},"url":"https:\/\/selectednews.info\/mx\/author\/pt\/"}]}},"_links":{"self":[{"href":"https:\/\/selectednews.info\/mx\/wp-json\/wp\/v2\/posts\/1375","targetHints":{"allow":["GET"]}}],"collection":[{"href":"https:\/\/selectednews.info\/mx\/wp-json\/wp\/v2\/posts"}],"about":[{"href":"https:\/\/selectednews.info\/mx\/wp-json\/wp\/v2\/types\/post"}],"author":[{"embeddable":true,"href":"https:\/\/selectednews.info\/mx\/wp-json\/wp\/v2\/users\/2"}],"replies":[{"embeddable":true,"href":"https:\/\/selectednews.info\/mx\/wp-json\/wp\/v2\/comments?post=1375"}],"version-history":[{"count":1,"href":"https:\/\/selectednews.info\/mx\/wp-json\/wp\/v2\/posts\/1375\/revisions"}],"predecessor-version":[{"id":1377,"href":"https:\/\/selectednews.info\/mx\/wp-json\/wp\/v2\/posts\/1375\/revisions\/1377"}],"wp:featuredmedia":[{"embeddable":true,"href":"https:\/\/selectednews.info\/mx\/wp-json\/wp\/v2\/media\/1376"}],"wp:attachment":[{"href":"https:\/\/selectednews.info\/mx\/wp-json\/wp\/v2\/media?parent=1375"}],"wp:term":[{"taxonomy":"category","embeddable":true,"href":"https:\/\/selectednews.info\/mx\/wp-json\/wp\/v2\/categories?post=1375"},{"taxonomy":"post_tag","embeddable":true,"href":"https:\/\/selectednews.info\/mx\/wp-json\/wp\/v2\/tags?post=1375"}],"curies":[{"name":"wp","href":"https:\/\/api.w.org\/{rel}","templated":true}]}}