{"id":1416,"date":"2019-06-26T02:26:12","date_gmt":"2019-06-26T02:26:12","guid":{"rendered":"https:\/\/selectednews.info\/mx\/designan-a-james-pignatelli-como-ceo-interino-de-altos-hornos-de-mexico\/"},"modified":"2019-06-26T02:26:13","modified_gmt":"2019-06-26T02:26:13","slug":"designan-a-james-pignatelli-como-ceo-interino-de-altos-hornos-de-mexico","status":"publish","type":"post","link":"https:\/\/selectednews.info\/mx\/designan-a-james-pignatelli-como-ceo-interino-de-altos-hornos-de-mexico\/","title":{"rendered":"Designan a James Pignatelli como CEO interino de Altos Hornos de M\u00e9xico"},"content":{"rendered":"<p> [ad_1]<br \/>\n<\/p>\n<div>\n<p>El <strong>Consejo de Administraci\u00f3n de Altos Hornos de M\u00e9xico <\/strong>(<strong>AHMSA<\/strong>) determin\u00f3 designar al consejero <em>James Pignatelli <\/em>como CEO interino. En tanto, el licenciado <strong>Alonso Ancira Elizondo <\/strong>continuar\u00e1 como Presidente del Consejo de Administraci\u00f3n de AHMSA.<\/p>\n<p>La empresa tambi\u00e9n aprob\u00f3 una reformulaci\u00f3n del programa operativo para el presente a\u00f1o y un plan financiero destinado a robustecer su posici\u00f3n en el mercado.<\/p>\n<p>Adem\u00e1s, el Consejo de Administraci\u00f3n cre\u00f3 una comisi\u00f3n especial integrada por el ingeniero Pignatelli, el ingeniero Xavier Autrey y el licenciado Jorge Ancira, a fin de reforzar la actuaci\u00f3n del ingeniero Luis Zamudio como director general, tanto en la aplicaci\u00f3n del nuevo plan operativo como en un conjunto de medidas de eficiencia y ahorro comprendidas en el plan financiero.<\/p>\n<p>Alonso Ancira est\u00e1 en prisi\u00f3n preventiva en Espa\u00f1a por presuntos actos de corrupci\u00f3n relacionados con el <strong>exdirector de Pemex, Emilio Lozoya<\/strong>, y la constructora brasile\u00f1a Odebrecht.<\/p>\n<p>rmlgv<\/p>\n<\/div>\n<p>[ad_2]<br \/>\n<br \/><a href=\"https:\/\/www.eluniversal.com.mx\/cartera\/designan-james-pignatelli-como-ceo-interino-de-altos-hornos-de-mexico\">Source link <\/a><\/p>\n","protected":false},"excerpt":{"rendered":"<p>[ad_1] El Consejo de Administraci\u00f3n de Altos Hornos de M\u00e9xico (AHMSA) determin\u00f3 designar al consejero James Pignatelli como CEO interino. En tanto, el licenciado Alonso Ancira Elizondo continuar\u00e1 como Presidente del Consejo de Administraci\u00f3n de AHMSA. La empresa tambi\u00e9n aprob\u00f3 una reformulaci\u00f3n del programa operativo para el presente a\u00f1o y un plan financiero destinado a [&hellip;]<\/p>\n","protected":false},"author":2,"featured_media":1417,"comment_status":"open","ping_status":"open","sticky":false,"template":"","format":"standard","meta":{"footnotes":""},"categories":[1],"tags":[],"class_list":["post-1416","post","type-post","status-publish","format-standard","has-post-thumbnail","hentry","category-noticias-de-negocios"],"yoast_head":"<!-- This site is optimized with the Yoast SEO plugin v28.3 - https:\/\/yoast.com\/product\/yoast-seo-wordpress\/ -->\n<title>Designan a James Pignatelli como CEO interino de Altos Hornos de M\u00e9xico - Selected News<\/title>\n<meta name=\"robots\" content=\"index, follow, max-snippet:-1, max-image-preview:large, max-video-preview:-1\" \/>\n<link rel=\"canonical\" href=\"https:\/\/selectednews.info\/mx\/designan-a-james-pignatelli-como-ceo-interino-de-altos-hornos-de-mexico\/\" \/>\n<meta property=\"og:locale\" content=\"es_MX\" \/>\n<meta property=\"og:type\" content=\"article\" \/>\n<meta property=\"og:title\" content=\"Designan a James Pignatelli como CEO interino de Altos Hornos de M\u00e9xico - Selected News\" \/>\n<meta property=\"og:description\" content=\"[ad_1] El Consejo de Administraci\u00f3n de Altos Hornos de M\u00e9xico (AHMSA) determin\u00f3 designar al consejero James Pignatelli como CEO interino. En tanto, el licenciado Alonso Ancira Elizondo continuar\u00e1 como Presidente del Consejo de Administraci\u00f3n de AHMSA. La empresa tambi\u00e9n aprob\u00f3 una reformulaci\u00f3n del programa operativo para el presente a\u00f1o y un plan financiero destinado a [&hellip;]\" \/>\n<meta property=\"og:url\" content=\"https:\/\/selectednews.info\/mx\/designan-a-james-pignatelli-como-ceo-interino-de-altos-hornos-de-mexico\/\" \/>\n<meta property=\"og:site_name\" content=\"Selected News\" \/>\n<meta property=\"article:published_time\" content=\"2019-06-26T02:26:12+00:00\" \/>\n<meta property=\"article:modified_time\" content=\"2019-06-26T02:26:13+00:00\" \/>\n<meta property=\"og:image\" content=\"https:\/\/selectednews.info\/mx\/wp-content\/uploads\/sites\/8\/2019\/06\/Designan-a-James-Pignatelli-como-CEO-interino-de-Altos-Hornos.jpg\" \/>\n\t<meta property=\"og:image:width\" content=\"651\" \/>\n\t<meta property=\"og:image:height\" content=\"400\" \/>\n\t<meta property=\"og:image:type\" content=\"image\/jpeg\" \/>\n<meta name=\"author\" content=\"selectednews\" \/>\n<meta name=\"twitter:card\" content=\"summary_large_image\" \/>\n<meta name=\"twitter:label1\" content=\"Escrito por\" \/>\n\t<meta name=\"twitter:data1\" content=\"selectednews\" \/>\n\t<meta name=\"twitter:label2\" content=\"Tiempo de lectura\" \/>\n\t<meta name=\"twitter:data2\" content=\"1 minuto\" \/>\n<script type=\"application\/ld+json\" class=\"yoast-schema-graph\">{\"@context\":\"https:\\\/\\\/schema.org\",\"@graph\":[{\"@type\":\"Article\",\"@id\":\"https:\\\/\\\/selectednews.info\\\/mx\\\/designan-a-james-pignatelli-como-ceo-interino-de-altos-hornos-de-mexico\\\/#article\",\"isPartOf\":{\"@id\":\"https:\\\/\\\/selectednews.info\\\/mx\\\/designan-a-james-pignatelli-como-ceo-interino-de-altos-hornos-de-mexico\\\/\"},\"author\":{\"name\":\"selectednews\",\"@id\":\"https:\\\/\\\/selectednews.info\\\/mx\\\/#\\\/schema\\\/person\\\/c8a0f1bfe64548cfb06c0529b0970068\"},\"headline\":\"Designan a James Pignatelli como CEO interino de Altos Hornos de M\u00e9xico\",\"datePublished\":\"2019-06-26T02:26:12+00:00\",\"dateModified\":\"2019-06-26T02:26:13+00:00\",\"mainEntityOfPage\":{\"@id\":\"https:\\\/\\\/selectednews.info\\\/mx\\\/designan-a-james-pignatelli-como-ceo-interino-de-altos-hornos-de-mexico\\\/\"},\"wordCount\":179,\"commentCount\":0,\"image\":{\"@id\":\"https:\\\/\\\/selectednews.info\\\/mx\\\/designan-a-james-pignatelli-como-ceo-interino-de-altos-hornos-de-mexico\\\/#primaryimage\"},\"thumbnailUrl\":\"https:\\\/\\\/selectednews.info\\\/mx\\\/wp-content\\\/uploads\\\/sites\\\/8\\\/2019\\\/06\\\/Designan-a-James-Pignatelli-como-CEO-interino-de-Altos-Hornos.jpg\",\"articleSection\":[\"NOTICIAS DE NEGOCIOS\"],\"inLanguage\":\"es\",\"potentialAction\":[{\"@type\":\"CommentAction\",\"name\":\"Comment\",\"target\":[\"https:\\\/\\\/selectednews.info\\\/mx\\\/designan-a-james-pignatelli-como-ceo-interino-de-altos-hornos-de-mexico\\\/#respond\"]}]},{\"@type\":\"WebPage\",\"@id\":\"https:\\\/\\\/selectednews.info\\\/mx\\\/designan-a-james-pignatelli-como-ceo-interino-de-altos-hornos-de-mexico\\\/\",\"url\":\"https:\\\/\\\/selectednews.info\\\/mx\\\/designan-a-james-pignatelli-como-ceo-interino-de-altos-hornos-de-mexico\\\/\",\"name\":\"Designan a James Pignatelli como CEO interino de Altos Hornos de M\u00e9xico - Selected News\",\"isPartOf\":{\"@id\":\"https:\\\/\\\/selectednews.info\\\/mx\\\/#website\"},\"primaryImageOfPage\":{\"@id\":\"https:\\\/\\\/selectednews.info\\\/mx\\\/designan-a-james-pignatelli-como-ceo-interino-de-altos-hornos-de-mexico\\\/#primaryimage\"},\"image\":{\"@id\":\"https:\\\/\\\/selectednews.info\\\/mx\\\/designan-a-james-pignatelli-como-ceo-interino-de-altos-hornos-de-mexico\\\/#primaryimage\"},\"thumbnailUrl\":\"https:\\\/\\\/selectednews.info\\\/mx\\\/wp-content\\\/uploads\\\/sites\\\/8\\\/2019\\\/06\\\/Designan-a-James-Pignatelli-como-CEO-interino-de-Altos-Hornos.jpg\",\"datePublished\":\"2019-06-26T02:26:12+00:00\",\"dateModified\":\"2019-06-26T02:26:13+00:00\",\"author\":{\"@id\":\"https:\\\/\\\/selectednews.info\\\/mx\\\/#\\\/schema\\\/person\\\/c8a0f1bfe64548cfb06c0529b0970068\"},\"breadcrumb\":{\"@id\":\"https:\\\/\\\/selectednews.info\\\/mx\\\/designan-a-james-pignatelli-como-ceo-interino-de-altos-hornos-de-mexico\\\/#breadcrumb\"},\"inLanguage\":\"es\",\"potentialAction\":[{\"@type\":\"ReadAction\",\"target\":[\"https:\\\/\\\/selectednews.info\\\/mx\\\/designan-a-james-pignatelli-como-ceo-interino-de-altos-hornos-de-mexico\\\/\"]}]},{\"@type\":\"ImageObject\",\"inLanguage\":\"es\",\"@id\":\"https:\\\/\\\/selectednews.info\\\/mx\\\/designan-a-james-pignatelli-como-ceo-interino-de-altos-hornos-de-mexico\\\/#primaryimage\",\"url\":\"https:\\\/\\\/selectednews.info\\\/mx\\\/wp-content\\\/uploads\\\/sites\\\/8\\\/2019\\\/06\\\/Designan-a-James-Pignatelli-como-CEO-interino-de-Altos-Hornos.jpg\",\"contentUrl\":\"https:\\\/\\\/selectednews.info\\\/mx\\\/wp-content\\\/uploads\\\/sites\\\/8\\\/2019\\\/06\\\/Designan-a-James-Pignatelli-como-CEO-interino-de-Altos-Hornos.jpg\",\"width\":651,\"height\":400,\"caption\":\"AHMSA nombra un CEO interino; Ancira Elizondo continua como presidente\"},{\"@type\":\"BreadcrumbList\",\"@id\":\"https:\\\/\\\/selectednews.info\\\/mx\\\/designan-a-james-pignatelli-como-ceo-interino-de-altos-hornos-de-mexico\\\/#breadcrumb\",\"itemListElement\":[{\"@type\":\"ListItem\",\"position\":1,\"name\":\"Home\",\"item\":\"https:\\\/\\\/selectednews.info\\\/mx\\\/\"},{\"@type\":\"ListItem\",\"position\":2,\"name\":\"Designan a James Pignatelli como CEO interino de Altos Hornos de M\u00e9xico\"}]},{\"@type\":\"WebSite\",\"@id\":\"https:\\\/\\\/selectednews.info\\\/mx\\\/#website\",\"url\":\"https:\\\/\\\/selectednews.info\\\/mx\\\/\",\"name\":\"Selected News\",\"description\":\"Selected News Mexico\",\"potentialAction\":[{\"@type\":\"SearchAction\",\"target\":{\"@type\":\"EntryPoint\",\"urlTemplate\":\"https:\\\/\\\/selectednews.info\\\/mx\\\/?s={search_term_string}\"},\"query-input\":{\"@type\":\"PropertyValueSpecification\",\"valueRequired\":true,\"valueName\":\"search_term_string\"}}],\"inLanguage\":\"es\"},{\"@type\":\"Person\",\"@id\":\"https:\\\/\\\/selectednews.info\\\/mx\\\/#\\\/schema\\\/person\\\/c8a0f1bfe64548cfb06c0529b0970068\",\"name\":\"selectednews\",\"image\":{\"@type\":\"ImageObject\",\"inLanguage\":\"es\",\"@id\":\"https:\\\/\\\/secure.gravatar.com\\\/avatar\\\/c88515018a25fd646d9f77ea80cc88996711575667608a2cd1b47f3d1145508a?s=96&d=mm&r=g\",\"url\":\"https:\\\/\\\/secure.gravatar.com\\\/avatar\\\/c88515018a25fd646d9f77ea80cc88996711575667608a2cd1b47f3d1145508a?s=96&d=mm&r=g\",\"contentUrl\":\"https:\\\/\\\/secure.gravatar.com\\\/avatar\\\/c88515018a25fd646d9f77ea80cc88996711575667608a2cd1b47f3d1145508a?s=96&d=mm&r=g\",\"caption\":\"selectednews\"},\"url\":\"https:\\\/\\\/selectednews.info\\\/mx\\\/author\\\/pt\\\/\"}]}<\/script>\n<!-- \/ Yoast SEO plugin. -->","yoast_head_json":{"title":"Designan a James Pignatelli como CEO interino de Altos Hornos de M\u00e9xico - Selected News","robots":{"index":"index","follow":"follow","max-snippet":"max-snippet:-1","max-image-preview":"max-image-preview:large","max-video-preview":"max-video-preview:-1"},"canonical":"https:\/\/selectednews.info\/mx\/designan-a-james-pignatelli-como-ceo-interino-de-altos-hornos-de-mexico\/","og_locale":"es_MX","og_type":"article","og_title":"Designan a James Pignatelli como CEO interino de Altos Hornos de M\u00e9xico - Selected News","og_description":"[ad_1] El Consejo de Administraci\u00f3n de Altos Hornos de M\u00e9xico (AHMSA) determin\u00f3 designar al consejero James Pignatelli como CEO interino. En tanto, el licenciado Alonso Ancira Elizondo continuar\u00e1 como Presidente del Consejo de Administraci\u00f3n de AHMSA. La empresa tambi\u00e9n aprob\u00f3 una reformulaci\u00f3n del programa operativo para el presente a\u00f1o y un plan financiero destinado a [&hellip;]","og_url":"https:\/\/selectednews.info\/mx\/designan-a-james-pignatelli-como-ceo-interino-de-altos-hornos-de-mexico\/","og_site_name":"Selected News","article_published_time":"2019-06-26T02:26:12+00:00","article_modified_time":"2019-06-26T02:26:13+00:00","og_image":[{"width":651,"height":400,"url":"https:\/\/selectednews.info\/mx\/wp-content\/uploads\/sites\/8\/2019\/06\/Designan-a-James-Pignatelli-como-CEO-interino-de-Altos-Hornos.jpg","type":"image\/jpeg"}],"author":"selectednews","twitter_card":"summary_large_image","twitter_misc":{"Escrito por":"selectednews","Tiempo de lectura":"1 minuto"},"schema":{"@context":"https:\/\/schema.org","@graph":[{"@type":"Article","@id":"https:\/\/selectednews.info\/mx\/designan-a-james-pignatelli-como-ceo-interino-de-altos-hornos-de-mexico\/#article","isPartOf":{"@id":"https:\/\/selectednews.info\/mx\/designan-a-james-pignatelli-como-ceo-interino-de-altos-hornos-de-mexico\/"},"author":{"name":"selectednews","@id":"https:\/\/selectednews.info\/mx\/#\/schema\/person\/c8a0f1bfe64548cfb06c0529b0970068"},"headline":"Designan a James Pignatelli como CEO interino de Altos Hornos de M\u00e9xico","datePublished":"2019-06-26T02:26:12+00:00","dateModified":"2019-06-26T02:26:13+00:00","mainEntityOfPage":{"@id":"https:\/\/selectednews.info\/mx\/designan-a-james-pignatelli-como-ceo-interino-de-altos-hornos-de-mexico\/"},"wordCount":179,"commentCount":0,"image":{"@id":"https:\/\/selectednews.info\/mx\/designan-a-james-pignatelli-como-ceo-interino-de-altos-hornos-de-mexico\/#primaryimage"},"thumbnailUrl":"https:\/\/selectednews.info\/mx\/wp-content\/uploads\/sites\/8\/2019\/06\/Designan-a-James-Pignatelli-como-CEO-interino-de-Altos-Hornos.jpg","articleSection":["NOTICIAS DE NEGOCIOS"],"inLanguage":"es","potentialAction":[{"@type":"CommentAction","name":"Comment","target":["https:\/\/selectednews.info\/mx\/designan-a-james-pignatelli-como-ceo-interino-de-altos-hornos-de-mexico\/#respond"]}]},{"@type":"WebPage","@id":"https:\/\/selectednews.info\/mx\/designan-a-james-pignatelli-como-ceo-interino-de-altos-hornos-de-mexico\/","url":"https:\/\/selectednews.info\/mx\/designan-a-james-pignatelli-como-ceo-interino-de-altos-hornos-de-mexico\/","name":"Designan a James Pignatelli como CEO interino de Altos Hornos de M\u00e9xico - Selected News","isPartOf":{"@id":"https:\/\/selectednews.info\/mx\/#website"},"primaryImageOfPage":{"@id":"https:\/\/selectednews.info\/mx\/designan-a-james-pignatelli-como-ceo-interino-de-altos-hornos-de-mexico\/#primaryimage"},"image":{"@id":"https:\/\/selectednews.info\/mx\/designan-a-james-pignatelli-como-ceo-interino-de-altos-hornos-de-mexico\/#primaryimage"},"thumbnailUrl":"https:\/\/selectednews.info\/mx\/wp-content\/uploads\/sites\/8\/2019\/06\/Designan-a-James-Pignatelli-como-CEO-interino-de-Altos-Hornos.jpg","datePublished":"2019-06-26T02:26:12+00:00","dateModified":"2019-06-26T02:26:13+00:00","author":{"@id":"https:\/\/selectednews.info\/mx\/#\/schema\/person\/c8a0f1bfe64548cfb06c0529b0970068"},"breadcrumb":{"@id":"https:\/\/selectednews.info\/mx\/designan-a-james-pignatelli-como-ceo-interino-de-altos-hornos-de-mexico\/#breadcrumb"},"inLanguage":"es","potentialAction":[{"@type":"ReadAction","target":["https:\/\/selectednews.info\/mx\/designan-a-james-pignatelli-como-ceo-interino-de-altos-hornos-de-mexico\/"]}]},{"@type":"ImageObject","inLanguage":"es","@id":"https:\/\/selectednews.info\/mx\/designan-a-james-pignatelli-como-ceo-interino-de-altos-hornos-de-mexico\/#primaryimage","url":"https:\/\/selectednews.info\/mx\/wp-content\/uploads\/sites\/8\/2019\/06\/Designan-a-James-Pignatelli-como-CEO-interino-de-Altos-Hornos.jpg","contentUrl":"https:\/\/selectednews.info\/mx\/wp-content\/uploads\/sites\/8\/2019\/06\/Designan-a-James-Pignatelli-como-CEO-interino-de-Altos-Hornos.jpg","width":651,"height":400,"caption":"AHMSA nombra un CEO interino; Ancira Elizondo continua como presidente"},{"@type":"BreadcrumbList","@id":"https:\/\/selectednews.info\/mx\/designan-a-james-pignatelli-como-ceo-interino-de-altos-hornos-de-mexico\/#breadcrumb","itemListElement":[{"@type":"ListItem","position":1,"name":"Home","item":"https:\/\/selectednews.info\/mx\/"},{"@type":"ListItem","position":2,"name":"Designan a James Pignatelli como CEO interino de Altos Hornos de M\u00e9xico"}]},{"@type":"WebSite","@id":"https:\/\/selectednews.info\/mx\/#website","url":"https:\/\/selectednews.info\/mx\/","name":"Selected News","description":"Selected News Mexico","potentialAction":[{"@type":"SearchAction","target":{"@type":"EntryPoint","urlTemplate":"https:\/\/selectednews.info\/mx\/?s={search_term_string}"},"query-input":{"@type":"PropertyValueSpecification","valueRequired":true,"valueName":"search_term_string"}}],"inLanguage":"es"},{"@type":"Person","@id":"https:\/\/selectednews.info\/mx\/#\/schema\/person\/c8a0f1bfe64548cfb06c0529b0970068","name":"selectednews","image":{"@type":"ImageObject","inLanguage":"es","@id":"https:\/\/secure.gravatar.com\/avatar\/c88515018a25fd646d9f77ea80cc88996711575667608a2cd1b47f3d1145508a?s=96&d=mm&r=g","url":"https:\/\/secure.gravatar.com\/avatar\/c88515018a25fd646d9f77ea80cc88996711575667608a2cd1b47f3d1145508a?s=96&d=mm&r=g","contentUrl":"https:\/\/secure.gravatar.com\/avatar\/c88515018a25fd646d9f77ea80cc88996711575667608a2cd1b47f3d1145508a?s=96&d=mm&r=g","caption":"selectednews"},"url":"https:\/\/selectednews.info\/mx\/author\/pt\/"}]}},"_links":{"self":[{"href":"https:\/\/selectednews.info\/mx\/wp-json\/wp\/v2\/posts\/1416","targetHints":{"allow":["GET"]}}],"collection":[{"href":"https:\/\/selectednews.info\/mx\/wp-json\/wp\/v2\/posts"}],"about":[{"href":"https:\/\/selectednews.info\/mx\/wp-json\/wp\/v2\/types\/post"}],"author":[{"embeddable":true,"href":"https:\/\/selectednews.info\/mx\/wp-json\/wp\/v2\/users\/2"}],"replies":[{"embeddable":true,"href":"https:\/\/selectednews.info\/mx\/wp-json\/wp\/v2\/comments?post=1416"}],"version-history":[{"count":1,"href":"https:\/\/selectednews.info\/mx\/wp-json\/wp\/v2\/posts\/1416\/revisions"}],"predecessor-version":[{"id":1418,"href":"https:\/\/selectednews.info\/mx\/wp-json\/wp\/v2\/posts\/1416\/revisions\/1418"}],"wp:featuredmedia":[{"embeddable":true,"href":"https:\/\/selectednews.info\/mx\/wp-json\/wp\/v2\/media\/1417"}],"wp:attachment":[{"href":"https:\/\/selectednews.info\/mx\/wp-json\/wp\/v2\/media?parent=1416"}],"wp:term":[{"taxonomy":"category","embeddable":true,"href":"https:\/\/selectednews.info\/mx\/wp-json\/wp\/v2\/categories?post=1416"},{"taxonomy":"post_tag","embeddable":true,"href":"https:\/\/selectednews.info\/mx\/wp-json\/wp\/v2\/tags?post=1416"}],"curies":[{"name":"wp","href":"https:\/\/api.w.org\/{rel}","templated":true}]}}