{"id":1425,"date":"2019-06-26T07:59:39","date_gmt":"2019-06-26T07:59:39","guid":{"rendered":"https:\/\/selectednews.info\/mx\/preven-mas-alzas-en-el-precio-del-aguacate\/"},"modified":"2019-06-26T07:59:40","modified_gmt":"2019-06-26T07:59:40","slug":"preven-mas-alzas-en-el-precio-del-aguacate","status":"publish","type":"post","link":"https:\/\/selectednews.info\/mx\/preven-mas-alzas-en-el-precio-del-aguacate\/","title":{"rendered":"Prev\u00e9n m\u00e1s alzas en el precio del aguacate"},"content":{"rendered":"<p> [ad_1]<br \/>\n<\/p>\n<div>\n<p><em><span class=\"__cf_email__\" data-cfemail=\"adc0ccdfc4cc83deccc1c9ccc3ccedc8c1d8c3c4dbc8dfdeccc183cec2c083c0d5\">[email\u00a0protected]<\/span><\/em><\/p>\n<p>\nAnte el cierre del ciclo de la cosecha de aguacate, los precios de comercializaci\u00f3n alcanzaron 100 pesos por kilo y, de acuerdo con la Asociaci\u00f3n Nacional de Productores y Empacadores Exportadores de Aguacate (APEAM), podr\u00edan llegar a niveles de hasta 130 pesos.<\/p>\n<p>\nEn la Ciudad de M\u00e9xico y en el \u00e1rea metropolitana, los precios que se registraron fueron desde 59 pesos y hasta 99.50 por kilo, de acuerdo con un sondeo que llev\u00f3 a cabo la Procuradur\u00eda Federal del Consumidor (Profeco).<\/p>\n<p>\nEl kilogramo m\u00e1s caro de dicha fruta se registr\u00f3 en comercios como City Market Huixquilucan, Sumesa sucursal Oaxaca y La Comer sucursal Insurgentes.<\/p>\n<p>\nEllo se debe a que la cosecha de aguacate se encuentra en la etapa final, \u201craz\u00f3n por la que sus env\u00edos ya no son muy amplios\u201d, explic\u00f3 el Sistema Nacional de Informaci\u00f3n e Integraci\u00f3n de Mercados (SNIIM) de la Secretar\u00eda de Econom\u00eda.<\/p>\n<\/p>\n<p>\nEn las \u00faltimas semanas se observa que los precios se mantienen estables, \u201caunque en un nivel elevado, comercializ\u00e1ndose 20.9% por arriba de la cotizaci\u00f3n que tuvo por estas mismas fechas del a\u00f1o pasado\u201d, a\u00f1adi\u00f3 el SNIIM.<\/p>\n<p>\nSin embargo, esperan que en los pr\u00f3ximos 15 d\u00edas, conforme se incremente el volumen y la calidad de producci\u00f3n del aguacate, se puedan observar \u201cajustes ligeros a la baja de la cotizaci\u00f3n\u201d.<\/p>\n<p>\nEn las centrales de abasto del pa\u00eds los precios registran una tendencia al alza entre el 21 y 24 de junio.<\/p>\n<p>\nEl m\u00e1s barato que se encontr\u00f3 fue de 48 pesos por kilo en Sonora; sin embargo, el precio que con mayor frecuencia se ofrece es de entre 60 y 70 pesos.<\/p>\n<p>\nLos m\u00e1s caros que detect\u00f3 el SNIIM estuvieron en Zacatecas, con 80 pesos el kilo, 90 pesos en la central de Baja California y en 95 pesos en Nuevo Le\u00f3n.<\/p>\n<p>\nEn tanto, ayer el precio de un kilo de aguacate Hass de primera en la Central de Abasto de Iztapalapa, en la Ciudad de M\u00e9xico, fue de entre 60 a 70 pesos el kilo.<\/p>\n<p>\nComo lo public\u00f3 EL UNIVERSAL el 22 de junio pasado, el presidente de la APEAM, Gabriel Villase\u00f1or, coment\u00f3 que los agricultores se encuentran en momentos de baja producci\u00f3n, por lo que es factible que se puedan alcanzar los niveles de 2017, cuando lleg\u00f3 a comercializarse en 130 pesos por kilo.<\/p>\n<p>\n\u201cNo hay fruta, es la oferta y la demanda. A medida que tengamos mayor producto, seguir\u00e1n bajando los precios\u201d, explic\u00f3.<\/p>\n<p>\nPor ello, Villase\u00f1or confi\u00f3 en que se tendr\u00e1 una oferta normal \u201ca partir de las \u00faltimas semanas de julio y agosto, ah\u00ed se va a normalizar el flujo y el precio\u201d.<\/p>\n<p>\nEn el documento Planeaci\u00f3n Agr\u00edcola Nacional 2017-2030, la producci\u00f3n nacional de aguacate en 2018 se estim\u00f3 por parte de la Secretar\u00eda de Agricultura en 2 millones de toneladas, mientras que las exportaciones se calcularon en aproximadamente un mill\u00f3n de toneladas.<\/p>\n<p>\nAl mes pasado el avance del ciclo productivo alcanz\u00f3 un acumulado de 740 mil 972 toneladas, lo que signific\u00f3 un aumento de 0.4% con respecto a lo cosechado el mismo mes del a\u00f1o pasado.<\/p>\n<p>\nLas entidades del pa\u00eds con mayor producci\u00f3n fueron Michoac\u00e1n, con 651 mil toneladas; Jalisco, con 49 mil, y el Estado de M\u00e9xico, con 17 mil toneladas de aguacate.<\/p>\n<\/div>\n<p>[ad_2]<br \/>\n<br \/><a href=\"https:\/\/www.eluniversal.com.mx\/cartera\/tu-cartera\/preven-mas-alzas-en-el-precio-del-aguacate\">Source link <\/a><\/p>\n","protected":false},"excerpt":{"rendered":"<p>[ad_1] [email\u00a0protected] Ante el cierre del ciclo de la cosecha de aguacate, los precios de comercializaci\u00f3n alcanzaron 100 pesos por kilo y, de acuerdo con la Asociaci\u00f3n Nacional de Productores y Empacadores Exportadores de Aguacate (APEAM), podr\u00edan llegar a niveles de hasta 130 pesos. En la Ciudad de M\u00e9xico y en el \u00e1rea metropolitana, los [&hellip;]<\/p>\n","protected":false},"author":2,"featured_media":1426,"comment_status":"open","ping_status":"open","sticky":false,"template":"","format":"standard","meta":{"footnotes":""},"categories":[1],"tags":[],"class_list":["post-1425","post","type-post","status-publish","format-standard","has-post-thumbnail","hentry","category-noticias-de-negocios"],"yoast_head":"<!-- This site is optimized with the Yoast SEO plugin v28.3 - https:\/\/yoast.com\/product\/yoast-seo-wordpress\/ -->\n<title>Prev\u00e9n m\u00e1s alzas en el precio del aguacate - Selected News<\/title>\n<meta name=\"robots\" content=\"index, follow, max-snippet:-1, max-image-preview:large, max-video-preview:-1\" \/>\n<link rel=\"canonical\" href=\"https:\/\/selectednews.info\/mx\/preven-mas-alzas-en-el-precio-del-aguacate\/\" \/>\n<meta property=\"og:locale\" content=\"es_MX\" \/>\n<meta property=\"og:type\" content=\"article\" \/>\n<meta property=\"og:title\" content=\"Prev\u00e9n m\u00e1s alzas en el precio del aguacate - Selected News\" \/>\n<meta property=\"og:description\" content=\"[ad_1] [email\u00a0protected] Ante el cierre del ciclo de la cosecha de aguacate, los precios de comercializaci\u00f3n alcanzaron 100 pesos por kilo y, de acuerdo con la Asociaci\u00f3n Nacional de Productores y Empacadores Exportadores de Aguacate (APEAM), podr\u00edan llegar a niveles de hasta 130 pesos. En la Ciudad de M\u00e9xico y en el \u00e1rea metropolitana, los [&hellip;]\" \/>\n<meta property=\"og:url\" content=\"https:\/\/selectednews.info\/mx\/preven-mas-alzas-en-el-precio-del-aguacate\/\" \/>\n<meta property=\"og:site_name\" content=\"Selected News\" \/>\n<meta property=\"article:published_time\" content=\"2019-06-26T07:59:39+00:00\" \/>\n<meta property=\"article:modified_time\" content=\"2019-06-26T07:59:40+00:00\" \/>\n<meta property=\"og:image\" content=\"https:\/\/selectednews.info\/mx\/wp-content\/uploads\/sites\/8\/2019\/06\/Prev\u00e9n-m\u00e1s-alzas-en-el-precio-del-aguacate.gif\" \/>\n\t<meta property=\"og:image:width\" content=\"567\" \/>\n\t<meta property=\"og:image:height\" content=\"643\" \/>\n\t<meta property=\"og:image:type\" content=\"image\/gif\" \/>\n<meta name=\"author\" content=\"selectednews\" \/>\n<meta name=\"twitter:card\" content=\"summary_large_image\" \/>\n<meta name=\"twitter:label1\" content=\"Escrito por\" \/>\n\t<meta name=\"twitter:data1\" content=\"selectednews\" \/>\n\t<meta name=\"twitter:label2\" content=\"Tiempo de lectura\" \/>\n\t<meta name=\"twitter:data2\" content=\"3 minutos\" \/>\n<script type=\"application\/ld+json\" class=\"yoast-schema-graph\">{\"@context\":\"https:\\\/\\\/schema.org\",\"@graph\":[{\"@type\":\"Article\",\"@id\":\"https:\\\/\\\/selectednews.info\\\/mx\\\/preven-mas-alzas-en-el-precio-del-aguacate\\\/#article\",\"isPartOf\":{\"@id\":\"https:\\\/\\\/selectednews.info\\\/mx\\\/preven-mas-alzas-en-el-precio-del-aguacate\\\/\"},\"author\":{\"name\":\"selectednews\",\"@id\":\"https:\\\/\\\/selectednews.info\\\/mx\\\/#\\\/schema\\\/person\\\/c8a0f1bfe64548cfb06c0529b0970068\"},\"headline\":\"Prev\u00e9n m\u00e1s alzas en el precio del aguacate\",\"datePublished\":\"2019-06-26T07:59:39+00:00\",\"dateModified\":\"2019-06-26T07:59:40+00:00\",\"mainEntityOfPage\":{\"@id\":\"https:\\\/\\\/selectednews.info\\\/mx\\\/preven-mas-alzas-en-el-precio-del-aguacate\\\/\"},\"wordCount\":561,\"commentCount\":0,\"image\":{\"@id\":\"https:\\\/\\\/selectednews.info\\\/mx\\\/preven-mas-alzas-en-el-precio-del-aguacate\\\/#primaryimage\"},\"thumbnailUrl\":\"https:\\\/\\\/selectednews.info\\\/mx\\\/wp-content\\\/uploads\\\/sites\\\/8\\\/2019\\\/06\\\/Prev\u00e9n-m\u00e1s-alzas-en-el-precio-del-aguacate.gif\",\"articleSection\":[\"NOTICIAS DE NEGOCIOS\"],\"inLanguage\":\"es\",\"potentialAction\":[{\"@type\":\"CommentAction\",\"name\":\"Comment\",\"target\":[\"https:\\\/\\\/selectednews.info\\\/mx\\\/preven-mas-alzas-en-el-precio-del-aguacate\\\/#respond\"]}]},{\"@type\":\"WebPage\",\"@id\":\"https:\\\/\\\/selectednews.info\\\/mx\\\/preven-mas-alzas-en-el-precio-del-aguacate\\\/\",\"url\":\"https:\\\/\\\/selectednews.info\\\/mx\\\/preven-mas-alzas-en-el-precio-del-aguacate\\\/\",\"name\":\"Prev\u00e9n m\u00e1s alzas en el precio del aguacate - Selected News\",\"isPartOf\":{\"@id\":\"https:\\\/\\\/selectednews.info\\\/mx\\\/#website\"},\"primaryImageOfPage\":{\"@id\":\"https:\\\/\\\/selectednews.info\\\/mx\\\/preven-mas-alzas-en-el-precio-del-aguacate\\\/#primaryimage\"},\"image\":{\"@id\":\"https:\\\/\\\/selectednews.info\\\/mx\\\/preven-mas-alzas-en-el-precio-del-aguacate\\\/#primaryimage\"},\"thumbnailUrl\":\"https:\\\/\\\/selectednews.info\\\/mx\\\/wp-content\\\/uploads\\\/sites\\\/8\\\/2019\\\/06\\\/Prev\u00e9n-m\u00e1s-alzas-en-el-precio-del-aguacate.gif\",\"datePublished\":\"2019-06-26T07:59:39+00:00\",\"dateModified\":\"2019-06-26T07:59:40+00:00\",\"author\":{\"@id\":\"https:\\\/\\\/selectednews.info\\\/mx\\\/#\\\/schema\\\/person\\\/c8a0f1bfe64548cfb06c0529b0970068\"},\"breadcrumb\":{\"@id\":\"https:\\\/\\\/selectednews.info\\\/mx\\\/preven-mas-alzas-en-el-precio-del-aguacate\\\/#breadcrumb\"},\"inLanguage\":\"es\",\"potentialAction\":[{\"@type\":\"ReadAction\",\"target\":[\"https:\\\/\\\/selectednews.info\\\/mx\\\/preven-mas-alzas-en-el-precio-del-aguacate\\\/\"]}]},{\"@type\":\"ImageObject\",\"inLanguage\":\"es\",\"@id\":\"https:\\\/\\\/selectednews.info\\\/mx\\\/preven-mas-alzas-en-el-precio-del-aguacate\\\/#primaryimage\",\"url\":\"https:\\\/\\\/selectednews.info\\\/mx\\\/wp-content\\\/uploads\\\/sites\\\/8\\\/2019\\\/06\\\/Prev\u00e9n-m\u00e1s-alzas-en-el-precio-del-aguacate.gif\",\"contentUrl\":\"https:\\\/\\\/selectednews.info\\\/mx\\\/wp-content\\\/uploads\\\/sites\\\/8\\\/2019\\\/06\\\/Prev\u00e9n-m\u00e1s-alzas-en-el-precio-del-aguacate.gif\",\"width\":567,\"height\":643,\"caption\":\"24jun19-aguacate.gif\"},{\"@type\":\"BreadcrumbList\",\"@id\":\"https:\\\/\\\/selectednews.info\\\/mx\\\/preven-mas-alzas-en-el-precio-del-aguacate\\\/#breadcrumb\",\"itemListElement\":[{\"@type\":\"ListItem\",\"position\":1,\"name\":\"Home\",\"item\":\"https:\\\/\\\/selectednews.info\\\/mx\\\/\"},{\"@type\":\"ListItem\",\"position\":2,\"name\":\"Prev\u00e9n m\u00e1s alzas en el precio del aguacate\"}]},{\"@type\":\"WebSite\",\"@id\":\"https:\\\/\\\/selectednews.info\\\/mx\\\/#website\",\"url\":\"https:\\\/\\\/selectednews.info\\\/mx\\\/\",\"name\":\"Selected News\",\"description\":\"Selected News Mexico\",\"potentialAction\":[{\"@type\":\"SearchAction\",\"target\":{\"@type\":\"EntryPoint\",\"urlTemplate\":\"https:\\\/\\\/selectednews.info\\\/mx\\\/?s={search_term_string}\"},\"query-input\":{\"@type\":\"PropertyValueSpecification\",\"valueRequired\":true,\"valueName\":\"search_term_string\"}}],\"inLanguage\":\"es\"},{\"@type\":\"Person\",\"@id\":\"https:\\\/\\\/selectednews.info\\\/mx\\\/#\\\/schema\\\/person\\\/c8a0f1bfe64548cfb06c0529b0970068\",\"name\":\"selectednews\",\"image\":{\"@type\":\"ImageObject\",\"inLanguage\":\"es\",\"@id\":\"https:\\\/\\\/secure.gravatar.com\\\/avatar\\\/c88515018a25fd646d9f77ea80cc88996711575667608a2cd1b47f3d1145508a?s=96&d=mm&r=g\",\"url\":\"https:\\\/\\\/secure.gravatar.com\\\/avatar\\\/c88515018a25fd646d9f77ea80cc88996711575667608a2cd1b47f3d1145508a?s=96&d=mm&r=g\",\"contentUrl\":\"https:\\\/\\\/secure.gravatar.com\\\/avatar\\\/c88515018a25fd646d9f77ea80cc88996711575667608a2cd1b47f3d1145508a?s=96&d=mm&r=g\",\"caption\":\"selectednews\"},\"url\":\"https:\\\/\\\/selectednews.info\\\/mx\\\/author\\\/pt\\\/\"}]}<\/script>\n<!-- \/ Yoast SEO plugin. -->","yoast_head_json":{"title":"Prev\u00e9n m\u00e1s alzas en el precio del aguacate - Selected News","robots":{"index":"index","follow":"follow","max-snippet":"max-snippet:-1","max-image-preview":"max-image-preview:large","max-video-preview":"max-video-preview:-1"},"canonical":"https:\/\/selectednews.info\/mx\/preven-mas-alzas-en-el-precio-del-aguacate\/","og_locale":"es_MX","og_type":"article","og_title":"Prev\u00e9n m\u00e1s alzas en el precio del aguacate - Selected News","og_description":"[ad_1] [email\u00a0protected] Ante el cierre del ciclo de la cosecha de aguacate, los precios de comercializaci\u00f3n alcanzaron 100 pesos por kilo y, de acuerdo con la Asociaci\u00f3n Nacional de Productores y Empacadores Exportadores de Aguacate (APEAM), podr\u00edan llegar a niveles de hasta 130 pesos. En la Ciudad de M\u00e9xico y en el \u00e1rea metropolitana, los [&hellip;]","og_url":"https:\/\/selectednews.info\/mx\/preven-mas-alzas-en-el-precio-del-aguacate\/","og_site_name":"Selected News","article_published_time":"2019-06-26T07:59:39+00:00","article_modified_time":"2019-06-26T07:59:40+00:00","og_image":[{"width":567,"height":643,"url":"https:\/\/selectednews.info\/mx\/wp-content\/uploads\/sites\/8\/2019\/06\/Prev\u00e9n-m\u00e1s-alzas-en-el-precio-del-aguacate.gif","type":"image\/gif"}],"author":"selectednews","twitter_card":"summary_large_image","twitter_misc":{"Escrito por":"selectednews","Tiempo de lectura":"3 minutos"},"schema":{"@context":"https:\/\/schema.org","@graph":[{"@type":"Article","@id":"https:\/\/selectednews.info\/mx\/preven-mas-alzas-en-el-precio-del-aguacate\/#article","isPartOf":{"@id":"https:\/\/selectednews.info\/mx\/preven-mas-alzas-en-el-precio-del-aguacate\/"},"author":{"name":"selectednews","@id":"https:\/\/selectednews.info\/mx\/#\/schema\/person\/c8a0f1bfe64548cfb06c0529b0970068"},"headline":"Prev\u00e9n m\u00e1s alzas en el precio del aguacate","datePublished":"2019-06-26T07:59:39+00:00","dateModified":"2019-06-26T07:59:40+00:00","mainEntityOfPage":{"@id":"https:\/\/selectednews.info\/mx\/preven-mas-alzas-en-el-precio-del-aguacate\/"},"wordCount":561,"commentCount":0,"image":{"@id":"https:\/\/selectednews.info\/mx\/preven-mas-alzas-en-el-precio-del-aguacate\/#primaryimage"},"thumbnailUrl":"https:\/\/selectednews.info\/mx\/wp-content\/uploads\/sites\/8\/2019\/06\/Prev\u00e9n-m\u00e1s-alzas-en-el-precio-del-aguacate.gif","articleSection":["NOTICIAS DE NEGOCIOS"],"inLanguage":"es","potentialAction":[{"@type":"CommentAction","name":"Comment","target":["https:\/\/selectednews.info\/mx\/preven-mas-alzas-en-el-precio-del-aguacate\/#respond"]}]},{"@type":"WebPage","@id":"https:\/\/selectednews.info\/mx\/preven-mas-alzas-en-el-precio-del-aguacate\/","url":"https:\/\/selectednews.info\/mx\/preven-mas-alzas-en-el-precio-del-aguacate\/","name":"Prev\u00e9n m\u00e1s alzas en el precio del aguacate - Selected News","isPartOf":{"@id":"https:\/\/selectednews.info\/mx\/#website"},"primaryImageOfPage":{"@id":"https:\/\/selectednews.info\/mx\/preven-mas-alzas-en-el-precio-del-aguacate\/#primaryimage"},"image":{"@id":"https:\/\/selectednews.info\/mx\/preven-mas-alzas-en-el-precio-del-aguacate\/#primaryimage"},"thumbnailUrl":"https:\/\/selectednews.info\/mx\/wp-content\/uploads\/sites\/8\/2019\/06\/Prev\u00e9n-m\u00e1s-alzas-en-el-precio-del-aguacate.gif","datePublished":"2019-06-26T07:59:39+00:00","dateModified":"2019-06-26T07:59:40+00:00","author":{"@id":"https:\/\/selectednews.info\/mx\/#\/schema\/person\/c8a0f1bfe64548cfb06c0529b0970068"},"breadcrumb":{"@id":"https:\/\/selectednews.info\/mx\/preven-mas-alzas-en-el-precio-del-aguacate\/#breadcrumb"},"inLanguage":"es","potentialAction":[{"@type":"ReadAction","target":["https:\/\/selectednews.info\/mx\/preven-mas-alzas-en-el-precio-del-aguacate\/"]}]},{"@type":"ImageObject","inLanguage":"es","@id":"https:\/\/selectednews.info\/mx\/preven-mas-alzas-en-el-precio-del-aguacate\/#primaryimage","url":"https:\/\/selectednews.info\/mx\/wp-content\/uploads\/sites\/8\/2019\/06\/Prev\u00e9n-m\u00e1s-alzas-en-el-precio-del-aguacate.gif","contentUrl":"https:\/\/selectednews.info\/mx\/wp-content\/uploads\/sites\/8\/2019\/06\/Prev\u00e9n-m\u00e1s-alzas-en-el-precio-del-aguacate.gif","width":567,"height":643,"caption":"24jun19-aguacate.gif"},{"@type":"BreadcrumbList","@id":"https:\/\/selectednews.info\/mx\/preven-mas-alzas-en-el-precio-del-aguacate\/#breadcrumb","itemListElement":[{"@type":"ListItem","position":1,"name":"Home","item":"https:\/\/selectednews.info\/mx\/"},{"@type":"ListItem","position":2,"name":"Prev\u00e9n m\u00e1s alzas en el precio del aguacate"}]},{"@type":"WebSite","@id":"https:\/\/selectednews.info\/mx\/#website","url":"https:\/\/selectednews.info\/mx\/","name":"Selected News","description":"Selected News Mexico","potentialAction":[{"@type":"SearchAction","target":{"@type":"EntryPoint","urlTemplate":"https:\/\/selectednews.info\/mx\/?s={search_term_string}"},"query-input":{"@type":"PropertyValueSpecification","valueRequired":true,"valueName":"search_term_string"}}],"inLanguage":"es"},{"@type":"Person","@id":"https:\/\/selectednews.info\/mx\/#\/schema\/person\/c8a0f1bfe64548cfb06c0529b0970068","name":"selectednews","image":{"@type":"ImageObject","inLanguage":"es","@id":"https:\/\/secure.gravatar.com\/avatar\/c88515018a25fd646d9f77ea80cc88996711575667608a2cd1b47f3d1145508a?s=96&d=mm&r=g","url":"https:\/\/secure.gravatar.com\/avatar\/c88515018a25fd646d9f77ea80cc88996711575667608a2cd1b47f3d1145508a?s=96&d=mm&r=g","contentUrl":"https:\/\/secure.gravatar.com\/avatar\/c88515018a25fd646d9f77ea80cc88996711575667608a2cd1b47f3d1145508a?s=96&d=mm&r=g","caption":"selectednews"},"url":"https:\/\/selectednews.info\/mx\/author\/pt\/"}]}},"_links":{"self":[{"href":"https:\/\/selectednews.info\/mx\/wp-json\/wp\/v2\/posts\/1425","targetHints":{"allow":["GET"]}}],"collection":[{"href":"https:\/\/selectednews.info\/mx\/wp-json\/wp\/v2\/posts"}],"about":[{"href":"https:\/\/selectednews.info\/mx\/wp-json\/wp\/v2\/types\/post"}],"author":[{"embeddable":true,"href":"https:\/\/selectednews.info\/mx\/wp-json\/wp\/v2\/users\/2"}],"replies":[{"embeddable":true,"href":"https:\/\/selectednews.info\/mx\/wp-json\/wp\/v2\/comments?post=1425"}],"version-history":[{"count":1,"href":"https:\/\/selectednews.info\/mx\/wp-json\/wp\/v2\/posts\/1425\/revisions"}],"predecessor-version":[{"id":1427,"href":"https:\/\/selectednews.info\/mx\/wp-json\/wp\/v2\/posts\/1425\/revisions\/1427"}],"wp:featuredmedia":[{"embeddable":true,"href":"https:\/\/selectednews.info\/mx\/wp-json\/wp\/v2\/media\/1426"}],"wp:attachment":[{"href":"https:\/\/selectednews.info\/mx\/wp-json\/wp\/v2\/media?parent=1425"}],"wp:term":[{"taxonomy":"category","embeddable":true,"href":"https:\/\/selectednews.info\/mx\/wp-json\/wp\/v2\/categories?post=1425"},{"taxonomy":"post_tag","embeddable":true,"href":"https:\/\/selectednews.info\/mx\/wp-json\/wp\/v2\/tags?post=1425"}],"curies":[{"name":"wp","href":"https:\/\/api.w.org\/{rel}","templated":true}]}}