{"id":1442,"date":"2019-06-26T19:10:17","date_gmt":"2019-06-26T19:10:17","guid":{"rendered":"https:\/\/selectednews.info\/mx\/consejo-ciudadano-pide-recursos-para-el-imer\/"},"modified":"2019-06-26T19:10:18","modified_gmt":"2019-06-26T19:10:18","slug":"consejo-ciudadano-pide-recursos-para-el-imer","status":"publish","type":"post","link":"https:\/\/selectednews.info\/mx\/consejo-ciudadano-pide-recursos-para-el-imer\/","title":{"rendered":"Consejo Ciudadano pide recursos para el IMER"},"content":{"rendered":"<p> [ad_1]<br \/>\n<\/p>\n<div>\n<p>El <strong>Consejo Ciudadano del Instituto Mexicano de la Radio<\/strong> (IMER) pidi\u00f3 la liberaci\u00f3n y ampliaci\u00f3n de recursos para la <strong>instituci\u00f3n <\/strong>pues peligra el <strong>empleo <\/strong>de 185 personas y la transmisi\u00f3n de 18 estaciones.<\/p>\n<p>En la carta enviada al presidente <strong>Andr\u00e9s Manuel L\u00f3pez Obrador<\/strong>; Carlos Urz\u00faa, secretario de <strong>Hacienda y Cr\u00e9dito P\u00fablico<\/strong>; Raquel Buenrostro, oficial mayor de la <strong>SHCP <\/strong>y Jenaro Villamil, presidente del <strong>Sistema P\u00fablico de Radiodifusi\u00f3n del Estado Mexicano<\/strong>, los consejeros solicitan para el <strong>IMER <\/strong>que \u201cse libere de la reserva de los 11.42 millones de pesos y adem\u00e1s tenga una ampliaci\u00f3n presupuestaria de 27 millones de pesos adicionales\u201d.<\/p>\n<p>En la misiva, el <strong>Consejo <\/strong>se\u00f1ala que 185 personas entre los que se encuentran conductores de noticias, periodistas, guionistas, productores y programadores dejar\u00edan de laborar para el Instituto yendo en contra del marco legal de la radiodifusi\u00f3n de servicio p\u00fablico, los derechos de las audiencias y el derecho a la informaci\u00f3n de la sociedad.<\/p>\n<p>Adem\u00e1s de que saldr\u00edan del aire 18 estaciones en los pr\u00f3ximos d\u00edas, la falta de recursos para pagar el espacio en el cerro del Chiquihuite, que est\u00e1 cubierta hasta agosto de este a\u00f1o, afectar\u00eda a las estaciones FM que tambi\u00e9n saldr\u00edan del aire en septiembre.<\/p>\n<p>vcr<\/p>\n<\/div>\n<p>[ad_2]<br \/>\n<br \/><a href=\"https:\/\/www.eluniversal.com.mx\/cartera\/consejo-ciudadano-pide-recursos-para-el-imer\">Source link <\/a><\/p>\n","protected":false},"excerpt":{"rendered":"<p>[ad_1] El Consejo Ciudadano del Instituto Mexicano de la Radio (IMER) pidi\u00f3 la liberaci\u00f3n y ampliaci\u00f3n de recursos para la instituci\u00f3n pues peligra el empleo de 185 personas y la transmisi\u00f3n de 18 estaciones. En la carta enviada al presidente Andr\u00e9s Manuel L\u00f3pez Obrador; Carlos Urz\u00faa, secretario de Hacienda y Cr\u00e9dito P\u00fablico; Raquel Buenrostro, oficial [&hellip;]<\/p>\n","protected":false},"author":2,"featured_media":1443,"comment_status":"open","ping_status":"open","sticky":false,"template":"","format":"standard","meta":{"footnotes":""},"categories":[1],"tags":[],"class_list":["post-1442","post","type-post","status-publish","format-standard","has-post-thumbnail","hentry","category-noticias-de-negocios"],"yoast_head":"<!-- This site is optimized with the Yoast SEO plugin v28.3 - https:\/\/yoast.com\/product\/yoast-seo-wordpress\/ -->\n<title>Consejo Ciudadano pide recursos para el IMER - Selected News<\/title>\n<meta name=\"robots\" content=\"index, follow, max-snippet:-1, max-image-preview:large, max-video-preview:-1\" \/>\n<link rel=\"canonical\" href=\"https:\/\/selectednews.info\/mx\/consejo-ciudadano-pide-recursos-para-el-imer\/\" \/>\n<meta property=\"og:locale\" content=\"es_MX\" \/>\n<meta property=\"og:type\" content=\"article\" \/>\n<meta property=\"og:title\" content=\"Consejo Ciudadano pide recursos para el IMER - Selected News\" \/>\n<meta property=\"og:description\" content=\"[ad_1] El Consejo Ciudadano del Instituto Mexicano de la Radio (IMER) pidi\u00f3 la liberaci\u00f3n y ampliaci\u00f3n de recursos para la instituci\u00f3n pues peligra el empleo de 185 personas y la transmisi\u00f3n de 18 estaciones. En la carta enviada al presidente Andr\u00e9s Manuel L\u00f3pez Obrador; Carlos Urz\u00faa, secretario de Hacienda y Cr\u00e9dito P\u00fablico; Raquel Buenrostro, oficial [&hellip;]\" \/>\n<meta property=\"og:url\" content=\"https:\/\/selectednews.info\/mx\/consejo-ciudadano-pide-recursos-para-el-imer\/\" \/>\n<meta property=\"og:site_name\" content=\"Selected News\" \/>\n<meta property=\"article:published_time\" content=\"2019-06-26T19:10:17+00:00\" \/>\n<meta property=\"article:modified_time\" content=\"2019-06-26T19:10:18+00:00\" \/>\n<meta property=\"og:image\" content=\"https:\/\/selectednews.info\/mx\/wp-content\/uploads\/sites\/8\/2019\/06\/Consejo-Ciudadano-pide-recursos-para-el-IMER.jpg\" \/>\n\t<meta property=\"og:image:width\" content=\"651\" \/>\n\t<meta property=\"og:image:height\" content=\"400\" \/>\n\t<meta property=\"og:image:type\" content=\"image\/jpeg\" \/>\n<meta name=\"author\" content=\"selectednews\" \/>\n<meta name=\"twitter:card\" content=\"summary_large_image\" \/>\n<meta name=\"twitter:label1\" content=\"Escrito por\" \/>\n\t<meta name=\"twitter:data1\" content=\"selectednews\" \/>\n\t<meta name=\"twitter:label2\" content=\"Tiempo de lectura\" \/>\n\t<meta name=\"twitter:data2\" content=\"1 minuto\" \/>\n<script type=\"application\/ld+json\" class=\"yoast-schema-graph\">{\"@context\":\"https:\\\/\\\/schema.org\",\"@graph\":[{\"@type\":\"Article\",\"@id\":\"https:\\\/\\\/selectednews.info\\\/mx\\\/consejo-ciudadano-pide-recursos-para-el-imer\\\/#article\",\"isPartOf\":{\"@id\":\"https:\\\/\\\/selectednews.info\\\/mx\\\/consejo-ciudadano-pide-recursos-para-el-imer\\\/\"},\"author\":{\"name\":\"selectednews\",\"@id\":\"https:\\\/\\\/selectednews.info\\\/mx\\\/#\\\/schema\\\/person\\\/c8a0f1bfe64548cfb06c0529b0970068\"},\"headline\":\"Consejo Ciudadano pide recursos para el IMER\",\"datePublished\":\"2019-06-26T19:10:17+00:00\",\"dateModified\":\"2019-06-26T19:10:18+00:00\",\"mainEntityOfPage\":{\"@id\":\"https:\\\/\\\/selectednews.info\\\/mx\\\/consejo-ciudadano-pide-recursos-para-el-imer\\\/\"},\"wordCount\":231,\"commentCount\":0,\"image\":{\"@id\":\"https:\\\/\\\/selectednews.info\\\/mx\\\/consejo-ciudadano-pide-recursos-para-el-imer\\\/#primaryimage\"},\"thumbnailUrl\":\"https:\\\/\\\/selectednews.info\\\/mx\\\/wp-content\\\/uploads\\\/sites\\\/8\\\/2019\\\/06\\\/Consejo-Ciudadano-pide-recursos-para-el-IMER.jpg\",\"articleSection\":[\"NOTICIAS DE NEGOCIOS\"],\"inLanguage\":\"es\",\"potentialAction\":[{\"@type\":\"CommentAction\",\"name\":\"Comment\",\"target\":[\"https:\\\/\\\/selectednews.info\\\/mx\\\/consejo-ciudadano-pide-recursos-para-el-imer\\\/#respond\"]}]},{\"@type\":\"WebPage\",\"@id\":\"https:\\\/\\\/selectednews.info\\\/mx\\\/consejo-ciudadano-pide-recursos-para-el-imer\\\/\",\"url\":\"https:\\\/\\\/selectednews.info\\\/mx\\\/consejo-ciudadano-pide-recursos-para-el-imer\\\/\",\"name\":\"Consejo Ciudadano pide recursos para el IMER - Selected News\",\"isPartOf\":{\"@id\":\"https:\\\/\\\/selectednews.info\\\/mx\\\/#website\"},\"primaryImageOfPage\":{\"@id\":\"https:\\\/\\\/selectednews.info\\\/mx\\\/consejo-ciudadano-pide-recursos-para-el-imer\\\/#primaryimage\"},\"image\":{\"@id\":\"https:\\\/\\\/selectednews.info\\\/mx\\\/consejo-ciudadano-pide-recursos-para-el-imer\\\/#primaryimage\"},\"thumbnailUrl\":\"https:\\\/\\\/selectednews.info\\\/mx\\\/wp-content\\\/uploads\\\/sites\\\/8\\\/2019\\\/06\\\/Consejo-Ciudadano-pide-recursos-para-el-IMER.jpg\",\"datePublished\":\"2019-06-26T19:10:17+00:00\",\"dateModified\":\"2019-06-26T19:10:18+00:00\",\"author\":{\"@id\":\"https:\\\/\\\/selectednews.info\\\/mx\\\/#\\\/schema\\\/person\\\/c8a0f1bfe64548cfb06c0529b0970068\"},\"breadcrumb\":{\"@id\":\"https:\\\/\\\/selectednews.info\\\/mx\\\/consejo-ciudadano-pide-recursos-para-el-imer\\\/#breadcrumb\"},\"inLanguage\":\"es\",\"potentialAction\":[{\"@type\":\"ReadAction\",\"target\":[\"https:\\\/\\\/selectednews.info\\\/mx\\\/consejo-ciudadano-pide-recursos-para-el-imer\\\/\"]}]},{\"@type\":\"ImageObject\",\"inLanguage\":\"es\",\"@id\":\"https:\\\/\\\/selectednews.info\\\/mx\\\/consejo-ciudadano-pide-recursos-para-el-imer\\\/#primaryimage\",\"url\":\"https:\\\/\\\/selectednews.info\\\/mx\\\/wp-content\\\/uploads\\\/sites\\\/8\\\/2019\\\/06\\\/Consejo-Ciudadano-pide-recursos-para-el-IMER.jpg\",\"contentUrl\":\"https:\\\/\\\/selectednews.info\\\/mx\\\/wp-content\\\/uploads\\\/sites\\\/8\\\/2019\\\/06\\\/Consejo-Ciudadano-pide-recursos-para-el-IMER.jpg\",\"width\":651,\"height\":400,\"caption\":\"Micr\u00f3fono de radio\"},{\"@type\":\"BreadcrumbList\",\"@id\":\"https:\\\/\\\/selectednews.info\\\/mx\\\/consejo-ciudadano-pide-recursos-para-el-imer\\\/#breadcrumb\",\"itemListElement\":[{\"@type\":\"ListItem\",\"position\":1,\"name\":\"Home\",\"item\":\"https:\\\/\\\/selectednews.info\\\/mx\\\/\"},{\"@type\":\"ListItem\",\"position\":2,\"name\":\"Consejo Ciudadano pide recursos para el IMER\"}]},{\"@type\":\"WebSite\",\"@id\":\"https:\\\/\\\/selectednews.info\\\/mx\\\/#website\",\"url\":\"https:\\\/\\\/selectednews.info\\\/mx\\\/\",\"name\":\"Selected News\",\"description\":\"Selected News Mexico\",\"potentialAction\":[{\"@type\":\"SearchAction\",\"target\":{\"@type\":\"EntryPoint\",\"urlTemplate\":\"https:\\\/\\\/selectednews.info\\\/mx\\\/?s={search_term_string}\"},\"query-input\":{\"@type\":\"PropertyValueSpecification\",\"valueRequired\":true,\"valueName\":\"search_term_string\"}}],\"inLanguage\":\"es\"},{\"@type\":\"Person\",\"@id\":\"https:\\\/\\\/selectednews.info\\\/mx\\\/#\\\/schema\\\/person\\\/c8a0f1bfe64548cfb06c0529b0970068\",\"name\":\"selectednews\",\"image\":{\"@type\":\"ImageObject\",\"inLanguage\":\"es\",\"@id\":\"https:\\\/\\\/secure.gravatar.com\\\/avatar\\\/c88515018a25fd646d9f77ea80cc88996711575667608a2cd1b47f3d1145508a?s=96&d=mm&r=g\",\"url\":\"https:\\\/\\\/secure.gravatar.com\\\/avatar\\\/c88515018a25fd646d9f77ea80cc88996711575667608a2cd1b47f3d1145508a?s=96&d=mm&r=g\",\"contentUrl\":\"https:\\\/\\\/secure.gravatar.com\\\/avatar\\\/c88515018a25fd646d9f77ea80cc88996711575667608a2cd1b47f3d1145508a?s=96&d=mm&r=g\",\"caption\":\"selectednews\"},\"url\":\"https:\\\/\\\/selectednews.info\\\/mx\\\/author\\\/pt\\\/\"}]}<\/script>\n<!-- \/ Yoast SEO plugin. -->","yoast_head_json":{"title":"Consejo Ciudadano pide recursos para el IMER - Selected News","robots":{"index":"index","follow":"follow","max-snippet":"max-snippet:-1","max-image-preview":"max-image-preview:large","max-video-preview":"max-video-preview:-1"},"canonical":"https:\/\/selectednews.info\/mx\/consejo-ciudadano-pide-recursos-para-el-imer\/","og_locale":"es_MX","og_type":"article","og_title":"Consejo Ciudadano pide recursos para el IMER - Selected News","og_description":"[ad_1] El Consejo Ciudadano del Instituto Mexicano de la Radio (IMER) pidi\u00f3 la liberaci\u00f3n y ampliaci\u00f3n de recursos para la instituci\u00f3n pues peligra el empleo de 185 personas y la transmisi\u00f3n de 18 estaciones. En la carta enviada al presidente Andr\u00e9s Manuel L\u00f3pez Obrador; Carlos Urz\u00faa, secretario de Hacienda y Cr\u00e9dito P\u00fablico; Raquel Buenrostro, oficial [&hellip;]","og_url":"https:\/\/selectednews.info\/mx\/consejo-ciudadano-pide-recursos-para-el-imer\/","og_site_name":"Selected News","article_published_time":"2019-06-26T19:10:17+00:00","article_modified_time":"2019-06-26T19:10:18+00:00","og_image":[{"width":651,"height":400,"url":"https:\/\/selectednews.info\/mx\/wp-content\/uploads\/sites\/8\/2019\/06\/Consejo-Ciudadano-pide-recursos-para-el-IMER.jpg","type":"image\/jpeg"}],"author":"selectednews","twitter_card":"summary_large_image","twitter_misc":{"Escrito por":"selectednews","Tiempo de lectura":"1 minuto"},"schema":{"@context":"https:\/\/schema.org","@graph":[{"@type":"Article","@id":"https:\/\/selectednews.info\/mx\/consejo-ciudadano-pide-recursos-para-el-imer\/#article","isPartOf":{"@id":"https:\/\/selectednews.info\/mx\/consejo-ciudadano-pide-recursos-para-el-imer\/"},"author":{"name":"selectednews","@id":"https:\/\/selectednews.info\/mx\/#\/schema\/person\/c8a0f1bfe64548cfb06c0529b0970068"},"headline":"Consejo Ciudadano pide recursos para el IMER","datePublished":"2019-06-26T19:10:17+00:00","dateModified":"2019-06-26T19:10:18+00:00","mainEntityOfPage":{"@id":"https:\/\/selectednews.info\/mx\/consejo-ciudadano-pide-recursos-para-el-imer\/"},"wordCount":231,"commentCount":0,"image":{"@id":"https:\/\/selectednews.info\/mx\/consejo-ciudadano-pide-recursos-para-el-imer\/#primaryimage"},"thumbnailUrl":"https:\/\/selectednews.info\/mx\/wp-content\/uploads\/sites\/8\/2019\/06\/Consejo-Ciudadano-pide-recursos-para-el-IMER.jpg","articleSection":["NOTICIAS DE NEGOCIOS"],"inLanguage":"es","potentialAction":[{"@type":"CommentAction","name":"Comment","target":["https:\/\/selectednews.info\/mx\/consejo-ciudadano-pide-recursos-para-el-imer\/#respond"]}]},{"@type":"WebPage","@id":"https:\/\/selectednews.info\/mx\/consejo-ciudadano-pide-recursos-para-el-imer\/","url":"https:\/\/selectednews.info\/mx\/consejo-ciudadano-pide-recursos-para-el-imer\/","name":"Consejo Ciudadano pide recursos para el IMER - Selected News","isPartOf":{"@id":"https:\/\/selectednews.info\/mx\/#website"},"primaryImageOfPage":{"@id":"https:\/\/selectednews.info\/mx\/consejo-ciudadano-pide-recursos-para-el-imer\/#primaryimage"},"image":{"@id":"https:\/\/selectednews.info\/mx\/consejo-ciudadano-pide-recursos-para-el-imer\/#primaryimage"},"thumbnailUrl":"https:\/\/selectednews.info\/mx\/wp-content\/uploads\/sites\/8\/2019\/06\/Consejo-Ciudadano-pide-recursos-para-el-IMER.jpg","datePublished":"2019-06-26T19:10:17+00:00","dateModified":"2019-06-26T19:10:18+00:00","author":{"@id":"https:\/\/selectednews.info\/mx\/#\/schema\/person\/c8a0f1bfe64548cfb06c0529b0970068"},"breadcrumb":{"@id":"https:\/\/selectednews.info\/mx\/consejo-ciudadano-pide-recursos-para-el-imer\/#breadcrumb"},"inLanguage":"es","potentialAction":[{"@type":"ReadAction","target":["https:\/\/selectednews.info\/mx\/consejo-ciudadano-pide-recursos-para-el-imer\/"]}]},{"@type":"ImageObject","inLanguage":"es","@id":"https:\/\/selectednews.info\/mx\/consejo-ciudadano-pide-recursos-para-el-imer\/#primaryimage","url":"https:\/\/selectednews.info\/mx\/wp-content\/uploads\/sites\/8\/2019\/06\/Consejo-Ciudadano-pide-recursos-para-el-IMER.jpg","contentUrl":"https:\/\/selectednews.info\/mx\/wp-content\/uploads\/sites\/8\/2019\/06\/Consejo-Ciudadano-pide-recursos-para-el-IMER.jpg","width":651,"height":400,"caption":"Micr\u00f3fono de radio"},{"@type":"BreadcrumbList","@id":"https:\/\/selectednews.info\/mx\/consejo-ciudadano-pide-recursos-para-el-imer\/#breadcrumb","itemListElement":[{"@type":"ListItem","position":1,"name":"Home","item":"https:\/\/selectednews.info\/mx\/"},{"@type":"ListItem","position":2,"name":"Consejo Ciudadano pide recursos para el IMER"}]},{"@type":"WebSite","@id":"https:\/\/selectednews.info\/mx\/#website","url":"https:\/\/selectednews.info\/mx\/","name":"Selected News","description":"Selected News Mexico","potentialAction":[{"@type":"SearchAction","target":{"@type":"EntryPoint","urlTemplate":"https:\/\/selectednews.info\/mx\/?s={search_term_string}"},"query-input":{"@type":"PropertyValueSpecification","valueRequired":true,"valueName":"search_term_string"}}],"inLanguage":"es"},{"@type":"Person","@id":"https:\/\/selectednews.info\/mx\/#\/schema\/person\/c8a0f1bfe64548cfb06c0529b0970068","name":"selectednews","image":{"@type":"ImageObject","inLanguage":"es","@id":"https:\/\/secure.gravatar.com\/avatar\/c88515018a25fd646d9f77ea80cc88996711575667608a2cd1b47f3d1145508a?s=96&d=mm&r=g","url":"https:\/\/secure.gravatar.com\/avatar\/c88515018a25fd646d9f77ea80cc88996711575667608a2cd1b47f3d1145508a?s=96&d=mm&r=g","contentUrl":"https:\/\/secure.gravatar.com\/avatar\/c88515018a25fd646d9f77ea80cc88996711575667608a2cd1b47f3d1145508a?s=96&d=mm&r=g","caption":"selectednews"},"url":"https:\/\/selectednews.info\/mx\/author\/pt\/"}]}},"_links":{"self":[{"href":"https:\/\/selectednews.info\/mx\/wp-json\/wp\/v2\/posts\/1442","targetHints":{"allow":["GET"]}}],"collection":[{"href":"https:\/\/selectednews.info\/mx\/wp-json\/wp\/v2\/posts"}],"about":[{"href":"https:\/\/selectednews.info\/mx\/wp-json\/wp\/v2\/types\/post"}],"author":[{"embeddable":true,"href":"https:\/\/selectednews.info\/mx\/wp-json\/wp\/v2\/users\/2"}],"replies":[{"embeddable":true,"href":"https:\/\/selectednews.info\/mx\/wp-json\/wp\/v2\/comments?post=1442"}],"version-history":[{"count":1,"href":"https:\/\/selectednews.info\/mx\/wp-json\/wp\/v2\/posts\/1442\/revisions"}],"predecessor-version":[{"id":1444,"href":"https:\/\/selectednews.info\/mx\/wp-json\/wp\/v2\/posts\/1442\/revisions\/1444"}],"wp:featuredmedia":[{"embeddable":true,"href":"https:\/\/selectednews.info\/mx\/wp-json\/wp\/v2\/media\/1443"}],"wp:attachment":[{"href":"https:\/\/selectednews.info\/mx\/wp-json\/wp\/v2\/media?parent=1442"}],"wp:term":[{"taxonomy":"category","embeddable":true,"href":"https:\/\/selectednews.info\/mx\/wp-json\/wp\/v2\/categories?post=1442"},{"taxonomy":"post_tag","embeddable":true,"href":"https:\/\/selectednews.info\/mx\/wp-json\/wp\/v2\/tags?post=1442"}],"curies":[{"name":"wp","href":"https:\/\/api.w.org\/{rel}","templated":true}]}}