{"id":1448,"date":"2019-06-26T21:59:03","date_gmt":"2019-06-26T21:59:03","guid":{"rendered":"https:\/\/selectednews.info\/mx\/falta-de-inversion-privada-frena-economia-mexicana-graciela-marquez\/"},"modified":"2019-06-26T22:00:44","modified_gmt":"2019-06-26T22:00:44","slug":"falta-de-inversion-privada-frena-economia-mexicana-graciela-marquez","status":"publish","type":"post","link":"https:\/\/selectednews.info\/mx\/falta-de-inversion-privada-frena-economia-mexicana-graciela-marquez\/","title":{"rendered":"Falta de inversi\u00f3n privada frena econom\u00eda mexicana: Graciela M\u00e1rquez"},"content":{"rendered":"<p> [ad_1]<br \/>\n<\/p>\n<div>\n<p><span class=\"__cf_email__\" data-cfemail=\"f9b4988b9098d78a98959d989798b99c958c97908f9c8b8a9895d79a9694d79481\">[email\u00a0protected]<\/span><br \/>Los proyectos de <strong>inversi\u00f3n privada <\/strong>sufrieron un retraso en los primeros meses del 2019 que llev\u00f3 a que se frenara la <strong>econom\u00eda mexicana<\/strong>, explic\u00f3 la secretaria de <strong>Econom\u00eda<\/strong>, Graciela M\u00e1rquez Col\u00edn.\u00a0<\/p>\n<p>Si la <strong>inversi\u00f3n privada <\/strong>invirti\u00f3 en el 2018 un monto equivalente a 20 puntos del PIB y el <strong>sector p\u00fablico <\/strong>3 puntos del PIB fue \u201cseguramente para que se frene la <strong>econom\u00eda <\/strong>tendr\u00eda que estar de lado de la inversi\u00f3n privada\u201d.<\/p>\n<p>Aunque expuso que parte de los retrasos tuvieron que ver con la incertidumbre que generaron las negociaciones del <strong>Tratado entre M\u00e9xico, Estados Unidos y Canad\u00e1<\/strong> (T-MEC) y con la actual aprobaci\u00f3n que har\u00e1n los congresos estadounidense y canadiense de dicho acuerdo comercial.<\/p>\n<p>\u201cLas inversiones sufrieron alg\u00fan tipo de retraso, primero mientras estaban las negociaciones de <strong>T-MEC<\/strong> y ahora con la ratificaci\u00f3n (del acuerdo por parte) de los dos socios. Esto es una inversi\u00f3n expectante de, qu\u00e9 pasa en el tema. Seguramente una vez resuelto alentar\u00e1 nuevas inversiones\u201d, coment\u00f3 en entrevista al t\u00e9rmino de la Inauguraci\u00f3n de los Programas de Mejora Regulatoria 2019-2020.<\/p>\n<p>vcr<\/p>\n<\/div>\n<p>[ad_2]<br \/>\n<br \/><a href=\"https:\/\/www.eluniversal.com.mx\/cartera\/economia\/falta-de-inversion-privada-frena-economia-graciela-marquez\">Source link <\/a><\/p>\n","protected":false},"excerpt":{"rendered":"<p>[ad_1] [email\u00a0protected]Los proyectos de inversi\u00f3n privada sufrieron un retraso en los primeros meses del 2019 que llev\u00f3 a que se frenara la econom\u00eda mexicana, explic\u00f3 la secretaria de Econom\u00eda, Graciela M\u00e1rquez Col\u00edn.\u00a0 Si la inversi\u00f3n privada invirti\u00f3 en el 2018 un monto equivalente a 20 puntos del PIB y el sector p\u00fablico 3 puntos del [&hellip;]<\/p>\n","protected":false},"author":2,"featured_media":1449,"comment_status":"open","ping_status":"open","sticky":false,"template":"","format":"standard","meta":{"footnotes":""},"categories":[1],"tags":[],"class_list":["post-1448","post","type-post","status-publish","format-standard","has-post-thumbnail","hentry","category-noticias-de-negocios"],"yoast_head":"<!-- This site is optimized with the Yoast SEO plugin v28.3 - https:\/\/yoast.com\/product\/yoast-seo-wordpress\/ -->\n<title>Falta de inversi\u00f3n privada frena econom\u00eda mexicana: Graciela M\u00e1rquez - Selected News<\/title>\n<meta name=\"robots\" content=\"index, follow, max-snippet:-1, max-image-preview:large, max-video-preview:-1\" \/>\n<link rel=\"canonical\" href=\"https:\/\/selectednews.info\/mx\/falta-de-inversion-privada-frena-economia-mexicana-graciela-marquez\/\" \/>\n<meta property=\"og:locale\" content=\"es_MX\" \/>\n<meta property=\"og:type\" content=\"article\" \/>\n<meta property=\"og:title\" content=\"Falta de inversi\u00f3n privada frena econom\u00eda mexicana: Graciela M\u00e1rquez - Selected News\" \/>\n<meta property=\"og:description\" content=\"[ad_1] [email\u00a0protected]Los proyectos de inversi\u00f3n privada sufrieron un retraso en los primeros meses del 2019 que llev\u00f3 a que se frenara la econom\u00eda mexicana, explic\u00f3 la secretaria de Econom\u00eda, Graciela M\u00e1rquez Col\u00edn.\u00a0 Si la inversi\u00f3n privada invirti\u00f3 en el 2018 un monto equivalente a 20 puntos del PIB y el sector p\u00fablico 3 puntos del [&hellip;]\" \/>\n<meta property=\"og:url\" content=\"https:\/\/selectednews.info\/mx\/falta-de-inversion-privada-frena-economia-mexicana-graciela-marquez\/\" \/>\n<meta property=\"og:site_name\" content=\"Selected News\" \/>\n<meta property=\"article:published_time\" content=\"2019-06-26T21:59:03+00:00\" \/>\n<meta property=\"article:modified_time\" content=\"2019-06-26T22:00:44+00:00\" \/>\n<meta property=\"og:image\" content=\"https:\/\/selectednews.info\/mx\/wp-content\/uploads\/sites\/8\/2019\/06\/Falta-de-inversi\u00f3n-privada-frena-econom\u00eda-mexicana-Graciela-M\u00e1rquez.jpg\" \/>\n\t<meta property=\"og:image:width\" content=\"651\" \/>\n\t<meta property=\"og:image:height\" content=\"400\" \/>\n\t<meta property=\"og:image:type\" content=\"image\/jpeg\" \/>\n<meta name=\"author\" content=\"selectednews\" \/>\n<meta name=\"twitter:card\" content=\"summary_large_image\" \/>\n<meta name=\"twitter:label1\" content=\"Escrito por\" \/>\n\t<meta name=\"twitter:data1\" content=\"selectednews\" \/>\n\t<meta name=\"twitter:label2\" content=\"Tiempo de lectura\" \/>\n\t<meta name=\"twitter:data2\" content=\"1 minuto\" \/>\n<script type=\"application\/ld+json\" class=\"yoast-schema-graph\">{\"@context\":\"https:\\\/\\\/schema.org\",\"@graph\":[{\"@type\":\"Article\",\"@id\":\"https:\\\/\\\/selectednews.info\\\/mx\\\/falta-de-inversion-privada-frena-economia-mexicana-graciela-marquez\\\/#article\",\"isPartOf\":{\"@id\":\"https:\\\/\\\/selectednews.info\\\/mx\\\/falta-de-inversion-privada-frena-economia-mexicana-graciela-marquez\\\/\"},\"author\":{\"name\":\"selectednews\",\"@id\":\"https:\\\/\\\/selectednews.info\\\/mx\\\/#\\\/schema\\\/person\\\/c8a0f1bfe64548cfb06c0529b0970068\"},\"headline\":\"Falta de inversi\u00f3n privada frena econom\u00eda mexicana: Graciela M\u00e1rquez\",\"datePublished\":\"2019-06-26T21:59:03+00:00\",\"dateModified\":\"2019-06-26T22:00:44+00:00\",\"mainEntityOfPage\":{\"@id\":\"https:\\\/\\\/selectednews.info\\\/mx\\\/falta-de-inversion-privada-frena-economia-mexicana-graciela-marquez\\\/\"},\"wordCount\":207,\"commentCount\":0,\"image\":{\"@id\":\"https:\\\/\\\/selectednews.info\\\/mx\\\/falta-de-inversion-privada-frena-economia-mexicana-graciela-marquez\\\/#primaryimage\"},\"thumbnailUrl\":\"https:\\\/\\\/selectednews.info\\\/mx\\\/wp-content\\\/uploads\\\/sites\\\/8\\\/2019\\\/06\\\/Falta-de-inversi\u00f3n-privada-frena-econom\u00eda-mexicana-Graciela-M\u00e1rquez.jpg\",\"articleSection\":[\"NOTICIAS DE NEGOCIOS\"],\"inLanguage\":\"es\",\"potentialAction\":[{\"@type\":\"CommentAction\",\"name\":\"Comment\",\"target\":[\"https:\\\/\\\/selectednews.info\\\/mx\\\/falta-de-inversion-privada-frena-economia-mexicana-graciela-marquez\\\/#respond\"]}]},{\"@type\":\"WebPage\",\"@id\":\"https:\\\/\\\/selectednews.info\\\/mx\\\/falta-de-inversion-privada-frena-economia-mexicana-graciela-marquez\\\/\",\"url\":\"https:\\\/\\\/selectednews.info\\\/mx\\\/falta-de-inversion-privada-frena-economia-mexicana-graciela-marquez\\\/\",\"name\":\"Falta de inversi\u00f3n privada frena econom\u00eda mexicana: Graciela M\u00e1rquez - Selected News\",\"isPartOf\":{\"@id\":\"https:\\\/\\\/selectednews.info\\\/mx\\\/#website\"},\"primaryImageOfPage\":{\"@id\":\"https:\\\/\\\/selectednews.info\\\/mx\\\/falta-de-inversion-privada-frena-economia-mexicana-graciela-marquez\\\/#primaryimage\"},\"image\":{\"@id\":\"https:\\\/\\\/selectednews.info\\\/mx\\\/falta-de-inversion-privada-frena-economia-mexicana-graciela-marquez\\\/#primaryimage\"},\"thumbnailUrl\":\"https:\\\/\\\/selectednews.info\\\/mx\\\/wp-content\\\/uploads\\\/sites\\\/8\\\/2019\\\/06\\\/Falta-de-inversi\u00f3n-privada-frena-econom\u00eda-mexicana-Graciela-M\u00e1rquez.jpg\",\"datePublished\":\"2019-06-26T21:59:03+00:00\",\"dateModified\":\"2019-06-26T22:00:44+00:00\",\"author\":{\"@id\":\"https:\\\/\\\/selectednews.info\\\/mx\\\/#\\\/schema\\\/person\\\/c8a0f1bfe64548cfb06c0529b0970068\"},\"breadcrumb\":{\"@id\":\"https:\\\/\\\/selectednews.info\\\/mx\\\/falta-de-inversion-privada-frena-economia-mexicana-graciela-marquez\\\/#breadcrumb\"},\"inLanguage\":\"es\",\"potentialAction\":[{\"@type\":\"ReadAction\",\"target\":[\"https:\\\/\\\/selectednews.info\\\/mx\\\/falta-de-inversion-privada-frena-economia-mexicana-graciela-marquez\\\/\"]}]},{\"@type\":\"ImageObject\",\"inLanguage\":\"es\",\"@id\":\"https:\\\/\\\/selectednews.info\\\/mx\\\/falta-de-inversion-privada-frena-economia-mexicana-graciela-marquez\\\/#primaryimage\",\"url\":\"https:\\\/\\\/selectednews.info\\\/mx\\\/wp-content\\\/uploads\\\/sites\\\/8\\\/2019\\\/06\\\/Falta-de-inversi\u00f3n-privada-frena-econom\u00eda-mexicana-Graciela-M\u00e1rquez.jpg\",\"contentUrl\":\"https:\\\/\\\/selectednews.info\\\/mx\\\/wp-content\\\/uploads\\\/sites\\\/8\\\/2019\\\/06\\\/Falta-de-inversi\u00f3n-privada-frena-econom\u00eda-mexicana-Graciela-M\u00e1rquez.jpg\",\"width\":651,\"height\":400,\"caption\":\"Graciela M\u00e1rquez Col\u00edn\"},{\"@type\":\"BreadcrumbList\",\"@id\":\"https:\\\/\\\/selectednews.info\\\/mx\\\/falta-de-inversion-privada-frena-economia-mexicana-graciela-marquez\\\/#breadcrumb\",\"itemListElement\":[{\"@type\":\"ListItem\",\"position\":1,\"name\":\"Home\",\"item\":\"https:\\\/\\\/selectednews.info\\\/mx\\\/\"},{\"@type\":\"ListItem\",\"position\":2,\"name\":\"Falta de inversi\u00f3n privada frena econom\u00eda mexicana: Graciela M\u00e1rquez\"}]},{\"@type\":\"WebSite\",\"@id\":\"https:\\\/\\\/selectednews.info\\\/mx\\\/#website\",\"url\":\"https:\\\/\\\/selectednews.info\\\/mx\\\/\",\"name\":\"Selected News\",\"description\":\"Selected News Mexico\",\"potentialAction\":[{\"@type\":\"SearchAction\",\"target\":{\"@type\":\"EntryPoint\",\"urlTemplate\":\"https:\\\/\\\/selectednews.info\\\/mx\\\/?s={search_term_string}\"},\"query-input\":{\"@type\":\"PropertyValueSpecification\",\"valueRequired\":true,\"valueName\":\"search_term_string\"}}],\"inLanguage\":\"es\"},{\"@type\":\"Person\",\"@id\":\"https:\\\/\\\/selectednews.info\\\/mx\\\/#\\\/schema\\\/person\\\/c8a0f1bfe64548cfb06c0529b0970068\",\"name\":\"selectednews\",\"image\":{\"@type\":\"ImageObject\",\"inLanguage\":\"es\",\"@id\":\"https:\\\/\\\/secure.gravatar.com\\\/avatar\\\/c88515018a25fd646d9f77ea80cc88996711575667608a2cd1b47f3d1145508a?s=96&d=mm&r=g\",\"url\":\"https:\\\/\\\/secure.gravatar.com\\\/avatar\\\/c88515018a25fd646d9f77ea80cc88996711575667608a2cd1b47f3d1145508a?s=96&d=mm&r=g\",\"contentUrl\":\"https:\\\/\\\/secure.gravatar.com\\\/avatar\\\/c88515018a25fd646d9f77ea80cc88996711575667608a2cd1b47f3d1145508a?s=96&d=mm&r=g\",\"caption\":\"selectednews\"},\"url\":\"https:\\\/\\\/selectednews.info\\\/mx\\\/author\\\/pt\\\/\"}]}<\/script>\n<!-- \/ Yoast SEO plugin. -->","yoast_head_json":{"title":"Falta de inversi\u00f3n privada frena econom\u00eda mexicana: Graciela M\u00e1rquez - Selected News","robots":{"index":"index","follow":"follow","max-snippet":"max-snippet:-1","max-image-preview":"max-image-preview:large","max-video-preview":"max-video-preview:-1"},"canonical":"https:\/\/selectednews.info\/mx\/falta-de-inversion-privada-frena-economia-mexicana-graciela-marquez\/","og_locale":"es_MX","og_type":"article","og_title":"Falta de inversi\u00f3n privada frena econom\u00eda mexicana: Graciela M\u00e1rquez - Selected News","og_description":"[ad_1] [email\u00a0protected]Los proyectos de inversi\u00f3n privada sufrieron un retraso en los primeros meses del 2019 que llev\u00f3 a que se frenara la econom\u00eda mexicana, explic\u00f3 la secretaria de Econom\u00eda, Graciela M\u00e1rquez Col\u00edn.\u00a0 Si la inversi\u00f3n privada invirti\u00f3 en el 2018 un monto equivalente a 20 puntos del PIB y el sector p\u00fablico 3 puntos del [&hellip;]","og_url":"https:\/\/selectednews.info\/mx\/falta-de-inversion-privada-frena-economia-mexicana-graciela-marquez\/","og_site_name":"Selected News","article_published_time":"2019-06-26T21:59:03+00:00","article_modified_time":"2019-06-26T22:00:44+00:00","og_image":[{"width":651,"height":400,"url":"https:\/\/selectednews.info\/mx\/wp-content\/uploads\/sites\/8\/2019\/06\/Falta-de-inversi\u00f3n-privada-frena-econom\u00eda-mexicana-Graciela-M\u00e1rquez.jpg","type":"image\/jpeg"}],"author":"selectednews","twitter_card":"summary_large_image","twitter_misc":{"Escrito por":"selectednews","Tiempo de lectura":"1 minuto"},"schema":{"@context":"https:\/\/schema.org","@graph":[{"@type":"Article","@id":"https:\/\/selectednews.info\/mx\/falta-de-inversion-privada-frena-economia-mexicana-graciela-marquez\/#article","isPartOf":{"@id":"https:\/\/selectednews.info\/mx\/falta-de-inversion-privada-frena-economia-mexicana-graciela-marquez\/"},"author":{"name":"selectednews","@id":"https:\/\/selectednews.info\/mx\/#\/schema\/person\/c8a0f1bfe64548cfb06c0529b0970068"},"headline":"Falta de inversi\u00f3n privada frena econom\u00eda mexicana: Graciela M\u00e1rquez","datePublished":"2019-06-26T21:59:03+00:00","dateModified":"2019-06-26T22:00:44+00:00","mainEntityOfPage":{"@id":"https:\/\/selectednews.info\/mx\/falta-de-inversion-privada-frena-economia-mexicana-graciela-marquez\/"},"wordCount":207,"commentCount":0,"image":{"@id":"https:\/\/selectednews.info\/mx\/falta-de-inversion-privada-frena-economia-mexicana-graciela-marquez\/#primaryimage"},"thumbnailUrl":"https:\/\/selectednews.info\/mx\/wp-content\/uploads\/sites\/8\/2019\/06\/Falta-de-inversi\u00f3n-privada-frena-econom\u00eda-mexicana-Graciela-M\u00e1rquez.jpg","articleSection":["NOTICIAS DE NEGOCIOS"],"inLanguage":"es","potentialAction":[{"@type":"CommentAction","name":"Comment","target":["https:\/\/selectednews.info\/mx\/falta-de-inversion-privada-frena-economia-mexicana-graciela-marquez\/#respond"]}]},{"@type":"WebPage","@id":"https:\/\/selectednews.info\/mx\/falta-de-inversion-privada-frena-economia-mexicana-graciela-marquez\/","url":"https:\/\/selectednews.info\/mx\/falta-de-inversion-privada-frena-economia-mexicana-graciela-marquez\/","name":"Falta de inversi\u00f3n privada frena econom\u00eda mexicana: Graciela M\u00e1rquez - Selected News","isPartOf":{"@id":"https:\/\/selectednews.info\/mx\/#website"},"primaryImageOfPage":{"@id":"https:\/\/selectednews.info\/mx\/falta-de-inversion-privada-frena-economia-mexicana-graciela-marquez\/#primaryimage"},"image":{"@id":"https:\/\/selectednews.info\/mx\/falta-de-inversion-privada-frena-economia-mexicana-graciela-marquez\/#primaryimage"},"thumbnailUrl":"https:\/\/selectednews.info\/mx\/wp-content\/uploads\/sites\/8\/2019\/06\/Falta-de-inversi\u00f3n-privada-frena-econom\u00eda-mexicana-Graciela-M\u00e1rquez.jpg","datePublished":"2019-06-26T21:59:03+00:00","dateModified":"2019-06-26T22:00:44+00:00","author":{"@id":"https:\/\/selectednews.info\/mx\/#\/schema\/person\/c8a0f1bfe64548cfb06c0529b0970068"},"breadcrumb":{"@id":"https:\/\/selectednews.info\/mx\/falta-de-inversion-privada-frena-economia-mexicana-graciela-marquez\/#breadcrumb"},"inLanguage":"es","potentialAction":[{"@type":"ReadAction","target":["https:\/\/selectednews.info\/mx\/falta-de-inversion-privada-frena-economia-mexicana-graciela-marquez\/"]}]},{"@type":"ImageObject","inLanguage":"es","@id":"https:\/\/selectednews.info\/mx\/falta-de-inversion-privada-frena-economia-mexicana-graciela-marquez\/#primaryimage","url":"https:\/\/selectednews.info\/mx\/wp-content\/uploads\/sites\/8\/2019\/06\/Falta-de-inversi\u00f3n-privada-frena-econom\u00eda-mexicana-Graciela-M\u00e1rquez.jpg","contentUrl":"https:\/\/selectednews.info\/mx\/wp-content\/uploads\/sites\/8\/2019\/06\/Falta-de-inversi\u00f3n-privada-frena-econom\u00eda-mexicana-Graciela-M\u00e1rquez.jpg","width":651,"height":400,"caption":"Graciela M\u00e1rquez Col\u00edn"},{"@type":"BreadcrumbList","@id":"https:\/\/selectednews.info\/mx\/falta-de-inversion-privada-frena-economia-mexicana-graciela-marquez\/#breadcrumb","itemListElement":[{"@type":"ListItem","position":1,"name":"Home","item":"https:\/\/selectednews.info\/mx\/"},{"@type":"ListItem","position":2,"name":"Falta de inversi\u00f3n privada frena econom\u00eda mexicana: Graciela M\u00e1rquez"}]},{"@type":"WebSite","@id":"https:\/\/selectednews.info\/mx\/#website","url":"https:\/\/selectednews.info\/mx\/","name":"Selected News","description":"Selected News Mexico","potentialAction":[{"@type":"SearchAction","target":{"@type":"EntryPoint","urlTemplate":"https:\/\/selectednews.info\/mx\/?s={search_term_string}"},"query-input":{"@type":"PropertyValueSpecification","valueRequired":true,"valueName":"search_term_string"}}],"inLanguage":"es"},{"@type":"Person","@id":"https:\/\/selectednews.info\/mx\/#\/schema\/person\/c8a0f1bfe64548cfb06c0529b0970068","name":"selectednews","image":{"@type":"ImageObject","inLanguage":"es","@id":"https:\/\/secure.gravatar.com\/avatar\/c88515018a25fd646d9f77ea80cc88996711575667608a2cd1b47f3d1145508a?s=96&d=mm&r=g","url":"https:\/\/secure.gravatar.com\/avatar\/c88515018a25fd646d9f77ea80cc88996711575667608a2cd1b47f3d1145508a?s=96&d=mm&r=g","contentUrl":"https:\/\/secure.gravatar.com\/avatar\/c88515018a25fd646d9f77ea80cc88996711575667608a2cd1b47f3d1145508a?s=96&d=mm&r=g","caption":"selectednews"},"url":"https:\/\/selectednews.info\/mx\/author\/pt\/"}]}},"_links":{"self":[{"href":"https:\/\/selectednews.info\/mx\/wp-json\/wp\/v2\/posts\/1448","targetHints":{"allow":["GET"]}}],"collection":[{"href":"https:\/\/selectednews.info\/mx\/wp-json\/wp\/v2\/posts"}],"about":[{"href":"https:\/\/selectednews.info\/mx\/wp-json\/wp\/v2\/types\/post"}],"author":[{"embeddable":true,"href":"https:\/\/selectednews.info\/mx\/wp-json\/wp\/v2\/users\/2"}],"replies":[{"embeddable":true,"href":"https:\/\/selectednews.info\/mx\/wp-json\/wp\/v2\/comments?post=1448"}],"version-history":[{"count":1,"href":"https:\/\/selectednews.info\/mx\/wp-json\/wp\/v2\/posts\/1448\/revisions"}],"predecessor-version":[{"id":1450,"href":"https:\/\/selectednews.info\/mx\/wp-json\/wp\/v2\/posts\/1448\/revisions\/1450"}],"wp:featuredmedia":[{"embeddable":true,"href":"https:\/\/selectednews.info\/mx\/wp-json\/wp\/v2\/media\/1449"}],"wp:attachment":[{"href":"https:\/\/selectednews.info\/mx\/wp-json\/wp\/v2\/media?parent=1448"}],"wp:term":[{"taxonomy":"category","embeddable":true,"href":"https:\/\/selectednews.info\/mx\/wp-json\/wp\/v2\/categories?post=1448"},{"taxonomy":"post_tag","embeddable":true,"href":"https:\/\/selectednews.info\/mx\/wp-json\/wp\/v2\/tags?post=1448"}],"curies":[{"name":"wp","href":"https:\/\/api.w.org\/{rel}","templated":true}]}}