{"id":1451,"date":"2019-06-26T23:33:17","date_gmt":"2019-06-26T23:33:17","guid":{"rendered":"https:\/\/selectednews.info\/mx\/tasa-de-desocupacion-se-mantiene-en-3-5-durante-mayo\/"},"modified":"2019-06-26T23:33:18","modified_gmt":"2019-06-26T23:33:18","slug":"tasa-de-desocupacion-se-mantiene-en-3-5-durante-mayo","status":"publish","type":"post","link":"https:\/\/selectednews.info\/mx\/tasa-de-desocupacion-se-mantiene-en-3-5-durante-mayo\/","title":{"rendered":"Tasa de desocupaci\u00f3n se mantiene en 3.5% durante mayo"},"content":{"rendered":"<p> [ad_1]<br \/>\n<\/p>\n<div>\n<p>Durante mayo la <strong>tasa<\/strong> de desocupaci\u00f3n en M\u00e9xico lleg\u00f3 a 3.5% de la <strong>Poblaci\u00f3n Econ\u00f3micamente Activa<\/strong> a nivel nacional, cifra similar a la del mes previo pero inferior al 3.6% reportado en marzo pasado con base en cifras ajustadas por <strong>estacionalidad<\/strong>, de acuerdo con los datos dados a conocer por el Inegi.<\/p>\n<p>\u00a0<br \/>Por g\u00e9nero, la tasa de <strong>desocupaci\u00f3n <\/strong>tampoco report\u00f3 variaci\u00f3n con relaci\u00f3n a la del mes precedente, en los hombres se estableci\u00f3 en 3.4% y en las mujeres en 3.6% durante el quinto mes de 2019.<br \/>\u00a0<\/p>\n<p>Las entidades que reportaron los mayores niveles de desempleo durante mayo, fueron: Tabasco con una tasa de 6.7% de la Poblaci\u00f3n econ\u00f3micamente Activa; Coahuila, 4.8%; Ciudad de M\u00e9xico y Durango, 4.7% respectivamente; Estado de M\u00e9xico, 4.4%; as\u00ed como Baja California Sur, Nayarit y Tlaxcala, 4.1% en cada caso.<\/p>\n<p>\nLa tasa de subocupaci\u00f3n, referida al porcentaje de la poblaci\u00f3n ocupada que tiene la necesidad y disponibilidad de ofertar m\u00e1s tiempo de trabajo de lo que su ocupaci\u00f3n actual le demanda, represent\u00f3 el 7.5%, tasa superior a la de 7.4% del mes previo.<\/p>\n<p>\nLa tasa de informalidad laboral, proporci\u00f3n de la poblaci\u00f3n ocupada que es laboralmente vulnerable por la naturaleza de la unidad econ\u00f3mica para la que trabaja, con aquellos cuyo v\u00ednculo o dependencia laboral no es reconocido por su fuente de trabajo, fue de 56.4% en mayo de este a\u00f1o, cifra inferior al 56.6% de un mes antes.<\/p>\n<p>\nAsimismo, la tasa de ocupaci\u00f3n en el sector informal, que se refiere a la proporci\u00f3n de la poblaci\u00f3n ocupada en unidades econ\u00f3micas no agropecuarias operadas sin registros contables y que funcionan a partir de los recursos del hogar o de la persona que encabeza la actividad sin que se constituya como empresa, represent\u00f3 27.4% en el quinto mes de 2019, proporci\u00f3n menor respecto a la de abril pasado que fue de 28.2%.<\/p>\n<p>\nEn mayo del a\u00f1o en curso, el 59.8% de la poblaci\u00f3n de 15 a\u00f1os y m\u00e1s en el pa\u00eds se ubic\u00f3 como econ\u00f3micamente activa (Tasa de Participaci\u00f3n). Esta tasa es inferior a la de un mes antes, tambi\u00e9n con cifras desestacionalizadas.<\/p>\n<p>vcr<\/p>\n<\/div>\n<p>[ad_2]<br \/>\n<br \/><a href=\"https:\/\/www.eluniversal.com.mx\/cartera\/indicadores\/tasa-de-desocupacion-se-mantiene-en-35-durante-mayo\">Source link <\/a><\/p>\n","protected":false},"excerpt":{"rendered":"<p>[ad_1] Durante mayo la tasa de desocupaci\u00f3n en M\u00e9xico lleg\u00f3 a 3.5% de la Poblaci\u00f3n Econ\u00f3micamente Activa a nivel nacional, cifra similar a la del mes previo pero inferior al 3.6% reportado en marzo pasado con base en cifras ajustadas por estacionalidad, de acuerdo con los datos dados a conocer por el Inegi. \u00a0Por g\u00e9nero, [&hellip;]<\/p>\n","protected":false},"author":2,"featured_media":1452,"comment_status":"open","ping_status":"open","sticky":false,"template":"","format":"standard","meta":{"footnotes":""},"categories":[1],"tags":[],"class_list":["post-1451","post","type-post","status-publish","format-standard","has-post-thumbnail","hentry","category-noticias-de-negocios"],"yoast_head":"<!-- This site is optimized with the Yoast SEO plugin v28.3 - https:\/\/yoast.com\/product\/yoast-seo-wordpress\/ -->\n<title>Tasa de desocupaci\u00f3n se mantiene en 3.5% durante mayo - Selected News<\/title>\n<meta name=\"robots\" content=\"index, follow, max-snippet:-1, max-image-preview:large, max-video-preview:-1\" \/>\n<link rel=\"canonical\" href=\"https:\/\/selectednews.info\/mx\/tasa-de-desocupacion-se-mantiene-en-3-5-durante-mayo\/\" \/>\n<meta property=\"og:locale\" content=\"es_MX\" \/>\n<meta property=\"og:type\" content=\"article\" \/>\n<meta property=\"og:title\" content=\"Tasa de desocupaci\u00f3n se mantiene en 3.5% durante mayo - Selected News\" \/>\n<meta property=\"og:description\" content=\"[ad_1] Durante mayo la tasa de desocupaci\u00f3n en M\u00e9xico lleg\u00f3 a 3.5% de la Poblaci\u00f3n Econ\u00f3micamente Activa a nivel nacional, cifra similar a la del mes previo pero inferior al 3.6% reportado en marzo pasado con base en cifras ajustadas por estacionalidad, de acuerdo con los datos dados a conocer por el Inegi. \u00a0Por g\u00e9nero, [&hellip;]\" \/>\n<meta property=\"og:url\" content=\"https:\/\/selectednews.info\/mx\/tasa-de-desocupacion-se-mantiene-en-3-5-durante-mayo\/\" \/>\n<meta property=\"og:site_name\" content=\"Selected News\" \/>\n<meta property=\"article:published_time\" content=\"2019-06-26T23:33:17+00:00\" \/>\n<meta property=\"article:modified_time\" content=\"2019-06-26T23:33:18+00:00\" \/>\n<meta property=\"og:image\" content=\"https:\/\/selectednews.info\/mx\/wp-content\/uploads\/sites\/8\/2019\/06\/Tasa-de-desocupaci\u00f3n-se-mantiene-en-3.5-durante-mayo.jpg\" \/>\n\t<meta property=\"og:image:width\" content=\"651\" \/>\n\t<meta property=\"og:image:height\" content=\"400\" \/>\n\t<meta property=\"og:image:type\" content=\"image\/jpeg\" \/>\n<meta name=\"author\" content=\"selectednews\" \/>\n<meta name=\"twitter:card\" content=\"summary_large_image\" \/>\n<meta name=\"twitter:label1\" content=\"Escrito por\" \/>\n\t<meta name=\"twitter:data1\" content=\"selectednews\" \/>\n\t<meta name=\"twitter:label2\" content=\"Tiempo de lectura\" \/>\n\t<meta name=\"twitter:data2\" content=\"2 minutos\" \/>\n<script type=\"application\/ld+json\" class=\"yoast-schema-graph\">{\"@context\":\"https:\\\/\\\/schema.org\",\"@graph\":[{\"@type\":\"Article\",\"@id\":\"https:\\\/\\\/selectednews.info\\\/mx\\\/tasa-de-desocupacion-se-mantiene-en-3-5-durante-mayo\\\/#article\",\"isPartOf\":{\"@id\":\"https:\\\/\\\/selectednews.info\\\/mx\\\/tasa-de-desocupacion-se-mantiene-en-3-5-durante-mayo\\\/\"},\"author\":{\"name\":\"selectednews\",\"@id\":\"https:\\\/\\\/selectednews.info\\\/mx\\\/#\\\/schema\\\/person\\\/c8a0f1bfe64548cfb06c0529b0970068\"},\"headline\":\"Tasa de desocupaci\u00f3n se mantiene en 3.5% durante mayo\",\"datePublished\":\"2019-06-26T23:33:17+00:00\",\"dateModified\":\"2019-06-26T23:33:18+00:00\",\"mainEntityOfPage\":{\"@id\":\"https:\\\/\\\/selectednews.info\\\/mx\\\/tasa-de-desocupacion-se-mantiene-en-3-5-durante-mayo\\\/\"},\"wordCount\":376,\"commentCount\":0,\"image\":{\"@id\":\"https:\\\/\\\/selectednews.info\\\/mx\\\/tasa-de-desocupacion-se-mantiene-en-3-5-durante-mayo\\\/#primaryimage\"},\"thumbnailUrl\":\"https:\\\/\\\/selectednews.info\\\/mx\\\/wp-content\\\/uploads\\\/sites\\\/8\\\/2019\\\/06\\\/Tasa-de-desocupaci\u00f3n-se-mantiene-en-3.5-durante-mayo.jpg\",\"articleSection\":[\"NOTICIAS DE NEGOCIOS\"],\"inLanguage\":\"es\",\"potentialAction\":[{\"@type\":\"CommentAction\",\"name\":\"Comment\",\"target\":[\"https:\\\/\\\/selectednews.info\\\/mx\\\/tasa-de-desocupacion-se-mantiene-en-3-5-durante-mayo\\\/#respond\"]}]},{\"@type\":\"WebPage\",\"@id\":\"https:\\\/\\\/selectednews.info\\\/mx\\\/tasa-de-desocupacion-se-mantiene-en-3-5-durante-mayo\\\/\",\"url\":\"https:\\\/\\\/selectednews.info\\\/mx\\\/tasa-de-desocupacion-se-mantiene-en-3-5-durante-mayo\\\/\",\"name\":\"Tasa de desocupaci\u00f3n se mantiene en 3.5% durante mayo - Selected News\",\"isPartOf\":{\"@id\":\"https:\\\/\\\/selectednews.info\\\/mx\\\/#website\"},\"primaryImageOfPage\":{\"@id\":\"https:\\\/\\\/selectednews.info\\\/mx\\\/tasa-de-desocupacion-se-mantiene-en-3-5-durante-mayo\\\/#primaryimage\"},\"image\":{\"@id\":\"https:\\\/\\\/selectednews.info\\\/mx\\\/tasa-de-desocupacion-se-mantiene-en-3-5-durante-mayo\\\/#primaryimage\"},\"thumbnailUrl\":\"https:\\\/\\\/selectednews.info\\\/mx\\\/wp-content\\\/uploads\\\/sites\\\/8\\\/2019\\\/06\\\/Tasa-de-desocupaci\u00f3n-se-mantiene-en-3.5-durante-mayo.jpg\",\"datePublished\":\"2019-06-26T23:33:17+00:00\",\"dateModified\":\"2019-06-26T23:33:18+00:00\",\"author\":{\"@id\":\"https:\\\/\\\/selectednews.info\\\/mx\\\/#\\\/schema\\\/person\\\/c8a0f1bfe64548cfb06c0529b0970068\"},\"breadcrumb\":{\"@id\":\"https:\\\/\\\/selectednews.info\\\/mx\\\/tasa-de-desocupacion-se-mantiene-en-3-5-durante-mayo\\\/#breadcrumb\"},\"inLanguage\":\"es\",\"potentialAction\":[{\"@type\":\"ReadAction\",\"target\":[\"https:\\\/\\\/selectednews.info\\\/mx\\\/tasa-de-desocupacion-se-mantiene-en-3-5-durante-mayo\\\/\"]}]},{\"@type\":\"ImageObject\",\"inLanguage\":\"es\",\"@id\":\"https:\\\/\\\/selectednews.info\\\/mx\\\/tasa-de-desocupacion-se-mantiene-en-3-5-durante-mayo\\\/#primaryimage\",\"url\":\"https:\\\/\\\/selectednews.info\\\/mx\\\/wp-content\\\/uploads\\\/sites\\\/8\\\/2019\\\/06\\\/Tasa-de-desocupaci\u00f3n-se-mantiene-en-3.5-durante-mayo.jpg\",\"contentUrl\":\"https:\\\/\\\/selectednews.info\\\/mx\\\/wp-content\\\/uploads\\\/sites\\\/8\\\/2019\\\/06\\\/Tasa-de-desocupaci\u00f3n-se-mantiene-en-3.5-durante-mayo.jpg\",\"width\":651,\"height\":400,\"caption\":\"Empleo\"},{\"@type\":\"BreadcrumbList\",\"@id\":\"https:\\\/\\\/selectednews.info\\\/mx\\\/tasa-de-desocupacion-se-mantiene-en-3-5-durante-mayo\\\/#breadcrumb\",\"itemListElement\":[{\"@type\":\"ListItem\",\"position\":1,\"name\":\"Home\",\"item\":\"https:\\\/\\\/selectednews.info\\\/mx\\\/\"},{\"@type\":\"ListItem\",\"position\":2,\"name\":\"Tasa de desocupaci\u00f3n se mantiene en 3.5% durante mayo\"}]},{\"@type\":\"WebSite\",\"@id\":\"https:\\\/\\\/selectednews.info\\\/mx\\\/#website\",\"url\":\"https:\\\/\\\/selectednews.info\\\/mx\\\/\",\"name\":\"Selected News\",\"description\":\"Selected News Mexico\",\"potentialAction\":[{\"@type\":\"SearchAction\",\"target\":{\"@type\":\"EntryPoint\",\"urlTemplate\":\"https:\\\/\\\/selectednews.info\\\/mx\\\/?s={search_term_string}\"},\"query-input\":{\"@type\":\"PropertyValueSpecification\",\"valueRequired\":true,\"valueName\":\"search_term_string\"}}],\"inLanguage\":\"es\"},{\"@type\":\"Person\",\"@id\":\"https:\\\/\\\/selectednews.info\\\/mx\\\/#\\\/schema\\\/person\\\/c8a0f1bfe64548cfb06c0529b0970068\",\"name\":\"selectednews\",\"image\":{\"@type\":\"ImageObject\",\"inLanguage\":\"es\",\"@id\":\"https:\\\/\\\/secure.gravatar.com\\\/avatar\\\/c88515018a25fd646d9f77ea80cc88996711575667608a2cd1b47f3d1145508a?s=96&d=mm&r=g\",\"url\":\"https:\\\/\\\/secure.gravatar.com\\\/avatar\\\/c88515018a25fd646d9f77ea80cc88996711575667608a2cd1b47f3d1145508a?s=96&d=mm&r=g\",\"contentUrl\":\"https:\\\/\\\/secure.gravatar.com\\\/avatar\\\/c88515018a25fd646d9f77ea80cc88996711575667608a2cd1b47f3d1145508a?s=96&d=mm&r=g\",\"caption\":\"selectednews\"},\"url\":\"https:\\\/\\\/selectednews.info\\\/mx\\\/author\\\/pt\\\/\"}]}<\/script>\n<!-- \/ Yoast SEO plugin. -->","yoast_head_json":{"title":"Tasa de desocupaci\u00f3n se mantiene en 3.5% durante mayo - Selected News","robots":{"index":"index","follow":"follow","max-snippet":"max-snippet:-1","max-image-preview":"max-image-preview:large","max-video-preview":"max-video-preview:-1"},"canonical":"https:\/\/selectednews.info\/mx\/tasa-de-desocupacion-se-mantiene-en-3-5-durante-mayo\/","og_locale":"es_MX","og_type":"article","og_title":"Tasa de desocupaci\u00f3n se mantiene en 3.5% durante mayo - Selected News","og_description":"[ad_1] Durante mayo la tasa de desocupaci\u00f3n en M\u00e9xico lleg\u00f3 a 3.5% de la Poblaci\u00f3n Econ\u00f3micamente Activa a nivel nacional, cifra similar a la del mes previo pero inferior al 3.6% reportado en marzo pasado con base en cifras ajustadas por estacionalidad, de acuerdo con los datos dados a conocer por el Inegi. \u00a0Por g\u00e9nero, [&hellip;]","og_url":"https:\/\/selectednews.info\/mx\/tasa-de-desocupacion-se-mantiene-en-3-5-durante-mayo\/","og_site_name":"Selected News","article_published_time":"2019-06-26T23:33:17+00:00","article_modified_time":"2019-06-26T23:33:18+00:00","og_image":[{"width":651,"height":400,"url":"https:\/\/selectednews.info\/mx\/wp-content\/uploads\/sites\/8\/2019\/06\/Tasa-de-desocupaci\u00f3n-se-mantiene-en-3.5-durante-mayo.jpg","type":"image\/jpeg"}],"author":"selectednews","twitter_card":"summary_large_image","twitter_misc":{"Escrito por":"selectednews","Tiempo de lectura":"2 minutos"},"schema":{"@context":"https:\/\/schema.org","@graph":[{"@type":"Article","@id":"https:\/\/selectednews.info\/mx\/tasa-de-desocupacion-se-mantiene-en-3-5-durante-mayo\/#article","isPartOf":{"@id":"https:\/\/selectednews.info\/mx\/tasa-de-desocupacion-se-mantiene-en-3-5-durante-mayo\/"},"author":{"name":"selectednews","@id":"https:\/\/selectednews.info\/mx\/#\/schema\/person\/c8a0f1bfe64548cfb06c0529b0970068"},"headline":"Tasa de desocupaci\u00f3n se mantiene en 3.5% durante mayo","datePublished":"2019-06-26T23:33:17+00:00","dateModified":"2019-06-26T23:33:18+00:00","mainEntityOfPage":{"@id":"https:\/\/selectednews.info\/mx\/tasa-de-desocupacion-se-mantiene-en-3-5-durante-mayo\/"},"wordCount":376,"commentCount":0,"image":{"@id":"https:\/\/selectednews.info\/mx\/tasa-de-desocupacion-se-mantiene-en-3-5-durante-mayo\/#primaryimage"},"thumbnailUrl":"https:\/\/selectednews.info\/mx\/wp-content\/uploads\/sites\/8\/2019\/06\/Tasa-de-desocupaci\u00f3n-se-mantiene-en-3.5-durante-mayo.jpg","articleSection":["NOTICIAS DE NEGOCIOS"],"inLanguage":"es","potentialAction":[{"@type":"CommentAction","name":"Comment","target":["https:\/\/selectednews.info\/mx\/tasa-de-desocupacion-se-mantiene-en-3-5-durante-mayo\/#respond"]}]},{"@type":"WebPage","@id":"https:\/\/selectednews.info\/mx\/tasa-de-desocupacion-se-mantiene-en-3-5-durante-mayo\/","url":"https:\/\/selectednews.info\/mx\/tasa-de-desocupacion-se-mantiene-en-3-5-durante-mayo\/","name":"Tasa de desocupaci\u00f3n se mantiene en 3.5% durante mayo - Selected News","isPartOf":{"@id":"https:\/\/selectednews.info\/mx\/#website"},"primaryImageOfPage":{"@id":"https:\/\/selectednews.info\/mx\/tasa-de-desocupacion-se-mantiene-en-3-5-durante-mayo\/#primaryimage"},"image":{"@id":"https:\/\/selectednews.info\/mx\/tasa-de-desocupacion-se-mantiene-en-3-5-durante-mayo\/#primaryimage"},"thumbnailUrl":"https:\/\/selectednews.info\/mx\/wp-content\/uploads\/sites\/8\/2019\/06\/Tasa-de-desocupaci\u00f3n-se-mantiene-en-3.5-durante-mayo.jpg","datePublished":"2019-06-26T23:33:17+00:00","dateModified":"2019-06-26T23:33:18+00:00","author":{"@id":"https:\/\/selectednews.info\/mx\/#\/schema\/person\/c8a0f1bfe64548cfb06c0529b0970068"},"breadcrumb":{"@id":"https:\/\/selectednews.info\/mx\/tasa-de-desocupacion-se-mantiene-en-3-5-durante-mayo\/#breadcrumb"},"inLanguage":"es","potentialAction":[{"@type":"ReadAction","target":["https:\/\/selectednews.info\/mx\/tasa-de-desocupacion-se-mantiene-en-3-5-durante-mayo\/"]}]},{"@type":"ImageObject","inLanguage":"es","@id":"https:\/\/selectednews.info\/mx\/tasa-de-desocupacion-se-mantiene-en-3-5-durante-mayo\/#primaryimage","url":"https:\/\/selectednews.info\/mx\/wp-content\/uploads\/sites\/8\/2019\/06\/Tasa-de-desocupaci\u00f3n-se-mantiene-en-3.5-durante-mayo.jpg","contentUrl":"https:\/\/selectednews.info\/mx\/wp-content\/uploads\/sites\/8\/2019\/06\/Tasa-de-desocupaci\u00f3n-se-mantiene-en-3.5-durante-mayo.jpg","width":651,"height":400,"caption":"Empleo"},{"@type":"BreadcrumbList","@id":"https:\/\/selectednews.info\/mx\/tasa-de-desocupacion-se-mantiene-en-3-5-durante-mayo\/#breadcrumb","itemListElement":[{"@type":"ListItem","position":1,"name":"Home","item":"https:\/\/selectednews.info\/mx\/"},{"@type":"ListItem","position":2,"name":"Tasa de desocupaci\u00f3n se mantiene en 3.5% durante mayo"}]},{"@type":"WebSite","@id":"https:\/\/selectednews.info\/mx\/#website","url":"https:\/\/selectednews.info\/mx\/","name":"Selected News","description":"Selected News Mexico","potentialAction":[{"@type":"SearchAction","target":{"@type":"EntryPoint","urlTemplate":"https:\/\/selectednews.info\/mx\/?s={search_term_string}"},"query-input":{"@type":"PropertyValueSpecification","valueRequired":true,"valueName":"search_term_string"}}],"inLanguage":"es"},{"@type":"Person","@id":"https:\/\/selectednews.info\/mx\/#\/schema\/person\/c8a0f1bfe64548cfb06c0529b0970068","name":"selectednews","image":{"@type":"ImageObject","inLanguage":"es","@id":"https:\/\/secure.gravatar.com\/avatar\/c88515018a25fd646d9f77ea80cc88996711575667608a2cd1b47f3d1145508a?s=96&d=mm&r=g","url":"https:\/\/secure.gravatar.com\/avatar\/c88515018a25fd646d9f77ea80cc88996711575667608a2cd1b47f3d1145508a?s=96&d=mm&r=g","contentUrl":"https:\/\/secure.gravatar.com\/avatar\/c88515018a25fd646d9f77ea80cc88996711575667608a2cd1b47f3d1145508a?s=96&d=mm&r=g","caption":"selectednews"},"url":"https:\/\/selectednews.info\/mx\/author\/pt\/"}]}},"_links":{"self":[{"href":"https:\/\/selectednews.info\/mx\/wp-json\/wp\/v2\/posts\/1451","targetHints":{"allow":["GET"]}}],"collection":[{"href":"https:\/\/selectednews.info\/mx\/wp-json\/wp\/v2\/posts"}],"about":[{"href":"https:\/\/selectednews.info\/mx\/wp-json\/wp\/v2\/types\/post"}],"author":[{"embeddable":true,"href":"https:\/\/selectednews.info\/mx\/wp-json\/wp\/v2\/users\/2"}],"replies":[{"embeddable":true,"href":"https:\/\/selectednews.info\/mx\/wp-json\/wp\/v2\/comments?post=1451"}],"version-history":[{"count":1,"href":"https:\/\/selectednews.info\/mx\/wp-json\/wp\/v2\/posts\/1451\/revisions"}],"predecessor-version":[{"id":1453,"href":"https:\/\/selectednews.info\/mx\/wp-json\/wp\/v2\/posts\/1451\/revisions\/1453"}],"wp:featuredmedia":[{"embeddable":true,"href":"https:\/\/selectednews.info\/mx\/wp-json\/wp\/v2\/media\/1452"}],"wp:attachment":[{"href":"https:\/\/selectednews.info\/mx\/wp-json\/wp\/v2\/media?parent=1451"}],"wp:term":[{"taxonomy":"category","embeddable":true,"href":"https:\/\/selectednews.info\/mx\/wp-json\/wp\/v2\/categories?post=1451"},{"taxonomy":"post_tag","embeddable":true,"href":"https:\/\/selectednews.info\/mx\/wp-json\/wp\/v2\/tags?post=1451"}],"curies":[{"name":"wp","href":"https:\/\/api.w.org\/{rel}","templated":true}]}}