{"id":1457,"date":"2019-06-27T03:57:48","date_gmt":"2019-06-27T03:57:48","guid":{"rendered":"https:\/\/selectednews.info\/mx\/dan-luz-verde-para-dos-bocas\/"},"modified":"2019-06-27T03:57:49","modified_gmt":"2019-06-27T03:57:49","slug":"dan-luz-verde-para-dos-bocas","status":"publish","type":"post","link":"https:\/\/selectednews.info\/mx\/dan-luz-verde-para-dos-bocas\/","title":{"rendered":"Dan luz verde para Dos Bocas"},"content":{"rendered":"<p> [ad_1]<br \/>\n<\/p>\n<div>\n<p><em><span class=\"__cf_email__\" data-cfemail=\"3d535258135e4f48477d58514853544b584f4e5c51135e5250135045\">[email\u00a0protected]<\/span><\/em><\/p>\n<p>\nEl Consejo de Administraci\u00f3n de Petr\u00f3leos Mexicanos y su Comit\u00e9 de Estrategia e Inversiones aprobaron desde el pasado 29 de mayo, el caso de negocio del Proyecto denominado \u201cNueva Refiner\u00eda de Dos Bocas, Para\u00edso, Tabasco\u201d, con lo que se dio luz verde al arranque de su construcci\u00f3n.<\/p>\n<p>\nEl m\u00e1ximo \u00f3rgano de gobierno de la petrolera instruy\u00f3 en ese momento a la administraci\u00f3n de Pemex Transformaci\u00f3n Industrial para que en conjunto con la filial PTI Infraestructura de Desarrollo \u2014la que estar\u00e1 a cargo del proyecto\u2014 presentar\u00e1 al Comit\u00e9 de Estrategia e Inversiones un mecanismo de evaluaci\u00f3n tanto f\u00edsica como financiera y un mecanismo de control que permita la revisi\u00f3n permanente del proyecto mediante informes trimestrales.<\/p>\n<p>\n\u00a0<\/p>\n<p>\nEl comit\u00e9 est\u00e1 integrado por los consejeros Jos\u00e9 Eduardo Beltr\u00e1n Hern\u00e1ndez y Juan Jos\u00e9 Paullada Figueroa, as\u00ed como por los secretarios de Energ\u00eda, Hacienda y Econom\u00eda, Norma Roc\u00edo Nahle, Carlos Urz\u00faa Mac\u00edas y Graciela M\u00e1rquez Col\u00edn, respectivamente.<\/p>\n<p>\nEl Consejo de Administraci\u00f3n de Pemex, en su reuni\u00f3n del 29 de mayo pasado y mediante el Acuerdo CA-054\/2019, aprob\u00f3 tambi\u00e9n la realizaci\u00f3n del plan de contrataci\u00f3n para el inicio de las obras preparativas del sitio donde se construir\u00e1 la refiner\u00eda, as\u00ed como el comienzo de la adquisici\u00f3n del equipo cr\u00edtico y de largo tiempo de fabricaci\u00f3n.<\/p>\n<p>\nAsimismo, instruyo al director de Pemex Transformaci\u00f3n Industrial, Miguel Gerardo Breceda Lapeyre a que una vez agotadas las etapas y obtenidas las autorizaciones necesarias de las instancias que corresponden a la normatividad aplicable, informen al consejo de los avances de las etapas FEL II y FEL III y en su etapa de construcci\u00f3n.<\/p>\n<p>\nTambi\u00e9n esperan que en la pr\u00f3xima reuni\u00f3n sea entregada una memoria de c\u00e1lculo a los consejeros, con el prop\u00f3sito de analizarlos previo a esa reuni\u00f3n.<\/p>\n<p>\nEsto explica porque el 31 de mayo Roc\u00edo Nahle Garc\u00eda asegur\u00f3 que todo estaba listo para que dos d\u00edas despu\u00e9s iniciar\u00e1 la construcci\u00f3n de la refiner\u00eda.<\/p>\n<p>\nEn ese momento, el gobernador de Tabasco, Ad\u00e1n Augusto L\u00f3pez Hern\u00e1ndez, anunci\u00f3 tambi\u00e9n que a partir del 1 de junio empezar\u00eda, en la ciudad de Villahermosa, la contrataci\u00f3n de 20 mil personas para que trabajen en la obra.<\/p>\n<p>\nHasta ahora s\u00f3lo se ha entregado el contrato para acondicionar el terreno donde se construir\u00e1 la refiner\u00eda de Dos Bocas, Tabasco, es decir, las tareas de dragado del lecho marino cercano a las instalaciones del nuevo complejo, lo que permitir\u00e1 que los barcos que traigan los equipos puedan acceder a la zona del puerto de Dos Bocas.<\/p>\n<\/div>\n<p>[ad_2]<br \/>\n<br \/><a href=\"https:\/\/www.eluniversal.com.mx\/cartera\/dan-luz-verde-para-dos-bocas\">Source link <\/a><\/p>\n","protected":false},"excerpt":{"rendered":"<p>[ad_1] [email\u00a0protected] El Consejo de Administraci\u00f3n de Petr\u00f3leos Mexicanos y su Comit\u00e9 de Estrategia e Inversiones aprobaron desde el pasado 29 de mayo, el caso de negocio del Proyecto denominado \u201cNueva Refiner\u00eda de Dos Bocas, Para\u00edso, Tabasco\u201d, con lo que se dio luz verde al arranque de su construcci\u00f3n. El m\u00e1ximo \u00f3rgano de gobierno de [&hellip;]<\/p>\n","protected":false},"author":2,"featured_media":48,"comment_status":"open","ping_status":"open","sticky":false,"template":"","format":"standard","meta":{"footnotes":""},"categories":[1],"tags":[],"class_list":["post-1457","post","type-post","status-publish","format-standard","has-post-thumbnail","hentry","category-noticias-de-negocios"],"yoast_head":"<!-- This site is optimized with the Yoast SEO plugin v28.3 - https:\/\/yoast.com\/product\/yoast-seo-wordpress\/ -->\n<title>Dan luz verde para Dos Bocas - Selected News<\/title>\n<meta name=\"robots\" content=\"index, follow, max-snippet:-1, max-image-preview:large, max-video-preview:-1\" \/>\n<link rel=\"canonical\" href=\"https:\/\/selectednews.info\/mx\/dan-luz-verde-para-dos-bocas\/\" \/>\n<meta property=\"og:locale\" content=\"es_MX\" \/>\n<meta property=\"og:type\" content=\"article\" \/>\n<meta property=\"og:title\" content=\"Dan luz verde para Dos Bocas - Selected News\" \/>\n<meta property=\"og:description\" content=\"[ad_1] [email\u00a0protected] El Consejo de Administraci\u00f3n de Petr\u00f3leos Mexicanos y su Comit\u00e9 de Estrategia e Inversiones aprobaron desde el pasado 29 de mayo, el caso de negocio del Proyecto denominado \u201cNueva Refiner\u00eda de Dos Bocas, Para\u00edso, Tabasco\u201d, con lo que se dio luz verde al arranque de su construcci\u00f3n. El m\u00e1ximo \u00f3rgano de gobierno de [&hellip;]\" \/>\n<meta property=\"og:url\" content=\"https:\/\/selectednews.info\/mx\/dan-luz-verde-para-dos-bocas\/\" \/>\n<meta property=\"og:site_name\" content=\"Selected News\" \/>\n<meta property=\"article:published_time\" content=\"2019-06-27T03:57:48+00:00\" \/>\n<meta property=\"article:modified_time\" content=\"2019-06-27T03:57:49+00:00\" \/>\n<meta property=\"og:image\" content=\"https:\/\/selectednews.info\/mx\/wp-content\/uploads\/sites\/8\/2019\/04\/Carta-aclaratoria.-Precisan-sobre-estudio-Evasi\u00f3n-en-Sueldos-y-Salarios.jpg\" \/>\n\t<meta property=\"og:image:width\" content=\"600\" \/>\n\t<meta property=\"og:image:height\" content=\"315\" \/>\n\t<meta property=\"og:image:type\" content=\"image\/jpeg\" \/>\n<meta name=\"author\" content=\"selectednews\" \/>\n<meta name=\"twitter:card\" content=\"summary_large_image\" \/>\n<meta name=\"twitter:label1\" content=\"Escrito por\" \/>\n\t<meta name=\"twitter:data1\" content=\"selectednews\" \/>\n\t<meta name=\"twitter:label2\" content=\"Tiempo de lectura\" \/>\n\t<meta name=\"twitter:data2\" content=\"2 minutos\" \/>\n<script type=\"application\/ld+json\" class=\"yoast-schema-graph\">{\"@context\":\"https:\\\/\\\/schema.org\",\"@graph\":[{\"@type\":\"Article\",\"@id\":\"https:\\\/\\\/selectednews.info\\\/mx\\\/dan-luz-verde-para-dos-bocas\\\/#article\",\"isPartOf\":{\"@id\":\"https:\\\/\\\/selectednews.info\\\/mx\\\/dan-luz-verde-para-dos-bocas\\\/\"},\"author\":{\"name\":\"selectednews\",\"@id\":\"https:\\\/\\\/selectednews.info\\\/mx\\\/#\\\/schema\\\/person\\\/c8a0f1bfe64548cfb06c0529b0970068\"},\"headline\":\"Dan luz verde para Dos Bocas\",\"datePublished\":\"2019-06-27T03:57:48+00:00\",\"dateModified\":\"2019-06-27T03:57:49+00:00\",\"mainEntityOfPage\":{\"@id\":\"https:\\\/\\\/selectednews.info\\\/mx\\\/dan-luz-verde-para-dos-bocas\\\/\"},\"wordCount\":465,\"commentCount\":0,\"image\":{\"@id\":\"https:\\\/\\\/selectednews.info\\\/mx\\\/dan-luz-verde-para-dos-bocas\\\/#primaryimage\"},\"thumbnailUrl\":\"https:\\\/\\\/selectednews.info\\\/mx\\\/wp-content\\\/uploads\\\/sites\\\/8\\\/2019\\\/04\\\/Carta-aclaratoria.-Precisan-sobre-estudio-Evasi\u00f3n-en-Sueldos-y-Salarios.jpg\",\"articleSection\":[\"NOTICIAS DE NEGOCIOS\"],\"inLanguage\":\"es\",\"potentialAction\":[{\"@type\":\"CommentAction\",\"name\":\"Comment\",\"target\":[\"https:\\\/\\\/selectednews.info\\\/mx\\\/dan-luz-verde-para-dos-bocas\\\/#respond\"]}]},{\"@type\":\"WebPage\",\"@id\":\"https:\\\/\\\/selectednews.info\\\/mx\\\/dan-luz-verde-para-dos-bocas\\\/\",\"url\":\"https:\\\/\\\/selectednews.info\\\/mx\\\/dan-luz-verde-para-dos-bocas\\\/\",\"name\":\"Dan luz verde para Dos Bocas - Selected News\",\"isPartOf\":{\"@id\":\"https:\\\/\\\/selectednews.info\\\/mx\\\/#website\"},\"primaryImageOfPage\":{\"@id\":\"https:\\\/\\\/selectednews.info\\\/mx\\\/dan-luz-verde-para-dos-bocas\\\/#primaryimage\"},\"image\":{\"@id\":\"https:\\\/\\\/selectednews.info\\\/mx\\\/dan-luz-verde-para-dos-bocas\\\/#primaryimage\"},\"thumbnailUrl\":\"https:\\\/\\\/selectednews.info\\\/mx\\\/wp-content\\\/uploads\\\/sites\\\/8\\\/2019\\\/04\\\/Carta-aclaratoria.-Precisan-sobre-estudio-Evasi\u00f3n-en-Sueldos-y-Salarios.jpg\",\"datePublished\":\"2019-06-27T03:57:48+00:00\",\"dateModified\":\"2019-06-27T03:57:49+00:00\",\"author\":{\"@id\":\"https:\\\/\\\/selectednews.info\\\/mx\\\/#\\\/schema\\\/person\\\/c8a0f1bfe64548cfb06c0529b0970068\"},\"breadcrumb\":{\"@id\":\"https:\\\/\\\/selectednews.info\\\/mx\\\/dan-luz-verde-para-dos-bocas\\\/#breadcrumb\"},\"inLanguage\":\"es\",\"potentialAction\":[{\"@type\":\"ReadAction\",\"target\":[\"https:\\\/\\\/selectednews.info\\\/mx\\\/dan-luz-verde-para-dos-bocas\\\/\"]}]},{\"@type\":\"ImageObject\",\"inLanguage\":\"es\",\"@id\":\"https:\\\/\\\/selectednews.info\\\/mx\\\/dan-luz-verde-para-dos-bocas\\\/#primaryimage\",\"url\":\"https:\\\/\\\/selectednews.info\\\/mx\\\/wp-content\\\/uploads\\\/sites\\\/8\\\/2019\\\/04\\\/Carta-aclaratoria.-Precisan-sobre-estudio-Evasi\u00f3n-en-Sueldos-y-Salarios.jpg\",\"contentUrl\":\"https:\\\/\\\/selectednews.info\\\/mx\\\/wp-content\\\/uploads\\\/sites\\\/8\\\/2019\\\/04\\\/Carta-aclaratoria.-Precisan-sobre-estudio-Evasi\u00f3n-en-Sueldos-y-Salarios.jpg\",\"width\":600,\"height\":315,\"caption\":\"Carta aclaratoria. Precisan sobre estudio Evasi\u00f3n en Sueldos y Salarios\"},{\"@type\":\"BreadcrumbList\",\"@id\":\"https:\\\/\\\/selectednews.info\\\/mx\\\/dan-luz-verde-para-dos-bocas\\\/#breadcrumb\",\"itemListElement\":[{\"@type\":\"ListItem\",\"position\":1,\"name\":\"Home\",\"item\":\"https:\\\/\\\/selectednews.info\\\/mx\\\/\"},{\"@type\":\"ListItem\",\"position\":2,\"name\":\"Dan luz verde para Dos Bocas\"}]},{\"@type\":\"WebSite\",\"@id\":\"https:\\\/\\\/selectednews.info\\\/mx\\\/#website\",\"url\":\"https:\\\/\\\/selectednews.info\\\/mx\\\/\",\"name\":\"Selected News\",\"description\":\"Selected News Mexico\",\"potentialAction\":[{\"@type\":\"SearchAction\",\"target\":{\"@type\":\"EntryPoint\",\"urlTemplate\":\"https:\\\/\\\/selectednews.info\\\/mx\\\/?s={search_term_string}\"},\"query-input\":{\"@type\":\"PropertyValueSpecification\",\"valueRequired\":true,\"valueName\":\"search_term_string\"}}],\"inLanguage\":\"es\"},{\"@type\":\"Person\",\"@id\":\"https:\\\/\\\/selectednews.info\\\/mx\\\/#\\\/schema\\\/person\\\/c8a0f1bfe64548cfb06c0529b0970068\",\"name\":\"selectednews\",\"image\":{\"@type\":\"ImageObject\",\"inLanguage\":\"es\",\"@id\":\"https:\\\/\\\/secure.gravatar.com\\\/avatar\\\/c88515018a25fd646d9f77ea80cc88996711575667608a2cd1b47f3d1145508a?s=96&d=mm&r=g\",\"url\":\"https:\\\/\\\/secure.gravatar.com\\\/avatar\\\/c88515018a25fd646d9f77ea80cc88996711575667608a2cd1b47f3d1145508a?s=96&d=mm&r=g\",\"contentUrl\":\"https:\\\/\\\/secure.gravatar.com\\\/avatar\\\/c88515018a25fd646d9f77ea80cc88996711575667608a2cd1b47f3d1145508a?s=96&d=mm&r=g\",\"caption\":\"selectednews\"},\"url\":\"https:\\\/\\\/selectednews.info\\\/mx\\\/author\\\/pt\\\/\"}]}<\/script>\n<!-- \/ Yoast SEO plugin. -->","yoast_head_json":{"title":"Dan luz verde para Dos Bocas - Selected News","robots":{"index":"index","follow":"follow","max-snippet":"max-snippet:-1","max-image-preview":"max-image-preview:large","max-video-preview":"max-video-preview:-1"},"canonical":"https:\/\/selectednews.info\/mx\/dan-luz-verde-para-dos-bocas\/","og_locale":"es_MX","og_type":"article","og_title":"Dan luz verde para Dos Bocas - Selected News","og_description":"[ad_1] [email\u00a0protected] El Consejo de Administraci\u00f3n de Petr\u00f3leos Mexicanos y su Comit\u00e9 de Estrategia e Inversiones aprobaron desde el pasado 29 de mayo, el caso de negocio del Proyecto denominado \u201cNueva Refiner\u00eda de Dos Bocas, Para\u00edso, Tabasco\u201d, con lo que se dio luz verde al arranque de su construcci\u00f3n. El m\u00e1ximo \u00f3rgano de gobierno de [&hellip;]","og_url":"https:\/\/selectednews.info\/mx\/dan-luz-verde-para-dos-bocas\/","og_site_name":"Selected News","article_published_time":"2019-06-27T03:57:48+00:00","article_modified_time":"2019-06-27T03:57:49+00:00","og_image":[{"width":600,"height":315,"url":"https:\/\/selectednews.info\/mx\/wp-content\/uploads\/sites\/8\/2019\/04\/Carta-aclaratoria.-Precisan-sobre-estudio-Evasi\u00f3n-en-Sueldos-y-Salarios.jpg","type":"image\/jpeg"}],"author":"selectednews","twitter_card":"summary_large_image","twitter_misc":{"Escrito por":"selectednews","Tiempo de lectura":"2 minutos"},"schema":{"@context":"https:\/\/schema.org","@graph":[{"@type":"Article","@id":"https:\/\/selectednews.info\/mx\/dan-luz-verde-para-dos-bocas\/#article","isPartOf":{"@id":"https:\/\/selectednews.info\/mx\/dan-luz-verde-para-dos-bocas\/"},"author":{"name":"selectednews","@id":"https:\/\/selectednews.info\/mx\/#\/schema\/person\/c8a0f1bfe64548cfb06c0529b0970068"},"headline":"Dan luz verde para Dos Bocas","datePublished":"2019-06-27T03:57:48+00:00","dateModified":"2019-06-27T03:57:49+00:00","mainEntityOfPage":{"@id":"https:\/\/selectednews.info\/mx\/dan-luz-verde-para-dos-bocas\/"},"wordCount":465,"commentCount":0,"image":{"@id":"https:\/\/selectednews.info\/mx\/dan-luz-verde-para-dos-bocas\/#primaryimage"},"thumbnailUrl":"https:\/\/selectednews.info\/mx\/wp-content\/uploads\/sites\/8\/2019\/04\/Carta-aclaratoria.-Precisan-sobre-estudio-Evasi\u00f3n-en-Sueldos-y-Salarios.jpg","articleSection":["NOTICIAS DE NEGOCIOS"],"inLanguage":"es","potentialAction":[{"@type":"CommentAction","name":"Comment","target":["https:\/\/selectednews.info\/mx\/dan-luz-verde-para-dos-bocas\/#respond"]}]},{"@type":"WebPage","@id":"https:\/\/selectednews.info\/mx\/dan-luz-verde-para-dos-bocas\/","url":"https:\/\/selectednews.info\/mx\/dan-luz-verde-para-dos-bocas\/","name":"Dan luz verde para Dos Bocas - Selected News","isPartOf":{"@id":"https:\/\/selectednews.info\/mx\/#website"},"primaryImageOfPage":{"@id":"https:\/\/selectednews.info\/mx\/dan-luz-verde-para-dos-bocas\/#primaryimage"},"image":{"@id":"https:\/\/selectednews.info\/mx\/dan-luz-verde-para-dos-bocas\/#primaryimage"},"thumbnailUrl":"https:\/\/selectednews.info\/mx\/wp-content\/uploads\/sites\/8\/2019\/04\/Carta-aclaratoria.-Precisan-sobre-estudio-Evasi\u00f3n-en-Sueldos-y-Salarios.jpg","datePublished":"2019-06-27T03:57:48+00:00","dateModified":"2019-06-27T03:57:49+00:00","author":{"@id":"https:\/\/selectednews.info\/mx\/#\/schema\/person\/c8a0f1bfe64548cfb06c0529b0970068"},"breadcrumb":{"@id":"https:\/\/selectednews.info\/mx\/dan-luz-verde-para-dos-bocas\/#breadcrumb"},"inLanguage":"es","potentialAction":[{"@type":"ReadAction","target":["https:\/\/selectednews.info\/mx\/dan-luz-verde-para-dos-bocas\/"]}]},{"@type":"ImageObject","inLanguage":"es","@id":"https:\/\/selectednews.info\/mx\/dan-luz-verde-para-dos-bocas\/#primaryimage","url":"https:\/\/selectednews.info\/mx\/wp-content\/uploads\/sites\/8\/2019\/04\/Carta-aclaratoria.-Precisan-sobre-estudio-Evasi\u00f3n-en-Sueldos-y-Salarios.jpg","contentUrl":"https:\/\/selectednews.info\/mx\/wp-content\/uploads\/sites\/8\/2019\/04\/Carta-aclaratoria.-Precisan-sobre-estudio-Evasi\u00f3n-en-Sueldos-y-Salarios.jpg","width":600,"height":315,"caption":"Carta aclaratoria. Precisan sobre estudio Evasi\u00f3n en Sueldos y Salarios"},{"@type":"BreadcrumbList","@id":"https:\/\/selectednews.info\/mx\/dan-luz-verde-para-dos-bocas\/#breadcrumb","itemListElement":[{"@type":"ListItem","position":1,"name":"Home","item":"https:\/\/selectednews.info\/mx\/"},{"@type":"ListItem","position":2,"name":"Dan luz verde para Dos Bocas"}]},{"@type":"WebSite","@id":"https:\/\/selectednews.info\/mx\/#website","url":"https:\/\/selectednews.info\/mx\/","name":"Selected News","description":"Selected News Mexico","potentialAction":[{"@type":"SearchAction","target":{"@type":"EntryPoint","urlTemplate":"https:\/\/selectednews.info\/mx\/?s={search_term_string}"},"query-input":{"@type":"PropertyValueSpecification","valueRequired":true,"valueName":"search_term_string"}}],"inLanguage":"es"},{"@type":"Person","@id":"https:\/\/selectednews.info\/mx\/#\/schema\/person\/c8a0f1bfe64548cfb06c0529b0970068","name":"selectednews","image":{"@type":"ImageObject","inLanguage":"es","@id":"https:\/\/secure.gravatar.com\/avatar\/c88515018a25fd646d9f77ea80cc88996711575667608a2cd1b47f3d1145508a?s=96&d=mm&r=g","url":"https:\/\/secure.gravatar.com\/avatar\/c88515018a25fd646d9f77ea80cc88996711575667608a2cd1b47f3d1145508a?s=96&d=mm&r=g","contentUrl":"https:\/\/secure.gravatar.com\/avatar\/c88515018a25fd646d9f77ea80cc88996711575667608a2cd1b47f3d1145508a?s=96&d=mm&r=g","caption":"selectednews"},"url":"https:\/\/selectednews.info\/mx\/author\/pt\/"}]}},"_links":{"self":[{"href":"https:\/\/selectednews.info\/mx\/wp-json\/wp\/v2\/posts\/1457","targetHints":{"allow":["GET"]}}],"collection":[{"href":"https:\/\/selectednews.info\/mx\/wp-json\/wp\/v2\/posts"}],"about":[{"href":"https:\/\/selectednews.info\/mx\/wp-json\/wp\/v2\/types\/post"}],"author":[{"embeddable":true,"href":"https:\/\/selectednews.info\/mx\/wp-json\/wp\/v2\/users\/2"}],"replies":[{"embeddable":true,"href":"https:\/\/selectednews.info\/mx\/wp-json\/wp\/v2\/comments?post=1457"}],"version-history":[{"count":1,"href":"https:\/\/selectednews.info\/mx\/wp-json\/wp\/v2\/posts\/1457\/revisions"}],"predecessor-version":[{"id":1458,"href":"https:\/\/selectednews.info\/mx\/wp-json\/wp\/v2\/posts\/1457\/revisions\/1458"}],"wp:featuredmedia":[{"embeddable":true,"href":"https:\/\/selectednews.info\/mx\/wp-json\/wp\/v2\/media\/48"}],"wp:attachment":[{"href":"https:\/\/selectednews.info\/mx\/wp-json\/wp\/v2\/media?parent=1457"}],"wp:term":[{"taxonomy":"category","embeddable":true,"href":"https:\/\/selectednews.info\/mx\/wp-json\/wp\/v2\/categories?post=1457"},{"taxonomy":"post_tag","embeddable":true,"href":"https:\/\/selectednews.info\/mx\/wp-json\/wp\/v2\/tags?post=1457"}],"curies":[{"name":"wp","href":"https:\/\/api.w.org\/{rel}","templated":true}]}}