{"id":1472,"date":"2019-06-27T15:30:57","date_gmt":"2019-06-27T15:30:57","guid":{"rendered":"https:\/\/selectednews.info\/mx\/economia-mexicana-enfrenta-el-riesgo-de-una-recesion-mundial\/"},"modified":"2019-06-27T15:30:58","modified_gmt":"2019-06-27T15:30:58","slug":"economia-mexicana-enfrenta-el-riesgo-de-una-recesion-mundial","status":"publish","type":"post","link":"https:\/\/selectednews.info\/mx\/economia-mexicana-enfrenta-el-riesgo-de-una-recesion-mundial\/","title":{"rendered":"Econom\u00eda mexicana enfrenta el riesgo de una recesi\u00f3n mundial"},"content":{"rendered":"<p> [ad_1]<br \/>\n<\/p>\n<div>\n<p><em><span class=\"__cf_email__\" data-cfemail=\"dcaea9beb9b2f2b1b5bba9b9b0b9af9cb9b0a9b2b5aab9aeafbdb0f2bfb3b1f2b1a4\">[email\u00a0protected]<\/span><\/em><\/p>\n<p>\nEl escenario econ\u00f3mico para M\u00e9xico se prev\u00e9 adverso, a nivel interno con un nuevo gobierno cuya curva de aprendizaje ha sido m\u00e1s empinada que en otros sexenios, retrasando inversi\u00f3n, y en el exterior con una actividad global que se est\u00e1 desacelerando, con el riesgo de llegar a una recesi\u00f3n, advirti\u00f3 Esteban Polidura, jefe de Coordinaci\u00f3n de Soluciones y Productos de Inversi\u00f3n en Am\u00e9rica Latina del banco suizo Julius Baer.<\/p>\n<p>\n\u201cEstamos en una econom\u00eda global donde todav\u00eda hay un crecimiento positivo, pero se est\u00e1 des- acelerando m\u00e1s r\u00e1pido de lo esperado, con el riesgo de que hacia fines de 2020 estemos ya hablado de un ambiente de recesi\u00f3n a nivel general\u201d, coment\u00f3 el especialista.<\/p>\n<p>\nEl especialista estima con 40% de probabilidad que para fines de 2020 habr\u00e1 una recesi\u00f3n global, originada por Estados Unidos, toda vez que el crecimiento de la econom\u00eda m\u00e1s grande del mundo se prev\u00e9 que pase de 2.6% en 2019 a s\u00f3lo 1.3% en 2020, lo que tendr\u00e1 un impacto directo sobre M\u00e9xico.<\/p>\n<p>\nAdem\u00e1s, M\u00e9xico tiene la caracter\u00edstica de que est\u00e1 al inicio de sexenio, factor que por s\u00ed solo amerita un menor crecimiento econ\u00f3mico, pero adem\u00e1s con un partido nuevo en la que la mayor cantidad de tomadores de decisiones son personas con una buena preparaci\u00f3n acad\u00e9mica, pero con poca experiencia pol\u00edtica o t\u00e9cnica.<\/p>\n<p>\n\u201cLa nueva administraci\u00f3n tiene una curva de aprendizaje que probablemente sea m\u00e1s empinada que la que han tenido otras, por ende cuando ves a los analistas recortando perspectivas de crecimiento, nosotros preferimos manteneros cautelosos en la forma en que bajamos estimados para evitar sobrerreaccionar. Creemos que dicha curva probablemente est\u00e1 llegando a su final y tenemos que ver evidencia de que se comienzan a licitar proyectos y se comienza a trabajar m\u00e1s con la iniciativa privada\u201d, coment\u00f3 el directivo.<\/p>\n<p>\nPolidura consider\u00f3 que es importante que el gobierno cuide tres aspectos. En primer lugar, enumer\u00f3 el Estado de derecho, el cual debe ser justo y que las reglas sean claras y no se cambien, como el caso del aeropuerto.<\/p>\n<p>\nEn segundo lugar, dijo que haya independencia de las instituciones gubernamentales, porque si el inversionista privado empieza a poner en tela de juicio las decisiones habr\u00e1 un impacto.<\/p>\n<p>\nY tercero, se deben redoblar esfuerzos para reactivar la toma de decisiones, sobre todo en secretar\u00edas, como la de Energ\u00eda, la SCT, y licitaciones de proyectos grandes. Hay que redoblar los esfuerzos, porque si sigue pasando el tiempo y no se ve la licitaci\u00f3n de un proyecto energ\u00e9tico grande o una carretera, o concesi\u00f3n, ese ambiente no beneficia a nadie, dijo.<\/p>\n<\/div>\n<p>[ad_2]<br \/>\n<br \/><a href=\"https:\/\/www.eluniversal.com.mx\/cartera\/economia-mexicana-enfrenta-el-riesgo-de-una-recesion-mundial\">Source link <\/a><\/p>\n","protected":false},"excerpt":{"rendered":"<p>[ad_1] [email\u00a0protected] El escenario econ\u00f3mico para M\u00e9xico se prev\u00e9 adverso, a nivel interno con un nuevo gobierno cuya curva de aprendizaje ha sido m\u00e1s empinada que en otros sexenios, retrasando inversi\u00f3n, y en el exterior con una actividad global que se est\u00e1 desacelerando, con el riesgo de llegar a una recesi\u00f3n, advirti\u00f3 Esteban Polidura, jefe [&hellip;]<\/p>\n","protected":false},"author":2,"featured_media":1473,"comment_status":"open","ping_status":"open","sticky":false,"template":"","format":"standard","meta":{"footnotes":""},"categories":[1],"tags":[],"class_list":["post-1472","post","type-post","status-publish","format-standard","has-post-thumbnail","hentry","category-noticias-de-negocios"],"yoast_head":"<!-- This site is optimized with the Yoast SEO plugin v28.3 - https:\/\/yoast.com\/product\/yoast-seo-wordpress\/ -->\n<title>Econom\u00eda mexicana enfrenta el riesgo de una recesi\u00f3n mundial - Selected News<\/title>\n<meta name=\"robots\" content=\"index, follow, max-snippet:-1, max-image-preview:large, max-video-preview:-1\" \/>\n<link rel=\"canonical\" href=\"https:\/\/selectednews.info\/mx\/economia-mexicana-enfrenta-el-riesgo-de-una-recesion-mundial\/\" \/>\n<meta property=\"og:locale\" content=\"es_MX\" \/>\n<meta property=\"og:type\" content=\"article\" \/>\n<meta property=\"og:title\" content=\"Econom\u00eda mexicana enfrenta el riesgo de una recesi\u00f3n mundial - Selected News\" \/>\n<meta property=\"og:description\" content=\"[ad_1] [email\u00a0protected] El escenario econ\u00f3mico para M\u00e9xico se prev\u00e9 adverso, a nivel interno con un nuevo gobierno cuya curva de aprendizaje ha sido m\u00e1s empinada que en otros sexenios, retrasando inversi\u00f3n, y en el exterior con una actividad global que se est\u00e1 desacelerando, con el riesgo de llegar a una recesi\u00f3n, advirti\u00f3 Esteban Polidura, jefe [&hellip;]\" \/>\n<meta property=\"og:url\" content=\"https:\/\/selectednews.info\/mx\/economia-mexicana-enfrenta-el-riesgo-de-una-recesion-mundial\/\" \/>\n<meta property=\"og:site_name\" content=\"Selected News\" \/>\n<meta property=\"article:published_time\" content=\"2019-06-27T15:30:57+00:00\" \/>\n<meta property=\"article:modified_time\" content=\"2019-06-27T15:30:58+00:00\" \/>\n<meta property=\"og:image\" content=\"https:\/\/selectednews.info\/mx\/wp-content\/uploads\/sites\/8\/2019\/06\/Econom\u00eda-mexicana-enfrenta-el-riesgo-de-una-recesi\u00f3n-mundial.jpg\" \/>\n\t<meta property=\"og:image:width\" content=\"651\" \/>\n\t<meta property=\"og:image:height\" content=\"400\" \/>\n\t<meta property=\"og:image:type\" content=\"image\/jpeg\" \/>\n<meta name=\"author\" content=\"selectednews\" \/>\n<meta name=\"twitter:card\" content=\"summary_large_image\" \/>\n<meta name=\"twitter:label1\" content=\"Escrito por\" \/>\n\t<meta name=\"twitter:data1\" content=\"selectednews\" \/>\n\t<meta name=\"twitter:label2\" content=\"Tiempo de lectura\" \/>\n\t<meta name=\"twitter:data2\" content=\"2 minutos\" \/>\n<script type=\"application\/ld+json\" class=\"yoast-schema-graph\">{\"@context\":\"https:\\\/\\\/schema.org\",\"@graph\":[{\"@type\":\"Article\",\"@id\":\"https:\\\/\\\/selectednews.info\\\/mx\\\/economia-mexicana-enfrenta-el-riesgo-de-una-recesion-mundial\\\/#article\",\"isPartOf\":{\"@id\":\"https:\\\/\\\/selectednews.info\\\/mx\\\/economia-mexicana-enfrenta-el-riesgo-de-una-recesion-mundial\\\/\"},\"author\":{\"name\":\"selectednews\",\"@id\":\"https:\\\/\\\/selectednews.info\\\/mx\\\/#\\\/schema\\\/person\\\/c8a0f1bfe64548cfb06c0529b0970068\"},\"headline\":\"Econom\u00eda mexicana enfrenta el riesgo de una recesi\u00f3n mundial\",\"datePublished\":\"2019-06-27T15:30:57+00:00\",\"dateModified\":\"2019-06-27T15:30:58+00:00\",\"mainEntityOfPage\":{\"@id\":\"https:\\\/\\\/selectednews.info\\\/mx\\\/economia-mexicana-enfrenta-el-riesgo-de-una-recesion-mundial\\\/\"},\"wordCount\":470,\"commentCount\":0,\"image\":{\"@id\":\"https:\\\/\\\/selectednews.info\\\/mx\\\/economia-mexicana-enfrenta-el-riesgo-de-una-recesion-mundial\\\/#primaryimage\"},\"thumbnailUrl\":\"https:\\\/\\\/selectednews.info\\\/mx\\\/wp-content\\\/uploads\\\/sites\\\/8\\\/2019\\\/06\\\/Econom\u00eda-mexicana-enfrenta-el-riesgo-de-una-recesi\u00f3n-mundial.jpg\",\"articleSection\":[\"NOTICIAS DE NEGOCIOS\"],\"inLanguage\":\"es\",\"potentialAction\":[{\"@type\":\"CommentAction\",\"name\":\"Comment\",\"target\":[\"https:\\\/\\\/selectednews.info\\\/mx\\\/economia-mexicana-enfrenta-el-riesgo-de-una-recesion-mundial\\\/#respond\"]}]},{\"@type\":\"WebPage\",\"@id\":\"https:\\\/\\\/selectednews.info\\\/mx\\\/economia-mexicana-enfrenta-el-riesgo-de-una-recesion-mundial\\\/\",\"url\":\"https:\\\/\\\/selectednews.info\\\/mx\\\/economia-mexicana-enfrenta-el-riesgo-de-una-recesion-mundial\\\/\",\"name\":\"Econom\u00eda mexicana enfrenta el riesgo de una recesi\u00f3n mundial - Selected News\",\"isPartOf\":{\"@id\":\"https:\\\/\\\/selectednews.info\\\/mx\\\/#website\"},\"primaryImageOfPage\":{\"@id\":\"https:\\\/\\\/selectednews.info\\\/mx\\\/economia-mexicana-enfrenta-el-riesgo-de-una-recesion-mundial\\\/#primaryimage\"},\"image\":{\"@id\":\"https:\\\/\\\/selectednews.info\\\/mx\\\/economia-mexicana-enfrenta-el-riesgo-de-una-recesion-mundial\\\/#primaryimage\"},\"thumbnailUrl\":\"https:\\\/\\\/selectednews.info\\\/mx\\\/wp-content\\\/uploads\\\/sites\\\/8\\\/2019\\\/06\\\/Econom\u00eda-mexicana-enfrenta-el-riesgo-de-una-recesi\u00f3n-mundial.jpg\",\"datePublished\":\"2019-06-27T15:30:57+00:00\",\"dateModified\":\"2019-06-27T15:30:58+00:00\",\"author\":{\"@id\":\"https:\\\/\\\/selectednews.info\\\/mx\\\/#\\\/schema\\\/person\\\/c8a0f1bfe64548cfb06c0529b0970068\"},\"breadcrumb\":{\"@id\":\"https:\\\/\\\/selectednews.info\\\/mx\\\/economia-mexicana-enfrenta-el-riesgo-de-una-recesion-mundial\\\/#breadcrumb\"},\"inLanguage\":\"es\",\"potentialAction\":[{\"@type\":\"ReadAction\",\"target\":[\"https:\\\/\\\/selectednews.info\\\/mx\\\/economia-mexicana-enfrenta-el-riesgo-de-una-recesion-mundial\\\/\"]}]},{\"@type\":\"ImageObject\",\"inLanguage\":\"es\",\"@id\":\"https:\\\/\\\/selectednews.info\\\/mx\\\/economia-mexicana-enfrenta-el-riesgo-de-una-recesion-mundial\\\/#primaryimage\",\"url\":\"https:\\\/\\\/selectednews.info\\\/mx\\\/wp-content\\\/uploads\\\/sites\\\/8\\\/2019\\\/06\\\/Econom\u00eda-mexicana-enfrenta-el-riesgo-de-una-recesi\u00f3n-mundial.jpg\",\"contentUrl\":\"https:\\\/\\\/selectednews.info\\\/mx\\\/wp-content\\\/uploads\\\/sites\\\/8\\\/2019\\\/06\\\/Econom\u00eda-mexicana-enfrenta-el-riesgo-de-una-recesi\u00f3n-mundial.jpg\",\"width\":651,\"height\":400,\"caption\":\"Econom\u00eda mexicana enfrenta el riesgo de una recesi\u00f3n mundial\"},{\"@type\":\"BreadcrumbList\",\"@id\":\"https:\\\/\\\/selectednews.info\\\/mx\\\/economia-mexicana-enfrenta-el-riesgo-de-una-recesion-mundial\\\/#breadcrumb\",\"itemListElement\":[{\"@type\":\"ListItem\",\"position\":1,\"name\":\"Home\",\"item\":\"https:\\\/\\\/selectednews.info\\\/mx\\\/\"},{\"@type\":\"ListItem\",\"position\":2,\"name\":\"Econom\u00eda mexicana enfrenta el riesgo de una recesi\u00f3n mundial\"}]},{\"@type\":\"WebSite\",\"@id\":\"https:\\\/\\\/selectednews.info\\\/mx\\\/#website\",\"url\":\"https:\\\/\\\/selectednews.info\\\/mx\\\/\",\"name\":\"Selected News\",\"description\":\"Selected News Mexico\",\"potentialAction\":[{\"@type\":\"SearchAction\",\"target\":{\"@type\":\"EntryPoint\",\"urlTemplate\":\"https:\\\/\\\/selectednews.info\\\/mx\\\/?s={search_term_string}\"},\"query-input\":{\"@type\":\"PropertyValueSpecification\",\"valueRequired\":true,\"valueName\":\"search_term_string\"}}],\"inLanguage\":\"es\"},{\"@type\":\"Person\",\"@id\":\"https:\\\/\\\/selectednews.info\\\/mx\\\/#\\\/schema\\\/person\\\/c8a0f1bfe64548cfb06c0529b0970068\",\"name\":\"selectednews\",\"image\":{\"@type\":\"ImageObject\",\"inLanguage\":\"es\",\"@id\":\"https:\\\/\\\/secure.gravatar.com\\\/avatar\\\/c88515018a25fd646d9f77ea80cc88996711575667608a2cd1b47f3d1145508a?s=96&d=mm&r=g\",\"url\":\"https:\\\/\\\/secure.gravatar.com\\\/avatar\\\/c88515018a25fd646d9f77ea80cc88996711575667608a2cd1b47f3d1145508a?s=96&d=mm&r=g\",\"contentUrl\":\"https:\\\/\\\/secure.gravatar.com\\\/avatar\\\/c88515018a25fd646d9f77ea80cc88996711575667608a2cd1b47f3d1145508a?s=96&d=mm&r=g\",\"caption\":\"selectednews\"},\"url\":\"https:\\\/\\\/selectednews.info\\\/mx\\\/author\\\/pt\\\/\"}]}<\/script>\n<!-- \/ Yoast SEO plugin. -->","yoast_head_json":{"title":"Econom\u00eda mexicana enfrenta el riesgo de una recesi\u00f3n mundial - Selected News","robots":{"index":"index","follow":"follow","max-snippet":"max-snippet:-1","max-image-preview":"max-image-preview:large","max-video-preview":"max-video-preview:-1"},"canonical":"https:\/\/selectednews.info\/mx\/economia-mexicana-enfrenta-el-riesgo-de-una-recesion-mundial\/","og_locale":"es_MX","og_type":"article","og_title":"Econom\u00eda mexicana enfrenta el riesgo de una recesi\u00f3n mundial - Selected News","og_description":"[ad_1] [email\u00a0protected] El escenario econ\u00f3mico para M\u00e9xico se prev\u00e9 adverso, a nivel interno con un nuevo gobierno cuya curva de aprendizaje ha sido m\u00e1s empinada que en otros sexenios, retrasando inversi\u00f3n, y en el exterior con una actividad global que se est\u00e1 desacelerando, con el riesgo de llegar a una recesi\u00f3n, advirti\u00f3 Esteban Polidura, jefe [&hellip;]","og_url":"https:\/\/selectednews.info\/mx\/economia-mexicana-enfrenta-el-riesgo-de-una-recesion-mundial\/","og_site_name":"Selected News","article_published_time":"2019-06-27T15:30:57+00:00","article_modified_time":"2019-06-27T15:30:58+00:00","og_image":[{"width":651,"height":400,"url":"https:\/\/selectednews.info\/mx\/wp-content\/uploads\/sites\/8\/2019\/06\/Econom\u00eda-mexicana-enfrenta-el-riesgo-de-una-recesi\u00f3n-mundial.jpg","type":"image\/jpeg"}],"author":"selectednews","twitter_card":"summary_large_image","twitter_misc":{"Escrito por":"selectednews","Tiempo de lectura":"2 minutos"},"schema":{"@context":"https:\/\/schema.org","@graph":[{"@type":"Article","@id":"https:\/\/selectednews.info\/mx\/economia-mexicana-enfrenta-el-riesgo-de-una-recesion-mundial\/#article","isPartOf":{"@id":"https:\/\/selectednews.info\/mx\/economia-mexicana-enfrenta-el-riesgo-de-una-recesion-mundial\/"},"author":{"name":"selectednews","@id":"https:\/\/selectednews.info\/mx\/#\/schema\/person\/c8a0f1bfe64548cfb06c0529b0970068"},"headline":"Econom\u00eda mexicana enfrenta el riesgo de una recesi\u00f3n mundial","datePublished":"2019-06-27T15:30:57+00:00","dateModified":"2019-06-27T15:30:58+00:00","mainEntityOfPage":{"@id":"https:\/\/selectednews.info\/mx\/economia-mexicana-enfrenta-el-riesgo-de-una-recesion-mundial\/"},"wordCount":470,"commentCount":0,"image":{"@id":"https:\/\/selectednews.info\/mx\/economia-mexicana-enfrenta-el-riesgo-de-una-recesion-mundial\/#primaryimage"},"thumbnailUrl":"https:\/\/selectednews.info\/mx\/wp-content\/uploads\/sites\/8\/2019\/06\/Econom\u00eda-mexicana-enfrenta-el-riesgo-de-una-recesi\u00f3n-mundial.jpg","articleSection":["NOTICIAS DE NEGOCIOS"],"inLanguage":"es","potentialAction":[{"@type":"CommentAction","name":"Comment","target":["https:\/\/selectednews.info\/mx\/economia-mexicana-enfrenta-el-riesgo-de-una-recesion-mundial\/#respond"]}]},{"@type":"WebPage","@id":"https:\/\/selectednews.info\/mx\/economia-mexicana-enfrenta-el-riesgo-de-una-recesion-mundial\/","url":"https:\/\/selectednews.info\/mx\/economia-mexicana-enfrenta-el-riesgo-de-una-recesion-mundial\/","name":"Econom\u00eda mexicana enfrenta el riesgo de una recesi\u00f3n mundial - Selected News","isPartOf":{"@id":"https:\/\/selectednews.info\/mx\/#website"},"primaryImageOfPage":{"@id":"https:\/\/selectednews.info\/mx\/economia-mexicana-enfrenta-el-riesgo-de-una-recesion-mundial\/#primaryimage"},"image":{"@id":"https:\/\/selectednews.info\/mx\/economia-mexicana-enfrenta-el-riesgo-de-una-recesion-mundial\/#primaryimage"},"thumbnailUrl":"https:\/\/selectednews.info\/mx\/wp-content\/uploads\/sites\/8\/2019\/06\/Econom\u00eda-mexicana-enfrenta-el-riesgo-de-una-recesi\u00f3n-mundial.jpg","datePublished":"2019-06-27T15:30:57+00:00","dateModified":"2019-06-27T15:30:58+00:00","author":{"@id":"https:\/\/selectednews.info\/mx\/#\/schema\/person\/c8a0f1bfe64548cfb06c0529b0970068"},"breadcrumb":{"@id":"https:\/\/selectednews.info\/mx\/economia-mexicana-enfrenta-el-riesgo-de-una-recesion-mundial\/#breadcrumb"},"inLanguage":"es","potentialAction":[{"@type":"ReadAction","target":["https:\/\/selectednews.info\/mx\/economia-mexicana-enfrenta-el-riesgo-de-una-recesion-mundial\/"]}]},{"@type":"ImageObject","inLanguage":"es","@id":"https:\/\/selectednews.info\/mx\/economia-mexicana-enfrenta-el-riesgo-de-una-recesion-mundial\/#primaryimage","url":"https:\/\/selectednews.info\/mx\/wp-content\/uploads\/sites\/8\/2019\/06\/Econom\u00eda-mexicana-enfrenta-el-riesgo-de-una-recesi\u00f3n-mundial.jpg","contentUrl":"https:\/\/selectednews.info\/mx\/wp-content\/uploads\/sites\/8\/2019\/06\/Econom\u00eda-mexicana-enfrenta-el-riesgo-de-una-recesi\u00f3n-mundial.jpg","width":651,"height":400,"caption":"Econom\u00eda mexicana enfrenta el riesgo de una recesi\u00f3n mundial"},{"@type":"BreadcrumbList","@id":"https:\/\/selectednews.info\/mx\/economia-mexicana-enfrenta-el-riesgo-de-una-recesion-mundial\/#breadcrumb","itemListElement":[{"@type":"ListItem","position":1,"name":"Home","item":"https:\/\/selectednews.info\/mx\/"},{"@type":"ListItem","position":2,"name":"Econom\u00eda mexicana enfrenta el riesgo de una recesi\u00f3n mundial"}]},{"@type":"WebSite","@id":"https:\/\/selectednews.info\/mx\/#website","url":"https:\/\/selectednews.info\/mx\/","name":"Selected News","description":"Selected News Mexico","potentialAction":[{"@type":"SearchAction","target":{"@type":"EntryPoint","urlTemplate":"https:\/\/selectednews.info\/mx\/?s={search_term_string}"},"query-input":{"@type":"PropertyValueSpecification","valueRequired":true,"valueName":"search_term_string"}}],"inLanguage":"es"},{"@type":"Person","@id":"https:\/\/selectednews.info\/mx\/#\/schema\/person\/c8a0f1bfe64548cfb06c0529b0970068","name":"selectednews","image":{"@type":"ImageObject","inLanguage":"es","@id":"https:\/\/secure.gravatar.com\/avatar\/c88515018a25fd646d9f77ea80cc88996711575667608a2cd1b47f3d1145508a?s=96&d=mm&r=g","url":"https:\/\/secure.gravatar.com\/avatar\/c88515018a25fd646d9f77ea80cc88996711575667608a2cd1b47f3d1145508a?s=96&d=mm&r=g","contentUrl":"https:\/\/secure.gravatar.com\/avatar\/c88515018a25fd646d9f77ea80cc88996711575667608a2cd1b47f3d1145508a?s=96&d=mm&r=g","caption":"selectednews"},"url":"https:\/\/selectednews.info\/mx\/author\/pt\/"}]}},"_links":{"self":[{"href":"https:\/\/selectednews.info\/mx\/wp-json\/wp\/v2\/posts\/1472","targetHints":{"allow":["GET"]}}],"collection":[{"href":"https:\/\/selectednews.info\/mx\/wp-json\/wp\/v2\/posts"}],"about":[{"href":"https:\/\/selectednews.info\/mx\/wp-json\/wp\/v2\/types\/post"}],"author":[{"embeddable":true,"href":"https:\/\/selectednews.info\/mx\/wp-json\/wp\/v2\/users\/2"}],"replies":[{"embeddable":true,"href":"https:\/\/selectednews.info\/mx\/wp-json\/wp\/v2\/comments?post=1472"}],"version-history":[{"count":1,"href":"https:\/\/selectednews.info\/mx\/wp-json\/wp\/v2\/posts\/1472\/revisions"}],"predecessor-version":[{"id":1474,"href":"https:\/\/selectednews.info\/mx\/wp-json\/wp\/v2\/posts\/1472\/revisions\/1474"}],"wp:featuredmedia":[{"embeddable":true,"href":"https:\/\/selectednews.info\/mx\/wp-json\/wp\/v2\/media\/1473"}],"wp:attachment":[{"href":"https:\/\/selectednews.info\/mx\/wp-json\/wp\/v2\/media?parent=1472"}],"wp:term":[{"taxonomy":"category","embeddable":true,"href":"https:\/\/selectednews.info\/mx\/wp-json\/wp\/v2\/categories?post=1472"},{"taxonomy":"post_tag","embeddable":true,"href":"https:\/\/selectednews.info\/mx\/wp-json\/wp\/v2\/tags?post=1472"}],"curies":[{"name":"wp","href":"https:\/\/api.w.org\/{rel}","templated":true}]}}