{"id":1475,"date":"2019-06-27T16:59:10","date_gmt":"2019-06-27T16:59:10","guid":{"rendered":"https:\/\/selectednews.info\/mx\/desocupacion-llega-a-3-5-en-mayo\/"},"modified":"2019-06-27T16:59:11","modified_gmt":"2019-06-27T16:59:11","slug":"desocupacion-llega-a-3-5-en-mayo","status":"publish","type":"post","link":"https:\/\/selectednews.info\/mx\/desocupacion-llega-a-3-5-en-mayo\/","title":{"rendered":"Desocupaci\u00f3n llega a 3.5% en mayo"},"content":{"rendered":"<p> [ad_1]<br \/>\n<\/p>\n<div>\n<p><em>rube<span class=\"__cf_email__\" data-cfemail=\"422c6c2f2b2537272e273102272e372c2b34273031232e6c212d2f6c2f3a\">[email\u00a0protected]<\/span><\/em><\/p>\n<p>\nA pesar del desplome de la generaci\u00f3n de empleos formales durante mayo, la tasa de desocupaci\u00f3n en M\u00e9xico lleg\u00f3 a 3.48% de la Poblaci\u00f3n Econ\u00f3micamente Activa (PEA) a escala nacional, cifra ligeramente superior a la de 3.45% del mes anterior, pero inferior a la de 3.56% reportada en marzo pasado, de acuerdo con cifras ajustadas por estacionalidad del Inegi.<\/p>\n<p>\nPor g\u00e9nero, la tasa de desocupaci\u00f3n report\u00f3 una variaci\u00f3n m\u00ednima con relaci\u00f3n a la del mes precedente. En los hombres se estableci\u00f3 en 3.38% durante mayo contra 3.40% de abril, y en las mujeres en 3.61% contra 3.60% previo.<\/p>\n<p>\nLa publicaci\u00f3n de las cifras se da d\u00edas despu\u00e9s de que el IMSS report\u00f3 una ca\u00edda de 88.3% a tasa anual en la creaci\u00f3n de nuevos fuentes de trabajo formales en mayo, generando preocupaciones en torno a la fortaleza del mercado laboral.<\/p>\n<p>\nDe manera acumulada, la creaci\u00f3n de empleos formales es relativamente d\u00e9bil frente a periodos pasados, pues en los primeros cinco meses de 2019 report\u00f3 una ca\u00edda de 38% respecto al mismo periodo de 2018; sin embargo, si se compara con las cifras de 2013 para considerar los efectos estacionales del primer a\u00f1o de gobierno, se registra un aumento de 3.6%.<\/p>\n<p>\u00a0<\/p>\n<p>\nEn opini\u00f3n de Francisco Flores, analista econ\u00f3mico de Banorte: \u201cEl conjunto de datos reportado muestra un panorama m\u00e1s negativo, con un deterioro adicional de la tasa de subocupaci\u00f3n y otra disminuci\u00f3n de la tasa de participaci\u00f3n. En este sentido, las cifras sugieren que las condiciones del mercado laboral se est\u00e1n deteriorando gradualmente, probablemente resultado de una menor actividad econ\u00f3mica\u201d.<\/p>\n<p>\nLa tasa de subocupaci\u00f3n, porcentaje de la poblaci\u00f3n ocupada que tiene la necesidad y disponibilidad de ofertar m\u00e1s tiempo de trabajo de lo que su ocupaci\u00f3n le demanda, represent\u00f3 7.5%, tasa superior a la de 7.4% de abril.<\/p>\n<p>\nPor su parte, 59.8% de la poblaci\u00f3n de 15 a\u00f1os y m\u00e1s en el pa\u00eds se ubic\u00f3 como econ\u00f3micamente activa (tasa de participaci\u00f3n).<\/p>\n<p>\nRespecto al empleo informal, el porcentaje de estos relacionados a la econom\u00eda formal aument\u00f3 de 28.44% a 28.95%. Por el contrario, aquellos que trabajan en el sector propiamente informal disminuyeron al pasar de 28.20% a 27.41%. Como resultado, el total en este sector retrocedi\u00f3 de 56.64% a 56.37% de la poblaci\u00f3n ocupada.<\/p>\n<p>\nLos estados con los mayores niveles de desempleo en mayo fueron Tabasco, con 6.7%; Coahuila, 4.8%; Ciudad de M\u00e9xico y Durango, 4.7%, cada una, y Estado de M\u00e9xico, con 4.4%. Por el contrario, quienes reportaron las menores tasas fueron Oaxaca, 1.3%; Guerrero, 1.6%, y Yucat\u00e1n, 1.7%.<\/p>\n<p>\nJaneth Quiroz, analista de grupo Monex, dijo que a futuro \u201cla incertidumbre en la toma de decisiones pol\u00edticas y las menores perspectivas de crecimiento para el pa\u00eds pueden ejercer presiones sobre la tasa de desempleo, aunque es posible que los programas sociales de la nueva administraci\u00f3n contribuyan a mantener la tasa de desocupaci\u00f3n en niveles cercanos a los actuales durante algunos meses\u201d.<\/p>\n<\/div>\n<p>[ad_2]<br \/>\n<br \/><a href=\"https:\/\/www.eluniversal.com.mx\/cartera\/desocupacion-llega-35-en-mayo\">Source link <\/a><\/p>\n","protected":false},"excerpt":{"rendered":"<p>[ad_1] rube[email\u00a0protected] A pesar del desplome de la generaci\u00f3n de empleos formales durante mayo, la tasa de desocupaci\u00f3n en M\u00e9xico lleg\u00f3 a 3.48% de la Poblaci\u00f3n Econ\u00f3micamente Activa (PEA) a escala nacional, cifra ligeramente superior a la de 3.45% del mes anterior, pero inferior a la de 3.56% reportada en marzo pasado, de acuerdo con [&hellip;]<\/p>\n","protected":false},"author":2,"featured_media":1476,"comment_status":"open","ping_status":"open","sticky":false,"template":"","format":"standard","meta":{"footnotes":""},"categories":[1],"tags":[],"class_list":["post-1475","post","type-post","status-publish","format-standard","has-post-thumbnail","hentry","category-noticias-de-negocios"],"yoast_head":"<!-- This site is optimized with the Yoast SEO plugin v28.3 - https:\/\/yoast.com\/product\/yoast-seo-wordpress\/ -->\n<title>Desocupaci\u00f3n llega a 3.5% en mayo - Selected News<\/title>\n<meta name=\"robots\" content=\"index, follow, max-snippet:-1, max-image-preview:large, max-video-preview:-1\" \/>\n<link rel=\"canonical\" href=\"https:\/\/selectednews.info\/mx\/desocupacion-llega-a-3-5-en-mayo\/\" \/>\n<meta property=\"og:locale\" content=\"es_MX\" \/>\n<meta property=\"og:type\" content=\"article\" \/>\n<meta property=\"og:title\" content=\"Desocupaci\u00f3n llega a 3.5% en mayo - Selected News\" \/>\n<meta property=\"og:description\" content=\"[ad_1] rube[email\u00a0protected] A pesar del desplome de la generaci\u00f3n de empleos formales durante mayo, la tasa de desocupaci\u00f3n en M\u00e9xico lleg\u00f3 a 3.48% de la Poblaci\u00f3n Econ\u00f3micamente Activa (PEA) a escala nacional, cifra ligeramente superior a la de 3.45% del mes anterior, pero inferior a la de 3.56% reportada en marzo pasado, de acuerdo con [&hellip;]\" \/>\n<meta property=\"og:url\" content=\"https:\/\/selectednews.info\/mx\/desocupacion-llega-a-3-5-en-mayo\/\" \/>\n<meta property=\"og:site_name\" content=\"Selected News\" \/>\n<meta property=\"article:published_time\" content=\"2019-06-27T16:59:10+00:00\" \/>\n<meta property=\"article:modified_time\" content=\"2019-06-27T16:59:11+00:00\" \/>\n<meta property=\"og:image\" content=\"https:\/\/selectednews.info\/mx\/wp-content\/uploads\/sites\/8\/2019\/06\/Desocupaci\u00f3n-llega-a-3.5-en-mayo.gif\" \/>\n\t<meta property=\"og:image:width\" content=\"567\" \/>\n\t<meta property=\"og:image:height\" content=\"866\" \/>\n\t<meta property=\"og:image:type\" content=\"image\/gif\" \/>\n<meta name=\"author\" content=\"selectednews\" \/>\n<meta name=\"twitter:card\" content=\"summary_large_image\" \/>\n<meta name=\"twitter:label1\" content=\"Escrito por\" \/>\n\t<meta name=\"twitter:data1\" content=\"selectednews\" \/>\n\t<meta name=\"twitter:label2\" content=\"Tiempo de lectura\" \/>\n\t<meta name=\"twitter:data2\" content=\"3 minutos\" \/>\n<script type=\"application\/ld+json\" class=\"yoast-schema-graph\">{\"@context\":\"https:\\\/\\\/schema.org\",\"@graph\":[{\"@type\":\"Article\",\"@id\":\"https:\\\/\\\/selectednews.info\\\/mx\\\/desocupacion-llega-a-3-5-en-mayo\\\/#article\",\"isPartOf\":{\"@id\":\"https:\\\/\\\/selectednews.info\\\/mx\\\/desocupacion-llega-a-3-5-en-mayo\\\/\"},\"author\":{\"name\":\"selectednews\",\"@id\":\"https:\\\/\\\/selectednews.info\\\/mx\\\/#\\\/schema\\\/person\\\/c8a0f1bfe64548cfb06c0529b0970068\"},\"headline\":\"Desocupaci\u00f3n llega a 3.5% en mayo\",\"datePublished\":\"2019-06-27T16:59:10+00:00\",\"dateModified\":\"2019-06-27T16:59:11+00:00\",\"mainEntityOfPage\":{\"@id\":\"https:\\\/\\\/selectednews.info\\\/mx\\\/desocupacion-llega-a-3-5-en-mayo\\\/\"},\"wordCount\":509,\"commentCount\":0,\"image\":{\"@id\":\"https:\\\/\\\/selectednews.info\\\/mx\\\/desocupacion-llega-a-3-5-en-mayo\\\/#primaryimage\"},\"thumbnailUrl\":\"https:\\\/\\\/selectednews.info\\\/mx\\\/wp-content\\\/uploads\\\/sites\\\/8\\\/2019\\\/06\\\/Desocupaci\u00f3n-llega-a-3.5-en-mayo.gif\",\"articleSection\":[\"NOTICIAS DE NEGOCIOS\"],\"inLanguage\":\"es\",\"potentialAction\":[{\"@type\":\"CommentAction\",\"name\":\"Comment\",\"target\":[\"https:\\\/\\\/selectednews.info\\\/mx\\\/desocupacion-llega-a-3-5-en-mayo\\\/#respond\"]}]},{\"@type\":\"WebPage\",\"@id\":\"https:\\\/\\\/selectednews.info\\\/mx\\\/desocupacion-llega-a-3-5-en-mayo\\\/\",\"url\":\"https:\\\/\\\/selectednews.info\\\/mx\\\/desocupacion-llega-a-3-5-en-mayo\\\/\",\"name\":\"Desocupaci\u00f3n llega a 3.5% en mayo - Selected News\",\"isPartOf\":{\"@id\":\"https:\\\/\\\/selectednews.info\\\/mx\\\/#website\"},\"primaryImageOfPage\":{\"@id\":\"https:\\\/\\\/selectednews.info\\\/mx\\\/desocupacion-llega-a-3-5-en-mayo\\\/#primaryimage\"},\"image\":{\"@id\":\"https:\\\/\\\/selectednews.info\\\/mx\\\/desocupacion-llega-a-3-5-en-mayo\\\/#primaryimage\"},\"thumbnailUrl\":\"https:\\\/\\\/selectednews.info\\\/mx\\\/wp-content\\\/uploads\\\/sites\\\/8\\\/2019\\\/06\\\/Desocupaci\u00f3n-llega-a-3.5-en-mayo.gif\",\"datePublished\":\"2019-06-27T16:59:10+00:00\",\"dateModified\":\"2019-06-27T16:59:11+00:00\",\"author\":{\"@id\":\"https:\\\/\\\/selectednews.info\\\/mx\\\/#\\\/schema\\\/person\\\/c8a0f1bfe64548cfb06c0529b0970068\"},\"breadcrumb\":{\"@id\":\"https:\\\/\\\/selectednews.info\\\/mx\\\/desocupacion-llega-a-3-5-en-mayo\\\/#breadcrumb\"},\"inLanguage\":\"es\",\"potentialAction\":[{\"@type\":\"ReadAction\",\"target\":[\"https:\\\/\\\/selectednews.info\\\/mx\\\/desocupacion-llega-a-3-5-en-mayo\\\/\"]}]},{\"@type\":\"ImageObject\",\"inLanguage\":\"es\",\"@id\":\"https:\\\/\\\/selectednews.info\\\/mx\\\/desocupacion-llega-a-3-5-en-mayo\\\/#primaryimage\",\"url\":\"https:\\\/\\\/selectednews.info\\\/mx\\\/wp-content\\\/uploads\\\/sites\\\/8\\\/2019\\\/06\\\/Desocupaci\u00f3n-llega-a-3.5-en-mayo.gif\",\"contentUrl\":\"https:\\\/\\\/selectednews.info\\\/mx\\\/wp-content\\\/uploads\\\/sites\\\/8\\\/2019\\\/06\\\/Desocupaci\u00f3n-llega-a-3.5-en-mayo.gif\",\"width\":567,\"height\":866,\"caption\":\"jun26-dinamicalaboral.gif\"},{\"@type\":\"BreadcrumbList\",\"@id\":\"https:\\\/\\\/selectednews.info\\\/mx\\\/desocupacion-llega-a-3-5-en-mayo\\\/#breadcrumb\",\"itemListElement\":[{\"@type\":\"ListItem\",\"position\":1,\"name\":\"Home\",\"item\":\"https:\\\/\\\/selectednews.info\\\/mx\\\/\"},{\"@type\":\"ListItem\",\"position\":2,\"name\":\"Desocupaci\u00f3n llega a 3.5% en mayo\"}]},{\"@type\":\"WebSite\",\"@id\":\"https:\\\/\\\/selectednews.info\\\/mx\\\/#website\",\"url\":\"https:\\\/\\\/selectednews.info\\\/mx\\\/\",\"name\":\"Selected News\",\"description\":\"Selected News Mexico\",\"potentialAction\":[{\"@type\":\"SearchAction\",\"target\":{\"@type\":\"EntryPoint\",\"urlTemplate\":\"https:\\\/\\\/selectednews.info\\\/mx\\\/?s={search_term_string}\"},\"query-input\":{\"@type\":\"PropertyValueSpecification\",\"valueRequired\":true,\"valueName\":\"search_term_string\"}}],\"inLanguage\":\"es\"},{\"@type\":\"Person\",\"@id\":\"https:\\\/\\\/selectednews.info\\\/mx\\\/#\\\/schema\\\/person\\\/c8a0f1bfe64548cfb06c0529b0970068\",\"name\":\"selectednews\",\"image\":{\"@type\":\"ImageObject\",\"inLanguage\":\"es\",\"@id\":\"https:\\\/\\\/secure.gravatar.com\\\/avatar\\\/c88515018a25fd646d9f77ea80cc88996711575667608a2cd1b47f3d1145508a?s=96&d=mm&r=g\",\"url\":\"https:\\\/\\\/secure.gravatar.com\\\/avatar\\\/c88515018a25fd646d9f77ea80cc88996711575667608a2cd1b47f3d1145508a?s=96&d=mm&r=g\",\"contentUrl\":\"https:\\\/\\\/secure.gravatar.com\\\/avatar\\\/c88515018a25fd646d9f77ea80cc88996711575667608a2cd1b47f3d1145508a?s=96&d=mm&r=g\",\"caption\":\"selectednews\"},\"url\":\"https:\\\/\\\/selectednews.info\\\/mx\\\/author\\\/pt\\\/\"}]}<\/script>\n<!-- \/ Yoast SEO plugin. -->","yoast_head_json":{"title":"Desocupaci\u00f3n llega a 3.5% en mayo - Selected News","robots":{"index":"index","follow":"follow","max-snippet":"max-snippet:-1","max-image-preview":"max-image-preview:large","max-video-preview":"max-video-preview:-1"},"canonical":"https:\/\/selectednews.info\/mx\/desocupacion-llega-a-3-5-en-mayo\/","og_locale":"es_MX","og_type":"article","og_title":"Desocupaci\u00f3n llega a 3.5% en mayo - Selected News","og_description":"[ad_1] rube[email\u00a0protected] A pesar del desplome de la generaci\u00f3n de empleos formales durante mayo, la tasa de desocupaci\u00f3n en M\u00e9xico lleg\u00f3 a 3.48% de la Poblaci\u00f3n Econ\u00f3micamente Activa (PEA) a escala nacional, cifra ligeramente superior a la de 3.45% del mes anterior, pero inferior a la de 3.56% reportada en marzo pasado, de acuerdo con [&hellip;]","og_url":"https:\/\/selectednews.info\/mx\/desocupacion-llega-a-3-5-en-mayo\/","og_site_name":"Selected News","article_published_time":"2019-06-27T16:59:10+00:00","article_modified_time":"2019-06-27T16:59:11+00:00","og_image":[{"width":567,"height":866,"url":"https:\/\/selectednews.info\/mx\/wp-content\/uploads\/sites\/8\/2019\/06\/Desocupaci\u00f3n-llega-a-3.5-en-mayo.gif","type":"image\/gif"}],"author":"selectednews","twitter_card":"summary_large_image","twitter_misc":{"Escrito por":"selectednews","Tiempo de lectura":"3 minutos"},"schema":{"@context":"https:\/\/schema.org","@graph":[{"@type":"Article","@id":"https:\/\/selectednews.info\/mx\/desocupacion-llega-a-3-5-en-mayo\/#article","isPartOf":{"@id":"https:\/\/selectednews.info\/mx\/desocupacion-llega-a-3-5-en-mayo\/"},"author":{"name":"selectednews","@id":"https:\/\/selectednews.info\/mx\/#\/schema\/person\/c8a0f1bfe64548cfb06c0529b0970068"},"headline":"Desocupaci\u00f3n llega a 3.5% en mayo","datePublished":"2019-06-27T16:59:10+00:00","dateModified":"2019-06-27T16:59:11+00:00","mainEntityOfPage":{"@id":"https:\/\/selectednews.info\/mx\/desocupacion-llega-a-3-5-en-mayo\/"},"wordCount":509,"commentCount":0,"image":{"@id":"https:\/\/selectednews.info\/mx\/desocupacion-llega-a-3-5-en-mayo\/#primaryimage"},"thumbnailUrl":"https:\/\/selectednews.info\/mx\/wp-content\/uploads\/sites\/8\/2019\/06\/Desocupaci\u00f3n-llega-a-3.5-en-mayo.gif","articleSection":["NOTICIAS DE NEGOCIOS"],"inLanguage":"es","potentialAction":[{"@type":"CommentAction","name":"Comment","target":["https:\/\/selectednews.info\/mx\/desocupacion-llega-a-3-5-en-mayo\/#respond"]}]},{"@type":"WebPage","@id":"https:\/\/selectednews.info\/mx\/desocupacion-llega-a-3-5-en-mayo\/","url":"https:\/\/selectednews.info\/mx\/desocupacion-llega-a-3-5-en-mayo\/","name":"Desocupaci\u00f3n llega a 3.5% en mayo - Selected News","isPartOf":{"@id":"https:\/\/selectednews.info\/mx\/#website"},"primaryImageOfPage":{"@id":"https:\/\/selectednews.info\/mx\/desocupacion-llega-a-3-5-en-mayo\/#primaryimage"},"image":{"@id":"https:\/\/selectednews.info\/mx\/desocupacion-llega-a-3-5-en-mayo\/#primaryimage"},"thumbnailUrl":"https:\/\/selectednews.info\/mx\/wp-content\/uploads\/sites\/8\/2019\/06\/Desocupaci\u00f3n-llega-a-3.5-en-mayo.gif","datePublished":"2019-06-27T16:59:10+00:00","dateModified":"2019-06-27T16:59:11+00:00","author":{"@id":"https:\/\/selectednews.info\/mx\/#\/schema\/person\/c8a0f1bfe64548cfb06c0529b0970068"},"breadcrumb":{"@id":"https:\/\/selectednews.info\/mx\/desocupacion-llega-a-3-5-en-mayo\/#breadcrumb"},"inLanguage":"es","potentialAction":[{"@type":"ReadAction","target":["https:\/\/selectednews.info\/mx\/desocupacion-llega-a-3-5-en-mayo\/"]}]},{"@type":"ImageObject","inLanguage":"es","@id":"https:\/\/selectednews.info\/mx\/desocupacion-llega-a-3-5-en-mayo\/#primaryimage","url":"https:\/\/selectednews.info\/mx\/wp-content\/uploads\/sites\/8\/2019\/06\/Desocupaci\u00f3n-llega-a-3.5-en-mayo.gif","contentUrl":"https:\/\/selectednews.info\/mx\/wp-content\/uploads\/sites\/8\/2019\/06\/Desocupaci\u00f3n-llega-a-3.5-en-mayo.gif","width":567,"height":866,"caption":"jun26-dinamicalaboral.gif"},{"@type":"BreadcrumbList","@id":"https:\/\/selectednews.info\/mx\/desocupacion-llega-a-3-5-en-mayo\/#breadcrumb","itemListElement":[{"@type":"ListItem","position":1,"name":"Home","item":"https:\/\/selectednews.info\/mx\/"},{"@type":"ListItem","position":2,"name":"Desocupaci\u00f3n llega a 3.5% en mayo"}]},{"@type":"WebSite","@id":"https:\/\/selectednews.info\/mx\/#website","url":"https:\/\/selectednews.info\/mx\/","name":"Selected News","description":"Selected News Mexico","potentialAction":[{"@type":"SearchAction","target":{"@type":"EntryPoint","urlTemplate":"https:\/\/selectednews.info\/mx\/?s={search_term_string}"},"query-input":{"@type":"PropertyValueSpecification","valueRequired":true,"valueName":"search_term_string"}}],"inLanguage":"es"},{"@type":"Person","@id":"https:\/\/selectednews.info\/mx\/#\/schema\/person\/c8a0f1bfe64548cfb06c0529b0970068","name":"selectednews","image":{"@type":"ImageObject","inLanguage":"es","@id":"https:\/\/secure.gravatar.com\/avatar\/c88515018a25fd646d9f77ea80cc88996711575667608a2cd1b47f3d1145508a?s=96&d=mm&r=g","url":"https:\/\/secure.gravatar.com\/avatar\/c88515018a25fd646d9f77ea80cc88996711575667608a2cd1b47f3d1145508a?s=96&d=mm&r=g","contentUrl":"https:\/\/secure.gravatar.com\/avatar\/c88515018a25fd646d9f77ea80cc88996711575667608a2cd1b47f3d1145508a?s=96&d=mm&r=g","caption":"selectednews"},"url":"https:\/\/selectednews.info\/mx\/author\/pt\/"}]}},"_links":{"self":[{"href":"https:\/\/selectednews.info\/mx\/wp-json\/wp\/v2\/posts\/1475","targetHints":{"allow":["GET"]}}],"collection":[{"href":"https:\/\/selectednews.info\/mx\/wp-json\/wp\/v2\/posts"}],"about":[{"href":"https:\/\/selectednews.info\/mx\/wp-json\/wp\/v2\/types\/post"}],"author":[{"embeddable":true,"href":"https:\/\/selectednews.info\/mx\/wp-json\/wp\/v2\/users\/2"}],"replies":[{"embeddable":true,"href":"https:\/\/selectednews.info\/mx\/wp-json\/wp\/v2\/comments?post=1475"}],"version-history":[{"count":1,"href":"https:\/\/selectednews.info\/mx\/wp-json\/wp\/v2\/posts\/1475\/revisions"}],"predecessor-version":[{"id":1477,"href":"https:\/\/selectednews.info\/mx\/wp-json\/wp\/v2\/posts\/1475\/revisions\/1477"}],"wp:featuredmedia":[{"embeddable":true,"href":"https:\/\/selectednews.info\/mx\/wp-json\/wp\/v2\/media\/1476"}],"wp:attachment":[{"href":"https:\/\/selectednews.info\/mx\/wp-json\/wp\/v2\/media?parent=1475"}],"wp:term":[{"taxonomy":"category","embeddable":true,"href":"https:\/\/selectednews.info\/mx\/wp-json\/wp\/v2\/categories?post=1475"},{"taxonomy":"post_tag","embeddable":true,"href":"https:\/\/selectednews.info\/mx\/wp-json\/wp\/v2\/tags?post=1475"}],"curies":[{"name":"wp","href":"https:\/\/api.w.org\/{rel}","templated":true}]}}