{"id":1484,"date":"2019-06-28T03:28:09","date_gmt":"2019-06-28T03:28:09","guid":{"rendered":"https:\/\/selectednews.info\/mx\/gobierno-cambia-deuda-de-corto-a-largo-plazo\/"},"modified":"2019-06-28T03:28:10","modified_gmt":"2019-06-28T03:28:10","slug":"gobierno-cambia-deuda-de-corto-a-largo-plazo","status":"publish","type":"post","link":"https:\/\/selectednews.info\/mx\/gobierno-cambia-deuda-de-corto-a-largo-plazo\/","title":{"rendered":"Gobierno cambia deuda de corto a largo plazo"},"content":{"rendered":"<p> [ad_1]<br \/>\n<\/p>\n<div>\n<p>El<strong> gobierno federal <\/strong>realiz\u00f3 una operaci\u00f3n en el <strong>mercado nacional<\/strong>, para sustituir deuda de corto plazo por una de vencimiento mayor por un monto de 28 mil 228 millones de pesos.<br \/>\u00a0<br \/>Para ello, se hizo una recompra de<strong> Bonos M <\/strong>a <strong>tasas de intere\u0301s <\/strong>de mercado.<br \/>\u00a0<br \/>Lo anterior con el fin de cancelar los <strong>Bonos <\/strong>que ten\u00edan una fecha de vencimiento entre 2019 y 2021.<br \/>\u00a0<br \/>Despu\u00e9s coloc\u00f3 nuevos <strong>bonos <\/strong>en una <strong>subasta <\/strong>adicional de valores gubernamentales con vencimiento en los a\u00f1os 2024 y 2047 por un monto de 27 mil 534 millones de pesos a <strong>tasas de intere\u0301s <\/strong>de mercado.<\/p>\n<p>La <strong>Secretar\u00eda de Hacienda y Cr\u00e9dito P\u00fablico<\/strong> (SHCP) afirm\u00f3 que la operaci\u00f3n no representa un mayor endeudamiento.<\/p>\n<p>La dependencia destac\u00f3 que se trata de un manejo de pasivos para mejorar el <strong>perfil de la deuda p\u00fablica <\/strong>que despert\u00f3 gran inter\u00e9s de la comunidad inversionista tanto local como extranjera, ya que\u00a0 la demanda fue de 45 mil 278 millones de pesos.<br \/>\u00a0<br \/>Asegur\u00f3 que es congruente con el programa de consolidacio\u0301n fiscal y con la estrategia de deuda para reducir el Saldo Histo\u0301rico de los Requerimientos Financieros del Sector Pu\u0301blico.<\/p>\n<p>Por un lado, se busc\u00f3 suavizar el perfil de <strong>vencimientos de deuda del Gobierno Federal <\/strong>en moneda local sin incurrir en endeudamiento adicional; por el otro, mejorar la liquidez del mercado de deuda local ofreciendo a los inversionistas una gama ma\u0301s amplia de alternativas para el rebalanceo de sus portafolios, expuso.<\/p>\n<p>vcr<\/p>\n<\/div>\n<p>[ad_2]<br \/>\n<br \/><a href=\"https:\/\/www.eluniversal.com.mx\/cartera\/economia\/gobierno-cambia-deuda-de-corto-largo-plazo\">Source link <\/a><\/p>\n","protected":false},"excerpt":{"rendered":"<p>[ad_1] El gobierno federal realiz\u00f3 una operaci\u00f3n en el mercado nacional, para sustituir deuda de corto plazo por una de vencimiento mayor por un monto de 28 mil 228 millones de pesos.\u00a0Para ello, se hizo una recompra de Bonos M a tasas de intere\u0301s de mercado.\u00a0Lo anterior con el fin de cancelar los Bonos que [&hellip;]<\/p>\n","protected":false},"author":2,"featured_media":1485,"comment_status":"open","ping_status":"open","sticky":false,"template":"","format":"standard","meta":{"footnotes":""},"categories":[1],"tags":[],"class_list":["post-1484","post","type-post","status-publish","format-standard","has-post-thumbnail","hentry","category-noticias-de-negocios"],"yoast_head":"<!-- This site is optimized with the Yoast SEO plugin v28.3 - https:\/\/yoast.com\/product\/yoast-seo-wordpress\/ -->\n<title>Gobierno cambia deuda de corto a largo plazo - Selected News<\/title>\n<meta name=\"robots\" content=\"index, follow, max-snippet:-1, max-image-preview:large, max-video-preview:-1\" \/>\n<link rel=\"canonical\" href=\"https:\/\/selectednews.info\/mx\/gobierno-cambia-deuda-de-corto-a-largo-plazo\/\" \/>\n<meta property=\"og:locale\" content=\"es_MX\" \/>\n<meta property=\"og:type\" content=\"article\" \/>\n<meta property=\"og:title\" content=\"Gobierno cambia deuda de corto a largo plazo - Selected News\" \/>\n<meta property=\"og:description\" content=\"[ad_1] El gobierno federal realiz\u00f3 una operaci\u00f3n en el mercado nacional, para sustituir deuda de corto plazo por una de vencimiento mayor por un monto de 28 mil 228 millones de pesos.\u00a0Para ello, se hizo una recompra de Bonos M a tasas de intere\u0301s de mercado.\u00a0Lo anterior con el fin de cancelar los Bonos que [&hellip;]\" \/>\n<meta property=\"og:url\" content=\"https:\/\/selectednews.info\/mx\/gobierno-cambia-deuda-de-corto-a-largo-plazo\/\" \/>\n<meta property=\"og:site_name\" content=\"Selected News\" \/>\n<meta property=\"article:published_time\" content=\"2019-06-28T03:28:09+00:00\" \/>\n<meta property=\"article:modified_time\" content=\"2019-06-28T03:28:10+00:00\" \/>\n<meta property=\"og:image\" content=\"https:\/\/selectednews.info\/mx\/wp-content\/uploads\/sites\/8\/2019\/06\/Gobierno-cambia-deuda-de-corto-a-largo-plazo.jpg\" \/>\n\t<meta property=\"og:image:width\" content=\"651\" \/>\n\t<meta property=\"og:image:height\" content=\"400\" \/>\n\t<meta property=\"og:image:type\" content=\"image\/jpeg\" \/>\n<meta name=\"author\" content=\"selectednews\" \/>\n<meta name=\"twitter:card\" content=\"summary_large_image\" \/>\n<meta name=\"twitter:label1\" content=\"Escrito por\" \/>\n\t<meta name=\"twitter:data1\" content=\"selectednews\" \/>\n\t<meta name=\"twitter:label2\" content=\"Tiempo de lectura\" \/>\n\t<meta name=\"twitter:data2\" content=\"1 minuto\" \/>\n<script type=\"application\/ld+json\" class=\"yoast-schema-graph\">{\"@context\":\"https:\\\/\\\/schema.org\",\"@graph\":[{\"@type\":\"Article\",\"@id\":\"https:\\\/\\\/selectednews.info\\\/mx\\\/gobierno-cambia-deuda-de-corto-a-largo-plazo\\\/#article\",\"isPartOf\":{\"@id\":\"https:\\\/\\\/selectednews.info\\\/mx\\\/gobierno-cambia-deuda-de-corto-a-largo-plazo\\\/\"},\"author\":{\"name\":\"selectednews\",\"@id\":\"https:\\\/\\\/selectednews.info\\\/mx\\\/#\\\/schema\\\/person\\\/c8a0f1bfe64548cfb06c0529b0970068\"},\"headline\":\"Gobierno cambia deuda de corto a largo plazo\",\"datePublished\":\"2019-06-28T03:28:09+00:00\",\"dateModified\":\"2019-06-28T03:28:10+00:00\",\"mainEntityOfPage\":{\"@id\":\"https:\\\/\\\/selectednews.info\\\/mx\\\/gobierno-cambia-deuda-de-corto-a-largo-plazo\\\/\"},\"wordCount\":258,\"commentCount\":0,\"image\":{\"@id\":\"https:\\\/\\\/selectednews.info\\\/mx\\\/gobierno-cambia-deuda-de-corto-a-largo-plazo\\\/#primaryimage\"},\"thumbnailUrl\":\"https:\\\/\\\/selectednews.info\\\/mx\\\/wp-content\\\/uploads\\\/sites\\\/8\\\/2019\\\/06\\\/Gobierno-cambia-deuda-de-corto-a-largo-plazo.jpg\",\"articleSection\":[\"NOTICIAS DE NEGOCIOS\"],\"inLanguage\":\"es\",\"potentialAction\":[{\"@type\":\"CommentAction\",\"name\":\"Comment\",\"target\":[\"https:\\\/\\\/selectednews.info\\\/mx\\\/gobierno-cambia-deuda-de-corto-a-largo-plazo\\\/#respond\"]}]},{\"@type\":\"WebPage\",\"@id\":\"https:\\\/\\\/selectednews.info\\\/mx\\\/gobierno-cambia-deuda-de-corto-a-largo-plazo\\\/\",\"url\":\"https:\\\/\\\/selectednews.info\\\/mx\\\/gobierno-cambia-deuda-de-corto-a-largo-plazo\\\/\",\"name\":\"Gobierno cambia deuda de corto a largo plazo - Selected News\",\"isPartOf\":{\"@id\":\"https:\\\/\\\/selectednews.info\\\/mx\\\/#website\"},\"primaryImageOfPage\":{\"@id\":\"https:\\\/\\\/selectednews.info\\\/mx\\\/gobierno-cambia-deuda-de-corto-a-largo-plazo\\\/#primaryimage\"},\"image\":{\"@id\":\"https:\\\/\\\/selectednews.info\\\/mx\\\/gobierno-cambia-deuda-de-corto-a-largo-plazo\\\/#primaryimage\"},\"thumbnailUrl\":\"https:\\\/\\\/selectednews.info\\\/mx\\\/wp-content\\\/uploads\\\/sites\\\/8\\\/2019\\\/06\\\/Gobierno-cambia-deuda-de-corto-a-largo-plazo.jpg\",\"datePublished\":\"2019-06-28T03:28:09+00:00\",\"dateModified\":\"2019-06-28T03:28:10+00:00\",\"author\":{\"@id\":\"https:\\\/\\\/selectednews.info\\\/mx\\\/#\\\/schema\\\/person\\\/c8a0f1bfe64548cfb06c0529b0970068\"},\"breadcrumb\":{\"@id\":\"https:\\\/\\\/selectednews.info\\\/mx\\\/gobierno-cambia-deuda-de-corto-a-largo-plazo\\\/#breadcrumb\"},\"inLanguage\":\"es\",\"potentialAction\":[{\"@type\":\"ReadAction\",\"target\":[\"https:\\\/\\\/selectednews.info\\\/mx\\\/gobierno-cambia-deuda-de-corto-a-largo-plazo\\\/\"]}]},{\"@type\":\"ImageObject\",\"inLanguage\":\"es\",\"@id\":\"https:\\\/\\\/selectednews.info\\\/mx\\\/gobierno-cambia-deuda-de-corto-a-largo-plazo\\\/#primaryimage\",\"url\":\"https:\\\/\\\/selectednews.info\\\/mx\\\/wp-content\\\/uploads\\\/sites\\\/8\\\/2019\\\/06\\\/Gobierno-cambia-deuda-de-corto-a-largo-plazo.jpg\",\"contentUrl\":\"https:\\\/\\\/selectednews.info\\\/mx\\\/wp-content\\\/uploads\\\/sites\\\/8\\\/2019\\\/06\\\/Gobierno-cambia-deuda-de-corto-a-largo-plazo.jpg\",\"width\":651,\"height\":400,\"caption\":\"Billetes\"},{\"@type\":\"BreadcrumbList\",\"@id\":\"https:\\\/\\\/selectednews.info\\\/mx\\\/gobierno-cambia-deuda-de-corto-a-largo-plazo\\\/#breadcrumb\",\"itemListElement\":[{\"@type\":\"ListItem\",\"position\":1,\"name\":\"Home\",\"item\":\"https:\\\/\\\/selectednews.info\\\/mx\\\/\"},{\"@type\":\"ListItem\",\"position\":2,\"name\":\"Gobierno cambia deuda de corto a largo plazo\"}]},{\"@type\":\"WebSite\",\"@id\":\"https:\\\/\\\/selectednews.info\\\/mx\\\/#website\",\"url\":\"https:\\\/\\\/selectednews.info\\\/mx\\\/\",\"name\":\"Selected News\",\"description\":\"Selected News Mexico\",\"potentialAction\":[{\"@type\":\"SearchAction\",\"target\":{\"@type\":\"EntryPoint\",\"urlTemplate\":\"https:\\\/\\\/selectednews.info\\\/mx\\\/?s={search_term_string}\"},\"query-input\":{\"@type\":\"PropertyValueSpecification\",\"valueRequired\":true,\"valueName\":\"search_term_string\"}}],\"inLanguage\":\"es\"},{\"@type\":\"Person\",\"@id\":\"https:\\\/\\\/selectednews.info\\\/mx\\\/#\\\/schema\\\/person\\\/c8a0f1bfe64548cfb06c0529b0970068\",\"name\":\"selectednews\",\"image\":{\"@type\":\"ImageObject\",\"inLanguage\":\"es\",\"@id\":\"https:\\\/\\\/secure.gravatar.com\\\/avatar\\\/c88515018a25fd646d9f77ea80cc88996711575667608a2cd1b47f3d1145508a?s=96&d=mm&r=g\",\"url\":\"https:\\\/\\\/secure.gravatar.com\\\/avatar\\\/c88515018a25fd646d9f77ea80cc88996711575667608a2cd1b47f3d1145508a?s=96&d=mm&r=g\",\"contentUrl\":\"https:\\\/\\\/secure.gravatar.com\\\/avatar\\\/c88515018a25fd646d9f77ea80cc88996711575667608a2cd1b47f3d1145508a?s=96&d=mm&r=g\",\"caption\":\"selectednews\"},\"url\":\"https:\\\/\\\/selectednews.info\\\/mx\\\/author\\\/pt\\\/\"}]}<\/script>\n<!-- \/ Yoast SEO plugin. -->","yoast_head_json":{"title":"Gobierno cambia deuda de corto a largo plazo - Selected News","robots":{"index":"index","follow":"follow","max-snippet":"max-snippet:-1","max-image-preview":"max-image-preview:large","max-video-preview":"max-video-preview:-1"},"canonical":"https:\/\/selectednews.info\/mx\/gobierno-cambia-deuda-de-corto-a-largo-plazo\/","og_locale":"es_MX","og_type":"article","og_title":"Gobierno cambia deuda de corto a largo plazo - Selected News","og_description":"[ad_1] El gobierno federal realiz\u00f3 una operaci\u00f3n en el mercado nacional, para sustituir deuda de corto plazo por una de vencimiento mayor por un monto de 28 mil 228 millones de pesos.\u00a0Para ello, se hizo una recompra de Bonos M a tasas de intere\u0301s de mercado.\u00a0Lo anterior con el fin de cancelar los Bonos que [&hellip;]","og_url":"https:\/\/selectednews.info\/mx\/gobierno-cambia-deuda-de-corto-a-largo-plazo\/","og_site_name":"Selected News","article_published_time":"2019-06-28T03:28:09+00:00","article_modified_time":"2019-06-28T03:28:10+00:00","og_image":[{"width":651,"height":400,"url":"https:\/\/selectednews.info\/mx\/wp-content\/uploads\/sites\/8\/2019\/06\/Gobierno-cambia-deuda-de-corto-a-largo-plazo.jpg","type":"image\/jpeg"}],"author":"selectednews","twitter_card":"summary_large_image","twitter_misc":{"Escrito por":"selectednews","Tiempo de lectura":"1 minuto"},"schema":{"@context":"https:\/\/schema.org","@graph":[{"@type":"Article","@id":"https:\/\/selectednews.info\/mx\/gobierno-cambia-deuda-de-corto-a-largo-plazo\/#article","isPartOf":{"@id":"https:\/\/selectednews.info\/mx\/gobierno-cambia-deuda-de-corto-a-largo-plazo\/"},"author":{"name":"selectednews","@id":"https:\/\/selectednews.info\/mx\/#\/schema\/person\/c8a0f1bfe64548cfb06c0529b0970068"},"headline":"Gobierno cambia deuda de corto a largo plazo","datePublished":"2019-06-28T03:28:09+00:00","dateModified":"2019-06-28T03:28:10+00:00","mainEntityOfPage":{"@id":"https:\/\/selectednews.info\/mx\/gobierno-cambia-deuda-de-corto-a-largo-plazo\/"},"wordCount":258,"commentCount":0,"image":{"@id":"https:\/\/selectednews.info\/mx\/gobierno-cambia-deuda-de-corto-a-largo-plazo\/#primaryimage"},"thumbnailUrl":"https:\/\/selectednews.info\/mx\/wp-content\/uploads\/sites\/8\/2019\/06\/Gobierno-cambia-deuda-de-corto-a-largo-plazo.jpg","articleSection":["NOTICIAS DE NEGOCIOS"],"inLanguage":"es","potentialAction":[{"@type":"CommentAction","name":"Comment","target":["https:\/\/selectednews.info\/mx\/gobierno-cambia-deuda-de-corto-a-largo-plazo\/#respond"]}]},{"@type":"WebPage","@id":"https:\/\/selectednews.info\/mx\/gobierno-cambia-deuda-de-corto-a-largo-plazo\/","url":"https:\/\/selectednews.info\/mx\/gobierno-cambia-deuda-de-corto-a-largo-plazo\/","name":"Gobierno cambia deuda de corto a largo plazo - Selected News","isPartOf":{"@id":"https:\/\/selectednews.info\/mx\/#website"},"primaryImageOfPage":{"@id":"https:\/\/selectednews.info\/mx\/gobierno-cambia-deuda-de-corto-a-largo-plazo\/#primaryimage"},"image":{"@id":"https:\/\/selectednews.info\/mx\/gobierno-cambia-deuda-de-corto-a-largo-plazo\/#primaryimage"},"thumbnailUrl":"https:\/\/selectednews.info\/mx\/wp-content\/uploads\/sites\/8\/2019\/06\/Gobierno-cambia-deuda-de-corto-a-largo-plazo.jpg","datePublished":"2019-06-28T03:28:09+00:00","dateModified":"2019-06-28T03:28:10+00:00","author":{"@id":"https:\/\/selectednews.info\/mx\/#\/schema\/person\/c8a0f1bfe64548cfb06c0529b0970068"},"breadcrumb":{"@id":"https:\/\/selectednews.info\/mx\/gobierno-cambia-deuda-de-corto-a-largo-plazo\/#breadcrumb"},"inLanguage":"es","potentialAction":[{"@type":"ReadAction","target":["https:\/\/selectednews.info\/mx\/gobierno-cambia-deuda-de-corto-a-largo-plazo\/"]}]},{"@type":"ImageObject","inLanguage":"es","@id":"https:\/\/selectednews.info\/mx\/gobierno-cambia-deuda-de-corto-a-largo-plazo\/#primaryimage","url":"https:\/\/selectednews.info\/mx\/wp-content\/uploads\/sites\/8\/2019\/06\/Gobierno-cambia-deuda-de-corto-a-largo-plazo.jpg","contentUrl":"https:\/\/selectednews.info\/mx\/wp-content\/uploads\/sites\/8\/2019\/06\/Gobierno-cambia-deuda-de-corto-a-largo-plazo.jpg","width":651,"height":400,"caption":"Billetes"},{"@type":"BreadcrumbList","@id":"https:\/\/selectednews.info\/mx\/gobierno-cambia-deuda-de-corto-a-largo-plazo\/#breadcrumb","itemListElement":[{"@type":"ListItem","position":1,"name":"Home","item":"https:\/\/selectednews.info\/mx\/"},{"@type":"ListItem","position":2,"name":"Gobierno cambia deuda de corto a largo plazo"}]},{"@type":"WebSite","@id":"https:\/\/selectednews.info\/mx\/#website","url":"https:\/\/selectednews.info\/mx\/","name":"Selected News","description":"Selected News Mexico","potentialAction":[{"@type":"SearchAction","target":{"@type":"EntryPoint","urlTemplate":"https:\/\/selectednews.info\/mx\/?s={search_term_string}"},"query-input":{"@type":"PropertyValueSpecification","valueRequired":true,"valueName":"search_term_string"}}],"inLanguage":"es"},{"@type":"Person","@id":"https:\/\/selectednews.info\/mx\/#\/schema\/person\/c8a0f1bfe64548cfb06c0529b0970068","name":"selectednews","image":{"@type":"ImageObject","inLanguage":"es","@id":"https:\/\/secure.gravatar.com\/avatar\/c88515018a25fd646d9f77ea80cc88996711575667608a2cd1b47f3d1145508a?s=96&d=mm&r=g","url":"https:\/\/secure.gravatar.com\/avatar\/c88515018a25fd646d9f77ea80cc88996711575667608a2cd1b47f3d1145508a?s=96&d=mm&r=g","contentUrl":"https:\/\/secure.gravatar.com\/avatar\/c88515018a25fd646d9f77ea80cc88996711575667608a2cd1b47f3d1145508a?s=96&d=mm&r=g","caption":"selectednews"},"url":"https:\/\/selectednews.info\/mx\/author\/pt\/"}]}},"_links":{"self":[{"href":"https:\/\/selectednews.info\/mx\/wp-json\/wp\/v2\/posts\/1484","targetHints":{"allow":["GET"]}}],"collection":[{"href":"https:\/\/selectednews.info\/mx\/wp-json\/wp\/v2\/posts"}],"about":[{"href":"https:\/\/selectednews.info\/mx\/wp-json\/wp\/v2\/types\/post"}],"author":[{"embeddable":true,"href":"https:\/\/selectednews.info\/mx\/wp-json\/wp\/v2\/users\/2"}],"replies":[{"embeddable":true,"href":"https:\/\/selectednews.info\/mx\/wp-json\/wp\/v2\/comments?post=1484"}],"version-history":[{"count":1,"href":"https:\/\/selectednews.info\/mx\/wp-json\/wp\/v2\/posts\/1484\/revisions"}],"predecessor-version":[{"id":1486,"href":"https:\/\/selectednews.info\/mx\/wp-json\/wp\/v2\/posts\/1484\/revisions\/1486"}],"wp:featuredmedia":[{"embeddable":true,"href":"https:\/\/selectednews.info\/mx\/wp-json\/wp\/v2\/media\/1485"}],"wp:attachment":[{"href":"https:\/\/selectednews.info\/mx\/wp-json\/wp\/v2\/media?parent=1484"}],"wp:term":[{"taxonomy":"category","embeddable":true,"href":"https:\/\/selectednews.info\/mx\/wp-json\/wp\/v2\/categories?post=1484"},{"taxonomy":"post_tag","embeddable":true,"href":"https:\/\/selectednews.info\/mx\/wp-json\/wp\/v2\/tags?post=1484"}],"curies":[{"name":"wp","href":"https:\/\/api.w.org\/{rel}","templated":true}]}}