{"id":1490,"date":"2019-06-28T06:42:06","date_gmt":"2019-06-28T06:42:06","guid":{"rendered":"https:\/\/selectednews.info\/mx\/menor-inversion-privada-freno-al-pib-economia\/"},"modified":"2019-06-28T06:42:07","modified_gmt":"2019-06-28T06:42:07","slug":"menor-inversion-privada-freno-al-pib-economia","status":"publish","type":"post","link":"https:\/\/selectednews.info\/mx\/menor-inversion-privada-freno-al-pib-economia\/","title":{"rendered":"Menor inversi\u00f3n privada fren\u00f3 al PIB: Econom\u00eda"},"content":{"rendered":"<p> [ad_1]<br \/>\n<\/p>\n<div>\n<p><em><span class=\"__cf_email__\" data-cfemail=\"87eae6f5eee6a9f4e6ebe3e6e9e6c7e2ebf2e9eef1e2f5f4e6eba9e4e8eaa9eaff\">[email\u00a0protected]<\/span><\/em><\/p>\n<p>\nLa econom\u00eda mexicana se fren\u00f3 como consecuencia de la disminuci\u00f3n de proyectos de inversi\u00f3n privada en los primeros meses del a\u00f1o, explic\u00f3 la secretaria de Econom\u00eda, Graciela M\u00e1rquez.<\/p>\n<p>\nDespu\u00e9s de inaugurar los Programas de Mejora Regulatoria 2019-2020, la funcionaria dijo que regularmente el capital que inyecta el sector privado es el que genera mayor actividad productiva.<\/p>\n<p>\nComent\u00f3 que si las empresas invirtieron un monto equivalente a 20 puntos del PIB y el sector p\u00fablico tres en 2018, entonces seguramente en este a\u00f1o hubo una disminuci\u00f3n de los privados, lo cual ha generado un menor dinamismo econ\u00f3mico.<\/p>\n<p>\nExpuso que parte de los retrasos tuvo que ver con la incertidumbre que generaron las negociaciones del Tratado entre M\u00e9xico, Estados Unidos y Canad\u00e1 (T-MEC).<\/p>\n<p>\n\u201cSeguramente una vez resuelto [el acuerdo] atraer\u00e1 nuevas inversiones\u201d.<\/p>\n<p>\n<strong>Ahorros por simplificaci\u00f3n.<\/strong> El gobierno busca simplificar cerca de mil tr\u00e1mites federales, as\u00ed como la carga administrativa que generan, lo que permitir\u00e1 ahorros por 20 mil millones de pesos. El programa estar\u00e1 a cargo de las secretar\u00edas de Econom\u00eda y de la Funci\u00f3n P\u00fablica.<\/p>\n<p>\nComo parte del proyecto, se iniciar\u00e1 un proceso de consulta en conamer.gob.mx para que todos los interesados opinen y emitan sus recomendaciones sobre c\u00f3mo disminuir la tramitolog\u00eda, en la cual se podr\u00e1 participar hasta el 30 de agosto de 2019.<\/p>\n<p>\nA trav\u00e9s de mil 690 acciones de simplificaci\u00f3n para reducir 929 tr\u00e1mites federales se espera lograr el ahorro, manifest\u00f3 el titular de la Comisi\u00f3n Nacional de Mejora Regulatoria (Conamer), C\u00e9sar Emilio Hern\u00e1ndez.<\/p>\n<p>\n\u201cPensamos que le vamos a generar a la administraci\u00f3n p\u00fablica federal, si se adoptan [las acciones], un ahorro de 20 mil millones de pesos, que es muy considerable\u201d, agreg\u00f3.<\/p>\n<p>\nDijo que estos trabajos de simplificaci\u00f3n constituyen una herramienta fundamental para la planeaci\u00f3n, transparencia, rendici\u00f3n de cuentas y combate a la corrupci\u00f3n, de lograrse \u201cestamos hablando de 12% de reducci\u00f3n de costos, mismos que se reflejar\u00e1n como beneficio para los ciudadanos\u201d.<\/p>\n<p>\nEn la ceremonia participaron las secretarias de Econom\u00eda, Graciela M\u00e1rquez Col\u00edn, y de la Funci\u00f3n P\u00fablica, Irma Er\u00e9ndira Sandoval, quienes dijeron que la disminuci\u00f3n de tr\u00e1mites generar\u00e1 beneficios para la poblaci\u00f3n.<\/p>\n<\/div>\n<p>[ad_2]<br \/>\n<br \/><a href=\"https:\/\/www.eluniversal.com.mx\/cartera\/menor-inversion-privada-freno-al-pib-economia\">Source link <\/a><\/p>\n","protected":false},"excerpt":{"rendered":"<p>[ad_1] [email\u00a0protected] La econom\u00eda mexicana se fren\u00f3 como consecuencia de la disminuci\u00f3n de proyectos de inversi\u00f3n privada en los primeros meses del a\u00f1o, explic\u00f3 la secretaria de Econom\u00eda, Graciela M\u00e1rquez. Despu\u00e9s de inaugurar los Programas de Mejora Regulatoria 2019-2020, la funcionaria dijo que regularmente el capital que inyecta el sector privado es el que genera [&hellip;]<\/p>\n","protected":false},"author":2,"featured_media":1491,"comment_status":"open","ping_status":"open","sticky":false,"template":"","format":"standard","meta":{"footnotes":""},"categories":[1],"tags":[],"class_list":["post-1490","post","type-post","status-publish","format-standard","has-post-thumbnail","hentry","category-noticias-de-negocios"],"yoast_head":"<!-- This site is optimized with the Yoast SEO plugin v28.3 - https:\/\/yoast.com\/product\/yoast-seo-wordpress\/ -->\n<title>Menor inversi\u00f3n privada fren\u00f3 al PIB: Econom\u00eda - Selected News<\/title>\n<meta name=\"robots\" content=\"index, follow, max-snippet:-1, max-image-preview:large, max-video-preview:-1\" \/>\n<link rel=\"canonical\" href=\"https:\/\/selectednews.info\/mx\/menor-inversion-privada-freno-al-pib-economia\/\" \/>\n<meta property=\"og:locale\" content=\"es_MX\" \/>\n<meta property=\"og:type\" content=\"article\" \/>\n<meta property=\"og:title\" content=\"Menor inversi\u00f3n privada fren\u00f3 al PIB: Econom\u00eda - Selected News\" \/>\n<meta property=\"og:description\" content=\"[ad_1] [email\u00a0protected] La econom\u00eda mexicana se fren\u00f3 como consecuencia de la disminuci\u00f3n de proyectos de inversi\u00f3n privada en los primeros meses del a\u00f1o, explic\u00f3 la secretaria de Econom\u00eda, Graciela M\u00e1rquez. Despu\u00e9s de inaugurar los Programas de Mejora Regulatoria 2019-2020, la funcionaria dijo que regularmente el capital que inyecta el sector privado es el que genera [&hellip;]\" \/>\n<meta property=\"og:url\" content=\"https:\/\/selectednews.info\/mx\/menor-inversion-privada-freno-al-pib-economia\/\" \/>\n<meta property=\"og:site_name\" content=\"Selected News\" \/>\n<meta property=\"article:published_time\" content=\"2019-06-28T06:42:06+00:00\" \/>\n<meta property=\"article:modified_time\" content=\"2019-06-28T06:42:07+00:00\" \/>\n<meta property=\"og:image\" content=\"https:\/\/selectednews.info\/mx\/wp-content\/uploads\/sites\/8\/2019\/06\/Menor-inversi\u00f3n-privada-fren\u00f3-al-PIB-Econom\u00eda.jpg\" \/>\n\t<meta property=\"og:image:width\" content=\"651\" \/>\n\t<meta property=\"og:image:height\" content=\"400\" \/>\n\t<meta property=\"og:image:type\" content=\"image\/jpeg\" \/>\n<meta name=\"author\" content=\"selectednews\" \/>\n<meta name=\"twitter:card\" content=\"summary_large_image\" \/>\n<meta name=\"twitter:label1\" content=\"Escrito por\" \/>\n\t<meta name=\"twitter:data1\" content=\"selectednews\" \/>\n\t<meta name=\"twitter:label2\" content=\"Tiempo de lectura\" \/>\n\t<meta name=\"twitter:data2\" content=\"2 minutos\" \/>\n<script type=\"application\/ld+json\" class=\"yoast-schema-graph\">{\"@context\":\"https:\\\/\\\/schema.org\",\"@graph\":[{\"@type\":\"Article\",\"@id\":\"https:\\\/\\\/selectednews.info\\\/mx\\\/menor-inversion-privada-freno-al-pib-economia\\\/#article\",\"isPartOf\":{\"@id\":\"https:\\\/\\\/selectednews.info\\\/mx\\\/menor-inversion-privada-freno-al-pib-economia\\\/\"},\"author\":{\"name\":\"selectednews\",\"@id\":\"https:\\\/\\\/selectednews.info\\\/mx\\\/#\\\/schema\\\/person\\\/c8a0f1bfe64548cfb06c0529b0970068\"},\"headline\":\"Menor inversi\u00f3n privada fren\u00f3 al PIB: Econom\u00eda\",\"datePublished\":\"2019-06-28T06:42:06+00:00\",\"dateModified\":\"2019-06-28T06:42:07+00:00\",\"mainEntityOfPage\":{\"@id\":\"https:\\\/\\\/selectednews.info\\\/mx\\\/menor-inversion-privada-freno-al-pib-economia\\\/\"},\"wordCount\":398,\"commentCount\":0,\"image\":{\"@id\":\"https:\\\/\\\/selectednews.info\\\/mx\\\/menor-inversion-privada-freno-al-pib-economia\\\/#primaryimage\"},\"thumbnailUrl\":\"https:\\\/\\\/selectednews.info\\\/mx\\\/wp-content\\\/uploads\\\/sites\\\/8\\\/2019\\\/06\\\/Menor-inversi\u00f3n-privada-fren\u00f3-al-PIB-Econom\u00eda.jpg\",\"articleSection\":[\"NOTICIAS DE NEGOCIOS\"],\"inLanguage\":\"es\",\"potentialAction\":[{\"@type\":\"CommentAction\",\"name\":\"Comment\",\"target\":[\"https:\\\/\\\/selectednews.info\\\/mx\\\/menor-inversion-privada-freno-al-pib-economia\\\/#respond\"]}]},{\"@type\":\"WebPage\",\"@id\":\"https:\\\/\\\/selectednews.info\\\/mx\\\/menor-inversion-privada-freno-al-pib-economia\\\/\",\"url\":\"https:\\\/\\\/selectednews.info\\\/mx\\\/menor-inversion-privada-freno-al-pib-economia\\\/\",\"name\":\"Menor inversi\u00f3n privada fren\u00f3 al PIB: Econom\u00eda - Selected News\",\"isPartOf\":{\"@id\":\"https:\\\/\\\/selectednews.info\\\/mx\\\/#website\"},\"primaryImageOfPage\":{\"@id\":\"https:\\\/\\\/selectednews.info\\\/mx\\\/menor-inversion-privada-freno-al-pib-economia\\\/#primaryimage\"},\"image\":{\"@id\":\"https:\\\/\\\/selectednews.info\\\/mx\\\/menor-inversion-privada-freno-al-pib-economia\\\/#primaryimage\"},\"thumbnailUrl\":\"https:\\\/\\\/selectednews.info\\\/mx\\\/wp-content\\\/uploads\\\/sites\\\/8\\\/2019\\\/06\\\/Menor-inversi\u00f3n-privada-fren\u00f3-al-PIB-Econom\u00eda.jpg\",\"datePublished\":\"2019-06-28T06:42:06+00:00\",\"dateModified\":\"2019-06-28T06:42:07+00:00\",\"author\":{\"@id\":\"https:\\\/\\\/selectednews.info\\\/mx\\\/#\\\/schema\\\/person\\\/c8a0f1bfe64548cfb06c0529b0970068\"},\"breadcrumb\":{\"@id\":\"https:\\\/\\\/selectednews.info\\\/mx\\\/menor-inversion-privada-freno-al-pib-economia\\\/#breadcrumb\"},\"inLanguage\":\"es\",\"potentialAction\":[{\"@type\":\"ReadAction\",\"target\":[\"https:\\\/\\\/selectednews.info\\\/mx\\\/menor-inversion-privada-freno-al-pib-economia\\\/\"]}]},{\"@type\":\"ImageObject\",\"inLanguage\":\"es\",\"@id\":\"https:\\\/\\\/selectednews.info\\\/mx\\\/menor-inversion-privada-freno-al-pib-economia\\\/#primaryimage\",\"url\":\"https:\\\/\\\/selectednews.info\\\/mx\\\/wp-content\\\/uploads\\\/sites\\\/8\\\/2019\\\/06\\\/Menor-inversi\u00f3n-privada-fren\u00f3-al-PIB-Econom\u00eda.jpg\",\"contentUrl\":\"https:\\\/\\\/selectednews.info\\\/mx\\\/wp-content\\\/uploads\\\/sites\\\/8\\\/2019\\\/06\\\/Menor-inversi\u00f3n-privada-fren\u00f3-al-PIB-Econom\u00eda.jpg\",\"width\":651,\"height\":400,\"caption\":\"Menor inversi\u00f3n privada fren\u00f3 al PIB: Econom\u00eda\"},{\"@type\":\"BreadcrumbList\",\"@id\":\"https:\\\/\\\/selectednews.info\\\/mx\\\/menor-inversion-privada-freno-al-pib-economia\\\/#breadcrumb\",\"itemListElement\":[{\"@type\":\"ListItem\",\"position\":1,\"name\":\"Home\",\"item\":\"https:\\\/\\\/selectednews.info\\\/mx\\\/\"},{\"@type\":\"ListItem\",\"position\":2,\"name\":\"Menor inversi\u00f3n privada fren\u00f3 al PIB: Econom\u00eda\"}]},{\"@type\":\"WebSite\",\"@id\":\"https:\\\/\\\/selectednews.info\\\/mx\\\/#website\",\"url\":\"https:\\\/\\\/selectednews.info\\\/mx\\\/\",\"name\":\"Selected News\",\"description\":\"Selected News Mexico\",\"potentialAction\":[{\"@type\":\"SearchAction\",\"target\":{\"@type\":\"EntryPoint\",\"urlTemplate\":\"https:\\\/\\\/selectednews.info\\\/mx\\\/?s={search_term_string}\"},\"query-input\":{\"@type\":\"PropertyValueSpecification\",\"valueRequired\":true,\"valueName\":\"search_term_string\"}}],\"inLanguage\":\"es\"},{\"@type\":\"Person\",\"@id\":\"https:\\\/\\\/selectednews.info\\\/mx\\\/#\\\/schema\\\/person\\\/c8a0f1bfe64548cfb06c0529b0970068\",\"name\":\"selectednews\",\"image\":{\"@type\":\"ImageObject\",\"inLanguage\":\"es\",\"@id\":\"https:\\\/\\\/secure.gravatar.com\\\/avatar\\\/c88515018a25fd646d9f77ea80cc88996711575667608a2cd1b47f3d1145508a?s=96&d=mm&r=g\",\"url\":\"https:\\\/\\\/secure.gravatar.com\\\/avatar\\\/c88515018a25fd646d9f77ea80cc88996711575667608a2cd1b47f3d1145508a?s=96&d=mm&r=g\",\"contentUrl\":\"https:\\\/\\\/secure.gravatar.com\\\/avatar\\\/c88515018a25fd646d9f77ea80cc88996711575667608a2cd1b47f3d1145508a?s=96&d=mm&r=g\",\"caption\":\"selectednews\"},\"url\":\"https:\\\/\\\/selectednews.info\\\/mx\\\/author\\\/pt\\\/\"}]}<\/script>\n<!-- \/ Yoast SEO plugin. -->","yoast_head_json":{"title":"Menor inversi\u00f3n privada fren\u00f3 al PIB: Econom\u00eda - Selected News","robots":{"index":"index","follow":"follow","max-snippet":"max-snippet:-1","max-image-preview":"max-image-preview:large","max-video-preview":"max-video-preview:-1"},"canonical":"https:\/\/selectednews.info\/mx\/menor-inversion-privada-freno-al-pib-economia\/","og_locale":"es_MX","og_type":"article","og_title":"Menor inversi\u00f3n privada fren\u00f3 al PIB: Econom\u00eda - Selected News","og_description":"[ad_1] [email\u00a0protected] La econom\u00eda mexicana se fren\u00f3 como consecuencia de la disminuci\u00f3n de proyectos de inversi\u00f3n privada en los primeros meses del a\u00f1o, explic\u00f3 la secretaria de Econom\u00eda, Graciela M\u00e1rquez. Despu\u00e9s de inaugurar los Programas de Mejora Regulatoria 2019-2020, la funcionaria dijo que regularmente el capital que inyecta el sector privado es el que genera [&hellip;]","og_url":"https:\/\/selectednews.info\/mx\/menor-inversion-privada-freno-al-pib-economia\/","og_site_name":"Selected News","article_published_time":"2019-06-28T06:42:06+00:00","article_modified_time":"2019-06-28T06:42:07+00:00","og_image":[{"width":651,"height":400,"url":"https:\/\/selectednews.info\/mx\/wp-content\/uploads\/sites\/8\/2019\/06\/Menor-inversi\u00f3n-privada-fren\u00f3-al-PIB-Econom\u00eda.jpg","type":"image\/jpeg"}],"author":"selectednews","twitter_card":"summary_large_image","twitter_misc":{"Escrito por":"selectednews","Tiempo de lectura":"2 minutos"},"schema":{"@context":"https:\/\/schema.org","@graph":[{"@type":"Article","@id":"https:\/\/selectednews.info\/mx\/menor-inversion-privada-freno-al-pib-economia\/#article","isPartOf":{"@id":"https:\/\/selectednews.info\/mx\/menor-inversion-privada-freno-al-pib-economia\/"},"author":{"name":"selectednews","@id":"https:\/\/selectednews.info\/mx\/#\/schema\/person\/c8a0f1bfe64548cfb06c0529b0970068"},"headline":"Menor inversi\u00f3n privada fren\u00f3 al PIB: Econom\u00eda","datePublished":"2019-06-28T06:42:06+00:00","dateModified":"2019-06-28T06:42:07+00:00","mainEntityOfPage":{"@id":"https:\/\/selectednews.info\/mx\/menor-inversion-privada-freno-al-pib-economia\/"},"wordCount":398,"commentCount":0,"image":{"@id":"https:\/\/selectednews.info\/mx\/menor-inversion-privada-freno-al-pib-economia\/#primaryimage"},"thumbnailUrl":"https:\/\/selectednews.info\/mx\/wp-content\/uploads\/sites\/8\/2019\/06\/Menor-inversi\u00f3n-privada-fren\u00f3-al-PIB-Econom\u00eda.jpg","articleSection":["NOTICIAS DE NEGOCIOS"],"inLanguage":"es","potentialAction":[{"@type":"CommentAction","name":"Comment","target":["https:\/\/selectednews.info\/mx\/menor-inversion-privada-freno-al-pib-economia\/#respond"]}]},{"@type":"WebPage","@id":"https:\/\/selectednews.info\/mx\/menor-inversion-privada-freno-al-pib-economia\/","url":"https:\/\/selectednews.info\/mx\/menor-inversion-privada-freno-al-pib-economia\/","name":"Menor inversi\u00f3n privada fren\u00f3 al PIB: Econom\u00eda - Selected News","isPartOf":{"@id":"https:\/\/selectednews.info\/mx\/#website"},"primaryImageOfPage":{"@id":"https:\/\/selectednews.info\/mx\/menor-inversion-privada-freno-al-pib-economia\/#primaryimage"},"image":{"@id":"https:\/\/selectednews.info\/mx\/menor-inversion-privada-freno-al-pib-economia\/#primaryimage"},"thumbnailUrl":"https:\/\/selectednews.info\/mx\/wp-content\/uploads\/sites\/8\/2019\/06\/Menor-inversi\u00f3n-privada-fren\u00f3-al-PIB-Econom\u00eda.jpg","datePublished":"2019-06-28T06:42:06+00:00","dateModified":"2019-06-28T06:42:07+00:00","author":{"@id":"https:\/\/selectednews.info\/mx\/#\/schema\/person\/c8a0f1bfe64548cfb06c0529b0970068"},"breadcrumb":{"@id":"https:\/\/selectednews.info\/mx\/menor-inversion-privada-freno-al-pib-economia\/#breadcrumb"},"inLanguage":"es","potentialAction":[{"@type":"ReadAction","target":["https:\/\/selectednews.info\/mx\/menor-inversion-privada-freno-al-pib-economia\/"]}]},{"@type":"ImageObject","inLanguage":"es","@id":"https:\/\/selectednews.info\/mx\/menor-inversion-privada-freno-al-pib-economia\/#primaryimage","url":"https:\/\/selectednews.info\/mx\/wp-content\/uploads\/sites\/8\/2019\/06\/Menor-inversi\u00f3n-privada-fren\u00f3-al-PIB-Econom\u00eda.jpg","contentUrl":"https:\/\/selectednews.info\/mx\/wp-content\/uploads\/sites\/8\/2019\/06\/Menor-inversi\u00f3n-privada-fren\u00f3-al-PIB-Econom\u00eda.jpg","width":651,"height":400,"caption":"Menor inversi\u00f3n privada fren\u00f3 al PIB: Econom\u00eda"},{"@type":"BreadcrumbList","@id":"https:\/\/selectednews.info\/mx\/menor-inversion-privada-freno-al-pib-economia\/#breadcrumb","itemListElement":[{"@type":"ListItem","position":1,"name":"Home","item":"https:\/\/selectednews.info\/mx\/"},{"@type":"ListItem","position":2,"name":"Menor inversi\u00f3n privada fren\u00f3 al PIB: Econom\u00eda"}]},{"@type":"WebSite","@id":"https:\/\/selectednews.info\/mx\/#website","url":"https:\/\/selectednews.info\/mx\/","name":"Selected News","description":"Selected News Mexico","potentialAction":[{"@type":"SearchAction","target":{"@type":"EntryPoint","urlTemplate":"https:\/\/selectednews.info\/mx\/?s={search_term_string}"},"query-input":{"@type":"PropertyValueSpecification","valueRequired":true,"valueName":"search_term_string"}}],"inLanguage":"es"},{"@type":"Person","@id":"https:\/\/selectednews.info\/mx\/#\/schema\/person\/c8a0f1bfe64548cfb06c0529b0970068","name":"selectednews","image":{"@type":"ImageObject","inLanguage":"es","@id":"https:\/\/secure.gravatar.com\/avatar\/c88515018a25fd646d9f77ea80cc88996711575667608a2cd1b47f3d1145508a?s=96&d=mm&r=g","url":"https:\/\/secure.gravatar.com\/avatar\/c88515018a25fd646d9f77ea80cc88996711575667608a2cd1b47f3d1145508a?s=96&d=mm&r=g","contentUrl":"https:\/\/secure.gravatar.com\/avatar\/c88515018a25fd646d9f77ea80cc88996711575667608a2cd1b47f3d1145508a?s=96&d=mm&r=g","caption":"selectednews"},"url":"https:\/\/selectednews.info\/mx\/author\/pt\/"}]}},"_links":{"self":[{"href":"https:\/\/selectednews.info\/mx\/wp-json\/wp\/v2\/posts\/1490","targetHints":{"allow":["GET"]}}],"collection":[{"href":"https:\/\/selectednews.info\/mx\/wp-json\/wp\/v2\/posts"}],"about":[{"href":"https:\/\/selectednews.info\/mx\/wp-json\/wp\/v2\/types\/post"}],"author":[{"embeddable":true,"href":"https:\/\/selectednews.info\/mx\/wp-json\/wp\/v2\/users\/2"}],"replies":[{"embeddable":true,"href":"https:\/\/selectednews.info\/mx\/wp-json\/wp\/v2\/comments?post=1490"}],"version-history":[{"count":1,"href":"https:\/\/selectednews.info\/mx\/wp-json\/wp\/v2\/posts\/1490\/revisions"}],"predecessor-version":[{"id":1492,"href":"https:\/\/selectednews.info\/mx\/wp-json\/wp\/v2\/posts\/1490\/revisions\/1492"}],"wp:featuredmedia":[{"embeddable":true,"href":"https:\/\/selectednews.info\/mx\/wp-json\/wp\/v2\/media\/1491"}],"wp:attachment":[{"href":"https:\/\/selectednews.info\/mx\/wp-json\/wp\/v2\/media?parent=1490"}],"wp:term":[{"taxonomy":"category","embeddable":true,"href":"https:\/\/selectednews.info\/mx\/wp-json\/wp\/v2\/categories?post=1490"},{"taxonomy":"post_tag","embeddable":true,"href":"https:\/\/selectednews.info\/mx\/wp-json\/wp\/v2\/tags?post=1490"}],"curies":[{"name":"wp","href":"https:\/\/api.w.org\/{rel}","templated":true}]}}