{"id":1493,"date":"2019-06-28T07:48:14","date_gmt":"2019-06-28T07:48:14","guid":{"rendered":"https:\/\/selectednews.info\/mx\/preocupa-que-cfe-no-respete-los-contratos-ip\/"},"modified":"2019-06-28T07:48:16","modified_gmt":"2019-06-28T07:48:16","slug":"preocupa-que-cfe-no-respete-los-contratos-ip","status":"publish","type":"post","link":"https:\/\/selectednews.info\/mx\/preocupa-que-cfe-no-respete-los-contratos-ip\/","title":{"rendered":"Preocupa que CFE no respete los contratos: IP"},"content":{"rendered":"<p> [ad_1]<br \/>\n<\/p>\n<div>\n<p>\n<em><span class=\"__cf_email__\" data-cfemail=\"b4d9d5c6ddd59ac7d5d8d0d5dad5f4d1d8c1daddc2d1c6c7d5d89ad7dbd99ad9cc\">[email\u00a0protected]<\/span><\/em><\/p>\n<p>\nLa decisi\u00f3n de la Comisi\u00f3n Federal de Electricidad (CFE) de iniciar un arbitraje internacional contra IEnova y TransCanada preocupa al sector privado y a los gobiernos de Estados Unidos y Canad\u00e1, porque significa no reconocer los contratos firmados anteriormente.<\/p>\n<p>\nEl embajador de Canad\u00e1 en M\u00e9xico, Pierre Alarie, tuite\u00f3: \u201cEstoy profundamente preocupado por las acciones recientes de la @CFE_MX y por la se\u00f1al que env\u00edan de que, a pesar de las declaraciones de @lopezobrador, M\u00e9xico no desea respetar los contratos de gasoductos\u201d.<\/p>\n<p>\nEl presidente de la Confederaci\u00f3n Patronal de la Rep\u00fablica Mexicana (Coparmex), Gustavo de Hoyos, extern\u00f3 su preocupaci\u00f3n al asegurar en un tuit: \u201cLa atracci\u00f3n y retenci\u00f3n de la inversi\u00f3n internacional requiere de certidumbre. Nada m\u00e1s da\u00f1ino para la competitividad de MX, que la p\u00e9rdida de confianza en el Estado de derecho\u201d.<\/p>\n<p>\nPara el l\u00edder del sindicato patronal, en el sector energ\u00e9tico \u201cel pa\u00eds se degrada por el incumplimiento de contratos e inobservancia de la ley\u201d.<\/p>\n<p>\nDe acuerdo con fuentes de informaci\u00f3n, estas son las primeras reacciones que se generar\u00e1n por parte de los gobiernos de donde son originarias esas empresas, lo que significa que habr\u00eda reacciones de Estados Unidos.<\/p>\n<p>\nEl 24 de junio pasado, la CFE inform\u00f3 a las dos empresas que inici\u00f3 un arbitraje para demandar la nulidad de ciertas cl\u00e1usulas del contrato de servicios de transportes para el gasoducto marino sur de Texas-Tuxpan.<\/p>\n<p>\nDe acuerdo con el reporte que envi\u00f3 IEnova a la Bolsa Mexicana de Valores (BMV), la empresa explic\u00f3 que ya se termin\u00f3 el gasoducto y s\u00f3lo esperan que la CFE emita la constancia de aceptaci\u00f3n, en la cual se debe establecer la fecha de inicio de operaci\u00f3n comercial. Sin embargo, CFE no la ha emitido.<\/p>\n<p>\nEl gobierno mexicano decidi\u00f3, v\u00eda la CFE, se inicie un \u201carbitraje mediante el cual se demanda la nulidad de ciertas cl\u00e1usulas del contrato de servicios de transporte, que hacen referencia a la responsabilidad de las partes en eventos de caso fortuito y fuerza mayor, as\u00ed como el reembolso de pagos por capacidad relacionados a dichos eventos\u201d.<\/p>\n<p>\nTodo ello se suma a la reciente decisi\u00f3n de la Comisi\u00f3n Nacional de Hidrocarburos (CNH) de suspender la licitaci\u00f3n por la cual Pemex encontrar\u00eda a un socio para realizar exploraci\u00f3n y explotaci\u00f3n de petr\u00f3leo en campos terrestres, lo que caus\u00f3 \u201csorpresa\u201d, de acuerdo con el presidente del Consejo Coordinador Empresarial (CCE), Carlos Salazar.<\/p>\n<\/div>\n<p>[ad_2]<br \/>\n<br \/><a href=\"https:\/\/www.eluniversal.com.mx\/cartera\/preocupa-que-cfe-no-respete-los-contratos-ip\">Source link <\/a><\/p>\n","protected":false},"excerpt":{"rendered":"<p>[ad_1] [email\u00a0protected] La decisi\u00f3n de la Comisi\u00f3n Federal de Electricidad (CFE) de iniciar un arbitraje internacional contra IEnova y TransCanada preocupa al sector privado y a los gobiernos de Estados Unidos y Canad\u00e1, porque significa no reconocer los contratos firmados anteriormente. El embajador de Canad\u00e1 en M\u00e9xico, Pierre Alarie, tuite\u00f3: \u201cEstoy profundamente preocupado por las [&hellip;]<\/p>\n","protected":false},"author":2,"featured_media":1494,"comment_status":"open","ping_status":"open","sticky":false,"template":"","format":"standard","meta":{"footnotes":""},"categories":[1],"tags":[],"class_list":["post-1493","post","type-post","status-publish","format-standard","has-post-thumbnail","hentry","category-noticias-de-negocios"],"yoast_head":"<!-- This site is optimized with the Yoast SEO plugin v28.3 - https:\/\/yoast.com\/product\/yoast-seo-wordpress\/ -->\n<title>Preocupa que CFE no respete los contratos: IP - Selected News<\/title>\n<meta name=\"robots\" content=\"index, follow, max-snippet:-1, max-image-preview:large, max-video-preview:-1\" \/>\n<link rel=\"canonical\" href=\"https:\/\/selectednews.info\/mx\/preocupa-que-cfe-no-respete-los-contratos-ip\/\" \/>\n<meta property=\"og:locale\" content=\"es_MX\" \/>\n<meta property=\"og:type\" content=\"article\" \/>\n<meta property=\"og:title\" content=\"Preocupa que CFE no respete los contratos: IP - Selected News\" \/>\n<meta property=\"og:description\" content=\"[ad_1] [email\u00a0protected] La decisi\u00f3n de la Comisi\u00f3n Federal de Electricidad (CFE) de iniciar un arbitraje internacional contra IEnova y TransCanada preocupa al sector privado y a los gobiernos de Estados Unidos y Canad\u00e1, porque significa no reconocer los contratos firmados anteriormente. El embajador de Canad\u00e1 en M\u00e9xico, Pierre Alarie, tuite\u00f3: \u201cEstoy profundamente preocupado por las [&hellip;]\" \/>\n<meta property=\"og:url\" content=\"https:\/\/selectednews.info\/mx\/preocupa-que-cfe-no-respete-los-contratos-ip\/\" \/>\n<meta property=\"og:site_name\" content=\"Selected News\" \/>\n<meta property=\"article:published_time\" content=\"2019-06-28T07:48:14+00:00\" \/>\n<meta property=\"article:modified_time\" content=\"2019-06-28T07:48:16+00:00\" \/>\n<meta property=\"og:image\" content=\"https:\/\/selectednews.info\/mx\/wp-content\/uploads\/sites\/8\/2019\/06\/Preocupa-que-CFE-no-respete-los-contratos-IP.jpg\" \/>\n\t<meta property=\"og:image:width\" content=\"651\" \/>\n\t<meta property=\"og:image:height\" content=\"400\" \/>\n\t<meta property=\"og:image:type\" content=\"image\/jpeg\" \/>\n<meta name=\"author\" content=\"selectednews\" \/>\n<meta name=\"twitter:card\" content=\"summary_large_image\" \/>\n<meta name=\"twitter:label1\" content=\"Escrito por\" \/>\n\t<meta name=\"twitter:data1\" content=\"selectednews\" \/>\n\t<meta name=\"twitter:label2\" content=\"Tiempo de lectura\" \/>\n\t<meta name=\"twitter:data2\" content=\"2 minutos\" \/>\n<script type=\"application\/ld+json\" class=\"yoast-schema-graph\">{\"@context\":\"https:\\\/\\\/schema.org\",\"@graph\":[{\"@type\":\"Article\",\"@id\":\"https:\\\/\\\/selectednews.info\\\/mx\\\/preocupa-que-cfe-no-respete-los-contratos-ip\\\/#article\",\"isPartOf\":{\"@id\":\"https:\\\/\\\/selectednews.info\\\/mx\\\/preocupa-que-cfe-no-respete-los-contratos-ip\\\/\"},\"author\":{\"name\":\"selectednews\",\"@id\":\"https:\\\/\\\/selectednews.info\\\/mx\\\/#\\\/schema\\\/person\\\/c8a0f1bfe64548cfb06c0529b0970068\"},\"headline\":\"Preocupa que CFE no respete los contratos: IP\",\"datePublished\":\"2019-06-28T07:48:14+00:00\",\"dateModified\":\"2019-06-28T07:48:16+00:00\",\"mainEntityOfPage\":{\"@id\":\"https:\\\/\\\/selectednews.info\\\/mx\\\/preocupa-que-cfe-no-respete-los-contratos-ip\\\/\"},\"wordCount\":438,\"commentCount\":0,\"image\":{\"@id\":\"https:\\\/\\\/selectednews.info\\\/mx\\\/preocupa-que-cfe-no-respete-los-contratos-ip\\\/#primaryimage\"},\"thumbnailUrl\":\"https:\\\/\\\/selectednews.info\\\/mx\\\/wp-content\\\/uploads\\\/sites\\\/8\\\/2019\\\/06\\\/Preocupa-que-CFE-no-respete-los-contratos-IP.jpg\",\"articleSection\":[\"NOTICIAS DE NEGOCIOS\"],\"inLanguage\":\"es\",\"potentialAction\":[{\"@type\":\"CommentAction\",\"name\":\"Comment\",\"target\":[\"https:\\\/\\\/selectednews.info\\\/mx\\\/preocupa-que-cfe-no-respete-los-contratos-ip\\\/#respond\"]}]},{\"@type\":\"WebPage\",\"@id\":\"https:\\\/\\\/selectednews.info\\\/mx\\\/preocupa-que-cfe-no-respete-los-contratos-ip\\\/\",\"url\":\"https:\\\/\\\/selectednews.info\\\/mx\\\/preocupa-que-cfe-no-respete-los-contratos-ip\\\/\",\"name\":\"Preocupa que CFE no respete los contratos: IP - Selected News\",\"isPartOf\":{\"@id\":\"https:\\\/\\\/selectednews.info\\\/mx\\\/#website\"},\"primaryImageOfPage\":{\"@id\":\"https:\\\/\\\/selectednews.info\\\/mx\\\/preocupa-que-cfe-no-respete-los-contratos-ip\\\/#primaryimage\"},\"image\":{\"@id\":\"https:\\\/\\\/selectednews.info\\\/mx\\\/preocupa-que-cfe-no-respete-los-contratos-ip\\\/#primaryimage\"},\"thumbnailUrl\":\"https:\\\/\\\/selectednews.info\\\/mx\\\/wp-content\\\/uploads\\\/sites\\\/8\\\/2019\\\/06\\\/Preocupa-que-CFE-no-respete-los-contratos-IP.jpg\",\"datePublished\":\"2019-06-28T07:48:14+00:00\",\"dateModified\":\"2019-06-28T07:48:16+00:00\",\"author\":{\"@id\":\"https:\\\/\\\/selectednews.info\\\/mx\\\/#\\\/schema\\\/person\\\/c8a0f1bfe64548cfb06c0529b0970068\"},\"breadcrumb\":{\"@id\":\"https:\\\/\\\/selectednews.info\\\/mx\\\/preocupa-que-cfe-no-respete-los-contratos-ip\\\/#breadcrumb\"},\"inLanguage\":\"es\",\"potentialAction\":[{\"@type\":\"ReadAction\",\"target\":[\"https:\\\/\\\/selectednews.info\\\/mx\\\/preocupa-que-cfe-no-respete-los-contratos-ip\\\/\"]}]},{\"@type\":\"ImageObject\",\"inLanguage\":\"es\",\"@id\":\"https:\\\/\\\/selectednews.info\\\/mx\\\/preocupa-que-cfe-no-respete-los-contratos-ip\\\/#primaryimage\",\"url\":\"https:\\\/\\\/selectednews.info\\\/mx\\\/wp-content\\\/uploads\\\/sites\\\/8\\\/2019\\\/06\\\/Preocupa-que-CFE-no-respete-los-contratos-IP.jpg\",\"contentUrl\":\"https:\\\/\\\/selectednews.info\\\/mx\\\/wp-content\\\/uploads\\\/sites\\\/8\\\/2019\\\/06\\\/Preocupa-que-CFE-no-respete-los-contratos-IP.jpg\",\"width\":651,\"height\":400,\"caption\":\"Preocupa que CFE no respete los contratos: IP\"},{\"@type\":\"BreadcrumbList\",\"@id\":\"https:\\\/\\\/selectednews.info\\\/mx\\\/preocupa-que-cfe-no-respete-los-contratos-ip\\\/#breadcrumb\",\"itemListElement\":[{\"@type\":\"ListItem\",\"position\":1,\"name\":\"Home\",\"item\":\"https:\\\/\\\/selectednews.info\\\/mx\\\/\"},{\"@type\":\"ListItem\",\"position\":2,\"name\":\"Preocupa que CFE no respete los contratos: IP\"}]},{\"@type\":\"WebSite\",\"@id\":\"https:\\\/\\\/selectednews.info\\\/mx\\\/#website\",\"url\":\"https:\\\/\\\/selectednews.info\\\/mx\\\/\",\"name\":\"Selected News\",\"description\":\"Selected News Mexico\",\"potentialAction\":[{\"@type\":\"SearchAction\",\"target\":{\"@type\":\"EntryPoint\",\"urlTemplate\":\"https:\\\/\\\/selectednews.info\\\/mx\\\/?s={search_term_string}\"},\"query-input\":{\"@type\":\"PropertyValueSpecification\",\"valueRequired\":true,\"valueName\":\"search_term_string\"}}],\"inLanguage\":\"es\"},{\"@type\":\"Person\",\"@id\":\"https:\\\/\\\/selectednews.info\\\/mx\\\/#\\\/schema\\\/person\\\/c8a0f1bfe64548cfb06c0529b0970068\",\"name\":\"selectednews\",\"image\":{\"@type\":\"ImageObject\",\"inLanguage\":\"es\",\"@id\":\"https:\\\/\\\/secure.gravatar.com\\\/avatar\\\/c88515018a25fd646d9f77ea80cc88996711575667608a2cd1b47f3d1145508a?s=96&d=mm&r=g\",\"url\":\"https:\\\/\\\/secure.gravatar.com\\\/avatar\\\/c88515018a25fd646d9f77ea80cc88996711575667608a2cd1b47f3d1145508a?s=96&d=mm&r=g\",\"contentUrl\":\"https:\\\/\\\/secure.gravatar.com\\\/avatar\\\/c88515018a25fd646d9f77ea80cc88996711575667608a2cd1b47f3d1145508a?s=96&d=mm&r=g\",\"caption\":\"selectednews\"},\"url\":\"https:\\\/\\\/selectednews.info\\\/mx\\\/author\\\/pt\\\/\"}]}<\/script>\n<!-- \/ Yoast SEO plugin. -->","yoast_head_json":{"title":"Preocupa que CFE no respete los contratos: IP - Selected News","robots":{"index":"index","follow":"follow","max-snippet":"max-snippet:-1","max-image-preview":"max-image-preview:large","max-video-preview":"max-video-preview:-1"},"canonical":"https:\/\/selectednews.info\/mx\/preocupa-que-cfe-no-respete-los-contratos-ip\/","og_locale":"es_MX","og_type":"article","og_title":"Preocupa que CFE no respete los contratos: IP - Selected News","og_description":"[ad_1] [email\u00a0protected] La decisi\u00f3n de la Comisi\u00f3n Federal de Electricidad (CFE) de iniciar un arbitraje internacional contra IEnova y TransCanada preocupa al sector privado y a los gobiernos de Estados Unidos y Canad\u00e1, porque significa no reconocer los contratos firmados anteriormente. El embajador de Canad\u00e1 en M\u00e9xico, Pierre Alarie, tuite\u00f3: \u201cEstoy profundamente preocupado por las [&hellip;]","og_url":"https:\/\/selectednews.info\/mx\/preocupa-que-cfe-no-respete-los-contratos-ip\/","og_site_name":"Selected News","article_published_time":"2019-06-28T07:48:14+00:00","article_modified_time":"2019-06-28T07:48:16+00:00","og_image":[{"width":651,"height":400,"url":"https:\/\/selectednews.info\/mx\/wp-content\/uploads\/sites\/8\/2019\/06\/Preocupa-que-CFE-no-respete-los-contratos-IP.jpg","type":"image\/jpeg"}],"author":"selectednews","twitter_card":"summary_large_image","twitter_misc":{"Escrito por":"selectednews","Tiempo de lectura":"2 minutos"},"schema":{"@context":"https:\/\/schema.org","@graph":[{"@type":"Article","@id":"https:\/\/selectednews.info\/mx\/preocupa-que-cfe-no-respete-los-contratos-ip\/#article","isPartOf":{"@id":"https:\/\/selectednews.info\/mx\/preocupa-que-cfe-no-respete-los-contratos-ip\/"},"author":{"name":"selectednews","@id":"https:\/\/selectednews.info\/mx\/#\/schema\/person\/c8a0f1bfe64548cfb06c0529b0970068"},"headline":"Preocupa que CFE no respete los contratos: IP","datePublished":"2019-06-28T07:48:14+00:00","dateModified":"2019-06-28T07:48:16+00:00","mainEntityOfPage":{"@id":"https:\/\/selectednews.info\/mx\/preocupa-que-cfe-no-respete-los-contratos-ip\/"},"wordCount":438,"commentCount":0,"image":{"@id":"https:\/\/selectednews.info\/mx\/preocupa-que-cfe-no-respete-los-contratos-ip\/#primaryimage"},"thumbnailUrl":"https:\/\/selectednews.info\/mx\/wp-content\/uploads\/sites\/8\/2019\/06\/Preocupa-que-CFE-no-respete-los-contratos-IP.jpg","articleSection":["NOTICIAS DE NEGOCIOS"],"inLanguage":"es","potentialAction":[{"@type":"CommentAction","name":"Comment","target":["https:\/\/selectednews.info\/mx\/preocupa-que-cfe-no-respete-los-contratos-ip\/#respond"]}]},{"@type":"WebPage","@id":"https:\/\/selectednews.info\/mx\/preocupa-que-cfe-no-respete-los-contratos-ip\/","url":"https:\/\/selectednews.info\/mx\/preocupa-que-cfe-no-respete-los-contratos-ip\/","name":"Preocupa que CFE no respete los contratos: IP - Selected News","isPartOf":{"@id":"https:\/\/selectednews.info\/mx\/#website"},"primaryImageOfPage":{"@id":"https:\/\/selectednews.info\/mx\/preocupa-que-cfe-no-respete-los-contratos-ip\/#primaryimage"},"image":{"@id":"https:\/\/selectednews.info\/mx\/preocupa-que-cfe-no-respete-los-contratos-ip\/#primaryimage"},"thumbnailUrl":"https:\/\/selectednews.info\/mx\/wp-content\/uploads\/sites\/8\/2019\/06\/Preocupa-que-CFE-no-respete-los-contratos-IP.jpg","datePublished":"2019-06-28T07:48:14+00:00","dateModified":"2019-06-28T07:48:16+00:00","author":{"@id":"https:\/\/selectednews.info\/mx\/#\/schema\/person\/c8a0f1bfe64548cfb06c0529b0970068"},"breadcrumb":{"@id":"https:\/\/selectednews.info\/mx\/preocupa-que-cfe-no-respete-los-contratos-ip\/#breadcrumb"},"inLanguage":"es","potentialAction":[{"@type":"ReadAction","target":["https:\/\/selectednews.info\/mx\/preocupa-que-cfe-no-respete-los-contratos-ip\/"]}]},{"@type":"ImageObject","inLanguage":"es","@id":"https:\/\/selectednews.info\/mx\/preocupa-que-cfe-no-respete-los-contratos-ip\/#primaryimage","url":"https:\/\/selectednews.info\/mx\/wp-content\/uploads\/sites\/8\/2019\/06\/Preocupa-que-CFE-no-respete-los-contratos-IP.jpg","contentUrl":"https:\/\/selectednews.info\/mx\/wp-content\/uploads\/sites\/8\/2019\/06\/Preocupa-que-CFE-no-respete-los-contratos-IP.jpg","width":651,"height":400,"caption":"Preocupa que CFE no respete los contratos: IP"},{"@type":"BreadcrumbList","@id":"https:\/\/selectednews.info\/mx\/preocupa-que-cfe-no-respete-los-contratos-ip\/#breadcrumb","itemListElement":[{"@type":"ListItem","position":1,"name":"Home","item":"https:\/\/selectednews.info\/mx\/"},{"@type":"ListItem","position":2,"name":"Preocupa que CFE no respete los contratos: IP"}]},{"@type":"WebSite","@id":"https:\/\/selectednews.info\/mx\/#website","url":"https:\/\/selectednews.info\/mx\/","name":"Selected News","description":"Selected News Mexico","potentialAction":[{"@type":"SearchAction","target":{"@type":"EntryPoint","urlTemplate":"https:\/\/selectednews.info\/mx\/?s={search_term_string}"},"query-input":{"@type":"PropertyValueSpecification","valueRequired":true,"valueName":"search_term_string"}}],"inLanguage":"es"},{"@type":"Person","@id":"https:\/\/selectednews.info\/mx\/#\/schema\/person\/c8a0f1bfe64548cfb06c0529b0970068","name":"selectednews","image":{"@type":"ImageObject","inLanguage":"es","@id":"https:\/\/secure.gravatar.com\/avatar\/c88515018a25fd646d9f77ea80cc88996711575667608a2cd1b47f3d1145508a?s=96&d=mm&r=g","url":"https:\/\/secure.gravatar.com\/avatar\/c88515018a25fd646d9f77ea80cc88996711575667608a2cd1b47f3d1145508a?s=96&d=mm&r=g","contentUrl":"https:\/\/secure.gravatar.com\/avatar\/c88515018a25fd646d9f77ea80cc88996711575667608a2cd1b47f3d1145508a?s=96&d=mm&r=g","caption":"selectednews"},"url":"https:\/\/selectednews.info\/mx\/author\/pt\/"}]}},"_links":{"self":[{"href":"https:\/\/selectednews.info\/mx\/wp-json\/wp\/v2\/posts\/1493","targetHints":{"allow":["GET"]}}],"collection":[{"href":"https:\/\/selectednews.info\/mx\/wp-json\/wp\/v2\/posts"}],"about":[{"href":"https:\/\/selectednews.info\/mx\/wp-json\/wp\/v2\/types\/post"}],"author":[{"embeddable":true,"href":"https:\/\/selectednews.info\/mx\/wp-json\/wp\/v2\/users\/2"}],"replies":[{"embeddable":true,"href":"https:\/\/selectednews.info\/mx\/wp-json\/wp\/v2\/comments?post=1493"}],"version-history":[{"count":1,"href":"https:\/\/selectednews.info\/mx\/wp-json\/wp\/v2\/posts\/1493\/revisions"}],"predecessor-version":[{"id":1495,"href":"https:\/\/selectednews.info\/mx\/wp-json\/wp\/v2\/posts\/1493\/revisions\/1495"}],"wp:featuredmedia":[{"embeddable":true,"href":"https:\/\/selectednews.info\/mx\/wp-json\/wp\/v2\/media\/1494"}],"wp:attachment":[{"href":"https:\/\/selectednews.info\/mx\/wp-json\/wp\/v2\/media?parent=1493"}],"wp:term":[{"taxonomy":"category","embeddable":true,"href":"https:\/\/selectednews.info\/mx\/wp-json\/wp\/v2\/categories?post=1493"},{"taxonomy":"post_tag","embeddable":true,"href":"https:\/\/selectednews.info\/mx\/wp-json\/wp\/v2\/tags?post=1493"}],"curies":[{"name":"wp","href":"https:\/\/api.w.org\/{rel}","templated":true}]}}