{"id":1502,"date":"2019-06-28T14:07:00","date_gmt":"2019-06-28T14:07:00","guid":{"rendered":"https:\/\/selectednews.info\/mx\/vientos-en-contra-afectan-a-la-economia-mexicana-iif\/"},"modified":"2019-06-28T14:07:00","modified_gmt":"2019-06-28T14:07:00","slug":"vientos-en-contra-afectan-a-la-economia-mexicana-iif","status":"publish","type":"post","link":"https:\/\/selectednews.info\/mx\/vientos-en-contra-afectan-a-la-economia-mexicana-iif\/","title":{"rendered":"Vientos en contra afectan a la econom\u00eda mexicana: IIF"},"content":{"rendered":"<p> [ad_1]<br \/>\n<\/p>\n<div>\n<p><em><span class=\"__cf_email__\" data-cfemail=\"066567747263746746636a73686f70637475676a2865696b286b7e\">[email\u00a0protected]<\/span><\/em><\/p>\n<p>\nPor los vientos en contra como la d\u00e9bil situaci\u00f3n financiera de Petr\u00f3leos Mexicanos (Pemex), incertidumbre pol\u00edtica y las renovadas tensiones comerciales y migratorias con Estados Unidos, el Instituto de Finanzas Internacionales (IIF) redujo sus perspectivas de crecimiento para M\u00e9xico.<\/p>\n<p>\nLas previsiones de crecimiento bajaron a 1.2% para 2019 y 1.7% para 2020, dio a conocer en un reporte especial titulado Puntos de vista para Am\u00e9rica Latina: Notas de viaje a M\u00e9xico, elaborado por el jefe de Investigaci\u00f3n para la Latinoam\u00e9rica, Martin Castellano, y el economista asociado, Jonah Rosenthal.<\/p>\n<p>\nEl IIF asegur\u00f3 que las pol\u00edticas fiscales y monetarias se han mantenido tensas debido a vientos en contra internos como externos.<\/p>\n<p>\nCon base en las reuniones que sostuvieron con diversos sectores durante su visita a M\u00e9xico, el instituto consign\u00f3 en su reporte que los analistas piensan que es poco probable que el presidente Andr\u00e9s Manuel L\u00f3pez Obrador repentinamente se vuelva m\u00e1s pragm\u00e1tico, aunque podr\u00eda pasar gradualmente, al paso del tiempo.<\/p>\n<p>\nEl IIF advirti\u00f3 que el comercio y la migraci\u00f3n son los riesgos que afectan las perspectivas de crecimiento, que se suman al des\u00e1nimo por la fr\u00e1gil situaci\u00f3n de Pemex.<\/p>\n<p>\nEl debilitamiento del crecimiento har\u00e1 que se complique llegar a la meta del balance fiscal, alert\u00f3.<\/p>\n<p>\nRefiri\u00f3 que el compromiso del actual gobierno de no subir impuestos en la primera mitad del sexenio har\u00e1 que se siga ajustando el gasto p\u00fablico, con menores transferencias sociales, para mantener una postura fiscal.<\/p>\n<p>\nEstim\u00f3 que Banco de M\u00e9xico reducir\u00e1 la tasa de referencia en 25 puntos en la segunda mitad del a\u00f1o y destac\u00f3 comentarios de analistas sobre el respeto a la autonom\u00eda por parte del presidente Andr\u00e9s Manuel L\u00f3pez Obrador.<\/p>\n<\/div>\n<p>[ad_2]<br \/>\n<br \/><a href=\"https:\/\/www.eluniversal.com.mx\/cartera\/vientos-en-contra-afectan-la-economia-mexicana-iif\">Source link <\/a><\/p>\n","protected":false},"excerpt":{"rendered":"<p>[ad_1] [email\u00a0protected] Por los vientos en contra como la d\u00e9bil situaci\u00f3n financiera de Petr\u00f3leos Mexicanos (Pemex), incertidumbre pol\u00edtica y las renovadas tensiones comerciales y migratorias con Estados Unidos, el Instituto de Finanzas Internacionales (IIF) redujo sus perspectivas de crecimiento para M\u00e9xico. Las previsiones de crecimiento bajaron a 1.2% para 2019 y 1.7% para 2020, dio [&hellip;]<\/p>\n","protected":false},"author":2,"featured_media":48,"comment_status":"open","ping_status":"open","sticky":false,"template":"","format":"standard","meta":{"footnotes":""},"categories":[1],"tags":[],"class_list":["post-1502","post","type-post","status-publish","format-standard","has-post-thumbnail","hentry","category-noticias-de-negocios"],"yoast_head":"<!-- This site is optimized with the Yoast SEO plugin v28.3 - https:\/\/yoast.com\/product\/yoast-seo-wordpress\/ -->\n<title>Vientos en contra afectan a la econom\u00eda mexicana: IIF - Selected News<\/title>\n<meta name=\"robots\" content=\"index, follow, max-snippet:-1, max-image-preview:large, max-video-preview:-1\" \/>\n<link rel=\"canonical\" href=\"https:\/\/selectednews.info\/mx\/vientos-en-contra-afectan-a-la-economia-mexicana-iif\/\" \/>\n<meta property=\"og:locale\" content=\"es_MX\" \/>\n<meta property=\"og:type\" content=\"article\" \/>\n<meta property=\"og:title\" content=\"Vientos en contra afectan a la econom\u00eda mexicana: IIF - Selected News\" \/>\n<meta property=\"og:description\" content=\"[ad_1] [email\u00a0protected] Por los vientos en contra como la d\u00e9bil situaci\u00f3n financiera de Petr\u00f3leos Mexicanos (Pemex), incertidumbre pol\u00edtica y las renovadas tensiones comerciales y migratorias con Estados Unidos, el Instituto de Finanzas Internacionales (IIF) redujo sus perspectivas de crecimiento para M\u00e9xico. Las previsiones de crecimiento bajaron a 1.2% para 2019 y 1.7% para 2020, dio [&hellip;]\" \/>\n<meta property=\"og:url\" content=\"https:\/\/selectednews.info\/mx\/vientos-en-contra-afectan-a-la-economia-mexicana-iif\/\" \/>\n<meta property=\"og:site_name\" content=\"Selected News\" \/>\n<meta property=\"article:published_time\" content=\"2019-06-28T14:07:00+00:00\" \/>\n<meta property=\"og:image\" content=\"https:\/\/selectednews.info\/mx\/wp-content\/uploads\/sites\/8\/2019\/04\/Carta-aclaratoria.-Precisan-sobre-estudio-Evasi\u00f3n-en-Sueldos-y-Salarios.jpg\" \/>\n\t<meta property=\"og:image:width\" content=\"600\" \/>\n\t<meta property=\"og:image:height\" content=\"315\" \/>\n\t<meta property=\"og:image:type\" content=\"image\/jpeg\" \/>\n<meta name=\"author\" content=\"selectednews\" \/>\n<meta name=\"twitter:card\" content=\"summary_large_image\" \/>\n<meta name=\"twitter:label1\" content=\"Escrito por\" \/>\n\t<meta name=\"twitter:data1\" content=\"selectednews\" \/>\n\t<meta name=\"twitter:label2\" content=\"Tiempo de lectura\" \/>\n\t<meta name=\"twitter:data2\" content=\"2 minutos\" \/>\n<script type=\"application\/ld+json\" class=\"yoast-schema-graph\">{\"@context\":\"https:\\\/\\\/schema.org\",\"@graph\":[{\"@type\":\"Article\",\"@id\":\"https:\\\/\\\/selectednews.info\\\/mx\\\/vientos-en-contra-afectan-a-la-economia-mexicana-iif\\\/#article\",\"isPartOf\":{\"@id\":\"https:\\\/\\\/selectednews.info\\\/mx\\\/vientos-en-contra-afectan-a-la-economia-mexicana-iif\\\/\"},\"author\":{\"name\":\"selectednews\",\"@id\":\"https:\\\/\\\/selectednews.info\\\/mx\\\/#\\\/schema\\\/person\\\/c8a0f1bfe64548cfb06c0529b0970068\"},\"headline\":\"Vientos en contra afectan a la econom\u00eda mexicana: IIF\",\"datePublished\":\"2019-06-28T14:07:00+00:00\",\"mainEntityOfPage\":{\"@id\":\"https:\\\/\\\/selectednews.info\\\/mx\\\/vientos-en-contra-afectan-a-la-economia-mexicana-iif\\\/\"},\"wordCount\":312,\"commentCount\":0,\"image\":{\"@id\":\"https:\\\/\\\/selectednews.info\\\/mx\\\/vientos-en-contra-afectan-a-la-economia-mexicana-iif\\\/#primaryimage\"},\"thumbnailUrl\":\"https:\\\/\\\/selectednews.info\\\/mx\\\/wp-content\\\/uploads\\\/sites\\\/8\\\/2019\\\/04\\\/Carta-aclaratoria.-Precisan-sobre-estudio-Evasi\u00f3n-en-Sueldos-y-Salarios.jpg\",\"articleSection\":[\"NOTICIAS DE NEGOCIOS\"],\"inLanguage\":\"es\",\"potentialAction\":[{\"@type\":\"CommentAction\",\"name\":\"Comment\",\"target\":[\"https:\\\/\\\/selectednews.info\\\/mx\\\/vientos-en-contra-afectan-a-la-economia-mexicana-iif\\\/#respond\"]}]},{\"@type\":\"WebPage\",\"@id\":\"https:\\\/\\\/selectednews.info\\\/mx\\\/vientos-en-contra-afectan-a-la-economia-mexicana-iif\\\/\",\"url\":\"https:\\\/\\\/selectednews.info\\\/mx\\\/vientos-en-contra-afectan-a-la-economia-mexicana-iif\\\/\",\"name\":\"Vientos en contra afectan a la econom\u00eda mexicana: IIF - Selected News\",\"isPartOf\":{\"@id\":\"https:\\\/\\\/selectednews.info\\\/mx\\\/#website\"},\"primaryImageOfPage\":{\"@id\":\"https:\\\/\\\/selectednews.info\\\/mx\\\/vientos-en-contra-afectan-a-la-economia-mexicana-iif\\\/#primaryimage\"},\"image\":{\"@id\":\"https:\\\/\\\/selectednews.info\\\/mx\\\/vientos-en-contra-afectan-a-la-economia-mexicana-iif\\\/#primaryimage\"},\"thumbnailUrl\":\"https:\\\/\\\/selectednews.info\\\/mx\\\/wp-content\\\/uploads\\\/sites\\\/8\\\/2019\\\/04\\\/Carta-aclaratoria.-Precisan-sobre-estudio-Evasi\u00f3n-en-Sueldos-y-Salarios.jpg\",\"datePublished\":\"2019-06-28T14:07:00+00:00\",\"author\":{\"@id\":\"https:\\\/\\\/selectednews.info\\\/mx\\\/#\\\/schema\\\/person\\\/c8a0f1bfe64548cfb06c0529b0970068\"},\"breadcrumb\":{\"@id\":\"https:\\\/\\\/selectednews.info\\\/mx\\\/vientos-en-contra-afectan-a-la-economia-mexicana-iif\\\/#breadcrumb\"},\"inLanguage\":\"es\",\"potentialAction\":[{\"@type\":\"ReadAction\",\"target\":[\"https:\\\/\\\/selectednews.info\\\/mx\\\/vientos-en-contra-afectan-a-la-economia-mexicana-iif\\\/\"]}]},{\"@type\":\"ImageObject\",\"inLanguage\":\"es\",\"@id\":\"https:\\\/\\\/selectednews.info\\\/mx\\\/vientos-en-contra-afectan-a-la-economia-mexicana-iif\\\/#primaryimage\",\"url\":\"https:\\\/\\\/selectednews.info\\\/mx\\\/wp-content\\\/uploads\\\/sites\\\/8\\\/2019\\\/04\\\/Carta-aclaratoria.-Precisan-sobre-estudio-Evasi\u00f3n-en-Sueldos-y-Salarios.jpg\",\"contentUrl\":\"https:\\\/\\\/selectednews.info\\\/mx\\\/wp-content\\\/uploads\\\/sites\\\/8\\\/2019\\\/04\\\/Carta-aclaratoria.-Precisan-sobre-estudio-Evasi\u00f3n-en-Sueldos-y-Salarios.jpg\",\"width\":600,\"height\":315,\"caption\":\"Carta aclaratoria. Precisan sobre estudio Evasi\u00f3n en Sueldos y Salarios\"},{\"@type\":\"BreadcrumbList\",\"@id\":\"https:\\\/\\\/selectednews.info\\\/mx\\\/vientos-en-contra-afectan-a-la-economia-mexicana-iif\\\/#breadcrumb\",\"itemListElement\":[{\"@type\":\"ListItem\",\"position\":1,\"name\":\"Home\",\"item\":\"https:\\\/\\\/selectednews.info\\\/mx\\\/\"},{\"@type\":\"ListItem\",\"position\":2,\"name\":\"Vientos en contra afectan a la econom\u00eda mexicana: IIF\"}]},{\"@type\":\"WebSite\",\"@id\":\"https:\\\/\\\/selectednews.info\\\/mx\\\/#website\",\"url\":\"https:\\\/\\\/selectednews.info\\\/mx\\\/\",\"name\":\"Selected News\",\"description\":\"Selected News Mexico\",\"potentialAction\":[{\"@type\":\"SearchAction\",\"target\":{\"@type\":\"EntryPoint\",\"urlTemplate\":\"https:\\\/\\\/selectednews.info\\\/mx\\\/?s={search_term_string}\"},\"query-input\":{\"@type\":\"PropertyValueSpecification\",\"valueRequired\":true,\"valueName\":\"search_term_string\"}}],\"inLanguage\":\"es\"},{\"@type\":\"Person\",\"@id\":\"https:\\\/\\\/selectednews.info\\\/mx\\\/#\\\/schema\\\/person\\\/c8a0f1bfe64548cfb06c0529b0970068\",\"name\":\"selectednews\",\"image\":{\"@type\":\"ImageObject\",\"inLanguage\":\"es\",\"@id\":\"https:\\\/\\\/secure.gravatar.com\\\/avatar\\\/c88515018a25fd646d9f77ea80cc88996711575667608a2cd1b47f3d1145508a?s=96&d=mm&r=g\",\"url\":\"https:\\\/\\\/secure.gravatar.com\\\/avatar\\\/c88515018a25fd646d9f77ea80cc88996711575667608a2cd1b47f3d1145508a?s=96&d=mm&r=g\",\"contentUrl\":\"https:\\\/\\\/secure.gravatar.com\\\/avatar\\\/c88515018a25fd646d9f77ea80cc88996711575667608a2cd1b47f3d1145508a?s=96&d=mm&r=g\",\"caption\":\"selectednews\"},\"url\":\"https:\\\/\\\/selectednews.info\\\/mx\\\/author\\\/pt\\\/\"}]}<\/script>\n<!-- \/ Yoast SEO plugin. -->","yoast_head_json":{"title":"Vientos en contra afectan a la econom\u00eda mexicana: IIF - Selected News","robots":{"index":"index","follow":"follow","max-snippet":"max-snippet:-1","max-image-preview":"max-image-preview:large","max-video-preview":"max-video-preview:-1"},"canonical":"https:\/\/selectednews.info\/mx\/vientos-en-contra-afectan-a-la-economia-mexicana-iif\/","og_locale":"es_MX","og_type":"article","og_title":"Vientos en contra afectan a la econom\u00eda mexicana: IIF - Selected News","og_description":"[ad_1] [email\u00a0protected] Por los vientos en contra como la d\u00e9bil situaci\u00f3n financiera de Petr\u00f3leos Mexicanos (Pemex), incertidumbre pol\u00edtica y las renovadas tensiones comerciales y migratorias con Estados Unidos, el Instituto de Finanzas Internacionales (IIF) redujo sus perspectivas de crecimiento para M\u00e9xico. Las previsiones de crecimiento bajaron a 1.2% para 2019 y 1.7% para 2020, dio [&hellip;]","og_url":"https:\/\/selectednews.info\/mx\/vientos-en-contra-afectan-a-la-economia-mexicana-iif\/","og_site_name":"Selected News","article_published_time":"2019-06-28T14:07:00+00:00","og_image":[{"width":600,"height":315,"url":"https:\/\/selectednews.info\/mx\/wp-content\/uploads\/sites\/8\/2019\/04\/Carta-aclaratoria.-Precisan-sobre-estudio-Evasi\u00f3n-en-Sueldos-y-Salarios.jpg","type":"image\/jpeg"}],"author":"selectednews","twitter_card":"summary_large_image","twitter_misc":{"Escrito por":"selectednews","Tiempo de lectura":"2 minutos"},"schema":{"@context":"https:\/\/schema.org","@graph":[{"@type":"Article","@id":"https:\/\/selectednews.info\/mx\/vientos-en-contra-afectan-a-la-economia-mexicana-iif\/#article","isPartOf":{"@id":"https:\/\/selectednews.info\/mx\/vientos-en-contra-afectan-a-la-economia-mexicana-iif\/"},"author":{"name":"selectednews","@id":"https:\/\/selectednews.info\/mx\/#\/schema\/person\/c8a0f1bfe64548cfb06c0529b0970068"},"headline":"Vientos en contra afectan a la econom\u00eda mexicana: IIF","datePublished":"2019-06-28T14:07:00+00:00","mainEntityOfPage":{"@id":"https:\/\/selectednews.info\/mx\/vientos-en-contra-afectan-a-la-economia-mexicana-iif\/"},"wordCount":312,"commentCount":0,"image":{"@id":"https:\/\/selectednews.info\/mx\/vientos-en-contra-afectan-a-la-economia-mexicana-iif\/#primaryimage"},"thumbnailUrl":"https:\/\/selectednews.info\/mx\/wp-content\/uploads\/sites\/8\/2019\/04\/Carta-aclaratoria.-Precisan-sobre-estudio-Evasi\u00f3n-en-Sueldos-y-Salarios.jpg","articleSection":["NOTICIAS DE NEGOCIOS"],"inLanguage":"es","potentialAction":[{"@type":"CommentAction","name":"Comment","target":["https:\/\/selectednews.info\/mx\/vientos-en-contra-afectan-a-la-economia-mexicana-iif\/#respond"]}]},{"@type":"WebPage","@id":"https:\/\/selectednews.info\/mx\/vientos-en-contra-afectan-a-la-economia-mexicana-iif\/","url":"https:\/\/selectednews.info\/mx\/vientos-en-contra-afectan-a-la-economia-mexicana-iif\/","name":"Vientos en contra afectan a la econom\u00eda mexicana: IIF - Selected News","isPartOf":{"@id":"https:\/\/selectednews.info\/mx\/#website"},"primaryImageOfPage":{"@id":"https:\/\/selectednews.info\/mx\/vientos-en-contra-afectan-a-la-economia-mexicana-iif\/#primaryimage"},"image":{"@id":"https:\/\/selectednews.info\/mx\/vientos-en-contra-afectan-a-la-economia-mexicana-iif\/#primaryimage"},"thumbnailUrl":"https:\/\/selectednews.info\/mx\/wp-content\/uploads\/sites\/8\/2019\/04\/Carta-aclaratoria.-Precisan-sobre-estudio-Evasi\u00f3n-en-Sueldos-y-Salarios.jpg","datePublished":"2019-06-28T14:07:00+00:00","author":{"@id":"https:\/\/selectednews.info\/mx\/#\/schema\/person\/c8a0f1bfe64548cfb06c0529b0970068"},"breadcrumb":{"@id":"https:\/\/selectednews.info\/mx\/vientos-en-contra-afectan-a-la-economia-mexicana-iif\/#breadcrumb"},"inLanguage":"es","potentialAction":[{"@type":"ReadAction","target":["https:\/\/selectednews.info\/mx\/vientos-en-contra-afectan-a-la-economia-mexicana-iif\/"]}]},{"@type":"ImageObject","inLanguage":"es","@id":"https:\/\/selectednews.info\/mx\/vientos-en-contra-afectan-a-la-economia-mexicana-iif\/#primaryimage","url":"https:\/\/selectednews.info\/mx\/wp-content\/uploads\/sites\/8\/2019\/04\/Carta-aclaratoria.-Precisan-sobre-estudio-Evasi\u00f3n-en-Sueldos-y-Salarios.jpg","contentUrl":"https:\/\/selectednews.info\/mx\/wp-content\/uploads\/sites\/8\/2019\/04\/Carta-aclaratoria.-Precisan-sobre-estudio-Evasi\u00f3n-en-Sueldos-y-Salarios.jpg","width":600,"height":315,"caption":"Carta aclaratoria. Precisan sobre estudio Evasi\u00f3n en Sueldos y Salarios"},{"@type":"BreadcrumbList","@id":"https:\/\/selectednews.info\/mx\/vientos-en-contra-afectan-a-la-economia-mexicana-iif\/#breadcrumb","itemListElement":[{"@type":"ListItem","position":1,"name":"Home","item":"https:\/\/selectednews.info\/mx\/"},{"@type":"ListItem","position":2,"name":"Vientos en contra afectan a la econom\u00eda mexicana: IIF"}]},{"@type":"WebSite","@id":"https:\/\/selectednews.info\/mx\/#website","url":"https:\/\/selectednews.info\/mx\/","name":"Selected News","description":"Selected News Mexico","potentialAction":[{"@type":"SearchAction","target":{"@type":"EntryPoint","urlTemplate":"https:\/\/selectednews.info\/mx\/?s={search_term_string}"},"query-input":{"@type":"PropertyValueSpecification","valueRequired":true,"valueName":"search_term_string"}}],"inLanguage":"es"},{"@type":"Person","@id":"https:\/\/selectednews.info\/mx\/#\/schema\/person\/c8a0f1bfe64548cfb06c0529b0970068","name":"selectednews","image":{"@type":"ImageObject","inLanguage":"es","@id":"https:\/\/secure.gravatar.com\/avatar\/c88515018a25fd646d9f77ea80cc88996711575667608a2cd1b47f3d1145508a?s=96&d=mm&r=g","url":"https:\/\/secure.gravatar.com\/avatar\/c88515018a25fd646d9f77ea80cc88996711575667608a2cd1b47f3d1145508a?s=96&d=mm&r=g","contentUrl":"https:\/\/secure.gravatar.com\/avatar\/c88515018a25fd646d9f77ea80cc88996711575667608a2cd1b47f3d1145508a?s=96&d=mm&r=g","caption":"selectednews"},"url":"https:\/\/selectednews.info\/mx\/author\/pt\/"}]}},"_links":{"self":[{"href":"https:\/\/selectednews.info\/mx\/wp-json\/wp\/v2\/posts\/1502","targetHints":{"allow":["GET"]}}],"collection":[{"href":"https:\/\/selectednews.info\/mx\/wp-json\/wp\/v2\/posts"}],"about":[{"href":"https:\/\/selectednews.info\/mx\/wp-json\/wp\/v2\/types\/post"}],"author":[{"embeddable":true,"href":"https:\/\/selectednews.info\/mx\/wp-json\/wp\/v2\/users\/2"}],"replies":[{"embeddable":true,"href":"https:\/\/selectednews.info\/mx\/wp-json\/wp\/v2\/comments?post=1502"}],"version-history":[{"count":1,"href":"https:\/\/selectednews.info\/mx\/wp-json\/wp\/v2\/posts\/1502\/revisions"}],"predecessor-version":[{"id":1503,"href":"https:\/\/selectednews.info\/mx\/wp-json\/wp\/v2\/posts\/1502\/revisions\/1503"}],"wp:featuredmedia":[{"embeddable":true,"href":"https:\/\/selectednews.info\/mx\/wp-json\/wp\/v2\/media\/48"}],"wp:attachment":[{"href":"https:\/\/selectednews.info\/mx\/wp-json\/wp\/v2\/media?parent=1502"}],"wp:term":[{"taxonomy":"category","embeddable":true,"href":"https:\/\/selectednews.info\/mx\/wp-json\/wp\/v2\/categories?post=1502"},{"taxonomy":"post_tag","embeddable":true,"href":"https:\/\/selectednews.info\/mx\/wp-json\/wp\/v2\/tags?post=1502"}],"curies":[{"name":"wp","href":"https:\/\/api.w.org\/{rel}","templated":true}]}}