{"id":1504,"date":"2019-06-28T16:03:35","date_gmt":"2019-06-28T16:03:35","guid":{"rendered":"https:\/\/selectednews.info\/mx\/exportacion-se-acelera-durante-mayo-y-crece-6-7\/"},"modified":"2019-06-28T16:03:36","modified_gmt":"2019-06-28T16:03:36","slug":"exportacion-se-acelera-durante-mayo-y-crece-6-7","status":"publish","type":"post","link":"https:\/\/selectednews.info\/mx\/exportacion-se-acelera-durante-mayo-y-crece-6-7\/","title":{"rendered":"exportaci\u00f3n se acelera durante mayo y crece 6.7%"},"content":{"rendered":"<p> [ad_1]<br \/>\n<\/p>\n<div>\n<p><em><span class=\"__cf_email__\" data-cfemail=\"afdddacdcac181c2c6c8dacac3cadcefcac3dac1c6d9cadddccec381ccc0c281c2d7\">[email\u00a0protected]<\/span><\/em><\/p>\n<p>\nEl valor de las exportaciones mexicanas de mercanc\u00edas ascendi\u00f3 a 41 mil 825 millones de d\u00f3lares en mayo de 2019, cifra 6.7% superior a la registrada en el mismo periodo del a\u00f1o anterior y la tasa m\u00e1s alta desde octubre de 2018, de acuerdo con los datos de la Balanza Comercial dados a conocer por el Inegi.<\/p>\n<p>\nEn opini\u00f3n de Juan Carlos Alderete, economista senior de Banorte, los resultados del comercio exterior sugieren que la demanda externa, sobre todo la relacionada al sector manufacturero, ha mantenido cierta fortaleza a pesar de las tensiones comerciales y la desaceleraci\u00f3n de la industria global.<\/p>\n<p>\nEsto podr\u00eda ser favorable para el PIB del segundo trimestre de 2019, tras la desaceleraci\u00f3n del comercio en el primer trimestre. En contraste, el reporte es consistente con algunas se\u00f1ales que aluden a una desaceleraci\u00f3n de la demanda dom\u00e9stica, en particular en t\u00e9rminos del consumo, agreg\u00f3.<\/p>\n<p>\nEl repunte de las ventas al exterior se basa en un aumento anual de 7.7% en las exportaciones no petroleras y de una ca\u00edda de 6.9% en las petroleras. En las exportaciones no petroleras, las dirigidas a Estados Unidos avanzaron 8.5% y al resto del mundo subieron 4.1%.<\/p>\n<p>\u00a0<\/p>\n<p>\nLas ventas de petr\u00f3leo crudo reportaron una baja anual de 2.6%, mientras que otras exportaciones petroleras cayeron 29.7%. Pese a lo anterior, los analistas estiman que el desempe\u00f1o del sector petrolero fue positivo considerando que el precio de la mezcla mexicana cay\u00f3 2.9% anual, con un promedio en el mes de 62.2 d\u00f3lares el barril.<\/p>\n<p>\nEl desempe\u00f1o m\u00e1s favorable de las exportaciones no petroleras fue en las manufacturas, al alcanzar un crecimiento de 8%, apoyado por el dinamismo del sector automotriz que creci\u00f3 16%.<\/p>\n<p>\nCon cifras ajustadas por estacionalidad, en mayo las exportaciones totales de mercanc\u00edas reportaron un ascenso mensual de 3.9%, el cual fue resultado de incrementos de 3.8% en las exportaciones no petroleras y de 6% en las petroleras.<\/p>\n<p>\nLas importaciones de mercanc\u00edas en mayo alcanzaron 40 mil 795 millones de d\u00f3lares, monto que implic\u00f3 una variaci\u00f3n anual de 0.1%. Esto fue reflejo de la combinaci\u00f3n de un avance de 2.4% en las importaciones petroleras y de una baja de 0.2% en las no petroleras.<\/p>\n<p>\nAl considerar las importaciones por tipo de bien, se registraron alzas anuales de 1.1% en las importaciones de bienes de consumo y de 0.3% en las de bienes de uso intermedio, mientras que se present\u00f3 un descenso de 3.0% en las importaciones de bienes de capital.<\/p>\n<p>\nLa informaci\u00f3n de comercio exterior de mayo indica un super\u00e1vit comercial de mil 31 millones de d\u00f3lares, saldo que se compara con el d\u00e9ficit de mil 552 millones observado en el mismo mes de 2018.<\/p>\n<\/div>\n<p>[ad_2]<br \/>\n<br \/><a href=\"https:\/\/www.eluniversal.com.mx\/cartera\/inegi-exportacion-se-acelera-durante-mayo-y-crece-67\">Source link <\/a><\/p>\n","protected":false},"excerpt":{"rendered":"<p>[ad_1] [email\u00a0protected] El valor de las exportaciones mexicanas de mercanc\u00edas ascendi\u00f3 a 41 mil 825 millones de d\u00f3lares en mayo de 2019, cifra 6.7% superior a la registrada en el mismo periodo del a\u00f1o anterior y la tasa m\u00e1s alta desde octubre de 2018, de acuerdo con los datos de la Balanza Comercial dados a [&hellip;]<\/p>\n","protected":false},"author":2,"featured_media":1505,"comment_status":"open","ping_status":"open","sticky":false,"template":"","format":"standard","meta":{"footnotes":""},"categories":[1],"tags":[],"class_list":["post-1504","post","type-post","status-publish","format-standard","has-post-thumbnail","hentry","category-noticias-de-negocios"],"yoast_head":"<!-- This site is optimized with the Yoast SEO plugin v28.3 - https:\/\/yoast.com\/product\/yoast-seo-wordpress\/ -->\n<title>exportaci\u00f3n se acelera durante mayo y crece 6.7% - Selected News<\/title>\n<meta name=\"robots\" content=\"index, follow, max-snippet:-1, max-image-preview:large, max-video-preview:-1\" \/>\n<link rel=\"canonical\" href=\"https:\/\/selectednews.info\/mx\/exportacion-se-acelera-durante-mayo-y-crece-6-7\/\" \/>\n<meta property=\"og:locale\" content=\"es_MX\" \/>\n<meta property=\"og:type\" content=\"article\" \/>\n<meta property=\"og:title\" content=\"exportaci\u00f3n se acelera durante mayo y crece 6.7% - Selected News\" \/>\n<meta property=\"og:description\" content=\"[ad_1] [email\u00a0protected] El valor de las exportaciones mexicanas de mercanc\u00edas ascendi\u00f3 a 41 mil 825 millones de d\u00f3lares en mayo de 2019, cifra 6.7% superior a la registrada en el mismo periodo del a\u00f1o anterior y la tasa m\u00e1s alta desde octubre de 2018, de acuerdo con los datos de la Balanza Comercial dados a [&hellip;]\" \/>\n<meta property=\"og:url\" content=\"https:\/\/selectednews.info\/mx\/exportacion-se-acelera-durante-mayo-y-crece-6-7\/\" \/>\n<meta property=\"og:site_name\" content=\"Selected News\" \/>\n<meta property=\"article:published_time\" content=\"2019-06-28T16:03:35+00:00\" \/>\n<meta property=\"article:modified_time\" content=\"2019-06-28T16:03:36+00:00\" \/>\n<meta property=\"og:image\" content=\"https:\/\/selectednews.info\/mx\/wp-content\/uploads\/sites\/8\/2019\/06\/exportaci\u00f3n-se-acelera-durante-mayo-y-crece-6.7.gif\" \/>\n\t<meta property=\"og:image:width\" content=\"567\" \/>\n\t<meta property=\"og:image:height\" content=\"494\" \/>\n\t<meta property=\"og:image:type\" content=\"image\/gif\" \/>\n<meta name=\"author\" content=\"selectednews\" \/>\n<meta name=\"twitter:card\" content=\"summary_large_image\" \/>\n<meta name=\"twitter:label1\" content=\"Escrito por\" \/>\n\t<meta name=\"twitter:data1\" content=\"selectednews\" \/>\n\t<meta name=\"twitter:label2\" content=\"Tiempo de lectura\" \/>\n\t<meta name=\"twitter:data2\" content=\"2 minutos\" \/>\n<script type=\"application\/ld+json\" class=\"yoast-schema-graph\">{\"@context\":\"https:\\\/\\\/schema.org\",\"@graph\":[{\"@type\":\"Article\",\"@id\":\"https:\\\/\\\/selectednews.info\\\/mx\\\/exportacion-se-acelera-durante-mayo-y-crece-6-7\\\/#article\",\"isPartOf\":{\"@id\":\"https:\\\/\\\/selectednews.info\\\/mx\\\/exportacion-se-acelera-durante-mayo-y-crece-6-7\\\/\"},\"author\":{\"name\":\"selectednews\",\"@id\":\"https:\\\/\\\/selectednews.info\\\/mx\\\/#\\\/schema\\\/person\\\/c8a0f1bfe64548cfb06c0529b0970068\"},\"headline\":\"exportaci\u00f3n se acelera durante mayo y crece 6.7%\",\"datePublished\":\"2019-06-28T16:03:35+00:00\",\"dateModified\":\"2019-06-28T16:03:36+00:00\",\"mainEntityOfPage\":{\"@id\":\"https:\\\/\\\/selectednews.info\\\/mx\\\/exportacion-se-acelera-durante-mayo-y-crece-6-7\\\/\"},\"wordCount\":454,\"commentCount\":0,\"image\":{\"@id\":\"https:\\\/\\\/selectednews.info\\\/mx\\\/exportacion-se-acelera-durante-mayo-y-crece-6-7\\\/#primaryimage\"},\"thumbnailUrl\":\"https:\\\/\\\/selectednews.info\\\/mx\\\/wp-content\\\/uploads\\\/sites\\\/8\\\/2019\\\/06\\\/exportaci\u00f3n-se-acelera-durante-mayo-y-crece-6.7.gif\",\"articleSection\":[\"NOTICIAS DE NEGOCIOS\"],\"inLanguage\":\"es\",\"potentialAction\":[{\"@type\":\"CommentAction\",\"name\":\"Comment\",\"target\":[\"https:\\\/\\\/selectednews.info\\\/mx\\\/exportacion-se-acelera-durante-mayo-y-crece-6-7\\\/#respond\"]}]},{\"@type\":\"WebPage\",\"@id\":\"https:\\\/\\\/selectednews.info\\\/mx\\\/exportacion-se-acelera-durante-mayo-y-crece-6-7\\\/\",\"url\":\"https:\\\/\\\/selectednews.info\\\/mx\\\/exportacion-se-acelera-durante-mayo-y-crece-6-7\\\/\",\"name\":\"exportaci\u00f3n se acelera durante mayo y crece 6.7% - Selected News\",\"isPartOf\":{\"@id\":\"https:\\\/\\\/selectednews.info\\\/mx\\\/#website\"},\"primaryImageOfPage\":{\"@id\":\"https:\\\/\\\/selectednews.info\\\/mx\\\/exportacion-se-acelera-durante-mayo-y-crece-6-7\\\/#primaryimage\"},\"image\":{\"@id\":\"https:\\\/\\\/selectednews.info\\\/mx\\\/exportacion-se-acelera-durante-mayo-y-crece-6-7\\\/#primaryimage\"},\"thumbnailUrl\":\"https:\\\/\\\/selectednews.info\\\/mx\\\/wp-content\\\/uploads\\\/sites\\\/8\\\/2019\\\/06\\\/exportaci\u00f3n-se-acelera-durante-mayo-y-crece-6.7.gif\",\"datePublished\":\"2019-06-28T16:03:35+00:00\",\"dateModified\":\"2019-06-28T16:03:36+00:00\",\"author\":{\"@id\":\"https:\\\/\\\/selectednews.info\\\/mx\\\/#\\\/schema\\\/person\\\/c8a0f1bfe64548cfb06c0529b0970068\"},\"breadcrumb\":{\"@id\":\"https:\\\/\\\/selectednews.info\\\/mx\\\/exportacion-se-acelera-durante-mayo-y-crece-6-7\\\/#breadcrumb\"},\"inLanguage\":\"es\",\"potentialAction\":[{\"@type\":\"ReadAction\",\"target\":[\"https:\\\/\\\/selectednews.info\\\/mx\\\/exportacion-se-acelera-durante-mayo-y-crece-6-7\\\/\"]}]},{\"@type\":\"ImageObject\",\"inLanguage\":\"es\",\"@id\":\"https:\\\/\\\/selectednews.info\\\/mx\\\/exportacion-se-acelera-durante-mayo-y-crece-6-7\\\/#primaryimage\",\"url\":\"https:\\\/\\\/selectednews.info\\\/mx\\\/wp-content\\\/uploads\\\/sites\\\/8\\\/2019\\\/06\\\/exportaci\u00f3n-se-acelera-durante-mayo-y-crece-6.7.gif\",\"contentUrl\":\"https:\\\/\\\/selectednews.info\\\/mx\\\/wp-content\\\/uploads\\\/sites\\\/8\\\/2019\\\/06\\\/exportaci\u00f3n-se-acelera-durante-mayo-y-crece-6.7.gif\",\"width\":567,\"height\":494,\"caption\":\"27jun2019-balanza1.gif\"},{\"@type\":\"BreadcrumbList\",\"@id\":\"https:\\\/\\\/selectednews.info\\\/mx\\\/exportacion-se-acelera-durante-mayo-y-crece-6-7\\\/#breadcrumb\",\"itemListElement\":[{\"@type\":\"ListItem\",\"position\":1,\"name\":\"Home\",\"item\":\"https:\\\/\\\/selectednews.info\\\/mx\\\/\"},{\"@type\":\"ListItem\",\"position\":2,\"name\":\"exportaci\u00f3n se acelera durante mayo y crece 6.7%\"}]},{\"@type\":\"WebSite\",\"@id\":\"https:\\\/\\\/selectednews.info\\\/mx\\\/#website\",\"url\":\"https:\\\/\\\/selectednews.info\\\/mx\\\/\",\"name\":\"Selected News\",\"description\":\"Selected News Mexico\",\"potentialAction\":[{\"@type\":\"SearchAction\",\"target\":{\"@type\":\"EntryPoint\",\"urlTemplate\":\"https:\\\/\\\/selectednews.info\\\/mx\\\/?s={search_term_string}\"},\"query-input\":{\"@type\":\"PropertyValueSpecification\",\"valueRequired\":true,\"valueName\":\"search_term_string\"}}],\"inLanguage\":\"es\"},{\"@type\":\"Person\",\"@id\":\"https:\\\/\\\/selectednews.info\\\/mx\\\/#\\\/schema\\\/person\\\/c8a0f1bfe64548cfb06c0529b0970068\",\"name\":\"selectednews\",\"image\":{\"@type\":\"ImageObject\",\"inLanguage\":\"es\",\"@id\":\"https:\\\/\\\/secure.gravatar.com\\\/avatar\\\/c88515018a25fd646d9f77ea80cc88996711575667608a2cd1b47f3d1145508a?s=96&d=mm&r=g\",\"url\":\"https:\\\/\\\/secure.gravatar.com\\\/avatar\\\/c88515018a25fd646d9f77ea80cc88996711575667608a2cd1b47f3d1145508a?s=96&d=mm&r=g\",\"contentUrl\":\"https:\\\/\\\/secure.gravatar.com\\\/avatar\\\/c88515018a25fd646d9f77ea80cc88996711575667608a2cd1b47f3d1145508a?s=96&d=mm&r=g\",\"caption\":\"selectednews\"},\"url\":\"https:\\\/\\\/selectednews.info\\\/mx\\\/author\\\/pt\\\/\"}]}<\/script>\n<!-- \/ Yoast SEO plugin. -->","yoast_head_json":{"title":"exportaci\u00f3n se acelera durante mayo y crece 6.7% - Selected News","robots":{"index":"index","follow":"follow","max-snippet":"max-snippet:-1","max-image-preview":"max-image-preview:large","max-video-preview":"max-video-preview:-1"},"canonical":"https:\/\/selectednews.info\/mx\/exportacion-se-acelera-durante-mayo-y-crece-6-7\/","og_locale":"es_MX","og_type":"article","og_title":"exportaci\u00f3n se acelera durante mayo y crece 6.7% - Selected News","og_description":"[ad_1] [email\u00a0protected] El valor de las exportaciones mexicanas de mercanc\u00edas ascendi\u00f3 a 41 mil 825 millones de d\u00f3lares en mayo de 2019, cifra 6.7% superior a la registrada en el mismo periodo del a\u00f1o anterior y la tasa m\u00e1s alta desde octubre de 2018, de acuerdo con los datos de la Balanza Comercial dados a [&hellip;]","og_url":"https:\/\/selectednews.info\/mx\/exportacion-se-acelera-durante-mayo-y-crece-6-7\/","og_site_name":"Selected News","article_published_time":"2019-06-28T16:03:35+00:00","article_modified_time":"2019-06-28T16:03:36+00:00","og_image":[{"width":567,"height":494,"url":"https:\/\/selectednews.info\/mx\/wp-content\/uploads\/sites\/8\/2019\/06\/exportaci\u00f3n-se-acelera-durante-mayo-y-crece-6.7.gif","type":"image\/gif"}],"author":"selectednews","twitter_card":"summary_large_image","twitter_misc":{"Escrito por":"selectednews","Tiempo de lectura":"2 minutos"},"schema":{"@context":"https:\/\/schema.org","@graph":[{"@type":"Article","@id":"https:\/\/selectednews.info\/mx\/exportacion-se-acelera-durante-mayo-y-crece-6-7\/#article","isPartOf":{"@id":"https:\/\/selectednews.info\/mx\/exportacion-se-acelera-durante-mayo-y-crece-6-7\/"},"author":{"name":"selectednews","@id":"https:\/\/selectednews.info\/mx\/#\/schema\/person\/c8a0f1bfe64548cfb06c0529b0970068"},"headline":"exportaci\u00f3n se acelera durante mayo y crece 6.7%","datePublished":"2019-06-28T16:03:35+00:00","dateModified":"2019-06-28T16:03:36+00:00","mainEntityOfPage":{"@id":"https:\/\/selectednews.info\/mx\/exportacion-se-acelera-durante-mayo-y-crece-6-7\/"},"wordCount":454,"commentCount":0,"image":{"@id":"https:\/\/selectednews.info\/mx\/exportacion-se-acelera-durante-mayo-y-crece-6-7\/#primaryimage"},"thumbnailUrl":"https:\/\/selectednews.info\/mx\/wp-content\/uploads\/sites\/8\/2019\/06\/exportaci\u00f3n-se-acelera-durante-mayo-y-crece-6.7.gif","articleSection":["NOTICIAS DE NEGOCIOS"],"inLanguage":"es","potentialAction":[{"@type":"CommentAction","name":"Comment","target":["https:\/\/selectednews.info\/mx\/exportacion-se-acelera-durante-mayo-y-crece-6-7\/#respond"]}]},{"@type":"WebPage","@id":"https:\/\/selectednews.info\/mx\/exportacion-se-acelera-durante-mayo-y-crece-6-7\/","url":"https:\/\/selectednews.info\/mx\/exportacion-se-acelera-durante-mayo-y-crece-6-7\/","name":"exportaci\u00f3n se acelera durante mayo y crece 6.7% - Selected News","isPartOf":{"@id":"https:\/\/selectednews.info\/mx\/#website"},"primaryImageOfPage":{"@id":"https:\/\/selectednews.info\/mx\/exportacion-se-acelera-durante-mayo-y-crece-6-7\/#primaryimage"},"image":{"@id":"https:\/\/selectednews.info\/mx\/exportacion-se-acelera-durante-mayo-y-crece-6-7\/#primaryimage"},"thumbnailUrl":"https:\/\/selectednews.info\/mx\/wp-content\/uploads\/sites\/8\/2019\/06\/exportaci\u00f3n-se-acelera-durante-mayo-y-crece-6.7.gif","datePublished":"2019-06-28T16:03:35+00:00","dateModified":"2019-06-28T16:03:36+00:00","author":{"@id":"https:\/\/selectednews.info\/mx\/#\/schema\/person\/c8a0f1bfe64548cfb06c0529b0970068"},"breadcrumb":{"@id":"https:\/\/selectednews.info\/mx\/exportacion-se-acelera-durante-mayo-y-crece-6-7\/#breadcrumb"},"inLanguage":"es","potentialAction":[{"@type":"ReadAction","target":["https:\/\/selectednews.info\/mx\/exportacion-se-acelera-durante-mayo-y-crece-6-7\/"]}]},{"@type":"ImageObject","inLanguage":"es","@id":"https:\/\/selectednews.info\/mx\/exportacion-se-acelera-durante-mayo-y-crece-6-7\/#primaryimage","url":"https:\/\/selectednews.info\/mx\/wp-content\/uploads\/sites\/8\/2019\/06\/exportaci\u00f3n-se-acelera-durante-mayo-y-crece-6.7.gif","contentUrl":"https:\/\/selectednews.info\/mx\/wp-content\/uploads\/sites\/8\/2019\/06\/exportaci\u00f3n-se-acelera-durante-mayo-y-crece-6.7.gif","width":567,"height":494,"caption":"27jun2019-balanza1.gif"},{"@type":"BreadcrumbList","@id":"https:\/\/selectednews.info\/mx\/exportacion-se-acelera-durante-mayo-y-crece-6-7\/#breadcrumb","itemListElement":[{"@type":"ListItem","position":1,"name":"Home","item":"https:\/\/selectednews.info\/mx\/"},{"@type":"ListItem","position":2,"name":"exportaci\u00f3n se acelera durante mayo y crece 6.7%"}]},{"@type":"WebSite","@id":"https:\/\/selectednews.info\/mx\/#website","url":"https:\/\/selectednews.info\/mx\/","name":"Selected News","description":"Selected News Mexico","potentialAction":[{"@type":"SearchAction","target":{"@type":"EntryPoint","urlTemplate":"https:\/\/selectednews.info\/mx\/?s={search_term_string}"},"query-input":{"@type":"PropertyValueSpecification","valueRequired":true,"valueName":"search_term_string"}}],"inLanguage":"es"},{"@type":"Person","@id":"https:\/\/selectednews.info\/mx\/#\/schema\/person\/c8a0f1bfe64548cfb06c0529b0970068","name":"selectednews","image":{"@type":"ImageObject","inLanguage":"es","@id":"https:\/\/secure.gravatar.com\/avatar\/c88515018a25fd646d9f77ea80cc88996711575667608a2cd1b47f3d1145508a?s=96&d=mm&r=g","url":"https:\/\/secure.gravatar.com\/avatar\/c88515018a25fd646d9f77ea80cc88996711575667608a2cd1b47f3d1145508a?s=96&d=mm&r=g","contentUrl":"https:\/\/secure.gravatar.com\/avatar\/c88515018a25fd646d9f77ea80cc88996711575667608a2cd1b47f3d1145508a?s=96&d=mm&r=g","caption":"selectednews"},"url":"https:\/\/selectednews.info\/mx\/author\/pt\/"}]}},"_links":{"self":[{"href":"https:\/\/selectednews.info\/mx\/wp-json\/wp\/v2\/posts\/1504","targetHints":{"allow":["GET"]}}],"collection":[{"href":"https:\/\/selectednews.info\/mx\/wp-json\/wp\/v2\/posts"}],"about":[{"href":"https:\/\/selectednews.info\/mx\/wp-json\/wp\/v2\/types\/post"}],"author":[{"embeddable":true,"href":"https:\/\/selectednews.info\/mx\/wp-json\/wp\/v2\/users\/2"}],"replies":[{"embeddable":true,"href":"https:\/\/selectednews.info\/mx\/wp-json\/wp\/v2\/comments?post=1504"}],"version-history":[{"count":1,"href":"https:\/\/selectednews.info\/mx\/wp-json\/wp\/v2\/posts\/1504\/revisions"}],"predecessor-version":[{"id":1506,"href":"https:\/\/selectednews.info\/mx\/wp-json\/wp\/v2\/posts\/1504\/revisions\/1506"}],"wp:featuredmedia":[{"embeddable":true,"href":"https:\/\/selectednews.info\/mx\/wp-json\/wp\/v2\/media\/1505"}],"wp:attachment":[{"href":"https:\/\/selectednews.info\/mx\/wp-json\/wp\/v2\/media?parent=1504"}],"wp:term":[{"taxonomy":"category","embeddable":true,"href":"https:\/\/selectednews.info\/mx\/wp-json\/wp\/v2\/categories?post=1504"},{"taxonomy":"post_tag","embeddable":true,"href":"https:\/\/selectednews.info\/mx\/wp-json\/wp\/v2\/tags?post=1504"}],"curies":[{"name":"wp","href":"https:\/\/api.w.org\/{rel}","templated":true}]}}