{"id":1527,"date":"2019-06-29T12:37:52","date_gmt":"2019-06-29T12:37:52","guid":{"rendered":"https:\/\/selectednews.info\/mx\/cae-gasto-publico-5-1-de-enero-a-mayo-hacienda\/"},"modified":"2019-06-29T12:37:53","modified_gmt":"2019-06-29T12:37:53","slug":"cae-gasto-publico-5-1-de-enero-a-mayo-hacienda","status":"publish","type":"post","link":"https:\/\/selectednews.info\/mx\/cae-gasto-publico-5-1-de-enero-a-mayo-hacienda\/","title":{"rendered":"Cae gasto p\u00fablico 5.1% de enero a mayo: Hacienda"},"content":{"rendered":"<p> [ad_1]<br \/>\n<\/p>\n<div>\n<p><em><span class=\"__cf_email__\" data-cfemail=\"e98a889b9d8c9b88a98c859c87809f8c9b9a8885c78a8684c78491\">[email\u00a0protected]<\/span><\/em><\/p>\n<p>\nEn los primeros cinco meses del a\u00f1o, el sector p\u00fablico federal gast\u00f3 menos de lo programado, inform\u00f3 la Secretar\u00eda de Hacienda y Cr\u00e9dito P\u00fablico (SHCP).<\/p>\n<p>\nEl menor gasto se reflej\u00f3 en un saldo positivo para las finanzas p\u00fablicas de 32 mil 400 millones de pesos, cuando se esperaba un d\u00e9ficit de 79 mil 100 millones de pesos.<\/p>\n<p>\nAdem\u00e1s, con ello se logr\u00f3 cumplir con la meta prometida de no endeudarse m\u00e1s para pagar los intereses de la deuda. As\u00ed, el balance primario registr\u00f3 un super\u00e1vit de 217 mil 900 millones de pesos, cifra 53.3% superior al balance primario previsto en el programa, por 142 mil 100 millones de pesos.<\/p>\n<p>\u00a0<\/p>\n<p>\nDe enero a mayo el gasto neto presupuestario fue de 2 billones 197 mil millones de pesos; es decir, menor en 140 mil 700 millones de pesos respecto al calendario.<\/p>\n<p>\nLo anterior signific\u00f3 una ca\u00edda de 5.1% en comparaci\u00f3n al mismo periodo del a\u00f1o pasado, cuando el gasto hab\u00eda sido de 2.2 billones de pesos. El gasto programable tambi\u00e9n fue menor en 106 mil 200 millones de pesos.<\/p>\n<p>\nAl dar a conocer el Informe de las Finanzas P\u00fablicas y la Deuda, SHCP explic\u00f3 que lo anterior se debe a que la administraci\u00f3n p\u00fablica centralizada gast\u00f3 69 mil 300 millones de pesos menos a lo previsto.<\/p>\n<p>\nAdem\u00e1s, tambi\u00e9n tuvo que ver un menor gasto en 66 mil 800 millones de pesos del Instituto de Seguro Social (IMSS), ISSSTE y Pemex, que conjuntamente no ejercieron seg\u00fan el calendario.<\/p>\n<p>\nEn cambio, la Comisi\u00f3n Federal de Electricidad (CFE) report\u00f3 un mayor gasto en comparaci\u00f3n con lo originalmente previsto, por 32 mil millones de pesos.<\/p>\n<p>\nEn el informe de las finanzas destaca que el gasto no programable fue inferior en 34 mil 500 millones de pesos a lo programado, debido al menor costo financiero, por 19 mil 400 millones de pesos, as\u00ed como menores pagos de Adeudos de Ejercicios Fiscales Anteriores (Adefas) y otros por 12 mil 600 millones de pesos.<\/p>\n<p>\nA los estados y municipios se les redujeron en 2 mil 600 millones de pesos las participaciones federales que les entregan como parte del Sistema de Coordinaci\u00f3n Fiscal.<\/p>\n<p>\nOtros rubros que se vieron afectados por el bajo ritmo del gasto fueron la inversi\u00f3n f\u00edsica, con una reducci\u00f3n de 16.4%, as\u00ed como los subsidios, transferencias y aportaciones, distintas de servicios personales, con una disminuci\u00f3n de 14.7% en t\u00e9rminos reales.<\/p>\n<p>\nEl gasto de operaci\u00f3n del sector p\u00fablico disminuy\u00f3 5.2%, en tanto, los servicios personales disminuyeron 3.6%.<\/p>\n<p>\n<strong>Recaudaci\u00f3n incumple meta.<\/strong> En el super\u00e1vit contribuyeron los ingresos fiscales captados al cierre de mayo de 2019, dijo Hacienda.<\/p>\n<p>\nAdem\u00e1s, en los primeros cinco meses de 2019 los ingresos presupuestarios del gobierno federal aumentaron 2.4% en t\u00e9rminos reales respecto al mismo periodo del a\u00f1o anterior, y se obtuvieron 18 mil 800 millones de pesos m\u00e1s de lo esperado.<\/p>\n<p>\nSumando todos los ingresos presupuestarios del sector p\u00fablico; es decir, el conjunto que incluye al gobierno federal, a Petr\u00f3leos Mexicanos (Pemex) y a la CFE, as\u00ed como a los organismos de control presupuestario directo, se incrementaron 0.7% en relaci\u00f3n al mismo periodo de 2018. Sin embargo, resultaron inferiores al programa por 59 mil millones de pesos.<\/p>\n<p>\nLo anterior, debido a que no se obtuvieron los ingreso petroleros programados ante una menor plataforma de producci\u00f3n y volumen de ventas internas, y a que tampoco se alcanz\u00f3 la meta de recaudaci\u00f3n de impuestos.<\/p>\n<p>\nLos ingresos tributarios fueron menores en 7 mil 800 millones de pesos respecto al programa.<\/p>\n<p>\nLa Secretar\u00eda de Hacienda y Cr\u00e9dito P\u00fablico explic\u00f3 que la captaci\u00f3n se vio afectada por el IVA neto, porque sigui\u00f3 subiendo el pago de devoluciones durante los primeros cinco meses del a\u00f1o.<\/p>\n<p>\nPero se compensaron, en parte, por ingresos no tributarios que fueron superiores a lo previsto por 50 mil 900 millones de pesos, y por ingresos de las entidades de control presupuestario directo en 9 mil 100 millones de pesos.<\/p>\n<\/div>\n<p>[ad_2]<br \/>\n<br \/><a href=\"https:\/\/www.eluniversal.com.mx\/cartera\/cae-gasto-publico-51-de-enero-mayo-hacienda\">Source link <\/a><\/p>\n","protected":false},"excerpt":{"rendered":"<p>[ad_1] [email\u00a0protected] En los primeros cinco meses del a\u00f1o, el sector p\u00fablico federal gast\u00f3 menos de lo programado, inform\u00f3 la Secretar\u00eda de Hacienda y Cr\u00e9dito P\u00fablico (SHCP). El menor gasto se reflej\u00f3 en un saldo positivo para las finanzas p\u00fablicas de 32 mil 400 millones de pesos, cuando se esperaba un d\u00e9ficit de 79 mil [&hellip;]<\/p>\n","protected":false},"author":2,"featured_media":1528,"comment_status":"open","ping_status":"open","sticky":false,"template":"","format":"standard","meta":{"footnotes":""},"categories":[1],"tags":[],"class_list":["post-1527","post","type-post","status-publish","format-standard","has-post-thumbnail","hentry","category-noticias-de-negocios"],"yoast_head":"<!-- This site is optimized with the Yoast SEO plugin v28.3 - https:\/\/yoast.com\/product\/yoast-seo-wordpress\/ -->\n<title>Cae gasto p\u00fablico 5.1% de enero a mayo: Hacienda - Selected News<\/title>\n<meta name=\"robots\" content=\"index, follow, max-snippet:-1, max-image-preview:large, max-video-preview:-1\" \/>\n<link rel=\"canonical\" href=\"https:\/\/selectednews.info\/mx\/cae-gasto-publico-5-1-de-enero-a-mayo-hacienda\/\" \/>\n<meta property=\"og:locale\" content=\"es_MX\" \/>\n<meta property=\"og:type\" content=\"article\" \/>\n<meta property=\"og:title\" content=\"Cae gasto p\u00fablico 5.1% de enero a mayo: Hacienda - Selected News\" \/>\n<meta property=\"og:description\" content=\"[ad_1] [email\u00a0protected] En los primeros cinco meses del a\u00f1o, el sector p\u00fablico federal gast\u00f3 menos de lo programado, inform\u00f3 la Secretar\u00eda de Hacienda y Cr\u00e9dito P\u00fablico (SHCP). El menor gasto se reflej\u00f3 en un saldo positivo para las finanzas p\u00fablicas de 32 mil 400 millones de pesos, cuando se esperaba un d\u00e9ficit de 79 mil [&hellip;]\" \/>\n<meta property=\"og:url\" content=\"https:\/\/selectednews.info\/mx\/cae-gasto-publico-5-1-de-enero-a-mayo-hacienda\/\" \/>\n<meta property=\"og:site_name\" content=\"Selected News\" \/>\n<meta property=\"article:published_time\" content=\"2019-06-29T12:37:52+00:00\" \/>\n<meta property=\"article:modified_time\" content=\"2019-06-29T12:37:53+00:00\" \/>\n<meta property=\"og:image\" content=\"https:\/\/selectednews.info\/mx\/wp-content\/uploads\/sites\/8\/2019\/06\/Cae-gasto-p\u00fablico-5.1-de-enero-a-mayo-Hacienda.gif\" \/>\n\t<meta property=\"og:image:width\" content=\"567\" \/>\n\t<meta property=\"og:image:height\" content=\"408\" \/>\n\t<meta property=\"og:image:type\" content=\"image\/gif\" \/>\n<meta name=\"author\" content=\"selectednews\" \/>\n<meta name=\"twitter:card\" content=\"summary_large_image\" \/>\n<meta name=\"twitter:label1\" content=\"Escrito por\" \/>\n\t<meta name=\"twitter:data1\" content=\"selectednews\" \/>\n\t<meta name=\"twitter:label2\" content=\"Tiempo de lectura\" \/>\n\t<meta name=\"twitter:data2\" content=\"3 minutos\" \/>\n<script type=\"application\/ld+json\" class=\"yoast-schema-graph\">{\"@context\":\"https:\\\/\\\/schema.org\",\"@graph\":[{\"@type\":\"Article\",\"@id\":\"https:\\\/\\\/selectednews.info\\\/mx\\\/cae-gasto-publico-5-1-de-enero-a-mayo-hacienda\\\/#article\",\"isPartOf\":{\"@id\":\"https:\\\/\\\/selectednews.info\\\/mx\\\/cae-gasto-publico-5-1-de-enero-a-mayo-hacienda\\\/\"},\"author\":{\"name\":\"selectednews\",\"@id\":\"https:\\\/\\\/selectednews.info\\\/mx\\\/#\\\/schema\\\/person\\\/c8a0f1bfe64548cfb06c0529b0970068\"},\"headline\":\"Cae gasto p\u00fablico 5.1% de enero a mayo: Hacienda\",\"datePublished\":\"2019-06-29T12:37:52+00:00\",\"dateModified\":\"2019-06-29T12:37:53+00:00\",\"mainEntityOfPage\":{\"@id\":\"https:\\\/\\\/selectednews.info\\\/mx\\\/cae-gasto-publico-5-1-de-enero-a-mayo-hacienda\\\/\"},\"wordCount\":658,\"commentCount\":0,\"image\":{\"@id\":\"https:\\\/\\\/selectednews.info\\\/mx\\\/cae-gasto-publico-5-1-de-enero-a-mayo-hacienda\\\/#primaryimage\"},\"thumbnailUrl\":\"https:\\\/\\\/selectednews.info\\\/mx\\\/wp-content\\\/uploads\\\/sites\\\/8\\\/2019\\\/06\\\/Cae-gasto-p\u00fablico-5.1-de-enero-a-mayo-Hacienda.gif\",\"articleSection\":[\"NOTICIAS DE NEGOCIOS\"],\"inLanguage\":\"es\",\"potentialAction\":[{\"@type\":\"CommentAction\",\"name\":\"Comment\",\"target\":[\"https:\\\/\\\/selectednews.info\\\/mx\\\/cae-gasto-publico-5-1-de-enero-a-mayo-hacienda\\\/#respond\"]}]},{\"@type\":\"WebPage\",\"@id\":\"https:\\\/\\\/selectednews.info\\\/mx\\\/cae-gasto-publico-5-1-de-enero-a-mayo-hacienda\\\/\",\"url\":\"https:\\\/\\\/selectednews.info\\\/mx\\\/cae-gasto-publico-5-1-de-enero-a-mayo-hacienda\\\/\",\"name\":\"Cae gasto p\u00fablico 5.1% de enero a mayo: Hacienda - Selected News\",\"isPartOf\":{\"@id\":\"https:\\\/\\\/selectednews.info\\\/mx\\\/#website\"},\"primaryImageOfPage\":{\"@id\":\"https:\\\/\\\/selectednews.info\\\/mx\\\/cae-gasto-publico-5-1-de-enero-a-mayo-hacienda\\\/#primaryimage\"},\"image\":{\"@id\":\"https:\\\/\\\/selectednews.info\\\/mx\\\/cae-gasto-publico-5-1-de-enero-a-mayo-hacienda\\\/#primaryimage\"},\"thumbnailUrl\":\"https:\\\/\\\/selectednews.info\\\/mx\\\/wp-content\\\/uploads\\\/sites\\\/8\\\/2019\\\/06\\\/Cae-gasto-p\u00fablico-5.1-de-enero-a-mayo-Hacienda.gif\",\"datePublished\":\"2019-06-29T12:37:52+00:00\",\"dateModified\":\"2019-06-29T12:37:53+00:00\",\"author\":{\"@id\":\"https:\\\/\\\/selectednews.info\\\/mx\\\/#\\\/schema\\\/person\\\/c8a0f1bfe64548cfb06c0529b0970068\"},\"breadcrumb\":{\"@id\":\"https:\\\/\\\/selectednews.info\\\/mx\\\/cae-gasto-publico-5-1-de-enero-a-mayo-hacienda\\\/#breadcrumb\"},\"inLanguage\":\"es\",\"potentialAction\":[{\"@type\":\"ReadAction\",\"target\":[\"https:\\\/\\\/selectednews.info\\\/mx\\\/cae-gasto-publico-5-1-de-enero-a-mayo-hacienda\\\/\"]}]},{\"@type\":\"ImageObject\",\"inLanguage\":\"es\",\"@id\":\"https:\\\/\\\/selectednews.info\\\/mx\\\/cae-gasto-publico-5-1-de-enero-a-mayo-hacienda\\\/#primaryimage\",\"url\":\"https:\\\/\\\/selectednews.info\\\/mx\\\/wp-content\\\/uploads\\\/sites\\\/8\\\/2019\\\/06\\\/Cae-gasto-p\u00fablico-5.1-de-enero-a-mayo-Hacienda.gif\",\"contentUrl\":\"https:\\\/\\\/selectednews.info\\\/mx\\\/wp-content\\\/uploads\\\/sites\\\/8\\\/2019\\\/06\\\/Cae-gasto-p\u00fablico-5.1-de-enero-a-mayo-Hacienda.gif\",\"width\":567,\"height\":408,\"caption\":\"28jun19-gasto.gif\"},{\"@type\":\"BreadcrumbList\",\"@id\":\"https:\\\/\\\/selectednews.info\\\/mx\\\/cae-gasto-publico-5-1-de-enero-a-mayo-hacienda\\\/#breadcrumb\",\"itemListElement\":[{\"@type\":\"ListItem\",\"position\":1,\"name\":\"Home\",\"item\":\"https:\\\/\\\/selectednews.info\\\/mx\\\/\"},{\"@type\":\"ListItem\",\"position\":2,\"name\":\"Cae gasto p\u00fablico 5.1% de enero a mayo: Hacienda\"}]},{\"@type\":\"WebSite\",\"@id\":\"https:\\\/\\\/selectednews.info\\\/mx\\\/#website\",\"url\":\"https:\\\/\\\/selectednews.info\\\/mx\\\/\",\"name\":\"Selected News\",\"description\":\"Selected News Mexico\",\"potentialAction\":[{\"@type\":\"SearchAction\",\"target\":{\"@type\":\"EntryPoint\",\"urlTemplate\":\"https:\\\/\\\/selectednews.info\\\/mx\\\/?s={search_term_string}\"},\"query-input\":{\"@type\":\"PropertyValueSpecification\",\"valueRequired\":true,\"valueName\":\"search_term_string\"}}],\"inLanguage\":\"es\"},{\"@type\":\"Person\",\"@id\":\"https:\\\/\\\/selectednews.info\\\/mx\\\/#\\\/schema\\\/person\\\/c8a0f1bfe64548cfb06c0529b0970068\",\"name\":\"selectednews\",\"image\":{\"@type\":\"ImageObject\",\"inLanguage\":\"es\",\"@id\":\"https:\\\/\\\/secure.gravatar.com\\\/avatar\\\/c88515018a25fd646d9f77ea80cc88996711575667608a2cd1b47f3d1145508a?s=96&d=mm&r=g\",\"url\":\"https:\\\/\\\/secure.gravatar.com\\\/avatar\\\/c88515018a25fd646d9f77ea80cc88996711575667608a2cd1b47f3d1145508a?s=96&d=mm&r=g\",\"contentUrl\":\"https:\\\/\\\/secure.gravatar.com\\\/avatar\\\/c88515018a25fd646d9f77ea80cc88996711575667608a2cd1b47f3d1145508a?s=96&d=mm&r=g\",\"caption\":\"selectednews\"},\"url\":\"https:\\\/\\\/selectednews.info\\\/mx\\\/author\\\/pt\\\/\"}]}<\/script>\n<!-- \/ Yoast SEO plugin. -->","yoast_head_json":{"title":"Cae gasto p\u00fablico 5.1% de enero a mayo: Hacienda - Selected News","robots":{"index":"index","follow":"follow","max-snippet":"max-snippet:-1","max-image-preview":"max-image-preview:large","max-video-preview":"max-video-preview:-1"},"canonical":"https:\/\/selectednews.info\/mx\/cae-gasto-publico-5-1-de-enero-a-mayo-hacienda\/","og_locale":"es_MX","og_type":"article","og_title":"Cae gasto p\u00fablico 5.1% de enero a mayo: Hacienda - Selected News","og_description":"[ad_1] [email\u00a0protected] En los primeros cinco meses del a\u00f1o, el sector p\u00fablico federal gast\u00f3 menos de lo programado, inform\u00f3 la Secretar\u00eda de Hacienda y Cr\u00e9dito P\u00fablico (SHCP). El menor gasto se reflej\u00f3 en un saldo positivo para las finanzas p\u00fablicas de 32 mil 400 millones de pesos, cuando se esperaba un d\u00e9ficit de 79 mil [&hellip;]","og_url":"https:\/\/selectednews.info\/mx\/cae-gasto-publico-5-1-de-enero-a-mayo-hacienda\/","og_site_name":"Selected News","article_published_time":"2019-06-29T12:37:52+00:00","article_modified_time":"2019-06-29T12:37:53+00:00","og_image":[{"width":567,"height":408,"url":"https:\/\/selectednews.info\/mx\/wp-content\/uploads\/sites\/8\/2019\/06\/Cae-gasto-p\u00fablico-5.1-de-enero-a-mayo-Hacienda.gif","type":"image\/gif"}],"author":"selectednews","twitter_card":"summary_large_image","twitter_misc":{"Escrito por":"selectednews","Tiempo de lectura":"3 minutos"},"schema":{"@context":"https:\/\/schema.org","@graph":[{"@type":"Article","@id":"https:\/\/selectednews.info\/mx\/cae-gasto-publico-5-1-de-enero-a-mayo-hacienda\/#article","isPartOf":{"@id":"https:\/\/selectednews.info\/mx\/cae-gasto-publico-5-1-de-enero-a-mayo-hacienda\/"},"author":{"name":"selectednews","@id":"https:\/\/selectednews.info\/mx\/#\/schema\/person\/c8a0f1bfe64548cfb06c0529b0970068"},"headline":"Cae gasto p\u00fablico 5.1% de enero a mayo: Hacienda","datePublished":"2019-06-29T12:37:52+00:00","dateModified":"2019-06-29T12:37:53+00:00","mainEntityOfPage":{"@id":"https:\/\/selectednews.info\/mx\/cae-gasto-publico-5-1-de-enero-a-mayo-hacienda\/"},"wordCount":658,"commentCount":0,"image":{"@id":"https:\/\/selectednews.info\/mx\/cae-gasto-publico-5-1-de-enero-a-mayo-hacienda\/#primaryimage"},"thumbnailUrl":"https:\/\/selectednews.info\/mx\/wp-content\/uploads\/sites\/8\/2019\/06\/Cae-gasto-p\u00fablico-5.1-de-enero-a-mayo-Hacienda.gif","articleSection":["NOTICIAS DE NEGOCIOS"],"inLanguage":"es","potentialAction":[{"@type":"CommentAction","name":"Comment","target":["https:\/\/selectednews.info\/mx\/cae-gasto-publico-5-1-de-enero-a-mayo-hacienda\/#respond"]}]},{"@type":"WebPage","@id":"https:\/\/selectednews.info\/mx\/cae-gasto-publico-5-1-de-enero-a-mayo-hacienda\/","url":"https:\/\/selectednews.info\/mx\/cae-gasto-publico-5-1-de-enero-a-mayo-hacienda\/","name":"Cae gasto p\u00fablico 5.1% de enero a mayo: Hacienda - Selected News","isPartOf":{"@id":"https:\/\/selectednews.info\/mx\/#website"},"primaryImageOfPage":{"@id":"https:\/\/selectednews.info\/mx\/cae-gasto-publico-5-1-de-enero-a-mayo-hacienda\/#primaryimage"},"image":{"@id":"https:\/\/selectednews.info\/mx\/cae-gasto-publico-5-1-de-enero-a-mayo-hacienda\/#primaryimage"},"thumbnailUrl":"https:\/\/selectednews.info\/mx\/wp-content\/uploads\/sites\/8\/2019\/06\/Cae-gasto-p\u00fablico-5.1-de-enero-a-mayo-Hacienda.gif","datePublished":"2019-06-29T12:37:52+00:00","dateModified":"2019-06-29T12:37:53+00:00","author":{"@id":"https:\/\/selectednews.info\/mx\/#\/schema\/person\/c8a0f1bfe64548cfb06c0529b0970068"},"breadcrumb":{"@id":"https:\/\/selectednews.info\/mx\/cae-gasto-publico-5-1-de-enero-a-mayo-hacienda\/#breadcrumb"},"inLanguage":"es","potentialAction":[{"@type":"ReadAction","target":["https:\/\/selectednews.info\/mx\/cae-gasto-publico-5-1-de-enero-a-mayo-hacienda\/"]}]},{"@type":"ImageObject","inLanguage":"es","@id":"https:\/\/selectednews.info\/mx\/cae-gasto-publico-5-1-de-enero-a-mayo-hacienda\/#primaryimage","url":"https:\/\/selectednews.info\/mx\/wp-content\/uploads\/sites\/8\/2019\/06\/Cae-gasto-p\u00fablico-5.1-de-enero-a-mayo-Hacienda.gif","contentUrl":"https:\/\/selectednews.info\/mx\/wp-content\/uploads\/sites\/8\/2019\/06\/Cae-gasto-p\u00fablico-5.1-de-enero-a-mayo-Hacienda.gif","width":567,"height":408,"caption":"28jun19-gasto.gif"},{"@type":"BreadcrumbList","@id":"https:\/\/selectednews.info\/mx\/cae-gasto-publico-5-1-de-enero-a-mayo-hacienda\/#breadcrumb","itemListElement":[{"@type":"ListItem","position":1,"name":"Home","item":"https:\/\/selectednews.info\/mx\/"},{"@type":"ListItem","position":2,"name":"Cae gasto p\u00fablico 5.1% de enero a mayo: Hacienda"}]},{"@type":"WebSite","@id":"https:\/\/selectednews.info\/mx\/#website","url":"https:\/\/selectednews.info\/mx\/","name":"Selected News","description":"Selected News Mexico","potentialAction":[{"@type":"SearchAction","target":{"@type":"EntryPoint","urlTemplate":"https:\/\/selectednews.info\/mx\/?s={search_term_string}"},"query-input":{"@type":"PropertyValueSpecification","valueRequired":true,"valueName":"search_term_string"}}],"inLanguage":"es"},{"@type":"Person","@id":"https:\/\/selectednews.info\/mx\/#\/schema\/person\/c8a0f1bfe64548cfb06c0529b0970068","name":"selectednews","image":{"@type":"ImageObject","inLanguage":"es","@id":"https:\/\/secure.gravatar.com\/avatar\/c88515018a25fd646d9f77ea80cc88996711575667608a2cd1b47f3d1145508a?s=96&d=mm&r=g","url":"https:\/\/secure.gravatar.com\/avatar\/c88515018a25fd646d9f77ea80cc88996711575667608a2cd1b47f3d1145508a?s=96&d=mm&r=g","contentUrl":"https:\/\/secure.gravatar.com\/avatar\/c88515018a25fd646d9f77ea80cc88996711575667608a2cd1b47f3d1145508a?s=96&d=mm&r=g","caption":"selectednews"},"url":"https:\/\/selectednews.info\/mx\/author\/pt\/"}]}},"_links":{"self":[{"href":"https:\/\/selectednews.info\/mx\/wp-json\/wp\/v2\/posts\/1527","targetHints":{"allow":["GET"]}}],"collection":[{"href":"https:\/\/selectednews.info\/mx\/wp-json\/wp\/v2\/posts"}],"about":[{"href":"https:\/\/selectednews.info\/mx\/wp-json\/wp\/v2\/types\/post"}],"author":[{"embeddable":true,"href":"https:\/\/selectednews.info\/mx\/wp-json\/wp\/v2\/users\/2"}],"replies":[{"embeddable":true,"href":"https:\/\/selectednews.info\/mx\/wp-json\/wp\/v2\/comments?post=1527"}],"version-history":[{"count":1,"href":"https:\/\/selectednews.info\/mx\/wp-json\/wp\/v2\/posts\/1527\/revisions"}],"predecessor-version":[{"id":1529,"href":"https:\/\/selectednews.info\/mx\/wp-json\/wp\/v2\/posts\/1527\/revisions\/1529"}],"wp:featuredmedia":[{"embeddable":true,"href":"https:\/\/selectednews.info\/mx\/wp-json\/wp\/v2\/media\/1528"}],"wp:attachment":[{"href":"https:\/\/selectednews.info\/mx\/wp-json\/wp\/v2\/media?parent=1527"}],"wp:term":[{"taxonomy":"category","embeddable":true,"href":"https:\/\/selectednews.info\/mx\/wp-json\/wp\/v2\/categories?post=1527"},{"taxonomy":"post_tag","embeddable":true,"href":"https:\/\/selectednews.info\/mx\/wp-json\/wp\/v2\/tags?post=1527"}],"curies":[{"name":"wp","href":"https:\/\/api.w.org\/{rel}","templated":true}]}}