{"id":1530,"date":"2019-06-29T14:33:35","date_gmt":"2019-06-29T14:33:35","guid":{"rendered":"https:\/\/selectednews.info\/mx\/piden-valor-de-datos-en-poder-de-google-facebook-y-apple\/"},"modified":"2019-06-29T14:33:36","modified_gmt":"2019-06-29T14:33:36","slug":"piden-valor-de-datos-en-poder-de-google-facebook-y-apple","status":"publish","type":"post","link":"https:\/\/selectednews.info\/mx\/piden-valor-de-datos-en-poder-de-google-facebook-y-apple\/","title":{"rendered":"Piden valor de datos en poder de Google, Facebook y Apple"},"content":{"rendered":"<p> [ad_1]<br \/>\n<\/p>\n<div>\n<p><em>econom\u00edahoy.mx<\/em><\/p>\n<p>\nLas <strong>compa\u00f1\u00edas con m\u00e1s de 100 millones de usuarios<\/strong>, y que generen valor con los datos de sus usuarios, <strong>deber\u00e1n revelar el valor de estos intangibles<\/strong> cada tres meses e incorporarlos a <strong>sus balances financieros<\/strong>.<\/p>\n<p> <strong>El proyecto de ley<\/strong>, propuesto al Senado de los Estados Unidos, promete<strong> marcar un hito en el desarrollo de los negocios digitales<\/strong>, al menos entre los m\u00e1s grandes del sector.<\/p>\n<p> Una vez que parece asumido que <strong>los datos son el petr\u00f3leo del siglo 21<\/strong>, cuantificar el importe de ese mercado se ha convertido en el desvelo de los economistas de nuevo cu\u00f1o.<\/p>\n<p> <strong>Estados Unidos exigir\u00e1 a los &#8216;gigantes online&#8217; <\/strong>que revelen el valor de todos sus datos. De esa forma, el supervisor de la bolsa estadounidense -la SEC- desarrollar\u00e1 los<strong> m\u00e9todos para calcular el valor de los datos de los usuarios<\/strong>, teniendo en cuenta la cantidad y calidad de los mismos, incluidos sus diversos usos, sectores y modelos de negocio.<\/p>\n<p> En favor de la transparencia,<strong> la nueva magnitud contable <\/strong>tendr\u00e1 similar importancia en los <strong>balances financieros <\/strong>de las empresas que la que disfrutan otros conceptos como los<strong> gastos, ingresos, pr\u00e9stamos<\/strong> o activos inmobiliarios, por ejemplo.<\/p>\n<p> Por lo pronto, esa sensibilidad que ahora comienza a cocinarse legislativamente en Estados Unidos, afectar\u00eda directamente a gigantes como<strong> Facebook<\/strong>, <strong>Google<\/strong>, <strong>Amazon, Apple, Twitter, Instagram, Twitter<\/strong> y otras compa\u00f1\u00edas estadounidenses llamadas a acatar la denominada Designing Accounting Safeguards to Help Broaden Oversight and Regulations on Data Act (Dise\u00f1o de Salvaguardias Contables para Ayudar a Ampliar la Supervisi\u00f3n y las Regulaciones de la Ley de Datos, Dashboard por sus siglas en ingl\u00e9s).<\/p>\n<p> Todas las empresas afectadas deber\u00e1n revelar a los usuarios los tipos de datos recolectados que almacenan en sus servidores y c\u00f3mo se utilizan, seg\u00fan explicaron los senadores Mark Warner y Josh Hawley en declaraciones a &#8216;Axios on HBO&#8217;. Seg\u00fan explicaron en este medio, &#8220;hace dos d\u00e9cadas, los consumidores hicimos un trato con un pu\u00f1ado de grandes empresas: intercambiamos nuestros datos a cambio de utilizar sitios gratuitos como Facebook, Google, YouTube y Twitter&#8221;.<\/p>\n<p> Por lo pronto, la compa\u00f1\u00eda de Mountain View permitir\u00e1 el autoborrado del historial de navegaci\u00f3n o de las referencias de localizaci\u00f3n.<\/p>\n<p> Warner ahora se ha propuesto que los consumidores &#8220;est\u00e9n m\u00e1s informados sobre el valor real de ese tipo de informaci\u00f3n que alegremente comparten en forma de datos de ubicaci\u00f3n, estado de las relaciones, aplicaciones que utilizan, edad, sexo y estilo de vida&#8221;.<\/p>\n<p> El mismo senador tiene claro que, en el caso de los usuarios \u00e1vidos de Facebook, la red social fundada por Zuckerberg sepa m\u00e1s de esa persona que el propio gobierno de Estados Unidos.<\/p>\n<p> &#8220;La gente no se da cuenta de cu\u00e1ntos datos se est\u00e1n recopilando ni de cu\u00e1nto valen esos datos&#8221;, a\u00f1adi\u00f3 el senador al programa Axios.<\/p>\n<p> En espera de que ese tipo novedades legislativas estadounidenses se exporten a Europa, algunas compa\u00f1\u00edas del Viejo del Continente ya tienen el terreno abonado.<\/p>\n<p> As\u00ed, el presidente de Telef\u00f3nica, Jos\u00e9 Mar\u00eda \u00c1lvarez-Pallete, ya declar\u00f3 en la v\u00edspera del \u00faltimo Mobile Word Congress celebrado en Barcelona que &#8220;los datos tienen valor econ\u00f3mico y tiene que quedar claro qu\u00e9 doy y qu\u00e9 recibo a cambio&#8221;.<\/p>\n<p> El primer ejecutivo de la firma de telecomunicaciones espa\u00f1ola argumenta que los due\u00f1os leg\u00edtimos y soberanos de ese nuevo tesoro son los propios clientes, hasta el punto de que el grupo estar\u00eda dispuesto a recompensarlos por el aprovechamiento comercial de esta informaci\u00f3n. Pero la pregunta del mill\u00f3n vendr\u00eda a ser \u00bfrealmente cu\u00e1nto valen los datos de cada usuario?<\/p>\n<p> <strong>5 D\u00d3LARES AL MES<\/strong><\/p>\n<p> El senador estadounidense Mark Warner estima que el valor medio de los datos de cada ciudadano estadounidense rondar\u00e1 5 d\u00f3lares al mes, mientras que otros expertos los sit\u00faan en el entorno de 17 euros mensuales.<\/p>\n<p> &#8220;Podr\u00eda incluso superar esta cantidad, dependiendo del tipo de datos recogidos&#8221;, indica uno de los promotores de la reforma normativa en Estados Unidos.<\/p>\n<p> <span style=\"color:#3498db;\"><strong>LEE AQU\u00cd COMPLETA LA NOTA<\/strong><\/span><br \/><em>Twitter: @Economiahoymx<\/em><\/p>\n<\/div>\n<p>[ad_2]<br \/>\n<br \/><a href=\"https:\/\/www.eluniversal.com.mx\/cartera\/piden-valor-de-datos-en-poder-de-google-facebook-y-apple\">Source link <\/a><\/p>\n","protected":false},"excerpt":{"rendered":"<p>[ad_1] econom\u00edahoy.mx Las compa\u00f1\u00edas con m\u00e1s de 100 millones de usuarios, y que generen valor con los datos de sus usuarios, deber\u00e1n revelar el valor de estos intangibles cada tres meses e incorporarlos a sus balances financieros. El proyecto de ley, propuesto al Senado de los Estados Unidos, promete marcar un hito en el desarrollo [&hellip;]<\/p>\n","protected":false},"author":2,"featured_media":1531,"comment_status":"open","ping_status":"open","sticky":false,"template":"","format":"standard","meta":{"footnotes":""},"categories":[1],"tags":[],"class_list":["post-1530","post","type-post","status-publish","format-standard","has-post-thumbnail","hentry","category-noticias-de-negocios"],"yoast_head":"<!-- This site is optimized with the Yoast SEO plugin v28.3 - https:\/\/yoast.com\/product\/yoast-seo-wordpress\/ -->\n<title>Piden valor de datos en poder de Google, Facebook y Apple - Selected News<\/title>\n<meta name=\"robots\" content=\"index, follow, max-snippet:-1, max-image-preview:large, max-video-preview:-1\" \/>\n<link rel=\"canonical\" href=\"https:\/\/selectednews.info\/mx\/piden-valor-de-datos-en-poder-de-google-facebook-y-apple\/\" \/>\n<meta property=\"og:locale\" content=\"es_MX\" \/>\n<meta property=\"og:type\" content=\"article\" \/>\n<meta property=\"og:title\" content=\"Piden valor de datos en poder de Google, Facebook y Apple - Selected News\" \/>\n<meta property=\"og:description\" content=\"[ad_1] econom\u00edahoy.mx Las compa\u00f1\u00edas con m\u00e1s de 100 millones de usuarios, y que generen valor con los datos de sus usuarios, deber\u00e1n revelar el valor de estos intangibles cada tres meses e incorporarlos a sus balances financieros. El proyecto de ley, propuesto al Senado de los Estados Unidos, promete marcar un hito en el desarrollo [&hellip;]\" \/>\n<meta property=\"og:url\" content=\"https:\/\/selectednews.info\/mx\/piden-valor-de-datos-en-poder-de-google-facebook-y-apple\/\" \/>\n<meta property=\"og:site_name\" content=\"Selected News\" \/>\n<meta property=\"article:published_time\" content=\"2019-06-29T14:33:35+00:00\" \/>\n<meta property=\"article:modified_time\" content=\"2019-06-29T14:33:36+00:00\" \/>\n<meta property=\"og:image\" content=\"https:\/\/selectednews.info\/mx\/wp-content\/uploads\/sites\/8\/2019\/06\/Piden-valor-de-datos-en-poder-de-Google-Facebook-y.jpeg\" \/>\n\t<meta property=\"og:image:width\" content=\"567\" \/>\n\t<meta property=\"og:image:height\" content=\"97\" \/>\n\t<meta property=\"og:image:type\" content=\"image\/jpeg\" \/>\n<meta name=\"author\" content=\"selectednews\" \/>\n<meta name=\"twitter:card\" content=\"summary_large_image\" \/>\n<meta name=\"twitter:label1\" content=\"Escrito por\" \/>\n\t<meta name=\"twitter:data1\" content=\"selectednews\" \/>\n\t<meta name=\"twitter:label2\" content=\"Tiempo de lectura\" \/>\n\t<meta name=\"twitter:data2\" content=\"3 minutos\" \/>\n<script type=\"application\/ld+json\" class=\"yoast-schema-graph\">{\"@context\":\"https:\\\/\\\/schema.org\",\"@graph\":[{\"@type\":\"Article\",\"@id\":\"https:\\\/\\\/selectednews.info\\\/mx\\\/piden-valor-de-datos-en-poder-de-google-facebook-y-apple\\\/#article\",\"isPartOf\":{\"@id\":\"https:\\\/\\\/selectednews.info\\\/mx\\\/piden-valor-de-datos-en-poder-de-google-facebook-y-apple\\\/\"},\"author\":{\"name\":\"selectednews\",\"@id\":\"https:\\\/\\\/selectednews.info\\\/mx\\\/#\\\/schema\\\/person\\\/c8a0f1bfe64548cfb06c0529b0970068\"},\"headline\":\"Piden valor de datos en poder de Google, Facebook y Apple\",\"datePublished\":\"2019-06-29T14:33:35+00:00\",\"dateModified\":\"2019-06-29T14:33:36+00:00\",\"mainEntityOfPage\":{\"@id\":\"https:\\\/\\\/selectednews.info\\\/mx\\\/piden-valor-de-datos-en-poder-de-google-facebook-y-apple\\\/\"},\"wordCount\":704,\"commentCount\":0,\"image\":{\"@id\":\"https:\\\/\\\/selectednews.info\\\/mx\\\/piden-valor-de-datos-en-poder-de-google-facebook-y-apple\\\/#primaryimage\"},\"thumbnailUrl\":\"https:\\\/\\\/selectednews.info\\\/mx\\\/wp-content\\\/uploads\\\/sites\\\/8\\\/2019\\\/06\\\/Piden-valor-de-datos-en-poder-de-Google-Facebook-y.jpeg\",\"articleSection\":[\"NOTICIAS DE NEGOCIOS\"],\"inLanguage\":\"es\",\"potentialAction\":[{\"@type\":\"CommentAction\",\"name\":\"Comment\",\"target\":[\"https:\\\/\\\/selectednews.info\\\/mx\\\/piden-valor-de-datos-en-poder-de-google-facebook-y-apple\\\/#respond\"]}]},{\"@type\":\"WebPage\",\"@id\":\"https:\\\/\\\/selectednews.info\\\/mx\\\/piden-valor-de-datos-en-poder-de-google-facebook-y-apple\\\/\",\"url\":\"https:\\\/\\\/selectednews.info\\\/mx\\\/piden-valor-de-datos-en-poder-de-google-facebook-y-apple\\\/\",\"name\":\"Piden valor de datos en poder de Google, Facebook y Apple - Selected News\",\"isPartOf\":{\"@id\":\"https:\\\/\\\/selectednews.info\\\/mx\\\/#website\"},\"primaryImageOfPage\":{\"@id\":\"https:\\\/\\\/selectednews.info\\\/mx\\\/piden-valor-de-datos-en-poder-de-google-facebook-y-apple\\\/#primaryimage\"},\"image\":{\"@id\":\"https:\\\/\\\/selectednews.info\\\/mx\\\/piden-valor-de-datos-en-poder-de-google-facebook-y-apple\\\/#primaryimage\"},\"thumbnailUrl\":\"https:\\\/\\\/selectednews.info\\\/mx\\\/wp-content\\\/uploads\\\/sites\\\/8\\\/2019\\\/06\\\/Piden-valor-de-datos-en-poder-de-Google-Facebook-y.jpeg\",\"datePublished\":\"2019-06-29T14:33:35+00:00\",\"dateModified\":\"2019-06-29T14:33:36+00:00\",\"author\":{\"@id\":\"https:\\\/\\\/selectednews.info\\\/mx\\\/#\\\/schema\\\/person\\\/c8a0f1bfe64548cfb06c0529b0970068\"},\"breadcrumb\":{\"@id\":\"https:\\\/\\\/selectednews.info\\\/mx\\\/piden-valor-de-datos-en-poder-de-google-facebook-y-apple\\\/#breadcrumb\"},\"inLanguage\":\"es\",\"potentialAction\":[{\"@type\":\"ReadAction\",\"target\":[\"https:\\\/\\\/selectednews.info\\\/mx\\\/piden-valor-de-datos-en-poder-de-google-facebook-y-apple\\\/\"]}]},{\"@type\":\"ImageObject\",\"inLanguage\":\"es\",\"@id\":\"https:\\\/\\\/selectednews.info\\\/mx\\\/piden-valor-de-datos-en-poder-de-google-facebook-y-apple\\\/#primaryimage\",\"url\":\"https:\\\/\\\/selectednews.info\\\/mx\\\/wp-content\\\/uploads\\\/sites\\\/8\\\/2019\\\/06\\\/Piden-valor-de-datos-en-poder-de-Google-Facebook-y.jpeg\",\"contentUrl\":\"https:\\\/\\\/selectednews.info\\\/mx\\\/wp-content\\\/uploads\\\/sites\\\/8\\\/2019\\\/06\\\/Piden-valor-de-datos-en-poder-de-Google-Facebook-y.jpeg\",\"width\":567,\"height\":97,\"caption\":\"economiahoychico_23.jpeg\"},{\"@type\":\"BreadcrumbList\",\"@id\":\"https:\\\/\\\/selectednews.info\\\/mx\\\/piden-valor-de-datos-en-poder-de-google-facebook-y-apple\\\/#breadcrumb\",\"itemListElement\":[{\"@type\":\"ListItem\",\"position\":1,\"name\":\"Home\",\"item\":\"https:\\\/\\\/selectednews.info\\\/mx\\\/\"},{\"@type\":\"ListItem\",\"position\":2,\"name\":\"Piden valor de datos en poder de Google, Facebook y Apple\"}]},{\"@type\":\"WebSite\",\"@id\":\"https:\\\/\\\/selectednews.info\\\/mx\\\/#website\",\"url\":\"https:\\\/\\\/selectednews.info\\\/mx\\\/\",\"name\":\"Selected News\",\"description\":\"Selected News Mexico\",\"potentialAction\":[{\"@type\":\"SearchAction\",\"target\":{\"@type\":\"EntryPoint\",\"urlTemplate\":\"https:\\\/\\\/selectednews.info\\\/mx\\\/?s={search_term_string}\"},\"query-input\":{\"@type\":\"PropertyValueSpecification\",\"valueRequired\":true,\"valueName\":\"search_term_string\"}}],\"inLanguage\":\"es\"},{\"@type\":\"Person\",\"@id\":\"https:\\\/\\\/selectednews.info\\\/mx\\\/#\\\/schema\\\/person\\\/c8a0f1bfe64548cfb06c0529b0970068\",\"name\":\"selectednews\",\"image\":{\"@type\":\"ImageObject\",\"inLanguage\":\"es\",\"@id\":\"https:\\\/\\\/secure.gravatar.com\\\/avatar\\\/c88515018a25fd646d9f77ea80cc88996711575667608a2cd1b47f3d1145508a?s=96&d=mm&r=g\",\"url\":\"https:\\\/\\\/secure.gravatar.com\\\/avatar\\\/c88515018a25fd646d9f77ea80cc88996711575667608a2cd1b47f3d1145508a?s=96&d=mm&r=g\",\"contentUrl\":\"https:\\\/\\\/secure.gravatar.com\\\/avatar\\\/c88515018a25fd646d9f77ea80cc88996711575667608a2cd1b47f3d1145508a?s=96&d=mm&r=g\",\"caption\":\"selectednews\"},\"url\":\"https:\\\/\\\/selectednews.info\\\/mx\\\/author\\\/pt\\\/\"}]}<\/script>\n<!-- \/ Yoast SEO plugin. -->","yoast_head_json":{"title":"Piden valor de datos en poder de Google, Facebook y Apple - Selected News","robots":{"index":"index","follow":"follow","max-snippet":"max-snippet:-1","max-image-preview":"max-image-preview:large","max-video-preview":"max-video-preview:-1"},"canonical":"https:\/\/selectednews.info\/mx\/piden-valor-de-datos-en-poder-de-google-facebook-y-apple\/","og_locale":"es_MX","og_type":"article","og_title":"Piden valor de datos en poder de Google, Facebook y Apple - Selected News","og_description":"[ad_1] econom\u00edahoy.mx Las compa\u00f1\u00edas con m\u00e1s de 100 millones de usuarios, y que generen valor con los datos de sus usuarios, deber\u00e1n revelar el valor de estos intangibles cada tres meses e incorporarlos a sus balances financieros. El proyecto de ley, propuesto al Senado de los Estados Unidos, promete marcar un hito en el desarrollo [&hellip;]","og_url":"https:\/\/selectednews.info\/mx\/piden-valor-de-datos-en-poder-de-google-facebook-y-apple\/","og_site_name":"Selected News","article_published_time":"2019-06-29T14:33:35+00:00","article_modified_time":"2019-06-29T14:33:36+00:00","og_image":[{"width":567,"height":97,"url":"https:\/\/selectednews.info\/mx\/wp-content\/uploads\/sites\/8\/2019\/06\/Piden-valor-de-datos-en-poder-de-Google-Facebook-y.jpeg","type":"image\/jpeg"}],"author":"selectednews","twitter_card":"summary_large_image","twitter_misc":{"Escrito por":"selectednews","Tiempo de lectura":"3 minutos"},"schema":{"@context":"https:\/\/schema.org","@graph":[{"@type":"Article","@id":"https:\/\/selectednews.info\/mx\/piden-valor-de-datos-en-poder-de-google-facebook-y-apple\/#article","isPartOf":{"@id":"https:\/\/selectednews.info\/mx\/piden-valor-de-datos-en-poder-de-google-facebook-y-apple\/"},"author":{"name":"selectednews","@id":"https:\/\/selectednews.info\/mx\/#\/schema\/person\/c8a0f1bfe64548cfb06c0529b0970068"},"headline":"Piden valor de datos en poder de Google, Facebook y Apple","datePublished":"2019-06-29T14:33:35+00:00","dateModified":"2019-06-29T14:33:36+00:00","mainEntityOfPage":{"@id":"https:\/\/selectednews.info\/mx\/piden-valor-de-datos-en-poder-de-google-facebook-y-apple\/"},"wordCount":704,"commentCount":0,"image":{"@id":"https:\/\/selectednews.info\/mx\/piden-valor-de-datos-en-poder-de-google-facebook-y-apple\/#primaryimage"},"thumbnailUrl":"https:\/\/selectednews.info\/mx\/wp-content\/uploads\/sites\/8\/2019\/06\/Piden-valor-de-datos-en-poder-de-Google-Facebook-y.jpeg","articleSection":["NOTICIAS DE NEGOCIOS"],"inLanguage":"es","potentialAction":[{"@type":"CommentAction","name":"Comment","target":["https:\/\/selectednews.info\/mx\/piden-valor-de-datos-en-poder-de-google-facebook-y-apple\/#respond"]}]},{"@type":"WebPage","@id":"https:\/\/selectednews.info\/mx\/piden-valor-de-datos-en-poder-de-google-facebook-y-apple\/","url":"https:\/\/selectednews.info\/mx\/piden-valor-de-datos-en-poder-de-google-facebook-y-apple\/","name":"Piden valor de datos en poder de Google, Facebook y Apple - Selected News","isPartOf":{"@id":"https:\/\/selectednews.info\/mx\/#website"},"primaryImageOfPage":{"@id":"https:\/\/selectednews.info\/mx\/piden-valor-de-datos-en-poder-de-google-facebook-y-apple\/#primaryimage"},"image":{"@id":"https:\/\/selectednews.info\/mx\/piden-valor-de-datos-en-poder-de-google-facebook-y-apple\/#primaryimage"},"thumbnailUrl":"https:\/\/selectednews.info\/mx\/wp-content\/uploads\/sites\/8\/2019\/06\/Piden-valor-de-datos-en-poder-de-Google-Facebook-y.jpeg","datePublished":"2019-06-29T14:33:35+00:00","dateModified":"2019-06-29T14:33:36+00:00","author":{"@id":"https:\/\/selectednews.info\/mx\/#\/schema\/person\/c8a0f1bfe64548cfb06c0529b0970068"},"breadcrumb":{"@id":"https:\/\/selectednews.info\/mx\/piden-valor-de-datos-en-poder-de-google-facebook-y-apple\/#breadcrumb"},"inLanguage":"es","potentialAction":[{"@type":"ReadAction","target":["https:\/\/selectednews.info\/mx\/piden-valor-de-datos-en-poder-de-google-facebook-y-apple\/"]}]},{"@type":"ImageObject","inLanguage":"es","@id":"https:\/\/selectednews.info\/mx\/piden-valor-de-datos-en-poder-de-google-facebook-y-apple\/#primaryimage","url":"https:\/\/selectednews.info\/mx\/wp-content\/uploads\/sites\/8\/2019\/06\/Piden-valor-de-datos-en-poder-de-Google-Facebook-y.jpeg","contentUrl":"https:\/\/selectednews.info\/mx\/wp-content\/uploads\/sites\/8\/2019\/06\/Piden-valor-de-datos-en-poder-de-Google-Facebook-y.jpeg","width":567,"height":97,"caption":"economiahoychico_23.jpeg"},{"@type":"BreadcrumbList","@id":"https:\/\/selectednews.info\/mx\/piden-valor-de-datos-en-poder-de-google-facebook-y-apple\/#breadcrumb","itemListElement":[{"@type":"ListItem","position":1,"name":"Home","item":"https:\/\/selectednews.info\/mx\/"},{"@type":"ListItem","position":2,"name":"Piden valor de datos en poder de Google, Facebook y Apple"}]},{"@type":"WebSite","@id":"https:\/\/selectednews.info\/mx\/#website","url":"https:\/\/selectednews.info\/mx\/","name":"Selected News","description":"Selected News Mexico","potentialAction":[{"@type":"SearchAction","target":{"@type":"EntryPoint","urlTemplate":"https:\/\/selectednews.info\/mx\/?s={search_term_string}"},"query-input":{"@type":"PropertyValueSpecification","valueRequired":true,"valueName":"search_term_string"}}],"inLanguage":"es"},{"@type":"Person","@id":"https:\/\/selectednews.info\/mx\/#\/schema\/person\/c8a0f1bfe64548cfb06c0529b0970068","name":"selectednews","image":{"@type":"ImageObject","inLanguage":"es","@id":"https:\/\/secure.gravatar.com\/avatar\/c88515018a25fd646d9f77ea80cc88996711575667608a2cd1b47f3d1145508a?s=96&d=mm&r=g","url":"https:\/\/secure.gravatar.com\/avatar\/c88515018a25fd646d9f77ea80cc88996711575667608a2cd1b47f3d1145508a?s=96&d=mm&r=g","contentUrl":"https:\/\/secure.gravatar.com\/avatar\/c88515018a25fd646d9f77ea80cc88996711575667608a2cd1b47f3d1145508a?s=96&d=mm&r=g","caption":"selectednews"},"url":"https:\/\/selectednews.info\/mx\/author\/pt\/"}]}},"_links":{"self":[{"href":"https:\/\/selectednews.info\/mx\/wp-json\/wp\/v2\/posts\/1530","targetHints":{"allow":["GET"]}}],"collection":[{"href":"https:\/\/selectednews.info\/mx\/wp-json\/wp\/v2\/posts"}],"about":[{"href":"https:\/\/selectednews.info\/mx\/wp-json\/wp\/v2\/types\/post"}],"author":[{"embeddable":true,"href":"https:\/\/selectednews.info\/mx\/wp-json\/wp\/v2\/users\/2"}],"replies":[{"embeddable":true,"href":"https:\/\/selectednews.info\/mx\/wp-json\/wp\/v2\/comments?post=1530"}],"version-history":[{"count":1,"href":"https:\/\/selectednews.info\/mx\/wp-json\/wp\/v2\/posts\/1530\/revisions"}],"predecessor-version":[{"id":1532,"href":"https:\/\/selectednews.info\/mx\/wp-json\/wp\/v2\/posts\/1530\/revisions\/1532"}],"wp:featuredmedia":[{"embeddable":true,"href":"https:\/\/selectednews.info\/mx\/wp-json\/wp\/v2\/media\/1531"}],"wp:attachment":[{"href":"https:\/\/selectednews.info\/mx\/wp-json\/wp\/v2\/media?parent=1530"}],"wp:term":[{"taxonomy":"category","embeddable":true,"href":"https:\/\/selectednews.info\/mx\/wp-json\/wp\/v2\/categories?post=1530"},{"taxonomy":"post_tag","embeddable":true,"href":"https:\/\/selectednews.info\/mx\/wp-json\/wp\/v2\/tags?post=1530"}],"curies":[{"name":"wp","href":"https:\/\/api.w.org\/{rel}","templated":true}]}}