{"id":1539,"date":"2019-06-29T20:44:28","date_gmt":"2019-06-29T20:44:28","guid":{"rendered":"https:\/\/selectednews.info\/mx\/cinepolis-anuncia-cambio-de-imagen\/"},"modified":"2019-06-29T20:44:29","modified_gmt":"2019-06-29T20:44:29","slug":"cinepolis-anuncia-cambio-de-imagen","status":"publish","type":"post","link":"https:\/\/selectednews.info\/mx\/cinepolis-anuncia-cambio-de-imagen\/","title":{"rendered":"Cin\u00e9polis anuncia cambio de imagen"},"content":{"rendered":"<p> [ad_1]<br \/>\n<\/p>\n<div>\n<p><em><span class=\"__cf_email__\" data-cfemail=\"4825212f3d2d246638292424293a2d3b082d243d26213e2d3a3b2924662b2725662530\">[email\u00a0protected]<\/span><\/em><\/p>\n<p>\nLa firma mexicana de exhibici\u00f3n cinematogr\u00e1fica Cin\u00e9polis dio a conocer en breve el cambio en su logotipo y concepto como parte de una transformaci\u00f3n enfocada en lo digital.<\/p>\n<p>\nUno de los complejos de la compa\u00f1\u00eda en Monterrey, Nuevo Le\u00f3n, cuenta con la nueva imagen corporativa y la idea de esta multinacional apunta a reforzar la digitalizaci\u00f3n en las compras y experiencia dentro y fuera de sus complejos, informaron fuentes del sector.<\/p>\n<p>\nLos kioscos o \u00e1reas para compra digital de boletos formar\u00e1n parte de este concepto en Cin\u00e9polis, precisaron las personas consultadas.<\/p>\n<p>\nLa empresa no ha publicado con exactitud los cambios internos y externos, pero ha dejado ver en redes sociales la nueva etapa que se aproxima para el corporativo dirigido por Alejandro Ram\u00edrez.<\/p>\n<p>\nCin\u00e9polis fue fundada en M\u00e9xico en 1971 y hasta el a\u00f1o pasado era el segundo operador de cines m\u00e1s grande del mundo, en t\u00e9rmino de asistentes, con la operaci\u00f3n de 691 conjuntos de cine con 5 mil 609 pantallas y m\u00e1s de 338 millones de usuarios anuales en 17 pa\u00edses.<\/p>\n<p>\nEn 2018, Cin\u00e9polis realiz\u00f3 la compra de una participaci\u00f3n minoritaria significativa en la empresa Cinemaxx, que opera en Indonesia. Inform\u00f3 su entrada al mercado de Arabia Saudita en asociaci\u00f3n con los grupos Al Hokair y Al Tayer, los que participan en los sectores hotelero y de entretenimiento, as\u00ed como en la industria minorista de lujo y estilo.<\/p>\n<p>\nCin\u00e9polis ha alcanzado presencia en Argentina, Guatemala, Honduras, Costa Rica, El Salvador, Panam\u00e1, Colombia, Per\u00fa, India, Brasil, Estados Unidos, Chile y Espa\u00f1a.<\/p>\n<p>\nEl corporativo mexicano ha mantenido una estrategia de crecimiento inorg\u00e1nico en los \u00faltimos a\u00f1os.<\/p>\n<p>\nDe manera reciente, la compa\u00f1\u00eda realiz\u00f3 adquisiciones en Argentina, India y Estados Unidos. Tambi\u00e9n compr\u00f3 Yelmo Cines, la segunda cadena m\u00e1s grande de Espa\u00f1a.<\/p>\n<p>\nDe 2011 a 2015, la cadena concret\u00f3 cinco adquisiciones de empresas como Box Cinema y Cinemais, en Brasil, esta \u00faltima aport\u00f3 44 nuevas salas; Cine Hoyts, en Chile, represent\u00f3 158 pantallas; Fun Cinemas, la cual implic\u00f3 71 pantallas, y Yelmo Cines, con 414 unidades.<\/p>\n<p>\nEn 12 a\u00f1os, el corporativo de la familia Ram\u00edrez opera en mercados internacionales como Centroam\u00e9rica, Europa y Medio Oriente.<\/p>\n<\/div>\n<p>[ad_2]<br \/>\n<br \/><a href=\"https:\/\/www.eluniversal.com.mx\/cartera\/cinepolis-anuncia-cambio-de-imagen\">Source link <\/a><\/p>\n","protected":false},"excerpt":{"rendered":"<p>[ad_1] [email\u00a0protected] La firma mexicana de exhibici\u00f3n cinematogr\u00e1fica Cin\u00e9polis dio a conocer en breve el cambio en su logotipo y concepto como parte de una transformaci\u00f3n enfocada en lo digital. Uno de los complejos de la compa\u00f1\u00eda en Monterrey, Nuevo Le\u00f3n, cuenta con la nueva imagen corporativa y la idea de esta multinacional apunta a [&hellip;]<\/p>\n","protected":false},"author":2,"featured_media":1540,"comment_status":"open","ping_status":"open","sticky":false,"template":"","format":"standard","meta":{"footnotes":""},"categories":[1],"tags":[],"class_list":["post-1539","post","type-post","status-publish","format-standard","has-post-thumbnail","hentry","category-noticias-de-negocios"],"yoast_head":"<!-- This site is optimized with the Yoast SEO plugin v28.3 - https:\/\/yoast.com\/product\/yoast-seo-wordpress\/ -->\n<title>Cin\u00e9polis anuncia cambio de imagen - Selected News<\/title>\n<meta name=\"robots\" content=\"index, follow, max-snippet:-1, max-image-preview:large, max-video-preview:-1\" \/>\n<link rel=\"canonical\" href=\"https:\/\/selectednews.info\/mx\/cinepolis-anuncia-cambio-de-imagen\/\" \/>\n<meta property=\"og:locale\" content=\"es_MX\" \/>\n<meta property=\"og:type\" content=\"article\" \/>\n<meta property=\"og:title\" content=\"Cin\u00e9polis anuncia cambio de imagen - Selected News\" \/>\n<meta property=\"og:description\" content=\"[ad_1] [email\u00a0protected] La firma mexicana de exhibici\u00f3n cinematogr\u00e1fica Cin\u00e9polis dio a conocer en breve el cambio en su logotipo y concepto como parte de una transformaci\u00f3n enfocada en lo digital. Uno de los complejos de la compa\u00f1\u00eda en Monterrey, Nuevo Le\u00f3n, cuenta con la nueva imagen corporativa y la idea de esta multinacional apunta a [&hellip;]\" \/>\n<meta property=\"og:url\" content=\"https:\/\/selectednews.info\/mx\/cinepolis-anuncia-cambio-de-imagen\/\" \/>\n<meta property=\"og:site_name\" content=\"Selected News\" \/>\n<meta property=\"article:published_time\" content=\"2019-06-29T20:44:28+00:00\" \/>\n<meta property=\"article:modified_time\" content=\"2019-06-29T20:44:29+00:00\" \/>\n<meta property=\"og:image\" content=\"https:\/\/selectednews.info\/mx\/wp-content\/uploads\/sites\/8\/2019\/06\/Cin\u00e9polis-anuncia-cambio-de-imagen.jpg\" \/>\n\t<meta property=\"og:image:width\" content=\"651\" \/>\n\t<meta property=\"og:image:height\" content=\"400\" \/>\n\t<meta property=\"og:image:type\" content=\"image\/jpeg\" \/>\n<meta name=\"author\" content=\"selectednews\" \/>\n<meta name=\"twitter:card\" content=\"summary_large_image\" \/>\n<meta name=\"twitter:label1\" content=\"Escrito por\" \/>\n\t<meta name=\"twitter:data1\" content=\"selectednews\" \/>\n\t<meta name=\"twitter:label2\" content=\"Tiempo de lectura\" \/>\n\t<meta name=\"twitter:data2\" content=\"2 minutos\" \/>\n<script type=\"application\/ld+json\" class=\"yoast-schema-graph\">{\"@context\":\"https:\\\/\\\/schema.org\",\"@graph\":[{\"@type\":\"Article\",\"@id\":\"https:\\\/\\\/selectednews.info\\\/mx\\\/cinepolis-anuncia-cambio-de-imagen\\\/#article\",\"isPartOf\":{\"@id\":\"https:\\\/\\\/selectednews.info\\\/mx\\\/cinepolis-anuncia-cambio-de-imagen\\\/\"},\"author\":{\"name\":\"selectednews\",\"@id\":\"https:\\\/\\\/selectednews.info\\\/mx\\\/#\\\/schema\\\/person\\\/c8a0f1bfe64548cfb06c0529b0970068\"},\"headline\":\"Cin\u00e9polis anuncia cambio de imagen\",\"datePublished\":\"2019-06-29T20:44:28+00:00\",\"dateModified\":\"2019-06-29T20:44:29+00:00\",\"mainEntityOfPage\":{\"@id\":\"https:\\\/\\\/selectednews.info\\\/mx\\\/cinepolis-anuncia-cambio-de-imagen\\\/\"},\"wordCount\":383,\"commentCount\":0,\"image\":{\"@id\":\"https:\\\/\\\/selectednews.info\\\/mx\\\/cinepolis-anuncia-cambio-de-imagen\\\/#primaryimage\"},\"thumbnailUrl\":\"https:\\\/\\\/selectednews.info\\\/mx\\\/wp-content\\\/uploads\\\/sites\\\/8\\\/2019\\\/06\\\/Cin\u00e9polis-anuncia-cambio-de-imagen.jpg\",\"articleSection\":[\"NOTICIAS DE NEGOCIOS\"],\"inLanguage\":\"es\",\"potentialAction\":[{\"@type\":\"CommentAction\",\"name\":\"Comment\",\"target\":[\"https:\\\/\\\/selectednews.info\\\/mx\\\/cinepolis-anuncia-cambio-de-imagen\\\/#respond\"]}]},{\"@type\":\"WebPage\",\"@id\":\"https:\\\/\\\/selectednews.info\\\/mx\\\/cinepolis-anuncia-cambio-de-imagen\\\/\",\"url\":\"https:\\\/\\\/selectednews.info\\\/mx\\\/cinepolis-anuncia-cambio-de-imagen\\\/\",\"name\":\"Cin\u00e9polis anuncia cambio de imagen - Selected News\",\"isPartOf\":{\"@id\":\"https:\\\/\\\/selectednews.info\\\/mx\\\/#website\"},\"primaryImageOfPage\":{\"@id\":\"https:\\\/\\\/selectednews.info\\\/mx\\\/cinepolis-anuncia-cambio-de-imagen\\\/#primaryimage\"},\"image\":{\"@id\":\"https:\\\/\\\/selectednews.info\\\/mx\\\/cinepolis-anuncia-cambio-de-imagen\\\/#primaryimage\"},\"thumbnailUrl\":\"https:\\\/\\\/selectednews.info\\\/mx\\\/wp-content\\\/uploads\\\/sites\\\/8\\\/2019\\\/06\\\/Cin\u00e9polis-anuncia-cambio-de-imagen.jpg\",\"datePublished\":\"2019-06-29T20:44:28+00:00\",\"dateModified\":\"2019-06-29T20:44:29+00:00\",\"author\":{\"@id\":\"https:\\\/\\\/selectednews.info\\\/mx\\\/#\\\/schema\\\/person\\\/c8a0f1bfe64548cfb06c0529b0970068\"},\"breadcrumb\":{\"@id\":\"https:\\\/\\\/selectednews.info\\\/mx\\\/cinepolis-anuncia-cambio-de-imagen\\\/#breadcrumb\"},\"inLanguage\":\"es\",\"potentialAction\":[{\"@type\":\"ReadAction\",\"target\":[\"https:\\\/\\\/selectednews.info\\\/mx\\\/cinepolis-anuncia-cambio-de-imagen\\\/\"]}]},{\"@type\":\"ImageObject\",\"inLanguage\":\"es\",\"@id\":\"https:\\\/\\\/selectednews.info\\\/mx\\\/cinepolis-anuncia-cambio-de-imagen\\\/#primaryimage\",\"url\":\"https:\\\/\\\/selectednews.info\\\/mx\\\/wp-content\\\/uploads\\\/sites\\\/8\\\/2019\\\/06\\\/Cin\u00e9polis-anuncia-cambio-de-imagen.jpg\",\"contentUrl\":\"https:\\\/\\\/selectednews.info\\\/mx\\\/wp-content\\\/uploads\\\/sites\\\/8\\\/2019\\\/06\\\/Cin\u00e9polis-anuncia-cambio-de-imagen.jpg\",\"width\":651,\"height\":400,\"caption\":\"Cin\u00e9polis anuncia cambio de imagen\"},{\"@type\":\"BreadcrumbList\",\"@id\":\"https:\\\/\\\/selectednews.info\\\/mx\\\/cinepolis-anuncia-cambio-de-imagen\\\/#breadcrumb\",\"itemListElement\":[{\"@type\":\"ListItem\",\"position\":1,\"name\":\"Home\",\"item\":\"https:\\\/\\\/selectednews.info\\\/mx\\\/\"},{\"@type\":\"ListItem\",\"position\":2,\"name\":\"Cin\u00e9polis anuncia cambio de imagen\"}]},{\"@type\":\"WebSite\",\"@id\":\"https:\\\/\\\/selectednews.info\\\/mx\\\/#website\",\"url\":\"https:\\\/\\\/selectednews.info\\\/mx\\\/\",\"name\":\"Selected News\",\"description\":\"Selected News Mexico\",\"potentialAction\":[{\"@type\":\"SearchAction\",\"target\":{\"@type\":\"EntryPoint\",\"urlTemplate\":\"https:\\\/\\\/selectednews.info\\\/mx\\\/?s={search_term_string}\"},\"query-input\":{\"@type\":\"PropertyValueSpecification\",\"valueRequired\":true,\"valueName\":\"search_term_string\"}}],\"inLanguage\":\"es\"},{\"@type\":\"Person\",\"@id\":\"https:\\\/\\\/selectednews.info\\\/mx\\\/#\\\/schema\\\/person\\\/c8a0f1bfe64548cfb06c0529b0970068\",\"name\":\"selectednews\",\"image\":{\"@type\":\"ImageObject\",\"inLanguage\":\"es\",\"@id\":\"https:\\\/\\\/secure.gravatar.com\\\/avatar\\\/c88515018a25fd646d9f77ea80cc88996711575667608a2cd1b47f3d1145508a?s=96&d=mm&r=g\",\"url\":\"https:\\\/\\\/secure.gravatar.com\\\/avatar\\\/c88515018a25fd646d9f77ea80cc88996711575667608a2cd1b47f3d1145508a?s=96&d=mm&r=g\",\"contentUrl\":\"https:\\\/\\\/secure.gravatar.com\\\/avatar\\\/c88515018a25fd646d9f77ea80cc88996711575667608a2cd1b47f3d1145508a?s=96&d=mm&r=g\",\"caption\":\"selectednews\"},\"url\":\"https:\\\/\\\/selectednews.info\\\/mx\\\/author\\\/pt\\\/\"}]}<\/script>\n<!-- \/ Yoast SEO plugin. -->","yoast_head_json":{"title":"Cin\u00e9polis anuncia cambio de imagen - Selected News","robots":{"index":"index","follow":"follow","max-snippet":"max-snippet:-1","max-image-preview":"max-image-preview:large","max-video-preview":"max-video-preview:-1"},"canonical":"https:\/\/selectednews.info\/mx\/cinepolis-anuncia-cambio-de-imagen\/","og_locale":"es_MX","og_type":"article","og_title":"Cin\u00e9polis anuncia cambio de imagen - Selected News","og_description":"[ad_1] [email\u00a0protected] La firma mexicana de exhibici\u00f3n cinematogr\u00e1fica Cin\u00e9polis dio a conocer en breve el cambio en su logotipo y concepto como parte de una transformaci\u00f3n enfocada en lo digital. Uno de los complejos de la compa\u00f1\u00eda en Monterrey, Nuevo Le\u00f3n, cuenta con la nueva imagen corporativa y la idea de esta multinacional apunta a [&hellip;]","og_url":"https:\/\/selectednews.info\/mx\/cinepolis-anuncia-cambio-de-imagen\/","og_site_name":"Selected News","article_published_time":"2019-06-29T20:44:28+00:00","article_modified_time":"2019-06-29T20:44:29+00:00","og_image":[{"width":651,"height":400,"url":"https:\/\/selectednews.info\/mx\/wp-content\/uploads\/sites\/8\/2019\/06\/Cin\u00e9polis-anuncia-cambio-de-imagen.jpg","type":"image\/jpeg"}],"author":"selectednews","twitter_card":"summary_large_image","twitter_misc":{"Escrito por":"selectednews","Tiempo de lectura":"2 minutos"},"schema":{"@context":"https:\/\/schema.org","@graph":[{"@type":"Article","@id":"https:\/\/selectednews.info\/mx\/cinepolis-anuncia-cambio-de-imagen\/#article","isPartOf":{"@id":"https:\/\/selectednews.info\/mx\/cinepolis-anuncia-cambio-de-imagen\/"},"author":{"name":"selectednews","@id":"https:\/\/selectednews.info\/mx\/#\/schema\/person\/c8a0f1bfe64548cfb06c0529b0970068"},"headline":"Cin\u00e9polis anuncia cambio de imagen","datePublished":"2019-06-29T20:44:28+00:00","dateModified":"2019-06-29T20:44:29+00:00","mainEntityOfPage":{"@id":"https:\/\/selectednews.info\/mx\/cinepolis-anuncia-cambio-de-imagen\/"},"wordCount":383,"commentCount":0,"image":{"@id":"https:\/\/selectednews.info\/mx\/cinepolis-anuncia-cambio-de-imagen\/#primaryimage"},"thumbnailUrl":"https:\/\/selectednews.info\/mx\/wp-content\/uploads\/sites\/8\/2019\/06\/Cin\u00e9polis-anuncia-cambio-de-imagen.jpg","articleSection":["NOTICIAS DE NEGOCIOS"],"inLanguage":"es","potentialAction":[{"@type":"CommentAction","name":"Comment","target":["https:\/\/selectednews.info\/mx\/cinepolis-anuncia-cambio-de-imagen\/#respond"]}]},{"@type":"WebPage","@id":"https:\/\/selectednews.info\/mx\/cinepolis-anuncia-cambio-de-imagen\/","url":"https:\/\/selectednews.info\/mx\/cinepolis-anuncia-cambio-de-imagen\/","name":"Cin\u00e9polis anuncia cambio de imagen - Selected News","isPartOf":{"@id":"https:\/\/selectednews.info\/mx\/#website"},"primaryImageOfPage":{"@id":"https:\/\/selectednews.info\/mx\/cinepolis-anuncia-cambio-de-imagen\/#primaryimage"},"image":{"@id":"https:\/\/selectednews.info\/mx\/cinepolis-anuncia-cambio-de-imagen\/#primaryimage"},"thumbnailUrl":"https:\/\/selectednews.info\/mx\/wp-content\/uploads\/sites\/8\/2019\/06\/Cin\u00e9polis-anuncia-cambio-de-imagen.jpg","datePublished":"2019-06-29T20:44:28+00:00","dateModified":"2019-06-29T20:44:29+00:00","author":{"@id":"https:\/\/selectednews.info\/mx\/#\/schema\/person\/c8a0f1bfe64548cfb06c0529b0970068"},"breadcrumb":{"@id":"https:\/\/selectednews.info\/mx\/cinepolis-anuncia-cambio-de-imagen\/#breadcrumb"},"inLanguage":"es","potentialAction":[{"@type":"ReadAction","target":["https:\/\/selectednews.info\/mx\/cinepolis-anuncia-cambio-de-imagen\/"]}]},{"@type":"ImageObject","inLanguage":"es","@id":"https:\/\/selectednews.info\/mx\/cinepolis-anuncia-cambio-de-imagen\/#primaryimage","url":"https:\/\/selectednews.info\/mx\/wp-content\/uploads\/sites\/8\/2019\/06\/Cin\u00e9polis-anuncia-cambio-de-imagen.jpg","contentUrl":"https:\/\/selectednews.info\/mx\/wp-content\/uploads\/sites\/8\/2019\/06\/Cin\u00e9polis-anuncia-cambio-de-imagen.jpg","width":651,"height":400,"caption":"Cin\u00e9polis anuncia cambio de imagen"},{"@type":"BreadcrumbList","@id":"https:\/\/selectednews.info\/mx\/cinepolis-anuncia-cambio-de-imagen\/#breadcrumb","itemListElement":[{"@type":"ListItem","position":1,"name":"Home","item":"https:\/\/selectednews.info\/mx\/"},{"@type":"ListItem","position":2,"name":"Cin\u00e9polis anuncia cambio de imagen"}]},{"@type":"WebSite","@id":"https:\/\/selectednews.info\/mx\/#website","url":"https:\/\/selectednews.info\/mx\/","name":"Selected News","description":"Selected News Mexico","potentialAction":[{"@type":"SearchAction","target":{"@type":"EntryPoint","urlTemplate":"https:\/\/selectednews.info\/mx\/?s={search_term_string}"},"query-input":{"@type":"PropertyValueSpecification","valueRequired":true,"valueName":"search_term_string"}}],"inLanguage":"es"},{"@type":"Person","@id":"https:\/\/selectednews.info\/mx\/#\/schema\/person\/c8a0f1bfe64548cfb06c0529b0970068","name":"selectednews","image":{"@type":"ImageObject","inLanguage":"es","@id":"https:\/\/secure.gravatar.com\/avatar\/c88515018a25fd646d9f77ea80cc88996711575667608a2cd1b47f3d1145508a?s=96&d=mm&r=g","url":"https:\/\/secure.gravatar.com\/avatar\/c88515018a25fd646d9f77ea80cc88996711575667608a2cd1b47f3d1145508a?s=96&d=mm&r=g","contentUrl":"https:\/\/secure.gravatar.com\/avatar\/c88515018a25fd646d9f77ea80cc88996711575667608a2cd1b47f3d1145508a?s=96&d=mm&r=g","caption":"selectednews"},"url":"https:\/\/selectednews.info\/mx\/author\/pt\/"}]}},"_links":{"self":[{"href":"https:\/\/selectednews.info\/mx\/wp-json\/wp\/v2\/posts\/1539","targetHints":{"allow":["GET"]}}],"collection":[{"href":"https:\/\/selectednews.info\/mx\/wp-json\/wp\/v2\/posts"}],"about":[{"href":"https:\/\/selectednews.info\/mx\/wp-json\/wp\/v2\/types\/post"}],"author":[{"embeddable":true,"href":"https:\/\/selectednews.info\/mx\/wp-json\/wp\/v2\/users\/2"}],"replies":[{"embeddable":true,"href":"https:\/\/selectednews.info\/mx\/wp-json\/wp\/v2\/comments?post=1539"}],"version-history":[{"count":1,"href":"https:\/\/selectednews.info\/mx\/wp-json\/wp\/v2\/posts\/1539\/revisions"}],"predecessor-version":[{"id":1541,"href":"https:\/\/selectednews.info\/mx\/wp-json\/wp\/v2\/posts\/1539\/revisions\/1541"}],"wp:featuredmedia":[{"embeddable":true,"href":"https:\/\/selectednews.info\/mx\/wp-json\/wp\/v2\/media\/1540"}],"wp:attachment":[{"href":"https:\/\/selectednews.info\/mx\/wp-json\/wp\/v2\/media?parent=1539"}],"wp:term":[{"taxonomy":"category","embeddable":true,"href":"https:\/\/selectednews.info\/mx\/wp-json\/wp\/v2\/categories?post=1539"},{"taxonomy":"post_tag","embeddable":true,"href":"https:\/\/selectednews.info\/mx\/wp-json\/wp\/v2\/tags?post=1539"}],"curies":[{"name":"wp","href":"https:\/\/api.w.org\/{rel}","templated":true}]}}