{"id":1542,"date":"2019-06-29T22:25:12","date_gmt":"2019-06-29T22:25:12","guid":{"rendered":"https:\/\/selectednews.info\/mx\/venta-de-autos-subio-solo-en-bc-y-nayarit\/"},"modified":"2019-06-29T22:25:13","modified_gmt":"2019-06-29T22:25:13","slug":"venta-de-autos-subio-solo-en-bc-y-nayarit","status":"publish","type":"post","link":"https:\/\/selectednews.info\/mx\/venta-de-autos-subio-solo-en-bc-y-nayarit\/","title":{"rendered":"Venta de autos subi\u00f3 s\u00f3lo en BC y Nayarit"},"content":{"rendered":"<p> [ad_1]<br \/>\n<\/p>\n<div>\n<p><em><span class=\"__cf_email__\" data-cfemail=\"25564457440b46444b51405744654049504b4c5340575644490b464a480b485d\">[email\u00a0protected]<\/span><\/em><\/p>\n<p>\nBaja California y Nayarit son los \u00fanicos estados donde la venta de autos nuevos se increment\u00f3 durante mayo.<\/p>\n<p>\nEn Baja California las ventas se elevaron 2.2%, con la colocaci\u00f3n de 2 mil 696 veh\u00edculos, seg\u00fan cifras de la Asociaci\u00f3n Mexicana de Distribuidores de Automotores (AMDA). En Nayarit se vendieron 742 autos; es decir, 1.6% m\u00e1s respecto a mayo de 2018.<\/p>\n<p>\nEn el resto del pa\u00eds la comercializaci\u00f3n de veh\u00edculos nuevos disminuy\u00f3 11%. En Baja California, la Direcci\u00f3n de Ingresos del Gobierno del Estado inform\u00f3 que el aumento en la adquisici\u00f3n de autom\u00f3viles se debe a que las agencias ya comenzaron a aplicar el descuento del IVA de 16% a 8%.<\/p>\n<p>\nEl municipio donde se ha registrado el mayor incremento en ventas es Ensenada, seguido de Mexicali y Tijuana. En el primer cuatrimestre del a\u00f1o, la venta de autos nuevos registr\u00f3 un alza de 11%, con 11 mil 950 unidades comercializadas.<\/p>\n<p>\nEl 31 de diciembre se public\u00f3 el Decreto de Est\u00edmulo Fiscal para la Franja Fronteriza del Norte, en el que se establece que a partir del 1 de enero de 2019 el IVA disminuye de 16% a 8% en esta zona y el ISR pasa de una tasa de 30% a 20%.<\/p>\n<p>\nGuillermo Rosales, director general adjunto de AMDA, dijo que la contracci\u00f3n en las ventas en mayo confirma el escenario negativo para 2019: \u201cEsto es consecuencia del incremento de rechazos en solicitudes de cr\u00e9dito por un deterioro en la capacidad de pago de los consumidores\u201d.<\/p>\n<p>\n\u00a0<\/p>\n<\/div>\n<p>[ad_2]<br \/>\n<br \/><a href=\"https:\/\/www.eluniversal.com.mx\/cartera\/venta-de-autos-subio-solo-en-bc-y-nayarit\">Source link <\/a><\/p>\n","protected":false},"excerpt":{"rendered":"<p>[ad_1] [email\u00a0protected] Baja California y Nayarit son los \u00fanicos estados donde la venta de autos nuevos se increment\u00f3 durante mayo. En Baja California las ventas se elevaron 2.2%, con la colocaci\u00f3n de 2 mil 696 veh\u00edculos, seg\u00fan cifras de la Asociaci\u00f3n Mexicana de Distribuidores de Automotores (AMDA). En Nayarit se vendieron 742 autos; es decir, [&hellip;]<\/p>\n","protected":false},"author":2,"featured_media":1543,"comment_status":"open","ping_status":"open","sticky":false,"template":"","format":"standard","meta":{"footnotes":""},"categories":[1],"tags":[],"class_list":["post-1542","post","type-post","status-publish","format-standard","has-post-thumbnail","hentry","category-noticias-de-negocios"],"yoast_head":"<!-- This site is optimized with the Yoast SEO plugin v28.3 - https:\/\/yoast.com\/product\/yoast-seo-wordpress\/ -->\n<title>Venta de autos subi\u00f3 s\u00f3lo en BC y Nayarit - Selected News<\/title>\n<meta name=\"robots\" content=\"index, follow, max-snippet:-1, max-image-preview:large, max-video-preview:-1\" \/>\n<link rel=\"canonical\" href=\"https:\/\/selectednews.info\/mx\/venta-de-autos-subio-solo-en-bc-y-nayarit\/\" \/>\n<meta property=\"og:locale\" content=\"es_MX\" \/>\n<meta property=\"og:type\" content=\"article\" \/>\n<meta property=\"og:title\" content=\"Venta de autos subi\u00f3 s\u00f3lo en BC y Nayarit - Selected News\" \/>\n<meta property=\"og:description\" content=\"[ad_1] [email\u00a0protected] Baja California y Nayarit son los \u00fanicos estados donde la venta de autos nuevos se increment\u00f3 durante mayo. En Baja California las ventas se elevaron 2.2%, con la colocaci\u00f3n de 2 mil 696 veh\u00edculos, seg\u00fan cifras de la Asociaci\u00f3n Mexicana de Distribuidores de Automotores (AMDA). En Nayarit se vendieron 742 autos; es decir, [&hellip;]\" \/>\n<meta property=\"og:url\" content=\"https:\/\/selectednews.info\/mx\/venta-de-autos-subio-solo-en-bc-y-nayarit\/\" \/>\n<meta property=\"og:site_name\" content=\"Selected News\" \/>\n<meta property=\"article:published_time\" content=\"2019-06-29T22:25:12+00:00\" \/>\n<meta property=\"article:modified_time\" content=\"2019-06-29T22:25:13+00:00\" \/>\n<meta property=\"og:image\" content=\"https:\/\/selectednews.info\/mx\/wp-content\/uploads\/sites\/8\/2019\/06\/Venta-de-autos-subi\u00f3-s\u00f3lo-en-BC-y-Nayarit.jpg\" \/>\n\t<meta property=\"og:image:width\" content=\"651\" \/>\n\t<meta property=\"og:image:height\" content=\"400\" \/>\n\t<meta property=\"og:image:type\" content=\"image\/jpeg\" \/>\n<meta name=\"author\" content=\"selectednews\" \/>\n<meta name=\"twitter:card\" content=\"summary_large_image\" \/>\n<meta name=\"twitter:label1\" content=\"Escrito por\" \/>\n\t<meta name=\"twitter:data1\" content=\"selectednews\" \/>\n\t<meta name=\"twitter:label2\" content=\"Tiempo de lectura\" \/>\n\t<meta name=\"twitter:data2\" content=\"1 minuto\" \/>\n<script type=\"application\/ld+json\" class=\"yoast-schema-graph\">{\"@context\":\"https:\\\/\\\/schema.org\",\"@graph\":[{\"@type\":\"Article\",\"@id\":\"https:\\\/\\\/selectednews.info\\\/mx\\\/venta-de-autos-subio-solo-en-bc-y-nayarit\\\/#article\",\"isPartOf\":{\"@id\":\"https:\\\/\\\/selectednews.info\\\/mx\\\/venta-de-autos-subio-solo-en-bc-y-nayarit\\\/\"},\"author\":{\"name\":\"selectednews\",\"@id\":\"https:\\\/\\\/selectednews.info\\\/mx\\\/#\\\/schema\\\/person\\\/c8a0f1bfe64548cfb06c0529b0970068\"},\"headline\":\"Venta de autos subi\u00f3 s\u00f3lo en BC y Nayarit\",\"datePublished\":\"2019-06-29T22:25:12+00:00\",\"dateModified\":\"2019-06-29T22:25:13+00:00\",\"mainEntityOfPage\":{\"@id\":\"https:\\\/\\\/selectednews.info\\\/mx\\\/venta-de-autos-subio-solo-en-bc-y-nayarit\\\/\"},\"wordCount\":257,\"commentCount\":0,\"image\":{\"@id\":\"https:\\\/\\\/selectednews.info\\\/mx\\\/venta-de-autos-subio-solo-en-bc-y-nayarit\\\/#primaryimage\"},\"thumbnailUrl\":\"https:\\\/\\\/selectednews.info\\\/mx\\\/wp-content\\\/uploads\\\/sites\\\/8\\\/2019\\\/06\\\/Venta-de-autos-subi\u00f3-s\u00f3lo-en-BC-y-Nayarit.jpg\",\"articleSection\":[\"NOTICIAS DE NEGOCIOS\"],\"inLanguage\":\"es\",\"potentialAction\":[{\"@type\":\"CommentAction\",\"name\":\"Comment\",\"target\":[\"https:\\\/\\\/selectednews.info\\\/mx\\\/venta-de-autos-subio-solo-en-bc-y-nayarit\\\/#respond\"]}]},{\"@type\":\"WebPage\",\"@id\":\"https:\\\/\\\/selectednews.info\\\/mx\\\/venta-de-autos-subio-solo-en-bc-y-nayarit\\\/\",\"url\":\"https:\\\/\\\/selectednews.info\\\/mx\\\/venta-de-autos-subio-solo-en-bc-y-nayarit\\\/\",\"name\":\"Venta de autos subi\u00f3 s\u00f3lo en BC y Nayarit - Selected News\",\"isPartOf\":{\"@id\":\"https:\\\/\\\/selectednews.info\\\/mx\\\/#website\"},\"primaryImageOfPage\":{\"@id\":\"https:\\\/\\\/selectednews.info\\\/mx\\\/venta-de-autos-subio-solo-en-bc-y-nayarit\\\/#primaryimage\"},\"image\":{\"@id\":\"https:\\\/\\\/selectednews.info\\\/mx\\\/venta-de-autos-subio-solo-en-bc-y-nayarit\\\/#primaryimage\"},\"thumbnailUrl\":\"https:\\\/\\\/selectednews.info\\\/mx\\\/wp-content\\\/uploads\\\/sites\\\/8\\\/2019\\\/06\\\/Venta-de-autos-subi\u00f3-s\u00f3lo-en-BC-y-Nayarit.jpg\",\"datePublished\":\"2019-06-29T22:25:12+00:00\",\"dateModified\":\"2019-06-29T22:25:13+00:00\",\"author\":{\"@id\":\"https:\\\/\\\/selectednews.info\\\/mx\\\/#\\\/schema\\\/person\\\/c8a0f1bfe64548cfb06c0529b0970068\"},\"breadcrumb\":{\"@id\":\"https:\\\/\\\/selectednews.info\\\/mx\\\/venta-de-autos-subio-solo-en-bc-y-nayarit\\\/#breadcrumb\"},\"inLanguage\":\"es\",\"potentialAction\":[{\"@type\":\"ReadAction\",\"target\":[\"https:\\\/\\\/selectednews.info\\\/mx\\\/venta-de-autos-subio-solo-en-bc-y-nayarit\\\/\"]}]},{\"@type\":\"ImageObject\",\"inLanguage\":\"es\",\"@id\":\"https:\\\/\\\/selectednews.info\\\/mx\\\/venta-de-autos-subio-solo-en-bc-y-nayarit\\\/#primaryimage\",\"url\":\"https:\\\/\\\/selectednews.info\\\/mx\\\/wp-content\\\/uploads\\\/sites\\\/8\\\/2019\\\/06\\\/Venta-de-autos-subi\u00f3-s\u00f3lo-en-BC-y-Nayarit.jpg\",\"contentUrl\":\"https:\\\/\\\/selectednews.info\\\/mx\\\/wp-content\\\/uploads\\\/sites\\\/8\\\/2019\\\/06\\\/Venta-de-autos-subi\u00f3-s\u00f3lo-en-BC-y-Nayarit.jpg\",\"width\":651,\"height\":400,\"caption\":\"Venta de autos subi\u00f3 s\u00f3lo en BC y Nayarit\"},{\"@type\":\"BreadcrumbList\",\"@id\":\"https:\\\/\\\/selectednews.info\\\/mx\\\/venta-de-autos-subio-solo-en-bc-y-nayarit\\\/#breadcrumb\",\"itemListElement\":[{\"@type\":\"ListItem\",\"position\":1,\"name\":\"Home\",\"item\":\"https:\\\/\\\/selectednews.info\\\/mx\\\/\"},{\"@type\":\"ListItem\",\"position\":2,\"name\":\"Venta de autos subi\u00f3 s\u00f3lo en BC y Nayarit\"}]},{\"@type\":\"WebSite\",\"@id\":\"https:\\\/\\\/selectednews.info\\\/mx\\\/#website\",\"url\":\"https:\\\/\\\/selectednews.info\\\/mx\\\/\",\"name\":\"Selected News\",\"description\":\"Selected News Mexico\",\"potentialAction\":[{\"@type\":\"SearchAction\",\"target\":{\"@type\":\"EntryPoint\",\"urlTemplate\":\"https:\\\/\\\/selectednews.info\\\/mx\\\/?s={search_term_string}\"},\"query-input\":{\"@type\":\"PropertyValueSpecification\",\"valueRequired\":true,\"valueName\":\"search_term_string\"}}],\"inLanguage\":\"es\"},{\"@type\":\"Person\",\"@id\":\"https:\\\/\\\/selectednews.info\\\/mx\\\/#\\\/schema\\\/person\\\/c8a0f1bfe64548cfb06c0529b0970068\",\"name\":\"selectednews\",\"image\":{\"@type\":\"ImageObject\",\"inLanguage\":\"es\",\"@id\":\"https:\\\/\\\/secure.gravatar.com\\\/avatar\\\/c88515018a25fd646d9f77ea80cc88996711575667608a2cd1b47f3d1145508a?s=96&d=mm&r=g\",\"url\":\"https:\\\/\\\/secure.gravatar.com\\\/avatar\\\/c88515018a25fd646d9f77ea80cc88996711575667608a2cd1b47f3d1145508a?s=96&d=mm&r=g\",\"contentUrl\":\"https:\\\/\\\/secure.gravatar.com\\\/avatar\\\/c88515018a25fd646d9f77ea80cc88996711575667608a2cd1b47f3d1145508a?s=96&d=mm&r=g\",\"caption\":\"selectednews\"},\"url\":\"https:\\\/\\\/selectednews.info\\\/mx\\\/author\\\/pt\\\/\"}]}<\/script>\n<!-- \/ Yoast SEO plugin. -->","yoast_head_json":{"title":"Venta de autos subi\u00f3 s\u00f3lo en BC y Nayarit - Selected News","robots":{"index":"index","follow":"follow","max-snippet":"max-snippet:-1","max-image-preview":"max-image-preview:large","max-video-preview":"max-video-preview:-1"},"canonical":"https:\/\/selectednews.info\/mx\/venta-de-autos-subio-solo-en-bc-y-nayarit\/","og_locale":"es_MX","og_type":"article","og_title":"Venta de autos subi\u00f3 s\u00f3lo en BC y Nayarit - Selected News","og_description":"[ad_1] [email\u00a0protected] Baja California y Nayarit son los \u00fanicos estados donde la venta de autos nuevos se increment\u00f3 durante mayo. En Baja California las ventas se elevaron 2.2%, con la colocaci\u00f3n de 2 mil 696 veh\u00edculos, seg\u00fan cifras de la Asociaci\u00f3n Mexicana de Distribuidores de Automotores (AMDA). En Nayarit se vendieron 742 autos; es decir, [&hellip;]","og_url":"https:\/\/selectednews.info\/mx\/venta-de-autos-subio-solo-en-bc-y-nayarit\/","og_site_name":"Selected News","article_published_time":"2019-06-29T22:25:12+00:00","article_modified_time":"2019-06-29T22:25:13+00:00","og_image":[{"width":651,"height":400,"url":"https:\/\/selectednews.info\/mx\/wp-content\/uploads\/sites\/8\/2019\/06\/Venta-de-autos-subi\u00f3-s\u00f3lo-en-BC-y-Nayarit.jpg","type":"image\/jpeg"}],"author":"selectednews","twitter_card":"summary_large_image","twitter_misc":{"Escrito por":"selectednews","Tiempo de lectura":"1 minuto"},"schema":{"@context":"https:\/\/schema.org","@graph":[{"@type":"Article","@id":"https:\/\/selectednews.info\/mx\/venta-de-autos-subio-solo-en-bc-y-nayarit\/#article","isPartOf":{"@id":"https:\/\/selectednews.info\/mx\/venta-de-autos-subio-solo-en-bc-y-nayarit\/"},"author":{"name":"selectednews","@id":"https:\/\/selectednews.info\/mx\/#\/schema\/person\/c8a0f1bfe64548cfb06c0529b0970068"},"headline":"Venta de autos subi\u00f3 s\u00f3lo en BC y Nayarit","datePublished":"2019-06-29T22:25:12+00:00","dateModified":"2019-06-29T22:25:13+00:00","mainEntityOfPage":{"@id":"https:\/\/selectednews.info\/mx\/venta-de-autos-subio-solo-en-bc-y-nayarit\/"},"wordCount":257,"commentCount":0,"image":{"@id":"https:\/\/selectednews.info\/mx\/venta-de-autos-subio-solo-en-bc-y-nayarit\/#primaryimage"},"thumbnailUrl":"https:\/\/selectednews.info\/mx\/wp-content\/uploads\/sites\/8\/2019\/06\/Venta-de-autos-subi\u00f3-s\u00f3lo-en-BC-y-Nayarit.jpg","articleSection":["NOTICIAS DE NEGOCIOS"],"inLanguage":"es","potentialAction":[{"@type":"CommentAction","name":"Comment","target":["https:\/\/selectednews.info\/mx\/venta-de-autos-subio-solo-en-bc-y-nayarit\/#respond"]}]},{"@type":"WebPage","@id":"https:\/\/selectednews.info\/mx\/venta-de-autos-subio-solo-en-bc-y-nayarit\/","url":"https:\/\/selectednews.info\/mx\/venta-de-autos-subio-solo-en-bc-y-nayarit\/","name":"Venta de autos subi\u00f3 s\u00f3lo en BC y Nayarit - Selected News","isPartOf":{"@id":"https:\/\/selectednews.info\/mx\/#website"},"primaryImageOfPage":{"@id":"https:\/\/selectednews.info\/mx\/venta-de-autos-subio-solo-en-bc-y-nayarit\/#primaryimage"},"image":{"@id":"https:\/\/selectednews.info\/mx\/venta-de-autos-subio-solo-en-bc-y-nayarit\/#primaryimage"},"thumbnailUrl":"https:\/\/selectednews.info\/mx\/wp-content\/uploads\/sites\/8\/2019\/06\/Venta-de-autos-subi\u00f3-s\u00f3lo-en-BC-y-Nayarit.jpg","datePublished":"2019-06-29T22:25:12+00:00","dateModified":"2019-06-29T22:25:13+00:00","author":{"@id":"https:\/\/selectednews.info\/mx\/#\/schema\/person\/c8a0f1bfe64548cfb06c0529b0970068"},"breadcrumb":{"@id":"https:\/\/selectednews.info\/mx\/venta-de-autos-subio-solo-en-bc-y-nayarit\/#breadcrumb"},"inLanguage":"es","potentialAction":[{"@type":"ReadAction","target":["https:\/\/selectednews.info\/mx\/venta-de-autos-subio-solo-en-bc-y-nayarit\/"]}]},{"@type":"ImageObject","inLanguage":"es","@id":"https:\/\/selectednews.info\/mx\/venta-de-autos-subio-solo-en-bc-y-nayarit\/#primaryimage","url":"https:\/\/selectednews.info\/mx\/wp-content\/uploads\/sites\/8\/2019\/06\/Venta-de-autos-subi\u00f3-s\u00f3lo-en-BC-y-Nayarit.jpg","contentUrl":"https:\/\/selectednews.info\/mx\/wp-content\/uploads\/sites\/8\/2019\/06\/Venta-de-autos-subi\u00f3-s\u00f3lo-en-BC-y-Nayarit.jpg","width":651,"height":400,"caption":"Venta de autos subi\u00f3 s\u00f3lo en BC y Nayarit"},{"@type":"BreadcrumbList","@id":"https:\/\/selectednews.info\/mx\/venta-de-autos-subio-solo-en-bc-y-nayarit\/#breadcrumb","itemListElement":[{"@type":"ListItem","position":1,"name":"Home","item":"https:\/\/selectednews.info\/mx\/"},{"@type":"ListItem","position":2,"name":"Venta de autos subi\u00f3 s\u00f3lo en BC y Nayarit"}]},{"@type":"WebSite","@id":"https:\/\/selectednews.info\/mx\/#website","url":"https:\/\/selectednews.info\/mx\/","name":"Selected News","description":"Selected News Mexico","potentialAction":[{"@type":"SearchAction","target":{"@type":"EntryPoint","urlTemplate":"https:\/\/selectednews.info\/mx\/?s={search_term_string}"},"query-input":{"@type":"PropertyValueSpecification","valueRequired":true,"valueName":"search_term_string"}}],"inLanguage":"es"},{"@type":"Person","@id":"https:\/\/selectednews.info\/mx\/#\/schema\/person\/c8a0f1bfe64548cfb06c0529b0970068","name":"selectednews","image":{"@type":"ImageObject","inLanguage":"es","@id":"https:\/\/secure.gravatar.com\/avatar\/c88515018a25fd646d9f77ea80cc88996711575667608a2cd1b47f3d1145508a?s=96&d=mm&r=g","url":"https:\/\/secure.gravatar.com\/avatar\/c88515018a25fd646d9f77ea80cc88996711575667608a2cd1b47f3d1145508a?s=96&d=mm&r=g","contentUrl":"https:\/\/secure.gravatar.com\/avatar\/c88515018a25fd646d9f77ea80cc88996711575667608a2cd1b47f3d1145508a?s=96&d=mm&r=g","caption":"selectednews"},"url":"https:\/\/selectednews.info\/mx\/author\/pt\/"}]}},"_links":{"self":[{"href":"https:\/\/selectednews.info\/mx\/wp-json\/wp\/v2\/posts\/1542","targetHints":{"allow":["GET"]}}],"collection":[{"href":"https:\/\/selectednews.info\/mx\/wp-json\/wp\/v2\/posts"}],"about":[{"href":"https:\/\/selectednews.info\/mx\/wp-json\/wp\/v2\/types\/post"}],"author":[{"embeddable":true,"href":"https:\/\/selectednews.info\/mx\/wp-json\/wp\/v2\/users\/2"}],"replies":[{"embeddable":true,"href":"https:\/\/selectednews.info\/mx\/wp-json\/wp\/v2\/comments?post=1542"}],"version-history":[{"count":1,"href":"https:\/\/selectednews.info\/mx\/wp-json\/wp\/v2\/posts\/1542\/revisions"}],"predecessor-version":[{"id":1544,"href":"https:\/\/selectednews.info\/mx\/wp-json\/wp\/v2\/posts\/1542\/revisions\/1544"}],"wp:featuredmedia":[{"embeddable":true,"href":"https:\/\/selectednews.info\/mx\/wp-json\/wp\/v2\/media\/1543"}],"wp:attachment":[{"href":"https:\/\/selectednews.info\/mx\/wp-json\/wp\/v2\/media?parent=1542"}],"wp:term":[{"taxonomy":"category","embeddable":true,"href":"https:\/\/selectednews.info\/mx\/wp-json\/wp\/v2\/categories?post=1542"},{"taxonomy":"post_tag","embeddable":true,"href":"https:\/\/selectednews.info\/mx\/wp-json\/wp\/v2\/tags?post=1542"}],"curies":[{"name":"wp","href":"https:\/\/api.w.org\/{rel}","templated":true}]}}