{"id":1548,"date":"2019-06-30T13:54:28","date_gmt":"2019-06-30T13:54:28","guid":{"rendered":"https:\/\/selectednews.info\/mx\/el-plan-popularizar-lentes-de-contacto\/"},"modified":"2019-06-30T13:54:30","modified_gmt":"2019-06-30T13:54:30","slug":"el-plan-popularizar-lentes-de-contacto","status":"publish","type":"post","link":"https:\/\/selectednews.info\/mx\/el-plan-popularizar-lentes-de-contacto\/","title":{"rendered":"El plan: popularizar lentes de contacto"},"content":{"rendered":"<p> [ad_1]<br \/>\n<\/p>\n<div>\n<p><em><span class=\"__cf_email__\" data-cfemail=\"f88b998a99d69b99968c9d8a99b89d948d96918e9d8a8b9994d69b9795d69580\">[email\u00a0protected]<\/span><\/em><\/p>\n<p>\nA pesar de que existe la tecnolog\u00eda para corregir la vista mediante una cirug\u00eda y los lentes de contacto han avanzado mucho, los mexicanos prefieren usar lentes de armaz\u00f3n. Este es el nicho de mercado que Alcon quiere hacer crecer.<\/p>\n<p>\nAlcon, el laboratorio recientemente separado de Novartis, se especializa en oftalmolog\u00eda con tres divisiones de negocio: quir\u00fargica, con m\u00e1quinas para hacer cirug\u00eda de cataratas y correcci\u00f3n de visi\u00f3n; lentes de contacto, y gotas.<\/p>\n<p>\nIgnacio Casta\u00f1\u00f3n, CEO de Alcon M\u00e9xico, dijo que el tama\u00f1o de la oportunidad de negocio en el pa\u00eds es enorme, ya que los mexicanos usan muy poco los lentes de contacto y se estima que hay 2.6 millones de personas que requieren una operaci\u00f3n de cataratas.<\/p>\n<p>\n\u201cEn M\u00e9xico la penetraci\u00f3n de los lentes de contacto es de menos 1%, cuando en Estados Unidos es de 14% de la poblaci\u00f3n y en algunos pa\u00edses es hasta 50%\u201d, indic\u00f3.<\/p>\n<p>\nEl directivo de Alcon coment\u00f3 que la poblaci\u00f3n desconoce el avance en los lentes de contacto, pues no solo corrigen la miop\u00eda, sino tambi\u00e9n el astigmatismo y la presbicia, por lo que ya hay lentes de contacto bifocales.<\/p>\n<p>\n\u201cHay momentos en la vida donde te conviene un lente de contacto y para eso tenemos el lente diario, pero para presbicia tenemos lentes multifocales de contacto.<\/p>\n<p>\n\u201cLo importante es la comodidad y la tecnolog\u00eda nueva avanz\u00f3 mucho. Se te olvida que tienes un lente de contacto\u201d, coment\u00f3 Casta\u00f1\u00f3n.<\/p>\n<p>\nAdem\u00e1s del desconocimiento, los mexicanos van al oftalm\u00f3logo una vez al a\u00f1o, pese a que se recomienda ir por lo menos dos veces al a\u00f1o, y existen s\u00f3lo 4 mil oftalm\u00f3logos en el pa\u00eds.<\/p>\n<p>\nEn el caso de las cataratas, se estima que en el pa\u00eds hay 2.6 millones de personas que necesitan una cirug\u00eda de este tipo, pero se realizan apenas 200 mil operaciones al a\u00f1o.<\/p>\n<p>\nAlcon comercializa equipo para las operaciones de catarata y lentes intraoculares e intraoculares precargados para esta operaci\u00f3n.<\/p>\n<p>\nEste a\u00f1o la compa\u00f1\u00eda lanzar\u00e1 un lente que se inyecta de manera autom\u00e1tica mediante una burbuja de gas, lo que disminuye la probabilidad de contaminaci\u00f3n al momento de hacer la operaci\u00f3n de catarata. Tambi\u00e9n sacar\u00e1 una nueva l\u00ednea de gotas para ojo seco, una molestia muy recurrente en ciudades altamente contaminadas.<\/p>\n<p>\nAlcon agreg\u00f3 que con la separaci\u00f3n de Novartis estiman que los ciclos de investigaci\u00f3n para lanzar nuevos productos, que regularmente van de 10 a 15 a\u00f1os, pasen a cinco.<\/p>\n<\/div>\n<p>[ad_2]<br \/>\n<br \/><a href=\"https:\/\/www.eluniversal.com.mx\/cartera\/negocios\/el-plan-popularizar-lentes-de-contacto\">Source link <\/a><\/p>\n","protected":false},"excerpt":{"rendered":"<p>[ad_1] [email\u00a0protected] A pesar de que existe la tecnolog\u00eda para corregir la vista mediante una cirug\u00eda y los lentes de contacto han avanzado mucho, los mexicanos prefieren usar lentes de armaz\u00f3n. Este es el nicho de mercado que Alcon quiere hacer crecer. Alcon, el laboratorio recientemente separado de Novartis, se especializa en oftalmolog\u00eda con tres [&hellip;]<\/p>\n","protected":false},"author":2,"featured_media":1549,"comment_status":"open","ping_status":"open","sticky":false,"template":"","format":"standard","meta":{"footnotes":""},"categories":[1],"tags":[],"class_list":["post-1548","post","type-post","status-publish","format-standard","has-post-thumbnail","hentry","category-noticias-de-negocios"],"yoast_head":"<!-- This site is optimized with the Yoast SEO plugin v28.3 - https:\/\/yoast.com\/product\/yoast-seo-wordpress\/ -->\n<title>El plan: popularizar lentes de contacto - Selected News<\/title>\n<meta name=\"robots\" content=\"index, follow, max-snippet:-1, max-image-preview:large, max-video-preview:-1\" \/>\n<link rel=\"canonical\" href=\"https:\/\/selectednews.info\/mx\/el-plan-popularizar-lentes-de-contacto\/\" \/>\n<meta property=\"og:locale\" content=\"es_MX\" \/>\n<meta property=\"og:type\" content=\"article\" \/>\n<meta property=\"og:title\" content=\"El plan: popularizar lentes de contacto - Selected News\" \/>\n<meta property=\"og:description\" content=\"[ad_1] [email\u00a0protected] A pesar de que existe la tecnolog\u00eda para corregir la vista mediante una cirug\u00eda y los lentes de contacto han avanzado mucho, los mexicanos prefieren usar lentes de armaz\u00f3n. Este es el nicho de mercado que Alcon quiere hacer crecer. Alcon, el laboratorio recientemente separado de Novartis, se especializa en oftalmolog\u00eda con tres [&hellip;]\" \/>\n<meta property=\"og:url\" content=\"https:\/\/selectednews.info\/mx\/el-plan-popularizar-lentes-de-contacto\/\" \/>\n<meta property=\"og:site_name\" content=\"Selected News\" \/>\n<meta property=\"article:published_time\" content=\"2019-06-30T13:54:28+00:00\" \/>\n<meta property=\"article:modified_time\" content=\"2019-06-30T13:54:30+00:00\" \/>\n<meta property=\"og:image\" content=\"https:\/\/selectednews.info\/mx\/wp-content\/uploads\/sites\/8\/2019\/06\/El-plan-popularizar-lentes-de-contacto.jpg\" \/>\n\t<meta property=\"og:image:width\" content=\"651\" \/>\n\t<meta property=\"og:image:height\" content=\"400\" \/>\n\t<meta property=\"og:image:type\" content=\"image\/jpeg\" \/>\n<meta name=\"author\" content=\"selectednews\" \/>\n<meta name=\"twitter:card\" content=\"summary_large_image\" \/>\n<meta name=\"twitter:label1\" content=\"Escrito por\" \/>\n\t<meta name=\"twitter:data1\" content=\"selectednews\" \/>\n\t<meta name=\"twitter:label2\" content=\"Tiempo de lectura\" \/>\n\t<meta name=\"twitter:data2\" content=\"2 minutos\" \/>\n<script type=\"application\/ld+json\" class=\"yoast-schema-graph\">{\"@context\":\"https:\\\/\\\/schema.org\",\"@graph\":[{\"@type\":\"Article\",\"@id\":\"https:\\\/\\\/selectednews.info\\\/mx\\\/el-plan-popularizar-lentes-de-contacto\\\/#article\",\"isPartOf\":{\"@id\":\"https:\\\/\\\/selectednews.info\\\/mx\\\/el-plan-popularizar-lentes-de-contacto\\\/\"},\"author\":{\"name\":\"selectednews\",\"@id\":\"https:\\\/\\\/selectednews.info\\\/mx\\\/#\\\/schema\\\/person\\\/c8a0f1bfe64548cfb06c0529b0970068\"},\"headline\":\"El plan: popularizar lentes de contacto\",\"datePublished\":\"2019-06-30T13:54:28+00:00\",\"dateModified\":\"2019-06-30T13:54:30+00:00\",\"mainEntityOfPage\":{\"@id\":\"https:\\\/\\\/selectednews.info\\\/mx\\\/el-plan-popularizar-lentes-de-contacto\\\/\"},\"wordCount\":448,\"commentCount\":0,\"image\":{\"@id\":\"https:\\\/\\\/selectednews.info\\\/mx\\\/el-plan-popularizar-lentes-de-contacto\\\/#primaryimage\"},\"thumbnailUrl\":\"https:\\\/\\\/selectednews.info\\\/mx\\\/wp-content\\\/uploads\\\/sites\\\/8\\\/2019\\\/06\\\/El-plan-popularizar-lentes-de-contacto.jpg\",\"articleSection\":[\"NOTICIAS DE NEGOCIOS\"],\"inLanguage\":\"es\",\"potentialAction\":[{\"@type\":\"CommentAction\",\"name\":\"Comment\",\"target\":[\"https:\\\/\\\/selectednews.info\\\/mx\\\/el-plan-popularizar-lentes-de-contacto\\\/#respond\"]}]},{\"@type\":\"WebPage\",\"@id\":\"https:\\\/\\\/selectednews.info\\\/mx\\\/el-plan-popularizar-lentes-de-contacto\\\/\",\"url\":\"https:\\\/\\\/selectednews.info\\\/mx\\\/el-plan-popularizar-lentes-de-contacto\\\/\",\"name\":\"El plan: popularizar lentes de contacto - Selected News\",\"isPartOf\":{\"@id\":\"https:\\\/\\\/selectednews.info\\\/mx\\\/#website\"},\"primaryImageOfPage\":{\"@id\":\"https:\\\/\\\/selectednews.info\\\/mx\\\/el-plan-popularizar-lentes-de-contacto\\\/#primaryimage\"},\"image\":{\"@id\":\"https:\\\/\\\/selectednews.info\\\/mx\\\/el-plan-popularizar-lentes-de-contacto\\\/#primaryimage\"},\"thumbnailUrl\":\"https:\\\/\\\/selectednews.info\\\/mx\\\/wp-content\\\/uploads\\\/sites\\\/8\\\/2019\\\/06\\\/El-plan-popularizar-lentes-de-contacto.jpg\",\"datePublished\":\"2019-06-30T13:54:28+00:00\",\"dateModified\":\"2019-06-30T13:54:30+00:00\",\"author\":{\"@id\":\"https:\\\/\\\/selectednews.info\\\/mx\\\/#\\\/schema\\\/person\\\/c8a0f1bfe64548cfb06c0529b0970068\"},\"breadcrumb\":{\"@id\":\"https:\\\/\\\/selectednews.info\\\/mx\\\/el-plan-popularizar-lentes-de-contacto\\\/#breadcrumb\"},\"inLanguage\":\"es\",\"potentialAction\":[{\"@type\":\"ReadAction\",\"target\":[\"https:\\\/\\\/selectednews.info\\\/mx\\\/el-plan-popularizar-lentes-de-contacto\\\/\"]}]},{\"@type\":\"ImageObject\",\"inLanguage\":\"es\",\"@id\":\"https:\\\/\\\/selectednews.info\\\/mx\\\/el-plan-popularizar-lentes-de-contacto\\\/#primaryimage\",\"url\":\"https:\\\/\\\/selectednews.info\\\/mx\\\/wp-content\\\/uploads\\\/sites\\\/8\\\/2019\\\/06\\\/El-plan-popularizar-lentes-de-contacto.jpg\",\"contentUrl\":\"https:\\\/\\\/selectednews.info\\\/mx\\\/wp-content\\\/uploads\\\/sites\\\/8\\\/2019\\\/06\\\/El-plan-popularizar-lentes-de-contacto.jpg\",\"width\":651,\"height\":400,\"caption\":\"El plan: popularizar lentes de contacto\"},{\"@type\":\"BreadcrumbList\",\"@id\":\"https:\\\/\\\/selectednews.info\\\/mx\\\/el-plan-popularizar-lentes-de-contacto\\\/#breadcrumb\",\"itemListElement\":[{\"@type\":\"ListItem\",\"position\":1,\"name\":\"Home\",\"item\":\"https:\\\/\\\/selectednews.info\\\/mx\\\/\"},{\"@type\":\"ListItem\",\"position\":2,\"name\":\"El plan: popularizar lentes de contacto\"}]},{\"@type\":\"WebSite\",\"@id\":\"https:\\\/\\\/selectednews.info\\\/mx\\\/#website\",\"url\":\"https:\\\/\\\/selectednews.info\\\/mx\\\/\",\"name\":\"Selected News\",\"description\":\"Selected News Mexico\",\"potentialAction\":[{\"@type\":\"SearchAction\",\"target\":{\"@type\":\"EntryPoint\",\"urlTemplate\":\"https:\\\/\\\/selectednews.info\\\/mx\\\/?s={search_term_string}\"},\"query-input\":{\"@type\":\"PropertyValueSpecification\",\"valueRequired\":true,\"valueName\":\"search_term_string\"}}],\"inLanguage\":\"es\"},{\"@type\":\"Person\",\"@id\":\"https:\\\/\\\/selectednews.info\\\/mx\\\/#\\\/schema\\\/person\\\/c8a0f1bfe64548cfb06c0529b0970068\",\"name\":\"selectednews\",\"image\":{\"@type\":\"ImageObject\",\"inLanguage\":\"es\",\"@id\":\"https:\\\/\\\/secure.gravatar.com\\\/avatar\\\/c88515018a25fd646d9f77ea80cc88996711575667608a2cd1b47f3d1145508a?s=96&d=mm&r=g\",\"url\":\"https:\\\/\\\/secure.gravatar.com\\\/avatar\\\/c88515018a25fd646d9f77ea80cc88996711575667608a2cd1b47f3d1145508a?s=96&d=mm&r=g\",\"contentUrl\":\"https:\\\/\\\/secure.gravatar.com\\\/avatar\\\/c88515018a25fd646d9f77ea80cc88996711575667608a2cd1b47f3d1145508a?s=96&d=mm&r=g\",\"caption\":\"selectednews\"},\"url\":\"https:\\\/\\\/selectednews.info\\\/mx\\\/author\\\/pt\\\/\"}]}<\/script>\n<!-- \/ Yoast SEO plugin. -->","yoast_head_json":{"title":"El plan: popularizar lentes de contacto - Selected News","robots":{"index":"index","follow":"follow","max-snippet":"max-snippet:-1","max-image-preview":"max-image-preview:large","max-video-preview":"max-video-preview:-1"},"canonical":"https:\/\/selectednews.info\/mx\/el-plan-popularizar-lentes-de-contacto\/","og_locale":"es_MX","og_type":"article","og_title":"El plan: popularizar lentes de contacto - Selected News","og_description":"[ad_1] [email\u00a0protected] A pesar de que existe la tecnolog\u00eda para corregir la vista mediante una cirug\u00eda y los lentes de contacto han avanzado mucho, los mexicanos prefieren usar lentes de armaz\u00f3n. Este es el nicho de mercado que Alcon quiere hacer crecer. Alcon, el laboratorio recientemente separado de Novartis, se especializa en oftalmolog\u00eda con tres [&hellip;]","og_url":"https:\/\/selectednews.info\/mx\/el-plan-popularizar-lentes-de-contacto\/","og_site_name":"Selected News","article_published_time":"2019-06-30T13:54:28+00:00","article_modified_time":"2019-06-30T13:54:30+00:00","og_image":[{"width":651,"height":400,"url":"https:\/\/selectednews.info\/mx\/wp-content\/uploads\/sites\/8\/2019\/06\/El-plan-popularizar-lentes-de-contacto.jpg","type":"image\/jpeg"}],"author":"selectednews","twitter_card":"summary_large_image","twitter_misc":{"Escrito por":"selectednews","Tiempo de lectura":"2 minutos"},"schema":{"@context":"https:\/\/schema.org","@graph":[{"@type":"Article","@id":"https:\/\/selectednews.info\/mx\/el-plan-popularizar-lentes-de-contacto\/#article","isPartOf":{"@id":"https:\/\/selectednews.info\/mx\/el-plan-popularizar-lentes-de-contacto\/"},"author":{"name":"selectednews","@id":"https:\/\/selectednews.info\/mx\/#\/schema\/person\/c8a0f1bfe64548cfb06c0529b0970068"},"headline":"El plan: popularizar lentes de contacto","datePublished":"2019-06-30T13:54:28+00:00","dateModified":"2019-06-30T13:54:30+00:00","mainEntityOfPage":{"@id":"https:\/\/selectednews.info\/mx\/el-plan-popularizar-lentes-de-contacto\/"},"wordCount":448,"commentCount":0,"image":{"@id":"https:\/\/selectednews.info\/mx\/el-plan-popularizar-lentes-de-contacto\/#primaryimage"},"thumbnailUrl":"https:\/\/selectednews.info\/mx\/wp-content\/uploads\/sites\/8\/2019\/06\/El-plan-popularizar-lentes-de-contacto.jpg","articleSection":["NOTICIAS DE NEGOCIOS"],"inLanguage":"es","potentialAction":[{"@type":"CommentAction","name":"Comment","target":["https:\/\/selectednews.info\/mx\/el-plan-popularizar-lentes-de-contacto\/#respond"]}]},{"@type":"WebPage","@id":"https:\/\/selectednews.info\/mx\/el-plan-popularizar-lentes-de-contacto\/","url":"https:\/\/selectednews.info\/mx\/el-plan-popularizar-lentes-de-contacto\/","name":"El plan: popularizar lentes de contacto - Selected News","isPartOf":{"@id":"https:\/\/selectednews.info\/mx\/#website"},"primaryImageOfPage":{"@id":"https:\/\/selectednews.info\/mx\/el-plan-popularizar-lentes-de-contacto\/#primaryimage"},"image":{"@id":"https:\/\/selectednews.info\/mx\/el-plan-popularizar-lentes-de-contacto\/#primaryimage"},"thumbnailUrl":"https:\/\/selectednews.info\/mx\/wp-content\/uploads\/sites\/8\/2019\/06\/El-plan-popularizar-lentes-de-contacto.jpg","datePublished":"2019-06-30T13:54:28+00:00","dateModified":"2019-06-30T13:54:30+00:00","author":{"@id":"https:\/\/selectednews.info\/mx\/#\/schema\/person\/c8a0f1bfe64548cfb06c0529b0970068"},"breadcrumb":{"@id":"https:\/\/selectednews.info\/mx\/el-plan-popularizar-lentes-de-contacto\/#breadcrumb"},"inLanguage":"es","potentialAction":[{"@type":"ReadAction","target":["https:\/\/selectednews.info\/mx\/el-plan-popularizar-lentes-de-contacto\/"]}]},{"@type":"ImageObject","inLanguage":"es","@id":"https:\/\/selectednews.info\/mx\/el-plan-popularizar-lentes-de-contacto\/#primaryimage","url":"https:\/\/selectednews.info\/mx\/wp-content\/uploads\/sites\/8\/2019\/06\/El-plan-popularizar-lentes-de-contacto.jpg","contentUrl":"https:\/\/selectednews.info\/mx\/wp-content\/uploads\/sites\/8\/2019\/06\/El-plan-popularizar-lentes-de-contacto.jpg","width":651,"height":400,"caption":"El plan: popularizar lentes de contacto"},{"@type":"BreadcrumbList","@id":"https:\/\/selectednews.info\/mx\/el-plan-popularizar-lentes-de-contacto\/#breadcrumb","itemListElement":[{"@type":"ListItem","position":1,"name":"Home","item":"https:\/\/selectednews.info\/mx\/"},{"@type":"ListItem","position":2,"name":"El plan: popularizar lentes de contacto"}]},{"@type":"WebSite","@id":"https:\/\/selectednews.info\/mx\/#website","url":"https:\/\/selectednews.info\/mx\/","name":"Selected News","description":"Selected News Mexico","potentialAction":[{"@type":"SearchAction","target":{"@type":"EntryPoint","urlTemplate":"https:\/\/selectednews.info\/mx\/?s={search_term_string}"},"query-input":{"@type":"PropertyValueSpecification","valueRequired":true,"valueName":"search_term_string"}}],"inLanguage":"es"},{"@type":"Person","@id":"https:\/\/selectednews.info\/mx\/#\/schema\/person\/c8a0f1bfe64548cfb06c0529b0970068","name":"selectednews","image":{"@type":"ImageObject","inLanguage":"es","@id":"https:\/\/secure.gravatar.com\/avatar\/c88515018a25fd646d9f77ea80cc88996711575667608a2cd1b47f3d1145508a?s=96&d=mm&r=g","url":"https:\/\/secure.gravatar.com\/avatar\/c88515018a25fd646d9f77ea80cc88996711575667608a2cd1b47f3d1145508a?s=96&d=mm&r=g","contentUrl":"https:\/\/secure.gravatar.com\/avatar\/c88515018a25fd646d9f77ea80cc88996711575667608a2cd1b47f3d1145508a?s=96&d=mm&r=g","caption":"selectednews"},"url":"https:\/\/selectednews.info\/mx\/author\/pt\/"}]}},"_links":{"self":[{"href":"https:\/\/selectednews.info\/mx\/wp-json\/wp\/v2\/posts\/1548","targetHints":{"allow":["GET"]}}],"collection":[{"href":"https:\/\/selectednews.info\/mx\/wp-json\/wp\/v2\/posts"}],"about":[{"href":"https:\/\/selectednews.info\/mx\/wp-json\/wp\/v2\/types\/post"}],"author":[{"embeddable":true,"href":"https:\/\/selectednews.info\/mx\/wp-json\/wp\/v2\/users\/2"}],"replies":[{"embeddable":true,"href":"https:\/\/selectednews.info\/mx\/wp-json\/wp\/v2\/comments?post=1548"}],"version-history":[{"count":1,"href":"https:\/\/selectednews.info\/mx\/wp-json\/wp\/v2\/posts\/1548\/revisions"}],"predecessor-version":[{"id":1550,"href":"https:\/\/selectednews.info\/mx\/wp-json\/wp\/v2\/posts\/1548\/revisions\/1550"}],"wp:featuredmedia":[{"embeddable":true,"href":"https:\/\/selectednews.info\/mx\/wp-json\/wp\/v2\/media\/1549"}],"wp:attachment":[{"href":"https:\/\/selectednews.info\/mx\/wp-json\/wp\/v2\/media?parent=1548"}],"wp:term":[{"taxonomy":"category","embeddable":true,"href":"https:\/\/selectednews.info\/mx\/wp-json\/wp\/v2\/categories?post=1548"},{"taxonomy":"post_tag","embeddable":true,"href":"https:\/\/selectednews.info\/mx\/wp-json\/wp\/v2\/tags?post=1548"}],"curies":[{"name":"wp","href":"https:\/\/api.w.org\/{rel}","templated":true}]}}