{"id":3962,"date":"2019-08-06T13:04:53","date_gmt":"2019-08-06T10:04:53","guid":{"rendered":"https:\/\/selectednews.info\/pl\/dane-osobowe-w-b2b-czym-sa-i-czy-publiczna-jawnosc-niektorych-danych-oznacza-ze-mozna-je-wykorzystywac-w-dowolny-sposob\/"},"modified":"2019-08-06T13:04:55","modified_gmt":"2019-08-06T10:04:55","slug":"dane-osobowe-w-b2b-czym-sa-i-czy-publiczna-jawnosc-niektorych-danych-oznacza-ze-mozna-je-wykorzystywac-w-dowolny-sposob","status":"publish","type":"post","link":"https:\/\/selectednews.info\/pl\/dane-osobowe-w-b2b-czym-sa-i-czy-publiczna-jawnosc-niektorych-danych-oznacza-ze-mozna-je-wykorzystywac-w-dowolny-sposob\/","title":{"rendered":"Dane osobowe w B2B \u2013 czym s\u0105 i czy publiczna jawno\u015b\u0107 niekt\u00f3rych danych oznacza, \u017ce mo\u017cna je wykorzystywa\u0107 w dowolny spos\u00f3b?"},"content":{"rendered":"<p> [ad_1]<br \/>\n<\/p>\n<div>\n<h2>Firmowe dane osobowe \u2013 czy co\u015b takiego istnieje?<\/h2>\n<p>Jeszcze do niedawna w wi\u0119kszo\u015bci podmiot\u00f3w z sektora B2B panowa\u0142o przekonanie, \u017ce dane firmowe nie s\u0105 danymi osobowymi i nie podlegaj\u0105 \u017cadnej ochronie. Skoro Krajowy Rejestr S\u0105dowy (KRS) jest jawny, a od kilku lat \u2013 dost\u0119pny publicznie nawet w internecie, to jakie\u017c mog\u0105 istnie\u0107 przeszkody w przetwarzaniu w dowolnie wybranych przez nas celach pochodz\u0105cych z niego danych?<\/p>\n<p>Id\u0105c za ciosem: wydaje si\u0119, \u017ce tak samo mo\u017cna potraktowa\u0107 dane tzw. jednoosobowych przedsi\u0119biorc\u00f3w. Skoro firma Jana Kowalskiego jest wpisana do jawnej i r\u00f3wnie\u017c publicznie dost\u0119pnej w internecie Centralnej Ewidencji i Informacji o Dzia\u0142alno\u015bci Gospodarczej (CEIDG), to czy\u017c nie mo\u017cna dowolnie korzysta\u0107 z danych Jana Kowalskiego, kt\u00f3re si\u0119 tam znajdzie?<\/p>\n<p>Je\u015bli dzia\u0142asz w marketingu lub sprzeda\u017cy w sektorze B2B, powiniene\u015b zapami\u0119ta\u0107, \u017ce wobec publicznie dost\u0119pnych firmowych danych osobowych czy danych kontaktowych r\u00f3wnie\u017c istniej\u0105 pewne ograniczenia. Najpierw jednak wyja\u015bni\u0119, czym s\u0105 te dane osobowe.<\/p>\n<p>Zgodnie z art. 4 pkt 1 RODO dane osobowe to wszelkie informacje dotycz\u0105ce \u017cyj\u0105cej, zidentyfikowanej lub mo\u017cliwej do zidentyfikowania osoby fizycznej. A osob\u0105 fizyczn\u0105 jest po prostu cz\u0142owiek.<\/p>\n<p>Opr\u00f3cz os\u00f3b fizycznych w obrocie gospodarczym funkcjonuj\u0105 tak\u017ce:<\/p>\n<ul>\n<li>osoby prawne (skarb pa\u0144stwa, gminy i inne instytucje, kt\u00f3rym przepisy przyznaj\u0105 tzw. osobowo\u015b\u0107 prawn\u0105 \u2013 przede wszystkim s\u0105 to sp\u00f3\u0142ki z ograniczon\u0105 odpowiedzialno\u015bci\u0105 oraz sp\u00f3\u0142ki akcyjne),<\/li>\n<li>podmioty, kt\u00f3re wprawdzie nie s\u0105 osobami prawnymi, ale zgodnie z przepisami mog\u0105 zawiera\u0107 umowy, zaci\u0105ga\u0107 zobowi\u0105zania, zatrudnia\u0107 pracownik\u00f3w itp. \u2013 przede wszystkim s\u0105 to sp\u00f3\u0142ki osobowe, takie jak sp\u00f3\u0142ka jawna, sp\u00f3\u0142ka komandytowa czy sp\u00f3\u0142ka partnerska (tzw. u\u0142omne osoby prawne).<\/li>\n<\/ul>\n<p>W przeciwie\u0144stwie do os\u00f3b fizycznych osoby prawne i sp\u00f3\u0142ki osobowe nie maj\u0105 danych osobowych. Nawet je\u017celi w nazwie takiej sp\u00f3\u0142ki pojawi si\u0119 nazwisko cz\u0142owieka (np. \u201eFirma XYZ J. Kowalski sp\u00f3\u0142ka jawna\u201d) \u2013 to w tym aspekcie nazwisko to nie podlega \u017cadnym przepisom RODO.<\/p>\n<p><span class=\"choose-text\">Wskaz\u00f3wka<\/span><\/p>\n<p>Motyw 14 preambu\u0142y RODO wskazuje, \u017ce jego przepisy nie dotycz\u0105 danych osobowych os\u00f3b prawnych, przede wszystkim przedsi\u0119biorstw b\u0119d\u0105cych osobami prawnymi, w tym danych o firmie i formie prawnej oraz danych kontaktowych osoby prawnej. Z tego wynika, \u017ce adresy pocztowe, adresy e-mail i numery telefonu podane jako \u201eog\u00f3lne\u201d, tzn. do kontaktu z konkretn\u0105 firm\u0105 b\u0119d\u0105c\u0105 osob\u0105 prawn\u0105<sup>1<\/sup>, nie podlegaj\u0105 restrykcjom RODO.<\/p>\n<p>Od powy\u017cszych musisz odr\u00f3\u017cni\u0107 dane osobowe konkretnych ludzi, kt\u00f3rzy sprawuj\u0105 funkcje w organach os\u00f3b prawnych, np. prezes\u00f3w czy cz\u0142onk\u00f3w zarz\u0105du, cz\u0142onk\u00f3w rady nadzorczej czy wsp\u00f3lnik\u00f3w w sp\u00f3\u0142kach osobowych. Ich dane w zakresie imienia, nazwiska i numeru PESEL s\u0105 oczywi\u015bcie danymi osobowymi i mimo \u017ce s\u0105 jawne (r\u00f3wnie\u017c wpisane do KRS), nie oznacza to jednak, \u017ce mo\u017cesz z nimi robi\u0107, co chcesz (wi\u0119cej na ten temat poni\u017cej).<\/p>\n<p>Wspomnia\u0142am o motywie 14 preambu\u0142y RODO, kt\u00f3ry wyklucza zastosowanie ochronnych przepis\u00f3w do danych kontaktowych os\u00f3b prawnych. Nie istnieje jednak analogiczny przepis, kt\u00f3ry wyklucza\u0142by zastosowanie RODO w stosunku do os\u00f3b fizycznych prowadz\u0105cych jednoosobow\u0105 dzia\u0142alno\u015b\u0107 gospodarcz\u0105.<\/p>\n<p>Dane takich os\u00f3b (w tym czasem adresy e-mail lub adresy zamieszkania \u2013 je\u015bli kto\u015b ma siedzib\u0119 zarejestrowan\u0105 we w\u0142asnym domu), pomimo \u017ce s\u0105 ujawnione w CEIDG, podlegaj\u0105 ochronie ustanowionej przez RODO. Mo\u017ce Ci si\u0119 to wydawa\u0107 zaskoczeniem, poniewa\u017c przed 25 maja 2018 r. istnia\u0142 w Polsce przepis, kt\u00f3ry cz\u0119\u015bciowo wy\u0142\u0105cza\u0142 zastosowanie przepis\u00f3w ustawy o ochronie danych osobowych do danych ujawnionych w CEIDG. Niekt\u00f3rzy przedsi\u0119biorcy dzia\u0142aj\u0105cy w sektorze B2B mogli si\u0119 ju\u017c przyzwyczai\u0107, \u017ce ich dzia\u0142a\u0144 sprzeda\u017cowych czy marketingowych nic nie ogranicza. Proces dostosowywania si\u0119 do RODO mo\u017ce ich zatem w tej kwestii zaskoczy\u0107.<\/p>\n<p><span class=\"choose-text\">Przyk\u0142ad A<\/span><\/p>\n<p>Sprzedawca oprogramowania CRM stworzy\u0142 \u201enak\u0142adk\u0119\u201d do poprzedniej wersji swojego programu, u\u0142atwiaj\u0105c\u0105 spe\u0142nianie niekt\u00f3rych obowi\u0105zk\u00f3w wynikaj\u0105cych z RODO, np. generowanie kopii wszystkich danych o konkretnej osobie, zaznaczanie, \u017ce wobec konkretnej osoby spe\u0142niono obowi\u0105zek informacyjny, itp.<\/p>\n<p>Klienci, kt\u00f3rzy przetwarzali w tym oprogramowaniu g\u0142\u00f3wnie dane przedsi\u0119biorc\u00f3w jednoosobowych (dzia\u0142ali w sektorze B2B, ale na rynku mikroprzedsi\u0119biorstw), uwa\u017cali, \u017ce nie musz\u0105 kupowa\u0107 rozszerzenia, poniewa\u017c przetwarzania danych przedsi\u0119biorc\u00f3w jednoosobowych przepisy RODO nie dotycz\u0105. Byli oni przyzwyczajeni do poprzedniej wersji przepis\u00f3w, w kt\u00f3rej dane ujawnione w CEIDG by\u0142y wy\u0142\u0105czone spod niekt\u00f3rych obowi\u0105zk\u00f3w wynikaj\u0105cych z ustawy o przetwarzaniu danych osobowych.<\/p>\n<p>RODO nie wymaga aktualizacji wszelkich program\u00f3w do przetwarzania danych osobowych. Nie s\u0105 obowi\u0105zkowe specjalne \u201enak\u0142adki\u201d. Trzeba jednak wiedzie\u0107, \u017ce RODO chroni r\u00f3wnie\u017c dane jednoosobowych przedsi\u0119biorc\u00f3w. Po jego wej\u015bciu w \u017cycie nale\u017cy zadba\u0107 o to, by r\u00f3wnie\u017c w stosunku do danych jednoosobowych przedsi\u0119biorc\u00f3w dzia\u0142a\u0107 zgodnie z obowi\u0105zuj\u0105cym prawem.<\/p>\n<p>Powiniene\u015b te\u017c wiedzie\u0107, \u017ce sp\u00f3\u0142ka cywilna jest szczeg\u00f3lnym rodzajem sp\u00f3\u0142ki. Nie jest ona osob\u0105 prawn\u0105 ani u\u0142omn\u0105 osob\u0105 prawn\u0105. Gdy zawierasz umow\u0119 ze sp\u00f3\u0142k\u0105 cywiln\u0105, zawierasz tak naprawd\u0119 umow\u0119 ze wszystkimi jej wsp\u00f3lnikami \u201er\u00f3wnolegle\u201d. Wsp\u00f3lnicy sp\u00f3\u0142ki cywilnej s\u0105 wpisani do CEIDG, a nie do KRS \u2013 ich dane s\u0105 traktowane zatem tak jak dane przedsi\u0119biorc\u00f3w jednoosobowych.<\/p>\n<p>Skoro chronione s\u0105 dane dotycz\u0105ce os\u00f3b prowadz\u0105cych jednoosobow\u0105 dzia\u0142alno\u015b\u0107 gospodarcz\u0105 oraz dane os\u00f3b wpisanych do KRS, jako wchodz\u0105cych w sk\u0142ad organ\u00f3w sp\u00f3\u0142ek kapita\u0142owych, to tym bardziej podlega\u0107 ochronie b\u0119d\u0105 tak\u017ce dane pracownik\u00f3w zatrudnionych przez r\u00f3\u017cne podmioty, ujawniane w internecie czy w innych \u017ar\u00f3d\u0142ach w celach s\u0142u\u017cbowych. Je\u015bli dzia\u0142asz w sektorze B2B i Twoja praca opiera si\u0119 na nawi\u0105zywaniu relacji, pozyskiwaniu i utrzymywaniu kontakt\u00f3w z partnerami biznesowymi \u2013 musisz si\u0119 orientowa\u0107, jakie dzia\u0142ania marketingowe i sprzeda\u017cowe s\u0105 dozwolone wobec:<\/p>\n<ul>\n<li>adresu typu \u201eoffice@mylo.pl\u201d,<\/li>\n<li>adresu typu \u201ejan.kowalski@mylo.pl\u201d, je\u015bli jednocze\u015bnie wiesz, \u017ce Jan Kowalski jest dyrektorem dzia\u0142u marketingu w kancelarii MyLo, a Ty prowadzisz dom mediowy i chcia\u0142by\u015b mu przedstawi\u0107 propozycj\u0119 nawi\u0105zania wsp\u00f3\u0142pracy (aby MyLo skorzysta\u0142o z Twoich us\u0142ug).<\/li>\n<\/ul>\n<p>Dane firmowe, s\u0142u\u017cbowe i biznesowe s\u0105 w niekt\u00f3rych przypadkach danymi osobowymi, chronionymi przez RODO. Warto wiedzie\u0107, kiedy, kt\u00f3re z nich i w jaki spos\u00f3b mo\u017cna wykorzystywa\u0107 (<strong>ramka poni\u017cej<\/strong>).<\/p>\n<\/p>\n<h2>Dane og\u00f3lnodost\u0119pne \u2013 mo\u017cesz je wykorzystywa\u0107, ale spe\u0142nij obowi\u0105zek informacyjny<\/h2>\n<p>Je\u015bli jaki\u015b rodzaj danych jest og\u00f3lnodost\u0119pny (dane wpisane do KRS albo do CEIDG, albo ujawnione w internecie w inny spos\u00f3b), to RODO nie stanowi przeszkody, by takie dane wykorzystywa\u0107 w celach, w kt\u00f3rych zosta\u0142y one ujawnione.<\/p>\n<p>Dane cz\u0142onk\u00f3w zarz\u0105du ujawnione w KRS s\u0105 jawne dla pewno\u015bci obrotu \u2013 by\u015b jako kontrahent sp\u00f3\u0142ki wiedzia\u0142, z kim powiniene\u015b podpisa\u0107 umow\u0119. Dane w CEIDG s\u0105 ujawnione g\u0142\u00f3wnie po to, by mo\u017cna by\u0142o sprawdzi\u0107 wiarygodno\u015b\u0107 kontrahenta jako przedsi\u0119biorcy, pozna\u0107 adres jego siedziby (\u017ceby wpisa\u0107 go do umowy, dor\u0119czy\u0107 pismo, z\u0142o\u017cy\u0107 pozew ze wskazaniem tego adresu).<\/p>\n<p>Z uwagi na jawny charakter danych zawartych w KRS czy CEIDG mo\u017cna np. tworzy\u0107 w\u0142asne \u2013 biznesowe czy bran\u017cowe \u2013 bazy danych oparte na tych rejestrach (takie jak np. Bisnode.pl, PanoramaFirm.pl itp.). Samo tworzenie takiej bazy i udost\u0119pnianie tego samego zakresu informacji, ale np. w bardziej przyst\u0119pnej formie, nie jest sprzeczne z wy\u017cej wskazanym podstawowym celem, kt\u00f3ry przy\u015bwieca KRS i CEIDG.<\/p>\n<p>Z kolei je\u015bli firma ujawnia na swojej stronie WWW adres e-mail lub numer telefonu konkretnego pracownika, zatrudnionego na konkretnym stanowisku \u2013 mo\u017cesz wykorzysta\u0107 te dane, ale zastan\u00f3w si\u0119, w jakim celu zosta\u0142y one ujawnione. Je\u015bli b\u0119dziesz si\u0119 trzyma\u0142 tego celu, Twoje dzia\u0142anie b\u0119dzie zgodne z prawem \u2013 bez konieczno\u015bci pozyskiwania dodatkowych zg\u00f3d (przyk\u0142ad B i C).<\/p>\n<p><span class=\"choose-text\">Przyk\u0142ad b<\/span><\/p>\n<p>Firma XYZ sp. z o.o. zamie\u015bci\u0142a og\u0142oszenie o pracy w portalu Pracuj.pl. Wskaza\u0142a w nim, \u017ce CV maj\u0105 by\u0107 przesy\u0142ane przez kandydat\u00f3w na adres anna.nowak@xyz.pl. Adres ten jest zatem mo\u017cliwy do znalezienia po wpisaniu nazwy firmy XYZ sp. z o.o. w wyszukiwark\u0119 Google. Nast\u0119pnie pani Anna Nowak zaczyna otrzymywa\u0107 zapytania o mo\u017cliwo\u015b\u0107 przes\u0142ania jej oferty gad\u017cet\u00f3w reklamowych dla firmy XYZ, oferty wyjazdu integracyjnego oraz oferty samochod\u00f3w s\u0142u\u017cbowych.<\/p>\n<p>Przesy\u0142anie Annie Nowak w tej sytuacji ofert wyjazd\u00f3w integracyjnych czy samochod\u00f3w b\u0119dzie w \u015bwietle prawa spamem, tj. niezam\u00f3wion\u0105 informacj\u0105 handlow\u0105. Nie mo\u017cna uzna\u0107, \u017ce Anna Nowak wyrazi\u0142a zgod\u0119 na otrzymywanie tre\u015bci handlowych czy marketingowych przez ujawnienie swego adresu e-mail w celach rekrutacyjnych. S\u0105 to dwa zupe\u0142nie r\u00f3\u017cne cele. Wysy\u0142anie do Anny Nowak zapyta\u0144 o mo\u017cliwo\u015b\u0107 przes\u0142ania oferty dotycz\u0105cej gad\u017cet\u00f3w reklamowych b\u0119dzie r\u00f3wnie\u017c w\u0105tpliwe prawnie.<\/p>\n<p>\u017badne okoliczno\u015bci sytuacji opisanej powy\u017cej nie wskazuj\u0105, \u017ce Anna Nowak jest mened\u017cerem odpowiedzialnym za zakupy takich produkt\u00f3w w firmie XYZ. Z faktu podania adresu e-mail Anny Nowak jako w\u0142a\u015bciwego do przesy\u0142ania CV nie wynika nic innego jak tylko mo\u017cliwo\u015b\u0107 przesy\u0142ania do niej w\u0142a\u015bnie CV.<\/p>\n<p><span class=\"choose-text\">Przyk\u0142ad C<\/span><\/p>\n<p>Firma TTT sp. z o.o. jest producentem odzie\u017cy. Na swojej stronie WWW zamie\u015bci\u0142a adresy e-mail Krzysztofa Kowalskiego, sprawuj\u0105cego funkcj\u0119 \u201ekupca na Europ\u0119\u201d, oraz Tomasza Tomaszkiewicza, sprawuj\u0105cego funkcj\u0119 \u201ekupca na Azj\u0119\u201d.<\/p>\n<p>Ty prowadzisz w Polsce firm\u0119 produkuj\u0105c\u0105 bawe\u0142n\u0119. Chcia\u0142by\u015b przes\u0142a\u0107 do Krzysztofa Kowalskiego zapytanie, czy by\u0142by zainteresowany Twoj\u0105 ofert\u0105 materia\u0142\u00f3w bawe\u0142nianych. Mo\u017cesz to zrobi\u0107, poniewa\u017c e-mail Krzysztofa Kowalskiego w\u0142a\u015bnie po to zosta\u0142 podany na stronie WWW firmy TTT \u2013 aby u\u0142atwi\u0107 kontakty handlowe mi\u0119dzy producentem odzie\u017cy a jego dostawcami.<\/p>\n<p>Zwr\u00f3\u0107 uwag\u0119, \u017ce w przyk\u0142adach B i C m\u00f3wi\u0119 o zapytaniu o mo\u017cliwo\u015b\u0107 przes\u0142ania oferty. Chodzi tu o \u201esuche\u201d zapytanie, takie jak: \u201eCzy by\u0142by Pan zainteresowany otrzymaniem oferty\u2026?\u201d. Nie powiniene\u015b bez uprzedniej zgody odbiorcy przesy\u0142a\u0107 mu jakichkolwiek materia\u0142\u00f3w reklamowych, marketingowych czy handlowych.<\/p>\n<p>Wszelkie materia\u0142y, kt\u00f3re zachwalaj\u0105 Twoje produkty czy maj\u0105 kszta\u0142towa\u0107 wizerunek Twojej firmy, a nawet tre\u015bci merytoryczne (content marketing), kt\u00f3re maj\u0105 wytworzy\u0107 u odbiorcy zainteresowanie Twoj\u0105 dzia\u0142alno\u015bci\u0105, mog\u0105 by\u0107 przesy\u0142ane jedynie za wyra\u017an\u0105 zgod\u0105. Wi\u0119cej na ten temat dowiesz si\u0119 z kolejnych artyku\u0142\u00f3w w tym cyklu.<\/p>\n<p>Je\u015bli pozyska\u0142e\u015b fragmentaryczne dane jednej osoby (np. rozmawiali\u015bcie na konferencji i ta osoba poda\u0142a Ci swoje imi\u0119 i nazwisko oraz numer telefonu, ale nie otrzyma\u0142e\u015b od niej wizyt\u00f3wki), mo\u017cesz wpisa\u0107 je do sytemu CRM czy innego programu komputerowego, kt\u00f3rego u\u017cywasz, oraz uzupe\u0142ni\u0107 je danymi, kt\u00f3re znajdziesz w CEIDG czy w mediach spo\u0142eczno\u015bciowych (dopisa\u0107 w CRM nazw\u0119 firmy, stanowisko tej osoby oraz adres pocztowy tej firmy).<\/p>\n<p>Pami\u0119taj jednak, \u017ce operowanie na og\u00f3lnodost\u0119pnych danych wi\u0105\u017ce si\u0119 te\u017c z pewnymi wymaganiami, takimi jak:<\/p>\n<ul>\n<li>spe\u0142nienie obowi\u0105zku informacyjnego (dor\u0119czenie klauzuli informacyjnej),<\/li>\n<li>odpowiednie zabezpieczenie baz danych (je\u015bli sprzedajesz swoje us\u0142ugi lub produkty firmom jednoosobowym albo wsp\u00f3\u0142pracujesz z takimi firmami, np. rozliczasz z nimi prowizj\u0119 \u2013 kwoty widniej\u0105ce na fakturach Twoich lub Twoich partner\u00f3w b\u0119d\u0105 nie tylko ich tajemnic\u0105 handlow\u0105, lecz tak\u017ce ich danymi osobowymi),<\/li>\n<li>pozyskanie zgody jednoosobowego przedsi\u0119biorcy na niekt\u00f3re dzia\u0142ania, np. przekazanie jego danych (innych ni\u017c ujawnione w CEIDG) do podmiotu trzeciego.<\/li>\n<\/ul>\n<p>Klauzula informacyjna w takich przypadkach powinna by\u0107 skonstruowana zgodnie z art. 14 RODO, tj. wskazywa\u0107 r\u00f3wnie\u017c m.in. to, sk\u0105d pozyska\u0142e\u015b dane konkretnej osoby. Klauzul\u0119 t\u0119 nale\u017cy dostarczy\u0107 w miar\u0119 mo\u017cliwo\u015bci niezw\u0142ocznie (czyli nied\u0142ugo po tym, jak pozyska\u0142e\u015b dane i zaczynasz je przetwarza\u0107 w jakich\u015b w\u0142asnych celach), a najp\u00f3\u017aniej przy pierwszym kontakcie.<\/p>\n<p><span class=\"choose-text\">Przyk\u0142ad D<\/span><\/p>\n<p>Firma dystrybuuj\u0105ca specjalistyczne urz\u0105dzenia klimatyzacyjne \u2013 Klima sp. z o.o. \u2013 mniej wi\u0119cej raz na p\u00f3\u0142 roku rozsy\u0142a drog\u0105 pocztow\u0105 papierowe katalogi urz\u0105dze\u0144 wchodz\u0105cych w sk\u0142ad jej oferty. Z publicznie dost\u0119pnych internetowych baz bran\u017cowych Klima sp. z o.o. wybiera potencjalnych klient\u00f3w \u2013 jednoosobowych przedsi\u0119biorc\u00f3w prowadz\u0105cych np. sklepy, restauracje, hurtownie, magazyny. Klima sp. z o.o. w systemie CRM tworzy wewn\u0119trzn\u0105 baz\u0119 takich potencjalnych klient\u00f3w \u2013 po to, by przy kolejnej wysy\u0142ce wiedzie\u0107, do kogo katalog ju\u017c trafi\u0142.<\/p>\n<p>Klima sp. z o.o. nie przetwarza tych danych osobowych w \u017cadnym innym celu, poniewa\u017c:<br \/>sprzeda\u017c odbywa si\u0119 bezpo\u015brednio od producenta (Klima sp. z o.o. jest tylko agentem po\u015brednicz\u0105cym w sprzeda\u017cy, ale nie podpisuje um\u00f3w sprzeda\u017cy w imieniu producenta),wszelka obs\u0142uga posprzeda\u017cowa odbywa si\u0119 przez wyspecjalizowane serwisy (innych przedsi\u0119biorc\u00f3w).<\/p>\n<p>Klima sp. z o.o. mo\u017ce tworzy\u0107 wy\u017cej opisan\u0105 baz\u0119 i mo\u017ce przesy\u0142a\u0107 poczt\u0105 katalogi, jednak do przesy\u0142ki pocztowej powinna do\u0142\u0105cza\u0107 klauzul\u0119 informacyjn\u0105 (m.in. informacje, sk\u0105d pozyska\u0142a dane, w jakich celach i jak d\u0142ugo b\u0119dzie je przetwarza\u0142a itd.). Klauzula mo\u017ce mie\u0107 nawet form\u0119 kilku akapit\u00f3w wydrukowanych na pocz\u0105tkowych stronach katalogu.<\/p>\n<p>Oczywi\u015bcie je\u015bli dzia\u0142asz na danych og\u00f3lnodost\u0119pnych, ale nie masz adresu e-mailowego ani pocztowego danej osoby, nie musisz si\u0119 stara\u0107 o pozyskanie dodatkowych danych tylko po to, by dor\u0119czy\u0107 klauzul\u0119. By\u0142oby to dzia\u0142anie niezgodne z zasad\u0105 minimalizacji wyra\u017con\u0105 w RODO (chodzi o to, by zbiera\u0107 jak najmniej danych, kt\u00f3re s\u0105 potrzebne w procesie biznesowym). Je\u015bli pozyskanie danych kontaktowych w celu dor\u0119czenia klauzuli by\u0142oby k\u0142opotliwe, mo\u017cna w niekt\u00f3rych przypadkach przyj\u0105\u0107, \u017ce obowi\u0105zek informacyjny zostanie spe\u0142niony przez umieszczenie klauzuli na stronie WWW (<strong>przyk\u0142ady E i F poni\u017cej<\/strong>).<\/p>\n<h2>Podsumowanie<\/h2>\n<p>Po lekturze tego artyku\u0142u powiniene\u015b zapami\u0119ta\u0107, \u017ce nie ka\u017cde korzystanie z dobrodziejstw internetu, w tym z wyszukiwarek i narz\u0119dzi do monitorowania, b\u0119dzie zgodne z prawem. Je\u015bli chcesz korzysta\u0107 z danych og\u00f3lnodost\u0119pnych, powiniene\u015b wzi\u0105\u0107 pod uwag\u0119, w jakim celu zosta\u0142y one udost\u0119pnione. Twoje planowane dzia\u0142ania, wykorzystuj\u0105ce publicznie dost\u0119pne dane, powinny by\u0107 zgodne z tym celem.<\/p>\n<p>Ograniczenia wynikaj\u0105ce z prawa ochrony danych osobowych oraz przepis\u00f3w antyspamowych dotycz\u0105 nie tylko bran\u017cy B2C, lecz tak\u017ce \u2013 cho\u0107 w w\u0119\u017cszym zakresie \u2013 B2B. Jest to zgodne z modnym obecnie okre\u015bleniem, \u017ce dzia\u0142amy w erze marketingu H2H \u2013 human to human. Niewa\u017cne, czy po drugiej stronie masz do czynienia z konsumentem, pracownikiem korporacji, czy jednoosobowym przedsi\u0119biorc\u0105 \u2013 Twoje dzia\u0142ania powinny si\u0119 opiera\u0107 na poszanowaniu praw tej osoby.<\/p>\n<p>Chcesz wiedzie\u0107, jak w \u015bwiecie B2B zgodnie z prawem prowadzi\u0107 marketing tradycyjny (drog\u0105 pocztow\u0105) i telefoniczny oraz e-mail marketing? W jaki spos\u00f3b bez naruszania prawa organizowa\u0107 eventy, kt\u00f3re nale\u017c\u0105 do narz\u0119dzi marketingu B2B? Jakie s\u0105 ograniczenia w pozyskiwaniu kontakt\u00f3w za po\u015brednictwem LinkedIna? Tego wszystkiego dowiesz si\u0119 z kolejnych cz\u0119\u015bci cyklu.<\/p>\n<p><span class=\"choose-text\">Przyk\u0142ad E<\/span><\/p>\n<p>Firma InfoVeriti.pl na swojej stronie WWW umieszcza baz\u0119 danych pobieran\u0105 z KRS, przy czym udost\u0119pnia klientom funkcje, kt\u00f3rych nie oferuje oficjalny rejestr. W internetowej bazie KRS mo\u017cna wyszukiwa\u0107 jedynie podmioty (sp\u00f3\u0142ki itd.), a nie konkretne osoby fizyczne.<\/p>\n<p>Ponadto w internetowym KRS nie ma informacji finansowych o sp\u00f3\u0142kach, np. sprawozda\u0144 finansowych, kt\u00f3re s\u0105 r\u00f3wnie\u017c jawne i dost\u0119pne w s\u0105dach rejestrowych, ale jedynie na miejscu, tzn. w postaci papierowej w konkretnej miejscowo\u015bci zgodnie z siedzib\u0105 sp\u00f3\u0142ki.<\/p>\n<p>Tymczasem na InfoVeriti.pl mo\u017cna przeszuka\u0107 baz\u0119 po imieniu i nazwisku konkretnej osoby (znamy np. cz\u0142onka zarz\u0105du sp\u00f3\u0142ki XYZ sp. z o.o. i chcemy zobaczy\u0107, czy pe\u0142ni on r\u00f3wnie\u017c funkcje w innych sp\u00f3\u0142kach), a tak\u017ce zam\u00f3wi\u0107 p\u0142atny raport zawieraj\u0105cy o wiele szerszy zakres informacji ni\u017c internetowy KRS (powi\u0105zania sp\u00f3\u0142ki z innymi sp\u00f3\u0142kami, powi\u0105zania z osobami, kt\u00f3re w przesz\u0142o\u015bci pe\u0142ni\u0142y funkcje w tej sp\u00f3\u0142ce, dane finansowe itp.).<\/p>\n<p>W\u0142a\u015bciciel serwisu InfoVeriti.pl pozyskuje dane z Krajowego Rejestru S\u0105dowego, w kt\u00f3rym uwidocznione s\u0105 imiona i nazwiska oraz numery PESEL cz\u0142onk\u00f3w zarz\u0105du, cz\u0142onk\u00f3w rad nadzorczych i wsp\u00f3lnik\u00f3w sp\u00f3\u0142ek, jednak nie ma w nim ujawnionych adres\u00f3w pocztowych ani adres\u00f3w e-mail tych os\u00f3b. Wobec tego spe\u0142nienie przez InfoVeriti.pl obowi\u0105zku informacyjnego wobec tych os\u00f3b by\u0142oby utrudnione.<\/p>\n<p>Wobec Info Veriti Polska sp. z o.o. toczy\u0142o si\u0119 swego czasu post\u0119powanie GIODO (jeszcze przed 25 maja 2018 r.), kt\u00f3rego fina\u0142em by\u0142o stwierdzenie, \u017ce na stronie g\u0142\u00f3wnej powinna si\u0119 pojawi\u0107 klauzula informacyjna. Obowi\u0105zek ten zosta\u0142 spe\u0142niony (mo\u017cesz to sprawdzi\u0107 po wej\u015bciu na InfoVeriti.pl). Sp\u00f3\u0142ka w klauzuli informuje r\u00f3wnie\u017c, \u017ce osoby, kt\u00f3rych dane s\u0105 przetwarzane przez serwis, mog\u0105 wnie\u015b\u0107 umotywowany sprzeciw wobec przetwarzania ich danych.<\/p>\n<p><span class=\"choose-text\">Przyk\u0142ad F<\/span><\/p>\n<p>Je\u015bli wpiszesz na stronie Hunter.io nazw\u0119 dowolnej domeny internetowej, zostan\u0105 wyszukane wszystkie adresy e-mail, kt\u00f3re s\u0105 przypisane do tej domeny i kt\u00f3re zosta\u0142y kiedy\u015b (w dowolnych okoliczno\u015bciach) upublicznione w internecie. Serwis podpowiada, jaka jest najbardziej prawdopodobna konfiguracja adres\u00f3w e-mail w tej domenie (np. \u201eimi\u0119.nazwisko@domena.pl\u201d czy \u201epierwszaliteraimienia.nazwisko@domena.pl\u201d, czy jeszcze inna konfiguracja).<\/p>\n<p>W ten spos\u00f3b, je\u015bli znasz imi\u0119 i nazwisko jednej osoby i wiesz, w jakiej firmie ona pracuje \u2013 mo\u017cesz z du\u017c\u0105 doz\u0105 prawdopodobie\u0144stwa z pomoc\u0105 Hunter.io \u201eodgadn\u0105\u0107\u201d adres e-mail tej osoby.<\/p>\n<p>Dzia\u0142anie serwisu Hunter.io jest ca\u0142kowicie legalne i zgodne z RODO. Nie przetwarza on danych osobowych w \u017cadnym innym celu ni\u017c ju\u017c wcze\u015bniej okre\u015blony przez kogo\u015b innego (kto gdzie\u015b w odm\u0119tach internetu upubliczni\u0142 adres e-mail z danej domeny). Serwis ten stanowi swego rodzaju \u201ewyszukiwark\u0119 w wyszukiwarce\u201d \u2013 jedynie u\u0142atwia przeszukanie internetu, ale nie tworzy \u017cadnych nowych cel\u00f3w przetwarzania danych.<\/p>\n<p>W\u0142a\u015bciciel serwisu Hunter.io nie ma obowi\u0105zku przesy\u0142ania klauzuli informacyjnej na ka\u017cdy adres e-mail, kt\u00f3ry jest mo\u017cliwy do wyszukania za po\u015brednictwem opisywanego narz\u0119dzia. Powinien natomiast umie\u015bci\u0107 klauzul\u0119 informacyjn\u0105 (lub polityk\u0119 prywatno\u015bci zawieraj\u0105c\u0105 informacje wymagane przez art. 14 RODO) na stronie g\u0142\u00f3wnej serwisu, a tak\u017ce umo\u017cliwi\u0107 ka\u017cdej osobie wniesienie sprzeciwu wobec przetwarzania jej danych w taki spos\u00f3b, w jaki robi to serwis.<\/p>\n<p>W\u0142a\u015bciciele serwisu Hunter.io dostosowali si\u0119 zreszt\u0105 do powy\u017cszych wymog\u00f3w i w zak\u0142adce https:\/\/hunter.io\/claim daj\u0105 mo\u017cliwo\u015b\u0107 modyfikacji lub usuni\u0119cia swoich danych. Wymagane przez prawo informacje s\u0105 udzielane przez w\u0142a\u015bcicieli serwisu w zak\u0142adkach https:\/\/hunter.io\/gdpr oraz https:\/\/hunter.io\/privacy-policy.<\/p>\n<hr\/>\n<p>1. Chodzi tu o adresy, takie jak: \u201eoffice@\u2026\u201d, \u201ebiuro@\u2026\u201d, \u201ehello@\u2026\u201d czy \u201eredakcja@\u2026\u201d, \u201emarketing@\u2026\u201d, \u201esales@\u2026\u201d itp.<\/p>\n<\/p><\/div>\n<p><script>\n!function(f,b,e,v,n,t,s){if(f.fbq)return;n=f.fbq=function(){n.callMethod?\nn.callMethod.apply(n,arguments):n.queue.push(arguments)};if(!f._fbq)f._fbq=n;\nn.push=n;n.loaded=!0;n.version='2.0';n.queue=[];t=b.createElement(e);t.async=!0;\nt.src=v;s=b.getElementsByTagName(e)[0];s.parentNode.insertBefore(t,s)}(window,\ndocument,'script','https:\/\/connect.facebook.net\/en_US\/fbevents.js');\nfbq('init', '773609389437496'); \/\/ Insert your pixel ID here.\nfbq('track', 'PageView');\n<\/script><br \/>\n<br \/>[ad_2]<br \/>\n<br \/><a href=\"https:\/\/marketerplus.pl\/teksty\/artykul-z-wydania-drukowanego\/kompendium-wiedzy-o-wykorzystywaniu-danych-osobowych-w-marketingu-i-sprzedazy-b2b-czesc-1-dane-osobowe-w-b2b-czym-sa-i-czy-publiczna-jawnosc-niektorych-danych-oznacza-ze-mozna-je-wykorzyst\/\">Source link <\/a><\/p>\n","protected":false},"excerpt":{"rendered":"<p>[ad_1] Firmowe dane osobowe \u2013 czy co\u015b takiego istnieje? Jeszcze do niedawna w wi\u0119kszo\u015bci podmiot\u00f3w z sektora B2B panowa\u0142o przekonanie, \u017ce dane firmowe nie s\u0105 danymi osobowymi i nie podlegaj\u0105 \u017cadnej ochronie. Skoro Krajowy Rejestr S\u0105dowy (KRS) jest jawny, a od kilku lat \u2013 dost\u0119pny publicznie nawet w internecie, to jakie\u017c mog\u0105 istnie\u0107 przeszkody w [&hellip;]<\/p>\n","protected":false},"author":2,"featured_media":3963,"comment_status":"open","ping_status":"open","sticky":false,"template":"","format":"standard","meta":{"footnotes":""},"categories":[3],"tags":[],"class_list":["post-3962","post","type-post","status-publish","format-standard","has-post-thumbnail","hentry","category-trendy-marketingu-online"],"yoast_head":"<!-- This site is optimized with the Yoast SEO plugin v27.4 - https:\/\/yoast.com\/product\/yoast-seo-wordpress\/ -->\n<title>Dane osobowe w B2B \u2013 czym s\u0105 i czy publiczna jawno\u015b\u0107 niekt\u00f3rych danych oznacza, \u017ce mo\u017cna je wykorzystywa\u0107 w dowolny spos\u00f3b? - Selected News<\/title>\n<meta name=\"robots\" content=\"index, follow, max-snippet:-1, max-image-preview:large, max-video-preview:-1\" \/>\n<link rel=\"canonical\" href=\"https:\/\/selectednews.info\/pl\/dane-osobowe-w-b2b-czym-sa-i-czy-publiczna-jawnosc-niektorych-danych-oznacza-ze-mozna-je-wykorzystywac-w-dowolny-sposob\/\" \/>\n<meta property=\"og:locale\" content=\"pl_PL\" \/>\n<meta property=\"og:type\" content=\"article\" \/>\n<meta property=\"og:title\" content=\"Dane osobowe w B2B \u2013 czym s\u0105 i czy publiczna jawno\u015b\u0107 niekt\u00f3rych danych oznacza, \u017ce mo\u017cna je wykorzystywa\u0107 w dowolny spos\u00f3b? - Selected News\" \/>\n<meta property=\"og:description\" content=\"[ad_1] Firmowe dane osobowe \u2013 czy co\u015b takiego istnieje? Jeszcze do niedawna w wi\u0119kszo\u015bci podmiot\u00f3w z sektora B2B panowa\u0142o przekonanie, \u017ce dane firmowe nie s\u0105 danymi osobowymi i nie podlegaj\u0105 \u017cadnej ochronie. Skoro Krajowy Rejestr S\u0105dowy (KRS) jest jawny, a od kilku lat \u2013 dost\u0119pny publicznie nawet w internecie, to jakie\u017c mog\u0105 istnie\u0107 przeszkody w [&hellip;]\" \/>\n<meta property=\"og:url\" content=\"https:\/\/selectednews.info\/pl\/dane-osobowe-w-b2b-czym-sa-i-czy-publiczna-jawnosc-niektorych-danych-oznacza-ze-mozna-je-wykorzystywac-w-dowolny-sposob\/\" \/>\n<meta property=\"og:site_name\" content=\"Selected News\" \/>\n<meta property=\"article:published_time\" content=\"2019-08-06T10:04:53+00:00\" \/>\n<meta property=\"article:modified_time\" content=\"2019-08-06T10:04:55+00:00\" \/>\n<meta property=\"og:image\" content=\"https:\/\/selectednews.info\/pl\/wp-content\/uploads\/sites\/6\/2019\/08\/Dane-osobowe-w-B2B-\u2013-czym-s\u0105-i-czy-publiczna.jpg\" \/>\n\t<meta property=\"og:image:width\" content=\"1263\" \/>\n\t<meta property=\"og:image:height\" content=\"1066\" \/>\n\t<meta property=\"og:image:type\" content=\"image\/jpeg\" \/>\n<meta name=\"author\" content=\"selectednews\" \/>\n<meta name=\"twitter:card\" content=\"summary_large_image\" \/>\n<meta name=\"twitter:label1\" content=\"Napisane przez\" \/>\n\t<meta name=\"twitter:data1\" content=\"selectednews\" \/>\n\t<meta name=\"twitter:label2\" content=\"Szacowany czas czytania\" \/>\n\t<meta name=\"twitter:data2\" content=\"16 minut\" \/>\n<script type=\"application\/ld+json\" class=\"yoast-schema-graph\">{\"@context\":\"https:\\\/\\\/schema.org\",\"@graph\":[{\"@type\":\"Article\",\"@id\":\"https:\\\/\\\/selectednews.info\\\/pl\\\/dane-osobowe-w-b2b-czym-sa-i-czy-publiczna-jawnosc-niektorych-danych-oznacza-ze-mozna-je-wykorzystywac-w-dowolny-sposob\\\/#article\",\"isPartOf\":{\"@id\":\"https:\\\/\\\/selectednews.info\\\/pl\\\/dane-osobowe-w-b2b-czym-sa-i-czy-publiczna-jawnosc-niektorych-danych-oznacza-ze-mozna-je-wykorzystywac-w-dowolny-sposob\\\/\"},\"author\":{\"name\":\"selectednews\",\"@id\":\"https:\\\/\\\/selectednews.info\\\/pl\\\/#\\\/schema\\\/person\\\/c8a0f1bfe64548cfb06c0529b0970068\"},\"headline\":\"Dane osobowe w B2B \u2013 czym s\u0105 i czy publiczna jawno\u015b\u0107 niekt\u00f3rych danych oznacza, \u017ce mo\u017cna je wykorzystywa\u0107 w dowolny spos\u00f3b?\",\"datePublished\":\"2019-08-06T10:04:53+00:00\",\"dateModified\":\"2019-08-06T10:04:55+00:00\",\"mainEntityOfPage\":{\"@id\":\"https:\\\/\\\/selectednews.info\\\/pl\\\/dane-osobowe-w-b2b-czym-sa-i-czy-publiczna-jawnosc-niektorych-danych-oznacza-ze-mozna-je-wykorzystywac-w-dowolny-sposob\\\/\"},\"wordCount\":3196,\"commentCount\":0,\"image\":{\"@id\":\"https:\\\/\\\/selectednews.info\\\/pl\\\/dane-osobowe-w-b2b-czym-sa-i-czy-publiczna-jawnosc-niektorych-danych-oznacza-ze-mozna-je-wykorzystywac-w-dowolny-sposob\\\/#primaryimage\"},\"thumbnailUrl\":\"https:\\\/\\\/selectednews.info\\\/pl\\\/wp-content\\\/uploads\\\/sites\\\/6\\\/2019\\\/08\\\/Dane-osobowe-w-B2B-\u2013-czym-s\u0105-i-czy-publiczna.jpg\",\"articleSection\":[\"TRENDY MARKETINGU ONLINE\"],\"inLanguage\":\"pl-PL\",\"potentialAction\":[{\"@type\":\"CommentAction\",\"name\":\"Comment\",\"target\":[\"https:\\\/\\\/selectednews.info\\\/pl\\\/dane-osobowe-w-b2b-czym-sa-i-czy-publiczna-jawnosc-niektorych-danych-oznacza-ze-mozna-je-wykorzystywac-w-dowolny-sposob\\\/#respond\"]}]},{\"@type\":\"WebPage\",\"@id\":\"https:\\\/\\\/selectednews.info\\\/pl\\\/dane-osobowe-w-b2b-czym-sa-i-czy-publiczna-jawnosc-niektorych-danych-oznacza-ze-mozna-je-wykorzystywac-w-dowolny-sposob\\\/\",\"url\":\"https:\\\/\\\/selectednews.info\\\/pl\\\/dane-osobowe-w-b2b-czym-sa-i-czy-publiczna-jawnosc-niektorych-danych-oznacza-ze-mozna-je-wykorzystywac-w-dowolny-sposob\\\/\",\"name\":\"Dane osobowe w B2B \u2013 czym s\u0105 i czy publiczna jawno\u015b\u0107 niekt\u00f3rych danych oznacza, \u017ce mo\u017cna je wykorzystywa\u0107 w dowolny spos\u00f3b? - Selected News\",\"isPartOf\":{\"@id\":\"https:\\\/\\\/selectednews.info\\\/pl\\\/#website\"},\"primaryImageOfPage\":{\"@id\":\"https:\\\/\\\/selectednews.info\\\/pl\\\/dane-osobowe-w-b2b-czym-sa-i-czy-publiczna-jawnosc-niektorych-danych-oznacza-ze-mozna-je-wykorzystywac-w-dowolny-sposob\\\/#primaryimage\"},\"image\":{\"@id\":\"https:\\\/\\\/selectednews.info\\\/pl\\\/dane-osobowe-w-b2b-czym-sa-i-czy-publiczna-jawnosc-niektorych-danych-oznacza-ze-mozna-je-wykorzystywac-w-dowolny-sposob\\\/#primaryimage\"},\"thumbnailUrl\":\"https:\\\/\\\/selectednews.info\\\/pl\\\/wp-content\\\/uploads\\\/sites\\\/6\\\/2019\\\/08\\\/Dane-osobowe-w-B2B-\u2013-czym-s\u0105-i-czy-publiczna.jpg\",\"datePublished\":\"2019-08-06T10:04:53+00:00\",\"dateModified\":\"2019-08-06T10:04:55+00:00\",\"author\":{\"@id\":\"https:\\\/\\\/selectednews.info\\\/pl\\\/#\\\/schema\\\/person\\\/c8a0f1bfe64548cfb06c0529b0970068\"},\"breadcrumb\":{\"@id\":\"https:\\\/\\\/selectednews.info\\\/pl\\\/dane-osobowe-w-b2b-czym-sa-i-czy-publiczna-jawnosc-niektorych-danych-oznacza-ze-mozna-je-wykorzystywac-w-dowolny-sposob\\\/#breadcrumb\"},\"inLanguage\":\"pl-PL\",\"potentialAction\":[{\"@type\":\"ReadAction\",\"target\":[\"https:\\\/\\\/selectednews.info\\\/pl\\\/dane-osobowe-w-b2b-czym-sa-i-czy-publiczna-jawnosc-niektorych-danych-oznacza-ze-mozna-je-wykorzystywac-w-dowolny-sposob\\\/\"]}]},{\"@type\":\"ImageObject\",\"inLanguage\":\"pl-PL\",\"@id\":\"https:\\\/\\\/selectednews.info\\\/pl\\\/dane-osobowe-w-b2b-czym-sa-i-czy-publiczna-jawnosc-niektorych-danych-oznacza-ze-mozna-je-wykorzystywac-w-dowolny-sposob\\\/#primaryimage\",\"url\":\"https:\\\/\\\/selectednews.info\\\/pl\\\/wp-content\\\/uploads\\\/sites\\\/6\\\/2019\\\/08\\\/Dane-osobowe-w-B2B-\u2013-czym-s\u0105-i-czy-publiczna.jpg\",\"contentUrl\":\"https:\\\/\\\/selectednews.info\\\/pl\\\/wp-content\\\/uploads\\\/sites\\\/6\\\/2019\\\/08\\\/Dane-osobowe-w-B2B-\u2013-czym-s\u0105-i-czy-publiczna.jpg\",\"width\":1263,\"height\":1066,\"caption\":\"RODO w B2B\"},{\"@type\":\"BreadcrumbList\",\"@id\":\"https:\\\/\\\/selectednews.info\\\/pl\\\/dane-osobowe-w-b2b-czym-sa-i-czy-publiczna-jawnosc-niektorych-danych-oznacza-ze-mozna-je-wykorzystywac-w-dowolny-sposob\\\/#breadcrumb\",\"itemListElement\":[{\"@type\":\"ListItem\",\"position\":1,\"name\":\"\u0413\u043b\u0430\u0432\u043d\u0430\u044f \u0441\u0442\u0440\u0430\u043d\u0438\u0446\u0430\",\"item\":\"https:\\\/\\\/selectednews.info\\\/pl\\\/\"},{\"@type\":\"ListItem\",\"position\":2,\"name\":\"Dane osobowe w B2B \u2013 czym s\u0105 i czy publiczna jawno\u015b\u0107 niekt\u00f3rych danych oznacza, \u017ce mo\u017cna je wykorzystywa\u0107 w dowolny spos\u00f3b?\"}]},{\"@type\":\"WebSite\",\"@id\":\"https:\\\/\\\/selectednews.info\\\/pl\\\/#website\",\"url\":\"https:\\\/\\\/selectednews.info\\\/pl\\\/\",\"name\":\"Selected News\",\"description\":\"Selected News Polska\",\"potentialAction\":[{\"@type\":\"SearchAction\",\"target\":{\"@type\":\"EntryPoint\",\"urlTemplate\":\"https:\\\/\\\/selectednews.info\\\/pl\\\/?s={search_term_string}\"},\"query-input\":{\"@type\":\"PropertyValueSpecification\",\"valueRequired\":true,\"valueName\":\"search_term_string\"}}],\"inLanguage\":\"pl-PL\"},{\"@type\":\"Person\",\"@id\":\"https:\\\/\\\/selectednews.info\\\/pl\\\/#\\\/schema\\\/person\\\/c8a0f1bfe64548cfb06c0529b0970068\",\"name\":\"selectednews\",\"image\":{\"@type\":\"ImageObject\",\"inLanguage\":\"pl-PL\",\"@id\":\"https:\\\/\\\/secure.gravatar.com\\\/avatar\\\/c88515018a25fd646d9f77ea80cc88996711575667608a2cd1b47f3d1145508a?s=96&d=mm&r=g\",\"url\":\"https:\\\/\\\/secure.gravatar.com\\\/avatar\\\/c88515018a25fd646d9f77ea80cc88996711575667608a2cd1b47f3d1145508a?s=96&d=mm&r=g\",\"contentUrl\":\"https:\\\/\\\/secure.gravatar.com\\\/avatar\\\/c88515018a25fd646d9f77ea80cc88996711575667608a2cd1b47f3d1145508a?s=96&d=mm&r=g\",\"caption\":\"selectednews\"},\"url\":\"https:\\\/\\\/selectednews.info\\\/pl\\\/author\\\/pt\\\/\"}]}<\/script>\n<!-- \/ Yoast SEO plugin. -->","yoast_head_json":{"title":"Dane osobowe w B2B \u2013 czym s\u0105 i czy publiczna jawno\u015b\u0107 niekt\u00f3rych danych oznacza, \u017ce mo\u017cna je wykorzystywa\u0107 w dowolny spos\u00f3b? - Selected News","robots":{"index":"index","follow":"follow","max-snippet":"max-snippet:-1","max-image-preview":"max-image-preview:large","max-video-preview":"max-video-preview:-1"},"canonical":"https:\/\/selectednews.info\/pl\/dane-osobowe-w-b2b-czym-sa-i-czy-publiczna-jawnosc-niektorych-danych-oznacza-ze-mozna-je-wykorzystywac-w-dowolny-sposob\/","og_locale":"pl_PL","og_type":"article","og_title":"Dane osobowe w B2B \u2013 czym s\u0105 i czy publiczna jawno\u015b\u0107 niekt\u00f3rych danych oznacza, \u017ce mo\u017cna je wykorzystywa\u0107 w dowolny spos\u00f3b? - Selected News","og_description":"[ad_1] Firmowe dane osobowe \u2013 czy co\u015b takiego istnieje? Jeszcze do niedawna w wi\u0119kszo\u015bci podmiot\u00f3w z sektora B2B panowa\u0142o przekonanie, \u017ce dane firmowe nie s\u0105 danymi osobowymi i nie podlegaj\u0105 \u017cadnej ochronie. Skoro Krajowy Rejestr S\u0105dowy (KRS) jest jawny, a od kilku lat \u2013 dost\u0119pny publicznie nawet w internecie, to jakie\u017c mog\u0105 istnie\u0107 przeszkody w [&hellip;]","og_url":"https:\/\/selectednews.info\/pl\/dane-osobowe-w-b2b-czym-sa-i-czy-publiczna-jawnosc-niektorych-danych-oznacza-ze-mozna-je-wykorzystywac-w-dowolny-sposob\/","og_site_name":"Selected News","article_published_time":"2019-08-06T10:04:53+00:00","article_modified_time":"2019-08-06T10:04:55+00:00","og_image":[{"width":1263,"height":1066,"url":"https:\/\/selectednews.info\/pl\/wp-content\/uploads\/sites\/6\/2019\/08\/Dane-osobowe-w-B2B-\u2013-czym-s\u0105-i-czy-publiczna.jpg","type":"image\/jpeg"}],"author":"selectednews","twitter_card":"summary_large_image","twitter_misc":{"Napisane przez":"selectednews","Szacowany czas czytania":"16 minut"},"schema":{"@context":"https:\/\/schema.org","@graph":[{"@type":"Article","@id":"https:\/\/selectednews.info\/pl\/dane-osobowe-w-b2b-czym-sa-i-czy-publiczna-jawnosc-niektorych-danych-oznacza-ze-mozna-je-wykorzystywac-w-dowolny-sposob\/#article","isPartOf":{"@id":"https:\/\/selectednews.info\/pl\/dane-osobowe-w-b2b-czym-sa-i-czy-publiczna-jawnosc-niektorych-danych-oznacza-ze-mozna-je-wykorzystywac-w-dowolny-sposob\/"},"author":{"name":"selectednews","@id":"https:\/\/selectednews.info\/pl\/#\/schema\/person\/c8a0f1bfe64548cfb06c0529b0970068"},"headline":"Dane osobowe w B2B \u2013 czym s\u0105 i czy publiczna jawno\u015b\u0107 niekt\u00f3rych danych oznacza, \u017ce mo\u017cna je wykorzystywa\u0107 w dowolny spos\u00f3b?","datePublished":"2019-08-06T10:04:53+00:00","dateModified":"2019-08-06T10:04:55+00:00","mainEntityOfPage":{"@id":"https:\/\/selectednews.info\/pl\/dane-osobowe-w-b2b-czym-sa-i-czy-publiczna-jawnosc-niektorych-danych-oznacza-ze-mozna-je-wykorzystywac-w-dowolny-sposob\/"},"wordCount":3196,"commentCount":0,"image":{"@id":"https:\/\/selectednews.info\/pl\/dane-osobowe-w-b2b-czym-sa-i-czy-publiczna-jawnosc-niektorych-danych-oznacza-ze-mozna-je-wykorzystywac-w-dowolny-sposob\/#primaryimage"},"thumbnailUrl":"https:\/\/selectednews.info\/pl\/wp-content\/uploads\/sites\/6\/2019\/08\/Dane-osobowe-w-B2B-\u2013-czym-s\u0105-i-czy-publiczna.jpg","articleSection":["TRENDY MARKETINGU ONLINE"],"inLanguage":"pl-PL","potentialAction":[{"@type":"CommentAction","name":"Comment","target":["https:\/\/selectednews.info\/pl\/dane-osobowe-w-b2b-czym-sa-i-czy-publiczna-jawnosc-niektorych-danych-oznacza-ze-mozna-je-wykorzystywac-w-dowolny-sposob\/#respond"]}]},{"@type":"WebPage","@id":"https:\/\/selectednews.info\/pl\/dane-osobowe-w-b2b-czym-sa-i-czy-publiczna-jawnosc-niektorych-danych-oznacza-ze-mozna-je-wykorzystywac-w-dowolny-sposob\/","url":"https:\/\/selectednews.info\/pl\/dane-osobowe-w-b2b-czym-sa-i-czy-publiczna-jawnosc-niektorych-danych-oznacza-ze-mozna-je-wykorzystywac-w-dowolny-sposob\/","name":"Dane osobowe w B2B \u2013 czym s\u0105 i czy publiczna jawno\u015b\u0107 niekt\u00f3rych danych oznacza, \u017ce mo\u017cna je wykorzystywa\u0107 w dowolny spos\u00f3b? - Selected News","isPartOf":{"@id":"https:\/\/selectednews.info\/pl\/#website"},"primaryImageOfPage":{"@id":"https:\/\/selectednews.info\/pl\/dane-osobowe-w-b2b-czym-sa-i-czy-publiczna-jawnosc-niektorych-danych-oznacza-ze-mozna-je-wykorzystywac-w-dowolny-sposob\/#primaryimage"},"image":{"@id":"https:\/\/selectednews.info\/pl\/dane-osobowe-w-b2b-czym-sa-i-czy-publiczna-jawnosc-niektorych-danych-oznacza-ze-mozna-je-wykorzystywac-w-dowolny-sposob\/#primaryimage"},"thumbnailUrl":"https:\/\/selectednews.info\/pl\/wp-content\/uploads\/sites\/6\/2019\/08\/Dane-osobowe-w-B2B-\u2013-czym-s\u0105-i-czy-publiczna.jpg","datePublished":"2019-08-06T10:04:53+00:00","dateModified":"2019-08-06T10:04:55+00:00","author":{"@id":"https:\/\/selectednews.info\/pl\/#\/schema\/person\/c8a0f1bfe64548cfb06c0529b0970068"},"breadcrumb":{"@id":"https:\/\/selectednews.info\/pl\/dane-osobowe-w-b2b-czym-sa-i-czy-publiczna-jawnosc-niektorych-danych-oznacza-ze-mozna-je-wykorzystywac-w-dowolny-sposob\/#breadcrumb"},"inLanguage":"pl-PL","potentialAction":[{"@type":"ReadAction","target":["https:\/\/selectednews.info\/pl\/dane-osobowe-w-b2b-czym-sa-i-czy-publiczna-jawnosc-niektorych-danych-oznacza-ze-mozna-je-wykorzystywac-w-dowolny-sposob\/"]}]},{"@type":"ImageObject","inLanguage":"pl-PL","@id":"https:\/\/selectednews.info\/pl\/dane-osobowe-w-b2b-czym-sa-i-czy-publiczna-jawnosc-niektorych-danych-oznacza-ze-mozna-je-wykorzystywac-w-dowolny-sposob\/#primaryimage","url":"https:\/\/selectednews.info\/pl\/wp-content\/uploads\/sites\/6\/2019\/08\/Dane-osobowe-w-B2B-\u2013-czym-s\u0105-i-czy-publiczna.jpg","contentUrl":"https:\/\/selectednews.info\/pl\/wp-content\/uploads\/sites\/6\/2019\/08\/Dane-osobowe-w-B2B-\u2013-czym-s\u0105-i-czy-publiczna.jpg","width":1263,"height":1066,"caption":"RODO w B2B"},{"@type":"BreadcrumbList","@id":"https:\/\/selectednews.info\/pl\/dane-osobowe-w-b2b-czym-sa-i-czy-publiczna-jawnosc-niektorych-danych-oznacza-ze-mozna-je-wykorzystywac-w-dowolny-sposob\/#breadcrumb","itemListElement":[{"@type":"ListItem","position":1,"name":"\u0413\u043b\u0430\u0432\u043d\u0430\u044f \u0441\u0442\u0440\u0430\u043d\u0438\u0446\u0430","item":"https:\/\/selectednews.info\/pl\/"},{"@type":"ListItem","position":2,"name":"Dane osobowe w B2B \u2013 czym s\u0105 i czy publiczna jawno\u015b\u0107 niekt\u00f3rych danych oznacza, \u017ce mo\u017cna je wykorzystywa\u0107 w dowolny spos\u00f3b?"}]},{"@type":"WebSite","@id":"https:\/\/selectednews.info\/pl\/#website","url":"https:\/\/selectednews.info\/pl\/","name":"Selected News","description":"Selected News Polska","potentialAction":[{"@type":"SearchAction","target":{"@type":"EntryPoint","urlTemplate":"https:\/\/selectednews.info\/pl\/?s={search_term_string}"},"query-input":{"@type":"PropertyValueSpecification","valueRequired":true,"valueName":"search_term_string"}}],"inLanguage":"pl-PL"},{"@type":"Person","@id":"https:\/\/selectednews.info\/pl\/#\/schema\/person\/c8a0f1bfe64548cfb06c0529b0970068","name":"selectednews","image":{"@type":"ImageObject","inLanguage":"pl-PL","@id":"https:\/\/secure.gravatar.com\/avatar\/c88515018a25fd646d9f77ea80cc88996711575667608a2cd1b47f3d1145508a?s=96&d=mm&r=g","url":"https:\/\/secure.gravatar.com\/avatar\/c88515018a25fd646d9f77ea80cc88996711575667608a2cd1b47f3d1145508a?s=96&d=mm&r=g","contentUrl":"https:\/\/secure.gravatar.com\/avatar\/c88515018a25fd646d9f77ea80cc88996711575667608a2cd1b47f3d1145508a?s=96&d=mm&r=g","caption":"selectednews"},"url":"https:\/\/selectednews.info\/pl\/author\/pt\/"}]}},"_links":{"self":[{"href":"https:\/\/selectednews.info\/pl\/wp-json\/wp\/v2\/posts\/3962","targetHints":{"allow":["GET"]}}],"collection":[{"href":"https:\/\/selectednews.info\/pl\/wp-json\/wp\/v2\/posts"}],"about":[{"href":"https:\/\/selectednews.info\/pl\/wp-json\/wp\/v2\/types\/post"}],"author":[{"embeddable":true,"href":"https:\/\/selectednews.info\/pl\/wp-json\/wp\/v2\/users\/2"}],"replies":[{"embeddable":true,"href":"https:\/\/selectednews.info\/pl\/wp-json\/wp\/v2\/comments?post=3962"}],"version-history":[{"count":1,"href":"https:\/\/selectednews.info\/pl\/wp-json\/wp\/v2\/posts\/3962\/revisions"}],"predecessor-version":[{"id":3964,"href":"https:\/\/selectednews.info\/pl\/wp-json\/wp\/v2\/posts\/3962\/revisions\/3964"}],"wp:featuredmedia":[{"embeddable":true,"href":"https:\/\/selectednews.info\/pl\/wp-json\/wp\/v2\/media\/3963"}],"wp:attachment":[{"href":"https:\/\/selectednews.info\/pl\/wp-json\/wp\/v2\/media?parent=3962"}],"wp:term":[{"taxonomy":"category","embeddable":true,"href":"https:\/\/selectednews.info\/pl\/wp-json\/wp\/v2\/categories?post=3962"},{"taxonomy":"post_tag","embeddable":true,"href":"https:\/\/selectednews.info\/pl\/wp-json\/wp\/v2\/tags?post=3962"}],"curies":[{"name":"wp","href":"https:\/\/api.w.org\/{rel}","templated":true}]}}