{"id":7547,"date":"2021-06-28T17:02:16","date_gmt":"2021-06-28T14:02:16","guid":{"rendered":"https:\/\/selectednews.info\/pl\/szczepienia-przeciw-covid-19-minister-zdrowia-o-wprowadzeniu-oplat\/"},"modified":"2021-06-28T17:02:23","modified_gmt":"2021-06-28T14:02:23","slug":"szczepienia-przeciw-covid-19-minister-zdrowia-o-wprowadzeniu-oplat","status":"publish","type":"post","link":"https:\/\/selectednews.info\/pl\/szczepienia-przeciw-covid-19-minister-zdrowia-o-wprowadzeniu-oplat\/","title":{"rendered":"Szczepienia przeciw COVID-19. Minister zdrowia o wprowadzeniu op\u0142at"},"content":{"rendered":"<p>&#8211; Rozmawiamy na temat odp\u0142atno\u015bci, czyli wprowadzenia w nowym systemie refundacyjnym szczepienia przeciwko covidowi &#8211; poinformowa\u0142 w poniedzia\u0142ek minister zdrowia Adam Niedzielski. Jak wskaza\u0142, system m\u00f3g\u0142by wej\u015b\u0107 w \u017cycie po 1 pa\u017adziernika tego roku.Minister zdrowia Adam Niedzielski podczas poniedzia\u0142kowej konferencji prasowej by\u0142 pytany o mo\u017cliwo\u015b\u0107 wprowadzenia odp\u0142atno\u015bci za szczepienia przeciwko COVID-19. &#8211; Rozmawiamy na temat tej ewentualno\u015bci, odp\u0142atno\u015bci, czyli wprowadzenia w nowy system refundacyjny szczepienia przeciwko covidowi. Mamy tak zbudowany system refundacyjny s\u0105 na przyk\u0142ad pewne grupy preferencyjne, kt\u00f3re maj\u0105 refundowane przez pa\u0144stwo takie szczepienia, na przyk\u0142ad osoby powy\u017cej 70. roku \u017cycia &#8211; wskazywa\u0142 szef MZ.- Rozwa\u017camy, czy takiego systemu nie wprowadzi\u0107 na przyk\u0142ad po 1 pa\u017adziernika (tego roku &#8211; red.)\u00a0&#8211; przekaza\u0142 Niedzielski. Jak doda\u0142, w grupie refundacyjnej na pewno byliby uwzgl\u0119dnieni seniorzy.- Ale przede wszystkim chcia\u0142by, \u017ceby wszyscy czym pr\u0119dzej skorzystali z mo\u017cliwo\u015bci szczepienia, bo przypominam, \u017ce s\u0105 bardzo dobre wyniki, je\u017celi chodzi o generowanie odporno\u015bci wzgl\u0119dem ci\u0119\u017ckiego przechodzenia zaka\u017cenia wariantem Delta &#8211; zauwa\u017cy\u0142 minister zdrowia. &#8211; Wyniki zar\u00f3wno w przypadku preparatu Pfizera, jak i AstraZeneki s\u0105 bardzo dobre, powy\u017cej 90 procent, wi\u0119c je\u015bli nawet si\u0119 zakazimy, to oznacza, \u017ce ryzyko ci\u0119\u017ckiego przechodzenia praktycznie nie wyst\u0119puje &#8211; podkre\u015bli\u0142 Niedzielski.OGL\u0104DAJ TVN24 W INTERNECIE W TVN24 GO &gt;&gt;&gt;Szczepienia przeciw COVID-19Wcze\u015bniej na ten temat w poniedzia\u0142ek w RMF FM m\u00f3wi\u0142a profesor Magdalena Marczy\u0144ska z Warszawskiego Uniwersytetu Medycznego, cz\u0142onkini rady medycznej. &#8211; Jest rozwa\u017cane na pewno nie odp\u0142atno\u015b\u0107 za szczepionki, bo to s\u0105 ustalenia unijne, natomiast mo\u017cna pewnie p\u0142aci\u0107 za wizyt\u0119 lekarsk\u0105, za us\u0142ug\u0119 i taki pomys\u0142 jest rozwa\u017cany &#8211; powiedzia\u0142a prof. Marczy\u0144ska.W jej ocenie mo\u017ce to pozytywnie wp\u0142yn\u0105\u0107 na wzrost liczby zainteresowanych szczepie\u0144. &#8211; Je\u017celi zapowiemy, \u017ce (&#8230;) od kt\u00f3rego\u015b momentu te szczepienia, te us\u0142ugi b\u0119d\u0105 odp\u0142atne &#8211; one nie b\u0119d\u0105 wysokop\u0142atne, ale b\u0119d\u0105 &#8211; mo\u017ce to spowoduje zach\u0119cenie. Ja nie umiem odpowiedzie\u0107 jednoznacznie, \u017ce mi si\u0119 to podoba, dlatego \u017ce my\u015bl\u0119, \u017ce jeszcze cz\u0119\u015b\u0107 os\u00f3b, zw\u0142aszcza starszych, mo\u017ce jeszcze do\u015b\u0107 nieudolnie pr\u00f3bowa\u0142a si\u0119 rejestrowa\u0107 &#8211; doda\u0142a cz\u0142onkini rady medycznej.Odp\u0142atno\u015b\u0107 za szczepionki mo\u017ce wej\u015b\u0107 w \u017cycie najwcze\u015bniej p\u00f3\u017an\u0105 jesieni\u0105. &#8211; Jest taka dyskusja, \u017ce tak mo\u017ce si\u0119 wydarzy\u0107, je\u017celi nie b\u0119dzie innej metody na to, \u017ceby ludzie chcieli si\u0119 szczepi\u0107 za darmo &#8211; t\u0142umaczy\u0142a prof. Marczy\u0144ska. Cz\u0142onkini rady medycznej przekaza\u0142a, \u017ce jest r\u00f3wnie\u017c rozwa\u017cany pomys\u0142, \u017ce &#8222;je\u017celi b\u0119dziemy mieli nadmiar szczepionek, to te szczepionki b\u0119d\u0105 odsy\u0142ane do kraj\u00f3w, kt\u00f3re nie dysponuj\u0105 takimi mo\u017cliwo\u015bciami&#8221;.Marczy\u0144ska by\u0142a r\u00f3wnie\u017c pytana o mo\u017cliwo\u015b\u0107 wprowadzenia obowi\u0105zkowych szczepie\u0144. &#8211; My\u015bmy postulowali od pocz\u0105tku, ju\u017c powinny by\u0107 decyzje, \u017ce s\u0142u\u017cba zdrowia i pracownicy, kt\u00f3rzy b\u0119d\u0105 mieli kontakt z lud\u017ami chorymi, maj\u0105 obowi\u0105zek zaszczepienia si\u0119 &#8211; wskaza\u0142a. Doda\u0142a jednak, \u017ce na razie nie ma takiego rozporz\u0105dzenia.Centrum Informacyjne Rz\u0105du poinformowa\u0142o w poniedzia\u0142ek, \u017ce do tej pory w Polsce wykonano 28 447 379 szczepie\u0144. W pe\u0142ni zaszczepionych jest 12 682 542 osoby (zaszczepieni preparatem Johnson &amp; Johnson oraz drug\u0105 dawk\u0105 innych preparat\u00f3w).\u0179r\u00f3d\u0142o zdj\u0119cia g\u0142\u00f3wnego:\u00a0PAP\/Grzegorz Momot<br \/>\n<br \/>\n<!--noindex--><br \/>\n<a href=\"https:\/\/tvn24.pl\/biznes\/z-kraju\/szczepienia-przeciw-covid-19-minister-zdrowia-o-wprowadzeniu-oplat-5134071?source=rss\" rel=\"nofollow\">Source link <\/a><br \/>\n<!--\/noindex--><\/p>\n","protected":false},"excerpt":{"rendered":"<p>&#8211; Rozmawiamy na temat odp\u0142atno\u015bci, czyli wprowadzenia w nowym systemie refundacyjnym szczepienia przeciwko covidowi &#8211; poinformowa\u0142 w poniedzia\u0142ek minister zdrowia Adam Niedzielski. Jak wskaza\u0142, system m\u00f3g\u0142by wej\u015b\u0107 w \u017cycie po 1 pa\u017adziernika tego roku.Minister zdrowia Adam Niedzielski podczas poniedzia\u0142kowej konferencji prasowej by\u0142 pytany o mo\u017cliwo\u015b\u0107 wprowadzenia odp\u0142atno\u015bci za szczepienia przeciwko COVID-19. &#8211; Rozmawiamy na temat [&hellip;]<\/p>\n","protected":false},"author":2,"featured_media":7548,"comment_status":"open","ping_status":"open","sticky":false,"template":"","format":"standard","meta":{"footnotes":""},"categories":[1],"tags":[],"class_list":["post-7547","post","type-post","status-publish","format-standard","has-post-thumbnail","hentry","category-wiadomosci-biznesowe"],"yoast_head":"<!-- This site is optimized with the Yoast SEO plugin v27.4 - https:\/\/yoast.com\/product\/yoast-seo-wordpress\/ -->\n<title>Szczepienia przeciw COVID-19. Minister zdrowia o wprowadzeniu op\u0142at - Selected News<\/title>\n<meta name=\"robots\" content=\"index, follow, max-snippet:-1, max-image-preview:large, max-video-preview:-1\" \/>\n<link rel=\"canonical\" href=\"https:\/\/selectednews.info\/pl\/szczepienia-przeciw-covid-19-minister-zdrowia-o-wprowadzeniu-oplat\/\" \/>\n<meta property=\"og:locale\" content=\"pl_PL\" \/>\n<meta property=\"og:type\" content=\"article\" \/>\n<meta property=\"og:title\" content=\"Szczepienia przeciw COVID-19. Minister zdrowia o wprowadzeniu op\u0142at - Selected News\" \/>\n<meta property=\"og:description\" content=\"&#8211; Rozmawiamy na temat odp\u0142atno\u015bci, czyli wprowadzenia w nowym systemie refundacyjnym szczepienia przeciwko covidowi &#8211; poinformowa\u0142 w poniedzia\u0142ek minister zdrowia Adam Niedzielski. Jak wskaza\u0142, system m\u00f3g\u0142by wej\u015b\u0107 w \u017cycie po 1 pa\u017adziernika tego roku.Minister zdrowia Adam Niedzielski podczas poniedzia\u0142kowej konferencji prasowej by\u0142 pytany o mo\u017cliwo\u015b\u0107 wprowadzenia odp\u0142atno\u015bci za szczepienia przeciwko COVID-19. &#8211; Rozmawiamy na temat [&hellip;]\" \/>\n<meta property=\"og:url\" content=\"https:\/\/selectednews.info\/pl\/szczepienia-przeciw-covid-19-minister-zdrowia-o-wprowadzeniu-oplat\/\" \/>\n<meta property=\"og:site_name\" content=\"Selected News\" \/>\n<meta property=\"article:published_time\" content=\"2021-06-28T14:02:16+00:00\" \/>\n<meta property=\"article:modified_time\" content=\"2021-06-28T14:02:23+00:00\" \/>\n<meta property=\"og:image\" content=\"https:\/\/selectednews.info\/pl\/wp-content\/uploads\/sites\/6\/2021\/06\/Szczepienia-przeciw-COVID-19-Minister-zdrowia-o-wprowadzeniu-oplat.jpeg\" \/>\n\t<meta property=\"og:image:width\" content=\"1280\" \/>\n\t<meta property=\"og:image:height\" content=\"719\" \/>\n\t<meta property=\"og:image:type\" content=\"image\/jpeg\" \/>\n<meta name=\"author\" content=\"selectednews\" \/>\n<meta name=\"twitter:card\" content=\"summary_large_image\" \/>\n<meta name=\"twitter:label1\" content=\"Napisane przez\" \/>\n\t<meta name=\"twitter:data1\" content=\"selectednews\" \/>\n\t<meta name=\"twitter:label2\" content=\"Szacowany czas czytania\" \/>\n\t<meta name=\"twitter:data2\" content=\"3 minuty\" \/>\n<script type=\"application\/ld+json\" class=\"yoast-schema-graph\">{\"@context\":\"https:\\\/\\\/schema.org\",\"@graph\":[{\"@type\":\"Article\",\"@id\":\"https:\\\/\\\/selectednews.info\\\/pl\\\/szczepienia-przeciw-covid-19-minister-zdrowia-o-wprowadzeniu-oplat\\\/#article\",\"isPartOf\":{\"@id\":\"https:\\\/\\\/selectednews.info\\\/pl\\\/szczepienia-przeciw-covid-19-minister-zdrowia-o-wprowadzeniu-oplat\\\/\"},\"author\":{\"name\":\"selectednews\",\"@id\":\"https:\\\/\\\/selectednews.info\\\/pl\\\/#\\\/schema\\\/person\\\/c8a0f1bfe64548cfb06c0529b0970068\"},\"headline\":\"Szczepienia przeciw COVID-19. Minister zdrowia o wprowadzeniu op\u0142at\",\"datePublished\":\"2021-06-28T14:02:16+00:00\",\"dateModified\":\"2021-06-28T14:02:23+00:00\",\"mainEntityOfPage\":{\"@id\":\"https:\\\/\\\/selectednews.info\\\/pl\\\/szczepienia-przeciw-covid-19-minister-zdrowia-o-wprowadzeniu-oplat\\\/\"},\"wordCount\":599,\"commentCount\":0,\"image\":{\"@id\":\"https:\\\/\\\/selectednews.info\\\/pl\\\/szczepienia-przeciw-covid-19-minister-zdrowia-o-wprowadzeniu-oplat\\\/#primaryimage\"},\"thumbnailUrl\":\"https:\\\/\\\/selectednews.info\\\/pl\\\/wp-content\\\/uploads\\\/sites\\\/6\\\/2021\\\/06\\\/Szczepienia-przeciw-COVID-19-Minister-zdrowia-o-wprowadzeniu-oplat.jpeg\",\"articleSection\":[\"WIADOMO\u015aCI BIZNESOWE\"],\"inLanguage\":\"pl-PL\",\"potentialAction\":[{\"@type\":\"CommentAction\",\"name\":\"Comment\",\"target\":[\"https:\\\/\\\/selectednews.info\\\/pl\\\/szczepienia-przeciw-covid-19-minister-zdrowia-o-wprowadzeniu-oplat\\\/#respond\"]}]},{\"@type\":\"WebPage\",\"@id\":\"https:\\\/\\\/selectednews.info\\\/pl\\\/szczepienia-przeciw-covid-19-minister-zdrowia-o-wprowadzeniu-oplat\\\/\",\"url\":\"https:\\\/\\\/selectednews.info\\\/pl\\\/szczepienia-przeciw-covid-19-minister-zdrowia-o-wprowadzeniu-oplat\\\/\",\"name\":\"Szczepienia przeciw COVID-19. Minister zdrowia o wprowadzeniu op\u0142at - Selected News\",\"isPartOf\":{\"@id\":\"https:\\\/\\\/selectednews.info\\\/pl\\\/#website\"},\"primaryImageOfPage\":{\"@id\":\"https:\\\/\\\/selectednews.info\\\/pl\\\/szczepienia-przeciw-covid-19-minister-zdrowia-o-wprowadzeniu-oplat\\\/#primaryimage\"},\"image\":{\"@id\":\"https:\\\/\\\/selectednews.info\\\/pl\\\/szczepienia-przeciw-covid-19-minister-zdrowia-o-wprowadzeniu-oplat\\\/#primaryimage\"},\"thumbnailUrl\":\"https:\\\/\\\/selectednews.info\\\/pl\\\/wp-content\\\/uploads\\\/sites\\\/6\\\/2021\\\/06\\\/Szczepienia-przeciw-COVID-19-Minister-zdrowia-o-wprowadzeniu-oplat.jpeg\",\"datePublished\":\"2021-06-28T14:02:16+00:00\",\"dateModified\":\"2021-06-28T14:02:23+00:00\",\"author\":{\"@id\":\"https:\\\/\\\/selectednews.info\\\/pl\\\/#\\\/schema\\\/person\\\/c8a0f1bfe64548cfb06c0529b0970068\"},\"breadcrumb\":{\"@id\":\"https:\\\/\\\/selectednews.info\\\/pl\\\/szczepienia-przeciw-covid-19-minister-zdrowia-o-wprowadzeniu-oplat\\\/#breadcrumb\"},\"inLanguage\":\"pl-PL\",\"potentialAction\":[{\"@type\":\"ReadAction\",\"target\":[\"https:\\\/\\\/selectednews.info\\\/pl\\\/szczepienia-przeciw-covid-19-minister-zdrowia-o-wprowadzeniu-oplat\\\/\"]}]},{\"@type\":\"ImageObject\",\"inLanguage\":\"pl-PL\",\"@id\":\"https:\\\/\\\/selectednews.info\\\/pl\\\/szczepienia-przeciw-covid-19-minister-zdrowia-o-wprowadzeniu-oplat\\\/#primaryimage\",\"url\":\"https:\\\/\\\/selectednews.info\\\/pl\\\/wp-content\\\/uploads\\\/sites\\\/6\\\/2021\\\/06\\\/Szczepienia-przeciw-COVID-19-Minister-zdrowia-o-wprowadzeniu-oplat.jpeg\",\"contentUrl\":\"https:\\\/\\\/selectednews.info\\\/pl\\\/wp-content\\\/uploads\\\/sites\\\/6\\\/2021\\\/06\\\/Szczepienia-przeciw-COVID-19-Minister-zdrowia-o-wprowadzeniu-oplat.jpeg\",\"width\":1280,\"height\":719,\"caption\":\"Szczepienia przeciw COVID-19. Minister zdrowia o wprowadzeniu op\u0142at\"},{\"@type\":\"BreadcrumbList\",\"@id\":\"https:\\\/\\\/selectednews.info\\\/pl\\\/szczepienia-przeciw-covid-19-minister-zdrowia-o-wprowadzeniu-oplat\\\/#breadcrumb\",\"itemListElement\":[{\"@type\":\"ListItem\",\"position\":1,\"name\":\"\u0413\u043b\u0430\u0432\u043d\u0430\u044f \u0441\u0442\u0440\u0430\u043d\u0438\u0446\u0430\",\"item\":\"https:\\\/\\\/selectednews.info\\\/pl\\\/\"},{\"@type\":\"ListItem\",\"position\":2,\"name\":\"Szczepienia przeciw COVID-19. Minister zdrowia o wprowadzeniu op\u0142at\"}]},{\"@type\":\"WebSite\",\"@id\":\"https:\\\/\\\/selectednews.info\\\/pl\\\/#website\",\"url\":\"https:\\\/\\\/selectednews.info\\\/pl\\\/\",\"name\":\"Selected News\",\"description\":\"Selected News Polska\",\"potentialAction\":[{\"@type\":\"SearchAction\",\"target\":{\"@type\":\"EntryPoint\",\"urlTemplate\":\"https:\\\/\\\/selectednews.info\\\/pl\\\/?s={search_term_string}\"},\"query-input\":{\"@type\":\"PropertyValueSpecification\",\"valueRequired\":true,\"valueName\":\"search_term_string\"}}],\"inLanguage\":\"pl-PL\"},{\"@type\":\"Person\",\"@id\":\"https:\\\/\\\/selectednews.info\\\/pl\\\/#\\\/schema\\\/person\\\/c8a0f1bfe64548cfb06c0529b0970068\",\"name\":\"selectednews\",\"image\":{\"@type\":\"ImageObject\",\"inLanguage\":\"pl-PL\",\"@id\":\"https:\\\/\\\/secure.gravatar.com\\\/avatar\\\/c88515018a25fd646d9f77ea80cc88996711575667608a2cd1b47f3d1145508a?s=96&d=mm&r=g\",\"url\":\"https:\\\/\\\/secure.gravatar.com\\\/avatar\\\/c88515018a25fd646d9f77ea80cc88996711575667608a2cd1b47f3d1145508a?s=96&d=mm&r=g\",\"contentUrl\":\"https:\\\/\\\/secure.gravatar.com\\\/avatar\\\/c88515018a25fd646d9f77ea80cc88996711575667608a2cd1b47f3d1145508a?s=96&d=mm&r=g\",\"caption\":\"selectednews\"},\"url\":\"https:\\\/\\\/selectednews.info\\\/pl\\\/author\\\/pt\\\/\"}]}<\/script>\n<!-- \/ Yoast SEO plugin. -->","yoast_head_json":{"title":"Szczepienia przeciw COVID-19. Minister zdrowia o wprowadzeniu op\u0142at - Selected News","robots":{"index":"index","follow":"follow","max-snippet":"max-snippet:-1","max-image-preview":"max-image-preview:large","max-video-preview":"max-video-preview:-1"},"canonical":"https:\/\/selectednews.info\/pl\/szczepienia-przeciw-covid-19-minister-zdrowia-o-wprowadzeniu-oplat\/","og_locale":"pl_PL","og_type":"article","og_title":"Szczepienia przeciw COVID-19. Minister zdrowia o wprowadzeniu op\u0142at - Selected News","og_description":"&#8211; Rozmawiamy na temat odp\u0142atno\u015bci, czyli wprowadzenia w nowym systemie refundacyjnym szczepienia przeciwko covidowi &#8211; poinformowa\u0142 w poniedzia\u0142ek minister zdrowia Adam Niedzielski. Jak wskaza\u0142, system m\u00f3g\u0142by wej\u015b\u0107 w \u017cycie po 1 pa\u017adziernika tego roku.Minister zdrowia Adam Niedzielski podczas poniedzia\u0142kowej konferencji prasowej by\u0142 pytany o mo\u017cliwo\u015b\u0107 wprowadzenia odp\u0142atno\u015bci za szczepienia przeciwko COVID-19. &#8211; Rozmawiamy na temat [&hellip;]","og_url":"https:\/\/selectednews.info\/pl\/szczepienia-przeciw-covid-19-minister-zdrowia-o-wprowadzeniu-oplat\/","og_site_name":"Selected News","article_published_time":"2021-06-28T14:02:16+00:00","article_modified_time":"2021-06-28T14:02:23+00:00","og_image":[{"width":1280,"height":719,"url":"https:\/\/selectednews.info\/pl\/wp-content\/uploads\/sites\/6\/2021\/06\/Szczepienia-przeciw-COVID-19-Minister-zdrowia-o-wprowadzeniu-oplat.jpeg","type":"image\/jpeg"}],"author":"selectednews","twitter_card":"summary_large_image","twitter_misc":{"Napisane przez":"selectednews","Szacowany czas czytania":"3 minuty"},"schema":{"@context":"https:\/\/schema.org","@graph":[{"@type":"Article","@id":"https:\/\/selectednews.info\/pl\/szczepienia-przeciw-covid-19-minister-zdrowia-o-wprowadzeniu-oplat\/#article","isPartOf":{"@id":"https:\/\/selectednews.info\/pl\/szczepienia-przeciw-covid-19-minister-zdrowia-o-wprowadzeniu-oplat\/"},"author":{"name":"selectednews","@id":"https:\/\/selectednews.info\/pl\/#\/schema\/person\/c8a0f1bfe64548cfb06c0529b0970068"},"headline":"Szczepienia przeciw COVID-19. Minister zdrowia o wprowadzeniu op\u0142at","datePublished":"2021-06-28T14:02:16+00:00","dateModified":"2021-06-28T14:02:23+00:00","mainEntityOfPage":{"@id":"https:\/\/selectednews.info\/pl\/szczepienia-przeciw-covid-19-minister-zdrowia-o-wprowadzeniu-oplat\/"},"wordCount":599,"commentCount":0,"image":{"@id":"https:\/\/selectednews.info\/pl\/szczepienia-przeciw-covid-19-minister-zdrowia-o-wprowadzeniu-oplat\/#primaryimage"},"thumbnailUrl":"https:\/\/selectednews.info\/pl\/wp-content\/uploads\/sites\/6\/2021\/06\/Szczepienia-przeciw-COVID-19-Minister-zdrowia-o-wprowadzeniu-oplat.jpeg","articleSection":["WIADOMO\u015aCI BIZNESOWE"],"inLanguage":"pl-PL","potentialAction":[{"@type":"CommentAction","name":"Comment","target":["https:\/\/selectednews.info\/pl\/szczepienia-przeciw-covid-19-minister-zdrowia-o-wprowadzeniu-oplat\/#respond"]}]},{"@type":"WebPage","@id":"https:\/\/selectednews.info\/pl\/szczepienia-przeciw-covid-19-minister-zdrowia-o-wprowadzeniu-oplat\/","url":"https:\/\/selectednews.info\/pl\/szczepienia-przeciw-covid-19-minister-zdrowia-o-wprowadzeniu-oplat\/","name":"Szczepienia przeciw COVID-19. Minister zdrowia o wprowadzeniu op\u0142at - Selected News","isPartOf":{"@id":"https:\/\/selectednews.info\/pl\/#website"},"primaryImageOfPage":{"@id":"https:\/\/selectednews.info\/pl\/szczepienia-przeciw-covid-19-minister-zdrowia-o-wprowadzeniu-oplat\/#primaryimage"},"image":{"@id":"https:\/\/selectednews.info\/pl\/szczepienia-przeciw-covid-19-minister-zdrowia-o-wprowadzeniu-oplat\/#primaryimage"},"thumbnailUrl":"https:\/\/selectednews.info\/pl\/wp-content\/uploads\/sites\/6\/2021\/06\/Szczepienia-przeciw-COVID-19-Minister-zdrowia-o-wprowadzeniu-oplat.jpeg","datePublished":"2021-06-28T14:02:16+00:00","dateModified":"2021-06-28T14:02:23+00:00","author":{"@id":"https:\/\/selectednews.info\/pl\/#\/schema\/person\/c8a0f1bfe64548cfb06c0529b0970068"},"breadcrumb":{"@id":"https:\/\/selectednews.info\/pl\/szczepienia-przeciw-covid-19-minister-zdrowia-o-wprowadzeniu-oplat\/#breadcrumb"},"inLanguage":"pl-PL","potentialAction":[{"@type":"ReadAction","target":["https:\/\/selectednews.info\/pl\/szczepienia-przeciw-covid-19-minister-zdrowia-o-wprowadzeniu-oplat\/"]}]},{"@type":"ImageObject","inLanguage":"pl-PL","@id":"https:\/\/selectednews.info\/pl\/szczepienia-przeciw-covid-19-minister-zdrowia-o-wprowadzeniu-oplat\/#primaryimage","url":"https:\/\/selectednews.info\/pl\/wp-content\/uploads\/sites\/6\/2021\/06\/Szczepienia-przeciw-COVID-19-Minister-zdrowia-o-wprowadzeniu-oplat.jpeg","contentUrl":"https:\/\/selectednews.info\/pl\/wp-content\/uploads\/sites\/6\/2021\/06\/Szczepienia-przeciw-COVID-19-Minister-zdrowia-o-wprowadzeniu-oplat.jpeg","width":1280,"height":719,"caption":"Szczepienia przeciw COVID-19. Minister zdrowia o wprowadzeniu op\u0142at"},{"@type":"BreadcrumbList","@id":"https:\/\/selectednews.info\/pl\/szczepienia-przeciw-covid-19-minister-zdrowia-o-wprowadzeniu-oplat\/#breadcrumb","itemListElement":[{"@type":"ListItem","position":1,"name":"\u0413\u043b\u0430\u0432\u043d\u0430\u044f \u0441\u0442\u0440\u0430\u043d\u0438\u0446\u0430","item":"https:\/\/selectednews.info\/pl\/"},{"@type":"ListItem","position":2,"name":"Szczepienia przeciw COVID-19. Minister zdrowia o wprowadzeniu op\u0142at"}]},{"@type":"WebSite","@id":"https:\/\/selectednews.info\/pl\/#website","url":"https:\/\/selectednews.info\/pl\/","name":"Selected News","description":"Selected News Polska","potentialAction":[{"@type":"SearchAction","target":{"@type":"EntryPoint","urlTemplate":"https:\/\/selectednews.info\/pl\/?s={search_term_string}"},"query-input":{"@type":"PropertyValueSpecification","valueRequired":true,"valueName":"search_term_string"}}],"inLanguage":"pl-PL"},{"@type":"Person","@id":"https:\/\/selectednews.info\/pl\/#\/schema\/person\/c8a0f1bfe64548cfb06c0529b0970068","name":"selectednews","image":{"@type":"ImageObject","inLanguage":"pl-PL","@id":"https:\/\/secure.gravatar.com\/avatar\/c88515018a25fd646d9f77ea80cc88996711575667608a2cd1b47f3d1145508a?s=96&d=mm&r=g","url":"https:\/\/secure.gravatar.com\/avatar\/c88515018a25fd646d9f77ea80cc88996711575667608a2cd1b47f3d1145508a?s=96&d=mm&r=g","contentUrl":"https:\/\/secure.gravatar.com\/avatar\/c88515018a25fd646d9f77ea80cc88996711575667608a2cd1b47f3d1145508a?s=96&d=mm&r=g","caption":"selectednews"},"url":"https:\/\/selectednews.info\/pl\/author\/pt\/"}]}},"_links":{"self":[{"href":"https:\/\/selectednews.info\/pl\/wp-json\/wp\/v2\/posts\/7547","targetHints":{"allow":["GET"]}}],"collection":[{"href":"https:\/\/selectednews.info\/pl\/wp-json\/wp\/v2\/posts"}],"about":[{"href":"https:\/\/selectednews.info\/pl\/wp-json\/wp\/v2\/types\/post"}],"author":[{"embeddable":true,"href":"https:\/\/selectednews.info\/pl\/wp-json\/wp\/v2\/users\/2"}],"replies":[{"embeddable":true,"href":"https:\/\/selectednews.info\/pl\/wp-json\/wp\/v2\/comments?post=7547"}],"version-history":[{"count":1,"href":"https:\/\/selectednews.info\/pl\/wp-json\/wp\/v2\/posts\/7547\/revisions"}],"predecessor-version":[{"id":7549,"href":"https:\/\/selectednews.info\/pl\/wp-json\/wp\/v2\/posts\/7547\/revisions\/7549"}],"wp:featuredmedia":[{"embeddable":true,"href":"https:\/\/selectednews.info\/pl\/wp-json\/wp\/v2\/media\/7548"}],"wp:attachment":[{"href":"https:\/\/selectednews.info\/pl\/wp-json\/wp\/v2\/media?parent=7547"}],"wp:term":[{"taxonomy":"category","embeddable":true,"href":"https:\/\/selectednews.info\/pl\/wp-json\/wp\/v2\/categories?post=7547"},{"taxonomy":"post_tag","embeddable":true,"href":"https:\/\/selectednews.info\/pl\/wp-json\/wp\/v2\/tags?post=7547"}],"curies":[{"name":"wp","href":"https:\/\/api.w.org\/{rel}","templated":true}]}}