{"id":7553,"date":"2021-06-29T17:03:27","date_gmt":"2021-06-29T14:03:27","guid":{"rendered":"https:\/\/selectednews.info\/pl\/koronawirus-a-gospodarka-tarcza-finansowa-mateusz-morawiecki-o-zaniechaniu-poboru-podatku-od-umorzonej-czesci-dotacji-z-tarczy-finansowej\/"},"modified":"2021-06-29T17:03:33","modified_gmt":"2021-06-29T14:03:33","slug":"koronawirus-a-gospodarka-tarcza-finansowa-mateusz-morawiecki-o-zaniechaniu-poboru-podatku-od-umorzonej-czesci-dotacji-z-tarczy-finansowej","status":"publish","type":"post","link":"https:\/\/selectednews.info\/pl\/koronawirus-a-gospodarka-tarcza-finansowa-mateusz-morawiecki-o-zaniechaniu-poboru-podatku-od-umorzonej-czesci-dotacji-z-tarczy-finansowej\/","title":{"rendered":"Koronawirus a gospodarka. Tarcza finansowa &#8211; Mateusz Morawiecki o zaniechaniu poboru podatku od umorzonej cz\u0119\u015bci dotacji z tarczy finansowej"},"content":{"rendered":"<p>Podj\u0105\u0142em decyzj\u0119, by zaniecha\u0107 w ca\u0142o\u015bci poboru podatku od umorzonej cz\u0119\u015bci dotacji z tarczy finansowej &#8211; poinformowa\u0142 we wtorek premier Mateusz Morawiecki. Jak wskaza\u0142, &#8222;to jest kolejny zastrzyk 10 miliard\u00f3w z\u0142otych z bud\u017cetu pa\u0144stwa dla przedsi\u0119biorc\u00f3w&#8221;.Premier Mateusz Morawiecki podczas wtorkowej konferencji prasowej podkre\u015bli\u0142, \u017ce &#8222;zw\u0142aszcza w tym trudnym okresie powolnego wychodzenia z COVID-19 wsparcie dla gospodarki jest niezb\u0119dne&#8221;. &#8211; Dlatego te\u017c po konsultacjach z organizacjami przedsi\u0119biorc\u00f3w podj\u0105\u0142em decyzj\u0119, by zaniecha\u0107 w ca\u0142o\u015bci poboru podatku od umorzonej cz\u0119\u015bci dotacji z tarczy finansowej \u2013 poinformowa\u0142 szef rz\u0105du.&#13;- To jest kolejny zastrzyk 10 miliard\u00f3w z\u0142otych z bud\u017cetu pa\u0144stwa dla przedsi\u0119biorc\u00f3w na ich lepszy rozw\u00f3j, na planowanie perspektyw rozwojowych w d\u0142u\u017cszym horyzoncie czasowym \u2013 wskaza\u0142 premier.Jak m\u00f3wi\u0142, &#8222;to sprawa, kt\u00f3ra w bud\u017cecie pa\u0144stwa polskiego zostanie zaabsorbowana&#8221;. &#8211; Poniewa\u017c te podatki mog\u0142yby trafi\u0107 do bud\u017cetu, ale zdaj\u0119 sobie spraw\u0119 z tego, \u017ce te przedsi\u0119biorstwa mikro, ma\u0142e, \u015brednie, du\u017ce i najwi\u0119ksze, kt\u00f3re przechodzi\u0142y w trudny spos\u00f3b COVID-19 od strony operacyjnej, maj\u0105 dzisiaj unikaln\u0105 szans\u0119, maj\u0105 rosn\u0105cy zam\u00f3wie\u0144 (&#8230;) i gdy teraz musia\u0142yby oddawa\u0107 nale\u017cn\u0105 cz\u0119\u015b\u0107 podatku, to mog\u0142oby to nieco spowolni\u0107 ich rozw\u00f3j \u2013\u00a0stwierdzi\u0142 Mateusz Morawiecki.OGL\u0104DAJ TVN24 W INTERNECIE W TVN24 GO &gt;&gt;&gt;Tarcze Polskiego Funduszu RozwojuW ramach Tarczy Polskiego Funduszu Rozwoju 1.0, uruchomionej podczas wiosennej fali pandemii w ubieg\u0142ym roku, Fundusz wyp\u0142aci\u0142 61 mld z\u0142. Wsparcie trafi\u0142o do 348 tys. przedsi\u0119biorstw z ca\u0142ej Polski, zatrudniaj\u0105cych ponad 3,2 mln pracownik\u00f3w.Wiceprezes PFR Bartosz Marczuk wskazywa\u0142 w ubieg\u0142ym tygodniu, \u017ce firmom mo\u017ce zosta\u0107 umorzonych \u0142\u0105cznie nawet 45 miliard\u00f3w z\u0142otych z subwencji z Tarczy PFR 1.0. &#8211; W czerwcu wydali\u015bmy ju\u017c ponad 130 tysi\u0119cy decyzji o umorzeniu subwencji z Tarczy PFR 1.0 na kwot\u0119 blisko 17 miliard\u00f3w z\u0142otych. Na tej podstawie mo\u017cna szacowa\u0107, \u017ce z 61 miliard\u00f3w z\u0142otych udzielonego wsparcia z Tarczy PFR 1.0, umorzymy firmom w sumie 42-45 miliard\u00f3w z\u0142otych, czyli o oko\u0142o 4-6 miliard\u00f3w z\u0142otych wi\u0119cej, ni\u017c zak\u0142adali\u015bmy \u2013 wskazywa\u0142 wiceprezes PFR.W obliczu drugiej fali pandemii rz\u0105d i PFR przygotowa\u0142y te\u017c Tarcz\u0119 Finansow\u0105 2.0. Celem tego programu by\u0142a pomoc finansowa dla firm z bran\u017c, kt\u00f3re musia\u0142y ograniczy\u0107 dzia\u0142alno\u015b\u0107 w zwi\u0105zku z sytuacj\u0105 epidemiologiczn\u0105 zwi\u0105zan\u0105 z COVID-19.Warto\u015b\u0107 pomocy dla mikro, ma\u0142ych i \u015brednich firm z Tarczy 1.0 i 2.0 wynios\u0142a 68,1 mld z\u0142. Pomoc trafi\u0142a od oko\u0142o 360 tys. firm. \u015arednia subwencja dla mikrofirmy zatrudniaj\u0105cej do dziewi\u0119ciu os\u00f3b wynios\u0142a oko\u0142o 80 tys. z\u0142, a dla firm z sektora M\u015aP, zatrudniaj\u0105cych od 10 do 249 os\u00f3b &#8211; oko\u0142o 550 tys. z\u0142.\u0179r\u00f3d\u0142o zdj\u0119cia g\u0142\u00f3wnego:\u00a0Shutterstock<br \/>\n<br \/>\n<!--noindex--><br \/>\n<a href=\"https:\/\/tvn24.pl\/biznes\/dlafirm\/koronawirus-a-gospodarka-tarcza-finansowa-mateusz-morawiecki-o-zaniechaniu-poboru-podatku-od-umorzonej-czesci-dotacji-z-tarczy-finansowej-5135047?source=rss\" rel=\"nofollow\">Source link <\/a><br \/>\n<!--\/noindex--><\/p>\n","protected":false},"excerpt":{"rendered":"<p>Podj\u0105\u0142em decyzj\u0119, by zaniecha\u0107 w ca\u0142o\u015bci poboru podatku od umorzonej cz\u0119\u015bci dotacji z tarczy finansowej &#8211; poinformowa\u0142 we wtorek premier Mateusz Morawiecki. Jak wskaza\u0142, &#8222;to jest kolejny zastrzyk 10 miliard\u00f3w z\u0142otych z bud\u017cetu pa\u0144stwa dla przedsi\u0119biorc\u00f3w&#8221;.Premier Mateusz Morawiecki podczas wtorkowej konferencji prasowej podkre\u015bli\u0142, \u017ce &#8222;zw\u0142aszcza w tym trudnym okresie powolnego wychodzenia z COVID-19 wsparcie dla [&hellip;]<\/p>\n","protected":false},"author":2,"featured_media":7554,"comment_status":"open","ping_status":"open","sticky":false,"template":"","format":"standard","meta":{"footnotes":""},"categories":[1],"tags":[],"class_list":["post-7553","post","type-post","status-publish","format-standard","has-post-thumbnail","hentry","category-wiadomosci-biznesowe"],"yoast_head":"<!-- This site is optimized with the Yoast SEO plugin v27.4 - https:\/\/yoast.com\/product\/yoast-seo-wordpress\/ -->\n<title>Koronawirus a gospodarka. Tarcza finansowa - Mateusz Morawiecki o zaniechaniu poboru podatku od umorzonej cz\u0119\u015bci dotacji z tarczy finansowej - Selected News<\/title>\n<meta name=\"robots\" content=\"index, follow, max-snippet:-1, max-image-preview:large, max-video-preview:-1\" \/>\n<link rel=\"canonical\" href=\"https:\/\/selectednews.info\/pl\/koronawirus-a-gospodarka-tarcza-finansowa-mateusz-morawiecki-o-zaniechaniu-poboru-podatku-od-umorzonej-czesci-dotacji-z-tarczy-finansowej\/\" \/>\n<meta property=\"og:locale\" content=\"pl_PL\" \/>\n<meta property=\"og:type\" content=\"article\" \/>\n<meta property=\"og:title\" content=\"Koronawirus a gospodarka. Tarcza finansowa - Mateusz Morawiecki o zaniechaniu poboru podatku od umorzonej cz\u0119\u015bci dotacji z tarczy finansowej - Selected News\" \/>\n<meta property=\"og:description\" content=\"Podj\u0105\u0142em decyzj\u0119, by zaniecha\u0107 w ca\u0142o\u015bci poboru podatku od umorzonej cz\u0119\u015bci dotacji z tarczy finansowej &#8211; poinformowa\u0142 we wtorek premier Mateusz Morawiecki. Jak wskaza\u0142, &#8222;to jest kolejny zastrzyk 10 miliard\u00f3w z\u0142otych z bud\u017cetu pa\u0144stwa dla przedsi\u0119biorc\u00f3w&#8221;.Premier Mateusz Morawiecki podczas wtorkowej konferencji prasowej podkre\u015bli\u0142, \u017ce &#8222;zw\u0142aszcza w tym trudnym okresie powolnego wychodzenia z COVID-19 wsparcie dla [&hellip;]\" \/>\n<meta property=\"og:url\" content=\"https:\/\/selectednews.info\/pl\/koronawirus-a-gospodarka-tarcza-finansowa-mateusz-morawiecki-o-zaniechaniu-poboru-podatku-od-umorzonej-czesci-dotacji-z-tarczy-finansowej\/\" \/>\n<meta property=\"og:site_name\" content=\"Selected News\" \/>\n<meta property=\"article:published_time\" content=\"2021-06-29T14:03:27+00:00\" \/>\n<meta property=\"article:modified_time\" content=\"2021-06-29T14:03:33+00:00\" \/>\n<meta property=\"og:image\" content=\"https:\/\/selectednews.info\/pl\/wp-content\/uploads\/sites\/6\/2021\/06\/Koronawirus-a-gospodarka-Tarcza-finansowa-Mateusz-Morawiecki-o-zaniechaniu.jpeg\" \/>\n\t<meta property=\"og:image:width\" content=\"1280\" \/>\n\t<meta property=\"og:image:height\" content=\"719\" \/>\n\t<meta property=\"og:image:type\" content=\"image\/jpeg\" \/>\n<meta name=\"author\" content=\"selectednews\" \/>\n<meta name=\"twitter:card\" content=\"summary_large_image\" \/>\n<meta name=\"twitter:label1\" content=\"Napisane przez\" \/>\n\t<meta name=\"twitter:data1\" content=\"selectednews\" \/>\n\t<meta name=\"twitter:label2\" content=\"Szacowany czas czytania\" \/>\n\t<meta name=\"twitter:data2\" content=\"2 minuty\" \/>\n<script type=\"application\/ld+json\" class=\"yoast-schema-graph\">{\"@context\":\"https:\\\/\\\/schema.org\",\"@graph\":[{\"@type\":\"Article\",\"@id\":\"https:\\\/\\\/selectednews.info\\\/pl\\\/koronawirus-a-gospodarka-tarcza-finansowa-mateusz-morawiecki-o-zaniechaniu-poboru-podatku-od-umorzonej-czesci-dotacji-z-tarczy-finansowej\\\/#article\",\"isPartOf\":{\"@id\":\"https:\\\/\\\/selectednews.info\\\/pl\\\/koronawirus-a-gospodarka-tarcza-finansowa-mateusz-morawiecki-o-zaniechaniu-poboru-podatku-od-umorzonej-czesci-dotacji-z-tarczy-finansowej\\\/\"},\"author\":{\"name\":\"selectednews\",\"@id\":\"https:\\\/\\\/selectednews.info\\\/pl\\\/#\\\/schema\\\/person\\\/c8a0f1bfe64548cfb06c0529b0970068\"},\"headline\":\"Koronawirus a gospodarka. Tarcza finansowa &#8211; Mateusz Morawiecki o zaniechaniu poboru podatku od umorzonej cz\u0119\u015bci dotacji z tarczy finansowej\",\"datePublished\":\"2021-06-29T14:03:27+00:00\",\"dateModified\":\"2021-06-29T14:03:33+00:00\",\"mainEntityOfPage\":{\"@id\":\"https:\\\/\\\/selectednews.info\\\/pl\\\/koronawirus-a-gospodarka-tarcza-finansowa-mateusz-morawiecki-o-zaniechaniu-poboru-podatku-od-umorzonej-czesci-dotacji-z-tarczy-finansowej\\\/\"},\"wordCount\":501,\"commentCount\":0,\"image\":{\"@id\":\"https:\\\/\\\/selectednews.info\\\/pl\\\/koronawirus-a-gospodarka-tarcza-finansowa-mateusz-morawiecki-o-zaniechaniu-poboru-podatku-od-umorzonej-czesci-dotacji-z-tarczy-finansowej\\\/#primaryimage\"},\"thumbnailUrl\":\"https:\\\/\\\/selectednews.info\\\/pl\\\/wp-content\\\/uploads\\\/sites\\\/6\\\/2021\\\/06\\\/Koronawirus-a-gospodarka-Tarcza-finansowa-Mateusz-Morawiecki-o-zaniechaniu.jpeg\",\"articleSection\":[\"WIADOMO\u015aCI BIZNESOWE\"],\"inLanguage\":\"pl-PL\",\"potentialAction\":[{\"@type\":\"CommentAction\",\"name\":\"Comment\",\"target\":[\"https:\\\/\\\/selectednews.info\\\/pl\\\/koronawirus-a-gospodarka-tarcza-finansowa-mateusz-morawiecki-o-zaniechaniu-poboru-podatku-od-umorzonej-czesci-dotacji-z-tarczy-finansowej\\\/#respond\"]}]},{\"@type\":\"WebPage\",\"@id\":\"https:\\\/\\\/selectednews.info\\\/pl\\\/koronawirus-a-gospodarka-tarcza-finansowa-mateusz-morawiecki-o-zaniechaniu-poboru-podatku-od-umorzonej-czesci-dotacji-z-tarczy-finansowej\\\/\",\"url\":\"https:\\\/\\\/selectednews.info\\\/pl\\\/koronawirus-a-gospodarka-tarcza-finansowa-mateusz-morawiecki-o-zaniechaniu-poboru-podatku-od-umorzonej-czesci-dotacji-z-tarczy-finansowej\\\/\",\"name\":\"Koronawirus a gospodarka. Tarcza finansowa - Mateusz Morawiecki o zaniechaniu poboru podatku od umorzonej cz\u0119\u015bci dotacji z tarczy finansowej - Selected News\",\"isPartOf\":{\"@id\":\"https:\\\/\\\/selectednews.info\\\/pl\\\/#website\"},\"primaryImageOfPage\":{\"@id\":\"https:\\\/\\\/selectednews.info\\\/pl\\\/koronawirus-a-gospodarka-tarcza-finansowa-mateusz-morawiecki-o-zaniechaniu-poboru-podatku-od-umorzonej-czesci-dotacji-z-tarczy-finansowej\\\/#primaryimage\"},\"image\":{\"@id\":\"https:\\\/\\\/selectednews.info\\\/pl\\\/koronawirus-a-gospodarka-tarcza-finansowa-mateusz-morawiecki-o-zaniechaniu-poboru-podatku-od-umorzonej-czesci-dotacji-z-tarczy-finansowej\\\/#primaryimage\"},\"thumbnailUrl\":\"https:\\\/\\\/selectednews.info\\\/pl\\\/wp-content\\\/uploads\\\/sites\\\/6\\\/2021\\\/06\\\/Koronawirus-a-gospodarka-Tarcza-finansowa-Mateusz-Morawiecki-o-zaniechaniu.jpeg\",\"datePublished\":\"2021-06-29T14:03:27+00:00\",\"dateModified\":\"2021-06-29T14:03:33+00:00\",\"author\":{\"@id\":\"https:\\\/\\\/selectednews.info\\\/pl\\\/#\\\/schema\\\/person\\\/c8a0f1bfe64548cfb06c0529b0970068\"},\"breadcrumb\":{\"@id\":\"https:\\\/\\\/selectednews.info\\\/pl\\\/koronawirus-a-gospodarka-tarcza-finansowa-mateusz-morawiecki-o-zaniechaniu-poboru-podatku-od-umorzonej-czesci-dotacji-z-tarczy-finansowej\\\/#breadcrumb\"},\"inLanguage\":\"pl-PL\",\"potentialAction\":[{\"@type\":\"ReadAction\",\"target\":[\"https:\\\/\\\/selectednews.info\\\/pl\\\/koronawirus-a-gospodarka-tarcza-finansowa-mateusz-morawiecki-o-zaniechaniu-poboru-podatku-od-umorzonej-czesci-dotacji-z-tarczy-finansowej\\\/\"]}]},{\"@type\":\"ImageObject\",\"inLanguage\":\"pl-PL\",\"@id\":\"https:\\\/\\\/selectednews.info\\\/pl\\\/koronawirus-a-gospodarka-tarcza-finansowa-mateusz-morawiecki-o-zaniechaniu-poboru-podatku-od-umorzonej-czesci-dotacji-z-tarczy-finansowej\\\/#primaryimage\",\"url\":\"https:\\\/\\\/selectednews.info\\\/pl\\\/wp-content\\\/uploads\\\/sites\\\/6\\\/2021\\\/06\\\/Koronawirus-a-gospodarka-Tarcza-finansowa-Mateusz-Morawiecki-o-zaniechaniu.jpeg\",\"contentUrl\":\"https:\\\/\\\/selectednews.info\\\/pl\\\/wp-content\\\/uploads\\\/sites\\\/6\\\/2021\\\/06\\\/Koronawirus-a-gospodarka-Tarcza-finansowa-Mateusz-Morawiecki-o-zaniechaniu.jpeg\",\"width\":1280,\"height\":719,\"caption\":\"Koronawirus a gospodarka. Tarcza finansowa - Mateusz Morawiecki o zaniechaniu poboru podatku od umorzonej cz\u0119\u015bci dotacji z tarczy finansowej\"},{\"@type\":\"BreadcrumbList\",\"@id\":\"https:\\\/\\\/selectednews.info\\\/pl\\\/koronawirus-a-gospodarka-tarcza-finansowa-mateusz-morawiecki-o-zaniechaniu-poboru-podatku-od-umorzonej-czesci-dotacji-z-tarczy-finansowej\\\/#breadcrumb\",\"itemListElement\":[{\"@type\":\"ListItem\",\"position\":1,\"name\":\"\u0413\u043b\u0430\u0432\u043d\u0430\u044f \u0441\u0442\u0440\u0430\u043d\u0438\u0446\u0430\",\"item\":\"https:\\\/\\\/selectednews.info\\\/pl\\\/\"},{\"@type\":\"ListItem\",\"position\":2,\"name\":\"Koronawirus a gospodarka. Tarcza finansowa &#8211; Mateusz Morawiecki o zaniechaniu poboru podatku od umorzonej cz\u0119\u015bci dotacji z tarczy finansowej\"}]},{\"@type\":\"WebSite\",\"@id\":\"https:\\\/\\\/selectednews.info\\\/pl\\\/#website\",\"url\":\"https:\\\/\\\/selectednews.info\\\/pl\\\/\",\"name\":\"Selected News\",\"description\":\"Selected News Polska\",\"potentialAction\":[{\"@type\":\"SearchAction\",\"target\":{\"@type\":\"EntryPoint\",\"urlTemplate\":\"https:\\\/\\\/selectednews.info\\\/pl\\\/?s={search_term_string}\"},\"query-input\":{\"@type\":\"PropertyValueSpecification\",\"valueRequired\":true,\"valueName\":\"search_term_string\"}}],\"inLanguage\":\"pl-PL\"},{\"@type\":\"Person\",\"@id\":\"https:\\\/\\\/selectednews.info\\\/pl\\\/#\\\/schema\\\/person\\\/c8a0f1bfe64548cfb06c0529b0970068\",\"name\":\"selectednews\",\"image\":{\"@type\":\"ImageObject\",\"inLanguage\":\"pl-PL\",\"@id\":\"https:\\\/\\\/secure.gravatar.com\\\/avatar\\\/c88515018a25fd646d9f77ea80cc88996711575667608a2cd1b47f3d1145508a?s=96&d=mm&r=g\",\"url\":\"https:\\\/\\\/secure.gravatar.com\\\/avatar\\\/c88515018a25fd646d9f77ea80cc88996711575667608a2cd1b47f3d1145508a?s=96&d=mm&r=g\",\"contentUrl\":\"https:\\\/\\\/secure.gravatar.com\\\/avatar\\\/c88515018a25fd646d9f77ea80cc88996711575667608a2cd1b47f3d1145508a?s=96&d=mm&r=g\",\"caption\":\"selectednews\"},\"url\":\"https:\\\/\\\/selectednews.info\\\/pl\\\/author\\\/pt\\\/\"}]}<\/script>\n<!-- \/ Yoast SEO plugin. -->","yoast_head_json":{"title":"Koronawirus a gospodarka. Tarcza finansowa - Mateusz Morawiecki o zaniechaniu poboru podatku od umorzonej cz\u0119\u015bci dotacji z tarczy finansowej - Selected News","robots":{"index":"index","follow":"follow","max-snippet":"max-snippet:-1","max-image-preview":"max-image-preview:large","max-video-preview":"max-video-preview:-1"},"canonical":"https:\/\/selectednews.info\/pl\/koronawirus-a-gospodarka-tarcza-finansowa-mateusz-morawiecki-o-zaniechaniu-poboru-podatku-od-umorzonej-czesci-dotacji-z-tarczy-finansowej\/","og_locale":"pl_PL","og_type":"article","og_title":"Koronawirus a gospodarka. Tarcza finansowa - Mateusz Morawiecki o zaniechaniu poboru podatku od umorzonej cz\u0119\u015bci dotacji z tarczy finansowej - Selected News","og_description":"Podj\u0105\u0142em decyzj\u0119, by zaniecha\u0107 w ca\u0142o\u015bci poboru podatku od umorzonej cz\u0119\u015bci dotacji z tarczy finansowej &#8211; poinformowa\u0142 we wtorek premier Mateusz Morawiecki. Jak wskaza\u0142, &#8222;to jest kolejny zastrzyk 10 miliard\u00f3w z\u0142otych z bud\u017cetu pa\u0144stwa dla przedsi\u0119biorc\u00f3w&#8221;.Premier Mateusz Morawiecki podczas wtorkowej konferencji prasowej podkre\u015bli\u0142, \u017ce &#8222;zw\u0142aszcza w tym trudnym okresie powolnego wychodzenia z COVID-19 wsparcie dla [&hellip;]","og_url":"https:\/\/selectednews.info\/pl\/koronawirus-a-gospodarka-tarcza-finansowa-mateusz-morawiecki-o-zaniechaniu-poboru-podatku-od-umorzonej-czesci-dotacji-z-tarczy-finansowej\/","og_site_name":"Selected News","article_published_time":"2021-06-29T14:03:27+00:00","article_modified_time":"2021-06-29T14:03:33+00:00","og_image":[{"width":1280,"height":719,"url":"https:\/\/selectednews.info\/pl\/wp-content\/uploads\/sites\/6\/2021\/06\/Koronawirus-a-gospodarka-Tarcza-finansowa-Mateusz-Morawiecki-o-zaniechaniu.jpeg","type":"image\/jpeg"}],"author":"selectednews","twitter_card":"summary_large_image","twitter_misc":{"Napisane przez":"selectednews","Szacowany czas czytania":"2 minuty"},"schema":{"@context":"https:\/\/schema.org","@graph":[{"@type":"Article","@id":"https:\/\/selectednews.info\/pl\/koronawirus-a-gospodarka-tarcza-finansowa-mateusz-morawiecki-o-zaniechaniu-poboru-podatku-od-umorzonej-czesci-dotacji-z-tarczy-finansowej\/#article","isPartOf":{"@id":"https:\/\/selectednews.info\/pl\/koronawirus-a-gospodarka-tarcza-finansowa-mateusz-morawiecki-o-zaniechaniu-poboru-podatku-od-umorzonej-czesci-dotacji-z-tarczy-finansowej\/"},"author":{"name":"selectednews","@id":"https:\/\/selectednews.info\/pl\/#\/schema\/person\/c8a0f1bfe64548cfb06c0529b0970068"},"headline":"Koronawirus a gospodarka. Tarcza finansowa &#8211; Mateusz Morawiecki o zaniechaniu poboru podatku od umorzonej cz\u0119\u015bci dotacji z tarczy finansowej","datePublished":"2021-06-29T14:03:27+00:00","dateModified":"2021-06-29T14:03:33+00:00","mainEntityOfPage":{"@id":"https:\/\/selectednews.info\/pl\/koronawirus-a-gospodarka-tarcza-finansowa-mateusz-morawiecki-o-zaniechaniu-poboru-podatku-od-umorzonej-czesci-dotacji-z-tarczy-finansowej\/"},"wordCount":501,"commentCount":0,"image":{"@id":"https:\/\/selectednews.info\/pl\/koronawirus-a-gospodarka-tarcza-finansowa-mateusz-morawiecki-o-zaniechaniu-poboru-podatku-od-umorzonej-czesci-dotacji-z-tarczy-finansowej\/#primaryimage"},"thumbnailUrl":"https:\/\/selectednews.info\/pl\/wp-content\/uploads\/sites\/6\/2021\/06\/Koronawirus-a-gospodarka-Tarcza-finansowa-Mateusz-Morawiecki-o-zaniechaniu.jpeg","articleSection":["WIADOMO\u015aCI BIZNESOWE"],"inLanguage":"pl-PL","potentialAction":[{"@type":"CommentAction","name":"Comment","target":["https:\/\/selectednews.info\/pl\/koronawirus-a-gospodarka-tarcza-finansowa-mateusz-morawiecki-o-zaniechaniu-poboru-podatku-od-umorzonej-czesci-dotacji-z-tarczy-finansowej\/#respond"]}]},{"@type":"WebPage","@id":"https:\/\/selectednews.info\/pl\/koronawirus-a-gospodarka-tarcza-finansowa-mateusz-morawiecki-o-zaniechaniu-poboru-podatku-od-umorzonej-czesci-dotacji-z-tarczy-finansowej\/","url":"https:\/\/selectednews.info\/pl\/koronawirus-a-gospodarka-tarcza-finansowa-mateusz-morawiecki-o-zaniechaniu-poboru-podatku-od-umorzonej-czesci-dotacji-z-tarczy-finansowej\/","name":"Koronawirus a gospodarka. Tarcza finansowa - Mateusz Morawiecki o zaniechaniu poboru podatku od umorzonej cz\u0119\u015bci dotacji z tarczy finansowej - Selected News","isPartOf":{"@id":"https:\/\/selectednews.info\/pl\/#website"},"primaryImageOfPage":{"@id":"https:\/\/selectednews.info\/pl\/koronawirus-a-gospodarka-tarcza-finansowa-mateusz-morawiecki-o-zaniechaniu-poboru-podatku-od-umorzonej-czesci-dotacji-z-tarczy-finansowej\/#primaryimage"},"image":{"@id":"https:\/\/selectednews.info\/pl\/koronawirus-a-gospodarka-tarcza-finansowa-mateusz-morawiecki-o-zaniechaniu-poboru-podatku-od-umorzonej-czesci-dotacji-z-tarczy-finansowej\/#primaryimage"},"thumbnailUrl":"https:\/\/selectednews.info\/pl\/wp-content\/uploads\/sites\/6\/2021\/06\/Koronawirus-a-gospodarka-Tarcza-finansowa-Mateusz-Morawiecki-o-zaniechaniu.jpeg","datePublished":"2021-06-29T14:03:27+00:00","dateModified":"2021-06-29T14:03:33+00:00","author":{"@id":"https:\/\/selectednews.info\/pl\/#\/schema\/person\/c8a0f1bfe64548cfb06c0529b0970068"},"breadcrumb":{"@id":"https:\/\/selectednews.info\/pl\/koronawirus-a-gospodarka-tarcza-finansowa-mateusz-morawiecki-o-zaniechaniu-poboru-podatku-od-umorzonej-czesci-dotacji-z-tarczy-finansowej\/#breadcrumb"},"inLanguage":"pl-PL","potentialAction":[{"@type":"ReadAction","target":["https:\/\/selectednews.info\/pl\/koronawirus-a-gospodarka-tarcza-finansowa-mateusz-morawiecki-o-zaniechaniu-poboru-podatku-od-umorzonej-czesci-dotacji-z-tarczy-finansowej\/"]}]},{"@type":"ImageObject","inLanguage":"pl-PL","@id":"https:\/\/selectednews.info\/pl\/koronawirus-a-gospodarka-tarcza-finansowa-mateusz-morawiecki-o-zaniechaniu-poboru-podatku-od-umorzonej-czesci-dotacji-z-tarczy-finansowej\/#primaryimage","url":"https:\/\/selectednews.info\/pl\/wp-content\/uploads\/sites\/6\/2021\/06\/Koronawirus-a-gospodarka-Tarcza-finansowa-Mateusz-Morawiecki-o-zaniechaniu.jpeg","contentUrl":"https:\/\/selectednews.info\/pl\/wp-content\/uploads\/sites\/6\/2021\/06\/Koronawirus-a-gospodarka-Tarcza-finansowa-Mateusz-Morawiecki-o-zaniechaniu.jpeg","width":1280,"height":719,"caption":"Koronawirus a gospodarka. Tarcza finansowa - Mateusz Morawiecki o zaniechaniu poboru podatku od umorzonej cz\u0119\u015bci dotacji z tarczy finansowej"},{"@type":"BreadcrumbList","@id":"https:\/\/selectednews.info\/pl\/koronawirus-a-gospodarka-tarcza-finansowa-mateusz-morawiecki-o-zaniechaniu-poboru-podatku-od-umorzonej-czesci-dotacji-z-tarczy-finansowej\/#breadcrumb","itemListElement":[{"@type":"ListItem","position":1,"name":"\u0413\u043b\u0430\u0432\u043d\u0430\u044f \u0441\u0442\u0440\u0430\u043d\u0438\u0446\u0430","item":"https:\/\/selectednews.info\/pl\/"},{"@type":"ListItem","position":2,"name":"Koronawirus a gospodarka. Tarcza finansowa &#8211; Mateusz Morawiecki o zaniechaniu poboru podatku od umorzonej cz\u0119\u015bci dotacji z tarczy finansowej"}]},{"@type":"WebSite","@id":"https:\/\/selectednews.info\/pl\/#website","url":"https:\/\/selectednews.info\/pl\/","name":"Selected News","description":"Selected News Polska","potentialAction":[{"@type":"SearchAction","target":{"@type":"EntryPoint","urlTemplate":"https:\/\/selectednews.info\/pl\/?s={search_term_string}"},"query-input":{"@type":"PropertyValueSpecification","valueRequired":true,"valueName":"search_term_string"}}],"inLanguage":"pl-PL"},{"@type":"Person","@id":"https:\/\/selectednews.info\/pl\/#\/schema\/person\/c8a0f1bfe64548cfb06c0529b0970068","name":"selectednews","image":{"@type":"ImageObject","inLanguage":"pl-PL","@id":"https:\/\/secure.gravatar.com\/avatar\/c88515018a25fd646d9f77ea80cc88996711575667608a2cd1b47f3d1145508a?s=96&d=mm&r=g","url":"https:\/\/secure.gravatar.com\/avatar\/c88515018a25fd646d9f77ea80cc88996711575667608a2cd1b47f3d1145508a?s=96&d=mm&r=g","contentUrl":"https:\/\/secure.gravatar.com\/avatar\/c88515018a25fd646d9f77ea80cc88996711575667608a2cd1b47f3d1145508a?s=96&d=mm&r=g","caption":"selectednews"},"url":"https:\/\/selectednews.info\/pl\/author\/pt\/"}]}},"_links":{"self":[{"href":"https:\/\/selectednews.info\/pl\/wp-json\/wp\/v2\/posts\/7553","targetHints":{"allow":["GET"]}}],"collection":[{"href":"https:\/\/selectednews.info\/pl\/wp-json\/wp\/v2\/posts"}],"about":[{"href":"https:\/\/selectednews.info\/pl\/wp-json\/wp\/v2\/types\/post"}],"author":[{"embeddable":true,"href":"https:\/\/selectednews.info\/pl\/wp-json\/wp\/v2\/users\/2"}],"replies":[{"embeddable":true,"href":"https:\/\/selectednews.info\/pl\/wp-json\/wp\/v2\/comments?post=7553"}],"version-history":[{"count":1,"href":"https:\/\/selectednews.info\/pl\/wp-json\/wp\/v2\/posts\/7553\/revisions"}],"predecessor-version":[{"id":7555,"href":"https:\/\/selectednews.info\/pl\/wp-json\/wp\/v2\/posts\/7553\/revisions\/7555"}],"wp:featuredmedia":[{"embeddable":true,"href":"https:\/\/selectednews.info\/pl\/wp-json\/wp\/v2\/media\/7554"}],"wp:attachment":[{"href":"https:\/\/selectednews.info\/pl\/wp-json\/wp\/v2\/media?parent=7553"}],"wp:term":[{"taxonomy":"category","embeddable":true,"href":"https:\/\/selectednews.info\/pl\/wp-json\/wp\/v2\/categories?post=7553"},{"taxonomy":"post_tag","embeddable":true,"href":"https:\/\/selectednews.info\/pl\/wp-json\/wp\/v2\/tags?post=7553"}],"curies":[{"name":"wp","href":"https:\/\/api.w.org\/{rel}","templated":true}]}}