{"id":7556,"date":"2021-06-30T17:05:11","date_gmt":"2021-06-30T14:05:11","guid":{"rendered":"https:\/\/selectednews.info\/pl\/kredyty-frankowe-jak-zobowiazania-wplynely-na-sytuacje-najmlodszych-stanowisko-rzecznika-praw-dziecka\/"},"modified":"2021-06-30T17:05:15","modified_gmt":"2021-06-30T14:05:15","slug":"kredyty-frankowe-jak-zobowiazania-wplynely-na-sytuacje-najmlodszych-stanowisko-rzecznika-praw-dziecka","status":"publish","type":"post","link":"https:\/\/selectednews.info\/pl\/kredyty-frankowe-jak-zobowiazania-wplynely-na-sytuacje-najmlodszych-stanowisko-rzecznika-praw-dziecka\/","title":{"rendered":"Kredyty frankowe. Jak zobowi\u0105zania wp\u0142yn\u0119\u0142y na sytuacj\u0119 najm\u0142odszych? Stanowisko Rzecznika Praw Dziecka"},"content":{"rendered":"<p>Rzecznik praw dziecka Miko\u0142aj Pawlak wyda\u0142 opini\u0119 dla S\u0105du Najwy\u017cszego dotycz\u0105c\u0105 kredyt\u00f3w walutowych. Zdaniem RPD podczas rozstrzygania sprawy kredyt\u00f3w walutowych SN powinien zbada\u0107, czy umowy zawieraj\u0105ce niedozwolone klauzule i prowadz\u0105ce do zubo\u017cenia bior\u0105cych kredyty rodzin nie doprowadzi\u0142y do wyzysku dzieci.Jak zaznaczy\u0142 RPD, zgodnie z art. 72 ust. 1 Konstytucji RP pa\u0144stwo zapewnia ochron\u0119 praw dziecka, a ka\u017cdy ma prawo \u017c\u0105da\u0107 od organ\u00f3w w\u0142adzy publicznej ochrony dziecka mi\u0119dzy innymi przed wyzyskiem.Stanowisko Rzecznika&#8221;Przepis ten w przeciwie\u0144stwie do pozosta\u0142ych przepis\u00f3w Konstytucji okre\u015blaj\u0105cych wolno\u015bci i prawa ekonomiczne, socjalne i kulturalne wprowadza nie tylko samo prawo, ale r\u00f3wnie\u017c skorelowane z tym prawem \u017c\u0105danie aktywnego dzia\u0142ania w\u0142adz publicznych, w tym s\u0105d\u00f3w&#8221; &#8211; oceni\u0142 Pawlak.Doda\u0142, \u017ce w my\u015bl brzmienia art. 72 ust. 2 Konstytucji RP powy\u017cszy obowi\u0105zek ulega dalszemu wzmocnieniu w przypadku dziecka pozbawionego opieki rodzicielskiej, w stosunku do kt\u00f3rego dzia\u0142ania w\u0142adz publicznych musz\u0105 przekracza\u0107 zakres dzia\u0142a\u0144 niezb\u0119dnych dla samej ochrony i wkracza\u0107 w obszar aktywnej pomocy.OGL\u0104DAJ TVN24 W INTERNECIE W TVN24 GO &gt;&gt;&gt;Zdaniem RPD &#8222;ten przepis Konstytucji zosta\u0142 celowo umieszczony przed art. 76 Konstytucji, kt\u00f3ry wprowadza ochron\u0119 konsument\u00f3w przed dzia\u0142aniami zagra\u017caj\u0105cymi ich zdrowiu, prywatno\u015bci i bezpiecze\u0144stwu oraz przed nieuczciwymi praktykami rynkowymi&#8221;.&#8221;Z powy\u017cszego zestawienia tre\u015bci i umiejscowienia przepis\u00f3w konstytucyjnych wynika, \u017ce prawa dziecka powinny znajdowa\u0107 silniejsz\u0105 ochron\u0119 ni\u017c same prawa konsumenta poprzez szerszy zakres przedmiotowy jak i bezpo\u015bredni\u0105 skuteczno\u015b\u0107 przepisu oraz jego bezwarunkowy charakter&#8221; &#8211; wyja\u015bni\u0142.Wp\u0142yw kredyt\u00f3w na\u00a0sytuacj\u0119 dzieciJak napisa\u0142 Pawlak, zawierane umowy dotycz\u0105ce kredyt\u00f3w walutowych by\u0142y tworzone z naruszeniem prawa, zawieraj\u0105c m.in. klauzule abuzywne i skutkuj\u0105c wielokrotnie doprowadzeniem rodzin do poziomu ub\u00f3stwa, &#8222;co w praktyce ko\u0144czy\u0142o si\u0119 tak\u017ce zabraniem dzieci z domu rodzinnego i ustanowieniem instytucjonalnej pieczy zast\u0119pczej \u2013 a czego nale\u017cy zdecydowanie unika\u0107, maj\u0105c na uwadze dyspozycje art. 48 ust. 1 i 72 ust. 1 Konstytucji RP&#8221;.&#8221;Doda\u0107 nale\u017cy, \u017ce w tego typu sprawach, np. egzekucyjnych czy spadkowych rzecznik bierze aktywny udzia\u0142 na rzecz ochrony dzieci&#8221; &#8211; zaznaczy\u0142.Ponadto &#8211; jak podkre\u015bli\u0142 RPD &#8211; &#8222;dodatkowe postanowienia umowy takie jak klauzule indeksacyjne lub denominacyjne spowodowa\u0142y, \u017ce w wyniku zmian otoczenia spo\u0142eczno-gospodarczego tre\u015b\u0107 \u015bwiadcze\u0144 przewidzianych formalnie w umowie oderwa\u0142a si\u0119 od celu ekonomicznego, w jakim ta umowa zosta\u0142a zawarta&#8221;.&#8221;Wysoko\u015b\u0107 obci\u0105\u017cenia kredytowego konsumenta sta\u0142a si\u0119 ca\u0142kowicie niemo\u017cliwa do przewidzenia&#8221; &#8211; oceni\u0142.Wed\u0142ug Pawlaka &#8222;okre\u015blaj\u0105c tre\u015b\u0107 \u015bwiadcze\u0144 konsumenta S\u0105d powinien bra\u0107 pod uwag\u0119 pewne standardy rynkowe najlepiej odzwierciedlaj\u0105ce pe\u0142ny &#8222;koszt udost\u0119pnienia kapita\u0142u&#8221;, tj. koszt kwoty kapita\u0142u podlegaj\u0105cej zwrotowi, koszt odsetek i koszt op\u0142at dodatkowych w okresie kredytowania bazuj\u0105c na kwotach kredyt\u00f3w udzielonych w z\u0142otych polskich w tej samej kwocie&#8221;.&#8221;Koszt udost\u0119pnienia kapita\u0142u mo\u017ce by\u0107 ustalany w oparciu o \u015bredni\u0105 z koszyka kredyt\u00f3w udzielanych przez okre\u015blon\u0105 przez s\u0105d liczb\u0119 bank\u00f3w reprezentatywnych dla tego sektora rynku z danego okresu, np. z poszczeg\u00f3lnych lat przyznawania kredyt\u00f3w&#8221; &#8211; napisa\u0142.Jak podsumowa\u0142, zaproponowane w opinii dla S\u0105du Najwy\u017cszego rozwi\u0105zanie ma charakter sprawiedliwej i odpowiedzialnej formy w ca\u0142okszta\u0142cie systemu kredytowego w ramach stosunk\u00f3w spo\u0142eczno-gospodarczych, a jednocze\u015bnie mo\u017ce w najpe\u0142niejszy spos\u00f3b chroni\u0107 prawa dzieci. \u0179r\u00f3d\u0142o zdj\u0119cia g\u0142\u00f3wnego:\u00a0Shutterstock<br \/>\n<br \/>\n<!--noindex--><br \/>\n<a href=\"https:\/\/tvn24.pl\/biznes\/z-kraju\/kredyty-frankowe-jak-zobowiazania-wplynely-na-sytuacje-najmlodszych-stanowisko-rzecznika-praw-dziecka-5136088?source=rss\" rel=\"nofollow\">Source link <\/a><br \/>\n<!--\/noindex--><\/p>\n","protected":false},"excerpt":{"rendered":"<p>Rzecznik praw dziecka Miko\u0142aj Pawlak wyda\u0142 opini\u0119 dla S\u0105du Najwy\u017cszego dotycz\u0105c\u0105 kredyt\u00f3w walutowych. Zdaniem RPD podczas rozstrzygania sprawy kredyt\u00f3w walutowych SN powinien zbada\u0107, czy umowy zawieraj\u0105ce niedozwolone klauzule i prowadz\u0105ce do zubo\u017cenia bior\u0105cych kredyty rodzin nie doprowadzi\u0142y do wyzysku dzieci.Jak zaznaczy\u0142 RPD, zgodnie z art. 72 ust. 1 Konstytucji RP pa\u0144stwo zapewnia ochron\u0119 praw dziecka, [&hellip;]<\/p>\n","protected":false},"author":2,"featured_media":7557,"comment_status":"open","ping_status":"open","sticky":false,"template":"","format":"standard","meta":{"footnotes":""},"categories":[1],"tags":[],"class_list":["post-7556","post","type-post","status-publish","format-standard","has-post-thumbnail","hentry","category-wiadomosci-biznesowe"],"yoast_head":"<!-- This site is optimized with the Yoast SEO plugin v27.4 - https:\/\/yoast.com\/product\/yoast-seo-wordpress\/ -->\n<title>Kredyty frankowe. Jak zobowi\u0105zania wp\u0142yn\u0119\u0142y na sytuacj\u0119 najm\u0142odszych? Stanowisko Rzecznika Praw Dziecka - Selected News<\/title>\n<meta name=\"robots\" content=\"index, follow, max-snippet:-1, max-image-preview:large, max-video-preview:-1\" \/>\n<link rel=\"canonical\" href=\"https:\/\/selectednews.info\/pl\/kredyty-frankowe-jak-zobowiazania-wplynely-na-sytuacje-najmlodszych-stanowisko-rzecznika-praw-dziecka\/\" \/>\n<meta property=\"og:locale\" content=\"pl_PL\" \/>\n<meta property=\"og:type\" content=\"article\" \/>\n<meta property=\"og:title\" content=\"Kredyty frankowe. Jak zobowi\u0105zania wp\u0142yn\u0119\u0142y na sytuacj\u0119 najm\u0142odszych? Stanowisko Rzecznika Praw Dziecka - Selected News\" \/>\n<meta property=\"og:description\" content=\"Rzecznik praw dziecka Miko\u0142aj Pawlak wyda\u0142 opini\u0119 dla S\u0105du Najwy\u017cszego dotycz\u0105c\u0105 kredyt\u00f3w walutowych. Zdaniem RPD podczas rozstrzygania sprawy kredyt\u00f3w walutowych SN powinien zbada\u0107, czy umowy zawieraj\u0105ce niedozwolone klauzule i prowadz\u0105ce do zubo\u017cenia bior\u0105cych kredyty rodzin nie doprowadzi\u0142y do wyzysku dzieci.Jak zaznaczy\u0142 RPD, zgodnie z art. 72 ust. 1 Konstytucji RP pa\u0144stwo zapewnia ochron\u0119 praw dziecka, [&hellip;]\" \/>\n<meta property=\"og:url\" content=\"https:\/\/selectednews.info\/pl\/kredyty-frankowe-jak-zobowiazania-wplynely-na-sytuacje-najmlodszych-stanowisko-rzecznika-praw-dziecka\/\" \/>\n<meta property=\"og:site_name\" content=\"Selected News\" \/>\n<meta property=\"article:published_time\" content=\"2021-06-30T14:05:11+00:00\" \/>\n<meta property=\"article:modified_time\" content=\"2021-06-30T14:05:15+00:00\" \/>\n<meta property=\"og:image\" content=\"https:\/\/selectednews.info\/pl\/wp-content\/uploads\/sites\/6\/2021\/06\/Kredyty-frankowe-Jak-zobowiazania-wplynely-na-sytuacje-najmlodszych-Stanowisko-Rzecznika.jpeg\" \/>\n\t<meta property=\"og:image:width\" content=\"1280\" \/>\n\t<meta property=\"og:image:height\" content=\"719\" \/>\n\t<meta property=\"og:image:type\" content=\"image\/jpeg\" \/>\n<meta name=\"author\" content=\"selectednews\" \/>\n<meta name=\"twitter:card\" content=\"summary_large_image\" \/>\n<meta name=\"twitter:label1\" content=\"Napisane przez\" \/>\n\t<meta name=\"twitter:data1\" content=\"selectednews\" \/>\n\t<meta name=\"twitter:label2\" content=\"Szacowany czas czytania\" \/>\n\t<meta name=\"twitter:data2\" content=\"3 minuty\" \/>\n<script type=\"application\/ld+json\" class=\"yoast-schema-graph\">{\"@context\":\"https:\\\/\\\/schema.org\",\"@graph\":[{\"@type\":\"Article\",\"@id\":\"https:\\\/\\\/selectednews.info\\\/pl\\\/kredyty-frankowe-jak-zobowiazania-wplynely-na-sytuacje-najmlodszych-stanowisko-rzecznika-praw-dziecka\\\/#article\",\"isPartOf\":{\"@id\":\"https:\\\/\\\/selectednews.info\\\/pl\\\/kredyty-frankowe-jak-zobowiazania-wplynely-na-sytuacje-najmlodszych-stanowisko-rzecznika-praw-dziecka\\\/\"},\"author\":{\"name\":\"selectednews\",\"@id\":\"https:\\\/\\\/selectednews.info\\\/pl\\\/#\\\/schema\\\/person\\\/c8a0f1bfe64548cfb06c0529b0970068\"},\"headline\":\"Kredyty frankowe. Jak zobowi\u0105zania wp\u0142yn\u0119\u0142y na sytuacj\u0119 najm\u0142odszych? Stanowisko Rzecznika Praw Dziecka\",\"datePublished\":\"2021-06-30T14:05:11+00:00\",\"dateModified\":\"2021-06-30T14:05:15+00:00\",\"mainEntityOfPage\":{\"@id\":\"https:\\\/\\\/selectednews.info\\\/pl\\\/kredyty-frankowe-jak-zobowiazania-wplynely-na-sytuacje-najmlodszych-stanowisko-rzecznika-praw-dziecka\\\/\"},\"wordCount\":603,\"commentCount\":0,\"image\":{\"@id\":\"https:\\\/\\\/selectednews.info\\\/pl\\\/kredyty-frankowe-jak-zobowiazania-wplynely-na-sytuacje-najmlodszych-stanowisko-rzecznika-praw-dziecka\\\/#primaryimage\"},\"thumbnailUrl\":\"https:\\\/\\\/selectednews.info\\\/pl\\\/wp-content\\\/uploads\\\/sites\\\/6\\\/2021\\\/06\\\/Kredyty-frankowe-Jak-zobowiazania-wplynely-na-sytuacje-najmlodszych-Stanowisko-Rzecznika.jpeg\",\"articleSection\":[\"WIADOMO\u015aCI BIZNESOWE\"],\"inLanguage\":\"pl-PL\",\"potentialAction\":[{\"@type\":\"CommentAction\",\"name\":\"Comment\",\"target\":[\"https:\\\/\\\/selectednews.info\\\/pl\\\/kredyty-frankowe-jak-zobowiazania-wplynely-na-sytuacje-najmlodszych-stanowisko-rzecznika-praw-dziecka\\\/#respond\"]}]},{\"@type\":\"WebPage\",\"@id\":\"https:\\\/\\\/selectednews.info\\\/pl\\\/kredyty-frankowe-jak-zobowiazania-wplynely-na-sytuacje-najmlodszych-stanowisko-rzecznika-praw-dziecka\\\/\",\"url\":\"https:\\\/\\\/selectednews.info\\\/pl\\\/kredyty-frankowe-jak-zobowiazania-wplynely-na-sytuacje-najmlodszych-stanowisko-rzecznika-praw-dziecka\\\/\",\"name\":\"Kredyty frankowe. Jak zobowi\u0105zania wp\u0142yn\u0119\u0142y na sytuacj\u0119 najm\u0142odszych? Stanowisko Rzecznika Praw Dziecka - Selected News\",\"isPartOf\":{\"@id\":\"https:\\\/\\\/selectednews.info\\\/pl\\\/#website\"},\"primaryImageOfPage\":{\"@id\":\"https:\\\/\\\/selectednews.info\\\/pl\\\/kredyty-frankowe-jak-zobowiazania-wplynely-na-sytuacje-najmlodszych-stanowisko-rzecznika-praw-dziecka\\\/#primaryimage\"},\"image\":{\"@id\":\"https:\\\/\\\/selectednews.info\\\/pl\\\/kredyty-frankowe-jak-zobowiazania-wplynely-na-sytuacje-najmlodszych-stanowisko-rzecznika-praw-dziecka\\\/#primaryimage\"},\"thumbnailUrl\":\"https:\\\/\\\/selectednews.info\\\/pl\\\/wp-content\\\/uploads\\\/sites\\\/6\\\/2021\\\/06\\\/Kredyty-frankowe-Jak-zobowiazania-wplynely-na-sytuacje-najmlodszych-Stanowisko-Rzecznika.jpeg\",\"datePublished\":\"2021-06-30T14:05:11+00:00\",\"dateModified\":\"2021-06-30T14:05:15+00:00\",\"author\":{\"@id\":\"https:\\\/\\\/selectednews.info\\\/pl\\\/#\\\/schema\\\/person\\\/c8a0f1bfe64548cfb06c0529b0970068\"},\"breadcrumb\":{\"@id\":\"https:\\\/\\\/selectednews.info\\\/pl\\\/kredyty-frankowe-jak-zobowiazania-wplynely-na-sytuacje-najmlodszych-stanowisko-rzecznika-praw-dziecka\\\/#breadcrumb\"},\"inLanguage\":\"pl-PL\",\"potentialAction\":[{\"@type\":\"ReadAction\",\"target\":[\"https:\\\/\\\/selectednews.info\\\/pl\\\/kredyty-frankowe-jak-zobowiazania-wplynely-na-sytuacje-najmlodszych-stanowisko-rzecznika-praw-dziecka\\\/\"]}]},{\"@type\":\"ImageObject\",\"inLanguage\":\"pl-PL\",\"@id\":\"https:\\\/\\\/selectednews.info\\\/pl\\\/kredyty-frankowe-jak-zobowiazania-wplynely-na-sytuacje-najmlodszych-stanowisko-rzecznika-praw-dziecka\\\/#primaryimage\",\"url\":\"https:\\\/\\\/selectednews.info\\\/pl\\\/wp-content\\\/uploads\\\/sites\\\/6\\\/2021\\\/06\\\/Kredyty-frankowe-Jak-zobowiazania-wplynely-na-sytuacje-najmlodszych-Stanowisko-Rzecznika.jpeg\",\"contentUrl\":\"https:\\\/\\\/selectednews.info\\\/pl\\\/wp-content\\\/uploads\\\/sites\\\/6\\\/2021\\\/06\\\/Kredyty-frankowe-Jak-zobowiazania-wplynely-na-sytuacje-najmlodszych-Stanowisko-Rzecznika.jpeg\",\"width\":1280,\"height\":719,\"caption\":\"Kredyty frankowe. Jak zobowi\u0105zania wp\u0142yn\u0119\u0142y na sytuacj\u0119 najm\u0142odszych? Stanowisko Rzecznika Praw Dziecka\"},{\"@type\":\"BreadcrumbList\",\"@id\":\"https:\\\/\\\/selectednews.info\\\/pl\\\/kredyty-frankowe-jak-zobowiazania-wplynely-na-sytuacje-najmlodszych-stanowisko-rzecznika-praw-dziecka\\\/#breadcrumb\",\"itemListElement\":[{\"@type\":\"ListItem\",\"position\":1,\"name\":\"\u0413\u043b\u0430\u0432\u043d\u0430\u044f \u0441\u0442\u0440\u0430\u043d\u0438\u0446\u0430\",\"item\":\"https:\\\/\\\/selectednews.info\\\/pl\\\/\"},{\"@type\":\"ListItem\",\"position\":2,\"name\":\"Kredyty frankowe. Jak zobowi\u0105zania wp\u0142yn\u0119\u0142y na sytuacj\u0119 najm\u0142odszych? Stanowisko Rzecznika Praw Dziecka\"}]},{\"@type\":\"WebSite\",\"@id\":\"https:\\\/\\\/selectednews.info\\\/pl\\\/#website\",\"url\":\"https:\\\/\\\/selectednews.info\\\/pl\\\/\",\"name\":\"Selected News\",\"description\":\"Selected News Polska\",\"potentialAction\":[{\"@type\":\"SearchAction\",\"target\":{\"@type\":\"EntryPoint\",\"urlTemplate\":\"https:\\\/\\\/selectednews.info\\\/pl\\\/?s={search_term_string}\"},\"query-input\":{\"@type\":\"PropertyValueSpecification\",\"valueRequired\":true,\"valueName\":\"search_term_string\"}}],\"inLanguage\":\"pl-PL\"},{\"@type\":\"Person\",\"@id\":\"https:\\\/\\\/selectednews.info\\\/pl\\\/#\\\/schema\\\/person\\\/c8a0f1bfe64548cfb06c0529b0970068\",\"name\":\"selectednews\",\"image\":{\"@type\":\"ImageObject\",\"inLanguage\":\"pl-PL\",\"@id\":\"https:\\\/\\\/secure.gravatar.com\\\/avatar\\\/c88515018a25fd646d9f77ea80cc88996711575667608a2cd1b47f3d1145508a?s=96&d=mm&r=g\",\"url\":\"https:\\\/\\\/secure.gravatar.com\\\/avatar\\\/c88515018a25fd646d9f77ea80cc88996711575667608a2cd1b47f3d1145508a?s=96&d=mm&r=g\",\"contentUrl\":\"https:\\\/\\\/secure.gravatar.com\\\/avatar\\\/c88515018a25fd646d9f77ea80cc88996711575667608a2cd1b47f3d1145508a?s=96&d=mm&r=g\",\"caption\":\"selectednews\"},\"url\":\"https:\\\/\\\/selectednews.info\\\/pl\\\/author\\\/pt\\\/\"}]}<\/script>\n<!-- \/ Yoast SEO plugin. -->","yoast_head_json":{"title":"Kredyty frankowe. Jak zobowi\u0105zania wp\u0142yn\u0119\u0142y na sytuacj\u0119 najm\u0142odszych? Stanowisko Rzecznika Praw Dziecka - Selected News","robots":{"index":"index","follow":"follow","max-snippet":"max-snippet:-1","max-image-preview":"max-image-preview:large","max-video-preview":"max-video-preview:-1"},"canonical":"https:\/\/selectednews.info\/pl\/kredyty-frankowe-jak-zobowiazania-wplynely-na-sytuacje-najmlodszych-stanowisko-rzecznika-praw-dziecka\/","og_locale":"pl_PL","og_type":"article","og_title":"Kredyty frankowe. Jak zobowi\u0105zania wp\u0142yn\u0119\u0142y na sytuacj\u0119 najm\u0142odszych? Stanowisko Rzecznika Praw Dziecka - Selected News","og_description":"Rzecznik praw dziecka Miko\u0142aj Pawlak wyda\u0142 opini\u0119 dla S\u0105du Najwy\u017cszego dotycz\u0105c\u0105 kredyt\u00f3w walutowych. Zdaniem RPD podczas rozstrzygania sprawy kredyt\u00f3w walutowych SN powinien zbada\u0107, czy umowy zawieraj\u0105ce niedozwolone klauzule i prowadz\u0105ce do zubo\u017cenia bior\u0105cych kredyty rodzin nie doprowadzi\u0142y do wyzysku dzieci.Jak zaznaczy\u0142 RPD, zgodnie z art. 72 ust. 1 Konstytucji RP pa\u0144stwo zapewnia ochron\u0119 praw dziecka, [&hellip;]","og_url":"https:\/\/selectednews.info\/pl\/kredyty-frankowe-jak-zobowiazania-wplynely-na-sytuacje-najmlodszych-stanowisko-rzecznika-praw-dziecka\/","og_site_name":"Selected News","article_published_time":"2021-06-30T14:05:11+00:00","article_modified_time":"2021-06-30T14:05:15+00:00","og_image":[{"width":1280,"height":719,"url":"https:\/\/selectednews.info\/pl\/wp-content\/uploads\/sites\/6\/2021\/06\/Kredyty-frankowe-Jak-zobowiazania-wplynely-na-sytuacje-najmlodszych-Stanowisko-Rzecznika.jpeg","type":"image\/jpeg"}],"author":"selectednews","twitter_card":"summary_large_image","twitter_misc":{"Napisane przez":"selectednews","Szacowany czas czytania":"3 minuty"},"schema":{"@context":"https:\/\/schema.org","@graph":[{"@type":"Article","@id":"https:\/\/selectednews.info\/pl\/kredyty-frankowe-jak-zobowiazania-wplynely-na-sytuacje-najmlodszych-stanowisko-rzecznika-praw-dziecka\/#article","isPartOf":{"@id":"https:\/\/selectednews.info\/pl\/kredyty-frankowe-jak-zobowiazania-wplynely-na-sytuacje-najmlodszych-stanowisko-rzecznika-praw-dziecka\/"},"author":{"name":"selectednews","@id":"https:\/\/selectednews.info\/pl\/#\/schema\/person\/c8a0f1bfe64548cfb06c0529b0970068"},"headline":"Kredyty frankowe. Jak zobowi\u0105zania wp\u0142yn\u0119\u0142y na sytuacj\u0119 najm\u0142odszych? Stanowisko Rzecznika Praw Dziecka","datePublished":"2021-06-30T14:05:11+00:00","dateModified":"2021-06-30T14:05:15+00:00","mainEntityOfPage":{"@id":"https:\/\/selectednews.info\/pl\/kredyty-frankowe-jak-zobowiazania-wplynely-na-sytuacje-najmlodszych-stanowisko-rzecznika-praw-dziecka\/"},"wordCount":603,"commentCount":0,"image":{"@id":"https:\/\/selectednews.info\/pl\/kredyty-frankowe-jak-zobowiazania-wplynely-na-sytuacje-najmlodszych-stanowisko-rzecznika-praw-dziecka\/#primaryimage"},"thumbnailUrl":"https:\/\/selectednews.info\/pl\/wp-content\/uploads\/sites\/6\/2021\/06\/Kredyty-frankowe-Jak-zobowiazania-wplynely-na-sytuacje-najmlodszych-Stanowisko-Rzecznika.jpeg","articleSection":["WIADOMO\u015aCI BIZNESOWE"],"inLanguage":"pl-PL","potentialAction":[{"@type":"CommentAction","name":"Comment","target":["https:\/\/selectednews.info\/pl\/kredyty-frankowe-jak-zobowiazania-wplynely-na-sytuacje-najmlodszych-stanowisko-rzecznika-praw-dziecka\/#respond"]}]},{"@type":"WebPage","@id":"https:\/\/selectednews.info\/pl\/kredyty-frankowe-jak-zobowiazania-wplynely-na-sytuacje-najmlodszych-stanowisko-rzecznika-praw-dziecka\/","url":"https:\/\/selectednews.info\/pl\/kredyty-frankowe-jak-zobowiazania-wplynely-na-sytuacje-najmlodszych-stanowisko-rzecznika-praw-dziecka\/","name":"Kredyty frankowe. Jak zobowi\u0105zania wp\u0142yn\u0119\u0142y na sytuacj\u0119 najm\u0142odszych? Stanowisko Rzecznika Praw Dziecka - Selected News","isPartOf":{"@id":"https:\/\/selectednews.info\/pl\/#website"},"primaryImageOfPage":{"@id":"https:\/\/selectednews.info\/pl\/kredyty-frankowe-jak-zobowiazania-wplynely-na-sytuacje-najmlodszych-stanowisko-rzecznika-praw-dziecka\/#primaryimage"},"image":{"@id":"https:\/\/selectednews.info\/pl\/kredyty-frankowe-jak-zobowiazania-wplynely-na-sytuacje-najmlodszych-stanowisko-rzecznika-praw-dziecka\/#primaryimage"},"thumbnailUrl":"https:\/\/selectednews.info\/pl\/wp-content\/uploads\/sites\/6\/2021\/06\/Kredyty-frankowe-Jak-zobowiazania-wplynely-na-sytuacje-najmlodszych-Stanowisko-Rzecznika.jpeg","datePublished":"2021-06-30T14:05:11+00:00","dateModified":"2021-06-30T14:05:15+00:00","author":{"@id":"https:\/\/selectednews.info\/pl\/#\/schema\/person\/c8a0f1bfe64548cfb06c0529b0970068"},"breadcrumb":{"@id":"https:\/\/selectednews.info\/pl\/kredyty-frankowe-jak-zobowiazania-wplynely-na-sytuacje-najmlodszych-stanowisko-rzecznika-praw-dziecka\/#breadcrumb"},"inLanguage":"pl-PL","potentialAction":[{"@type":"ReadAction","target":["https:\/\/selectednews.info\/pl\/kredyty-frankowe-jak-zobowiazania-wplynely-na-sytuacje-najmlodszych-stanowisko-rzecznika-praw-dziecka\/"]}]},{"@type":"ImageObject","inLanguage":"pl-PL","@id":"https:\/\/selectednews.info\/pl\/kredyty-frankowe-jak-zobowiazania-wplynely-na-sytuacje-najmlodszych-stanowisko-rzecznika-praw-dziecka\/#primaryimage","url":"https:\/\/selectednews.info\/pl\/wp-content\/uploads\/sites\/6\/2021\/06\/Kredyty-frankowe-Jak-zobowiazania-wplynely-na-sytuacje-najmlodszych-Stanowisko-Rzecznika.jpeg","contentUrl":"https:\/\/selectednews.info\/pl\/wp-content\/uploads\/sites\/6\/2021\/06\/Kredyty-frankowe-Jak-zobowiazania-wplynely-na-sytuacje-najmlodszych-Stanowisko-Rzecznika.jpeg","width":1280,"height":719,"caption":"Kredyty frankowe. Jak zobowi\u0105zania wp\u0142yn\u0119\u0142y na sytuacj\u0119 najm\u0142odszych? Stanowisko Rzecznika Praw Dziecka"},{"@type":"BreadcrumbList","@id":"https:\/\/selectednews.info\/pl\/kredyty-frankowe-jak-zobowiazania-wplynely-na-sytuacje-najmlodszych-stanowisko-rzecznika-praw-dziecka\/#breadcrumb","itemListElement":[{"@type":"ListItem","position":1,"name":"\u0413\u043b\u0430\u0432\u043d\u0430\u044f \u0441\u0442\u0440\u0430\u043d\u0438\u0446\u0430","item":"https:\/\/selectednews.info\/pl\/"},{"@type":"ListItem","position":2,"name":"Kredyty frankowe. Jak zobowi\u0105zania wp\u0142yn\u0119\u0142y na sytuacj\u0119 najm\u0142odszych? Stanowisko Rzecznika Praw Dziecka"}]},{"@type":"WebSite","@id":"https:\/\/selectednews.info\/pl\/#website","url":"https:\/\/selectednews.info\/pl\/","name":"Selected News","description":"Selected News Polska","potentialAction":[{"@type":"SearchAction","target":{"@type":"EntryPoint","urlTemplate":"https:\/\/selectednews.info\/pl\/?s={search_term_string}"},"query-input":{"@type":"PropertyValueSpecification","valueRequired":true,"valueName":"search_term_string"}}],"inLanguage":"pl-PL"},{"@type":"Person","@id":"https:\/\/selectednews.info\/pl\/#\/schema\/person\/c8a0f1bfe64548cfb06c0529b0970068","name":"selectednews","image":{"@type":"ImageObject","inLanguage":"pl-PL","@id":"https:\/\/secure.gravatar.com\/avatar\/c88515018a25fd646d9f77ea80cc88996711575667608a2cd1b47f3d1145508a?s=96&d=mm&r=g","url":"https:\/\/secure.gravatar.com\/avatar\/c88515018a25fd646d9f77ea80cc88996711575667608a2cd1b47f3d1145508a?s=96&d=mm&r=g","contentUrl":"https:\/\/secure.gravatar.com\/avatar\/c88515018a25fd646d9f77ea80cc88996711575667608a2cd1b47f3d1145508a?s=96&d=mm&r=g","caption":"selectednews"},"url":"https:\/\/selectednews.info\/pl\/author\/pt\/"}]}},"_links":{"self":[{"href":"https:\/\/selectednews.info\/pl\/wp-json\/wp\/v2\/posts\/7556","targetHints":{"allow":["GET"]}}],"collection":[{"href":"https:\/\/selectednews.info\/pl\/wp-json\/wp\/v2\/posts"}],"about":[{"href":"https:\/\/selectednews.info\/pl\/wp-json\/wp\/v2\/types\/post"}],"author":[{"embeddable":true,"href":"https:\/\/selectednews.info\/pl\/wp-json\/wp\/v2\/users\/2"}],"replies":[{"embeddable":true,"href":"https:\/\/selectednews.info\/pl\/wp-json\/wp\/v2\/comments?post=7556"}],"version-history":[{"count":1,"href":"https:\/\/selectednews.info\/pl\/wp-json\/wp\/v2\/posts\/7556\/revisions"}],"predecessor-version":[{"id":7558,"href":"https:\/\/selectednews.info\/pl\/wp-json\/wp\/v2\/posts\/7556\/revisions\/7558"}],"wp:featuredmedia":[{"embeddable":true,"href":"https:\/\/selectednews.info\/pl\/wp-json\/wp\/v2\/media\/7557"}],"wp:attachment":[{"href":"https:\/\/selectednews.info\/pl\/wp-json\/wp\/v2\/media?parent=7556"}],"wp:term":[{"taxonomy":"category","embeddable":true,"href":"https:\/\/selectednews.info\/pl\/wp-json\/wp\/v2\/categories?post=7556"},{"taxonomy":"post_tag","embeddable":true,"href":"https:\/\/selectednews.info\/pl\/wp-json\/wp\/v2\/tags?post=7556"}],"curies":[{"name":"wp","href":"https:\/\/api.w.org\/{rel}","templated":true}]}}