{"id":7559,"date":"2021-07-01T17:05:56","date_gmt":"2021-07-01T14:05:56","guid":{"rendered":"https:\/\/selectednews.info\/pl\/bulgaria-chce-przyjac-euro-jest-data\/"},"modified":"2021-07-01T17:06:00","modified_gmt":"2021-07-01T14:06:00","slug":"bulgaria-chce-przyjac-euro-jest-data","status":"publish","type":"post","link":"https:\/\/selectednews.info\/pl\/bulgaria-chce-przyjac-euro-jest-data\/","title":{"rendered":"Bu\u0142garia chce przyj\u0105\u0107 euro. Jest data"},"content":{"rendered":"<p>Bu\u0142garia podtrzymuje ch\u0119\u0107 przyj\u0119cia euro od 1 stycznia 2024 roku &#8211; poinformowali przedstawiciele tamtejszego rz\u0105du i banku centralnego. Bu\u0142garia, jeden z najbiedniejszych kraj\u00f3w cz\u0142onkowskich Unii Europejskiej, w lipcu ubieg\u0142ego roku zosta\u0142a przyj\u0119ta wraz z Chorwacj\u0105 do mechanizmu ERM-2. To obowi\u0105zkowy etap przed przyst\u0105pieniem do strefy euro.Rz\u0105d Bu\u0142garii i jej bank centralny opublikowali plan wprowadzenia euro od 1 stycznia 2024 roku. Dokument potwierdza ustalenia poprzedniego gabinetu Bojko Borisowa, kt\u00f3ry postawi\u0142 ten cel po przyj\u0119ciu do mechanizmu ERM-2.&#8221;Data przyj\u0119cia euro zbiegnie si\u0119 z jego wprowadzeniem jako oficjalnej jednostki p\u0142atniczej&#8221; &#8211; poinformowa\u0142y bank centralny i ministerstwo we wsp\u00f3lnym o\u015bwiadczeniu. W ci\u0105gu pierwszego miesi\u0105ca narodowa waluta lew i euro b\u0119d\u0105 wykorzystywane r\u00f3wnolegle.OGL\u0104DAJ TVN24 W INTERNECIE W TVN24 GO &gt;&gt;&gt;Bu\u0142garia chce przyj\u0105\u0107 euroW ramach przygotowania do przyj\u0119cia euro bu\u0142garska waluta powinna przej\u015b\u0107 skutecznie udzia\u0142 w mechanizmie walutowym ERM-2, zwanym te\u017c &#8222;poczekalni\u0105 do strefy euro&#8221;, co najmniej do lipca 2022 roku.<\/p>\n<p>Opr\u00f3cz tego potrzebne b\u0119d\u0105 pozytywne oceny Komisji Europejskiej i Europejskiego Banku Centralnego (EBC). Niezb\u0119dna b\u0119dzie r\u00f3wnie\u017c zgoda pa\u0144stw strefy euro.Bu\u0142garia powinna te\u017c spe\u0142ni\u0107 kryteria z Maastricht do cz\u0142onkostwa w strefie euro, w tym warunek niskiej inflacji, kt\u00f3rego wed\u0142ug ostatniego raportu Europejskiego Banku Centralnego nie spe\u0142ni\u0142a z powodu kryzysu spowodowanego pandemi\u0105 COVID-19. Analitycy finansowi obawiaj\u0105 si\u0119, \u017ce mog\u0105 pojawi\u0107 si\u0119 r\u00f3wnie\u017c problemy z deficytem bud\u017cetowym.Dokument okre\u015bla sposoby przeliczenia cen, depozyt\u00f3w bankowych i odsetek, a tak\u017ce wymiany got\u00f3wki w bankach. Okre\u015blone s\u0105 zmiany ustawodawcze, kt\u00f3re trzeba wprowadzi\u0107 w zwi\u0105zku z przej\u015bciem do strefy euro.Do strefy\u00a0euro\u00a0nale\u017cy obecnie 19 kraj\u00f3w cz\u0142onkowskich UE.PAP\/Adam ZiemienowiczWybory parlamentarne w\u00a0Bu\u0142gariiW nast\u0119pn\u0105 niedziel\u0119 11 lipca w Bu\u0142garii odb\u0119d\u0105 si\u0119 wybory parlamentarne. Do tego czasu w\u0142adz\u0119 w tym kraju pe\u0142ni gabinet tymczasowy. Na czele rz\u0105du tymczasowego stoi genera\u0142 rezerwy Stefan Janew, doradca prezydenta ds. bezpiecze\u0144stwa narodowego.Przedterminowe wybory odb\u0119d\u0105 si\u0119 trzy miesi\u0105ce po poprzednich. Wy\u0142oniony w\u00f3wczas parlament nie potrafi\u0142 utworzy\u0107 rz\u0105du.\u0179r\u00f3d\u0142o zdj\u0119cia g\u0142\u00f3wnego:\u00a0Shutterstock<br \/>\n<br \/>\n<!--noindex--><br \/>\n<a href=\"https:\/\/tvn24.pl\/biznes\/ze-swiata\/bulgaria-chce-przyjac-euro-jest-data-5137238?source=rss\" rel=\"nofollow\">Source link <\/a><br \/>\n<!--\/noindex--><\/p>\n","protected":false},"excerpt":{"rendered":"<p>Bu\u0142garia podtrzymuje ch\u0119\u0107 przyj\u0119cia euro od 1 stycznia 2024 roku &#8211; poinformowali przedstawiciele tamtejszego rz\u0105du i banku centralnego. Bu\u0142garia, jeden z najbiedniejszych kraj\u00f3w cz\u0142onkowskich Unii Europejskiej, w lipcu ubieg\u0142ego roku zosta\u0142a przyj\u0119ta wraz z Chorwacj\u0105 do mechanizmu ERM-2. To obowi\u0105zkowy etap przed przyst\u0105pieniem do strefy euro.Rz\u0105d Bu\u0142garii i jej bank centralny opublikowali plan wprowadzenia euro [&hellip;]<\/p>\n","protected":false},"author":2,"featured_media":7560,"comment_status":"open","ping_status":"open","sticky":false,"template":"","format":"standard","meta":{"footnotes":""},"categories":[1],"tags":[],"class_list":["post-7559","post","type-post","status-publish","format-standard","has-post-thumbnail","hentry","category-wiadomosci-biznesowe"],"yoast_head":"<!-- This site is optimized with the Yoast SEO plugin v27.4 - https:\/\/yoast.com\/product\/yoast-seo-wordpress\/ -->\n<title>Bu\u0142garia chce przyj\u0105\u0107 euro. Jest data - Selected News<\/title>\n<meta name=\"robots\" content=\"index, follow, max-snippet:-1, max-image-preview:large, max-video-preview:-1\" \/>\n<link rel=\"canonical\" href=\"https:\/\/selectednews.info\/pl\/bulgaria-chce-przyjac-euro-jest-data\/\" \/>\n<meta property=\"og:locale\" content=\"pl_PL\" \/>\n<meta property=\"og:type\" content=\"article\" \/>\n<meta property=\"og:title\" content=\"Bu\u0142garia chce przyj\u0105\u0107 euro. Jest data - Selected News\" \/>\n<meta property=\"og:description\" content=\"Bu\u0142garia podtrzymuje ch\u0119\u0107 przyj\u0119cia euro od 1 stycznia 2024 roku &#8211; poinformowali przedstawiciele tamtejszego rz\u0105du i banku centralnego. Bu\u0142garia, jeden z najbiedniejszych kraj\u00f3w cz\u0142onkowskich Unii Europejskiej, w lipcu ubieg\u0142ego roku zosta\u0142a przyj\u0119ta wraz z Chorwacj\u0105 do mechanizmu ERM-2. To obowi\u0105zkowy etap przed przyst\u0105pieniem do strefy euro.Rz\u0105d Bu\u0142garii i jej bank centralny opublikowali plan wprowadzenia euro [&hellip;]\" \/>\n<meta property=\"og:url\" content=\"https:\/\/selectednews.info\/pl\/bulgaria-chce-przyjac-euro-jest-data\/\" \/>\n<meta property=\"og:site_name\" content=\"Selected News\" \/>\n<meta property=\"article:published_time\" content=\"2021-07-01T14:05:56+00:00\" \/>\n<meta property=\"article:modified_time\" content=\"2021-07-01T14:06:00+00:00\" \/>\n<meta property=\"og:image\" content=\"https:\/\/selectednews.info\/pl\/wp-content\/uploads\/sites\/6\/2021\/07\/Bulgaria-chce-przyjac-euro-Jest-data.jpeg\" \/>\n\t<meta property=\"og:image:width\" content=\"1280\" \/>\n\t<meta property=\"og:image:height\" content=\"719\" \/>\n\t<meta property=\"og:image:type\" content=\"image\/jpeg\" \/>\n<meta name=\"author\" content=\"selectednews\" \/>\n<meta name=\"twitter:card\" content=\"summary_large_image\" \/>\n<meta name=\"twitter:label1\" content=\"Napisane przez\" \/>\n\t<meta name=\"twitter:data1\" content=\"selectednews\" \/>\n\t<meta name=\"twitter:label2\" content=\"Szacowany czas czytania\" \/>\n\t<meta name=\"twitter:data2\" content=\"2 minuty\" \/>\n<script type=\"application\/ld+json\" class=\"yoast-schema-graph\">{\"@context\":\"https:\\\/\\\/schema.org\",\"@graph\":[{\"@type\":\"Article\",\"@id\":\"https:\\\/\\\/selectednews.info\\\/pl\\\/bulgaria-chce-przyjac-euro-jest-data\\\/#article\",\"isPartOf\":{\"@id\":\"https:\\\/\\\/selectednews.info\\\/pl\\\/bulgaria-chce-przyjac-euro-jest-data\\\/\"},\"author\":{\"name\":\"selectednews\",\"@id\":\"https:\\\/\\\/selectednews.info\\\/pl\\\/#\\\/schema\\\/person\\\/c8a0f1bfe64548cfb06c0529b0970068\"},\"headline\":\"Bu\u0142garia chce przyj\u0105\u0107 euro. Jest data\",\"datePublished\":\"2021-07-01T14:05:56+00:00\",\"dateModified\":\"2021-07-01T14:06:00+00:00\",\"mainEntityOfPage\":{\"@id\":\"https:\\\/\\\/selectednews.info\\\/pl\\\/bulgaria-chce-przyjac-euro-jest-data\\\/\"},\"wordCount\":386,\"commentCount\":0,\"image\":{\"@id\":\"https:\\\/\\\/selectednews.info\\\/pl\\\/bulgaria-chce-przyjac-euro-jest-data\\\/#primaryimage\"},\"thumbnailUrl\":\"https:\\\/\\\/selectednews.info\\\/pl\\\/wp-content\\\/uploads\\\/sites\\\/6\\\/2021\\\/07\\\/Bulgaria-chce-przyjac-euro-Jest-data.jpeg\",\"articleSection\":[\"WIADOMO\u015aCI BIZNESOWE\"],\"inLanguage\":\"pl-PL\",\"potentialAction\":[{\"@type\":\"CommentAction\",\"name\":\"Comment\",\"target\":[\"https:\\\/\\\/selectednews.info\\\/pl\\\/bulgaria-chce-przyjac-euro-jest-data\\\/#respond\"]}]},{\"@type\":\"WebPage\",\"@id\":\"https:\\\/\\\/selectednews.info\\\/pl\\\/bulgaria-chce-przyjac-euro-jest-data\\\/\",\"url\":\"https:\\\/\\\/selectednews.info\\\/pl\\\/bulgaria-chce-przyjac-euro-jest-data\\\/\",\"name\":\"Bu\u0142garia chce przyj\u0105\u0107 euro. Jest data - Selected News\",\"isPartOf\":{\"@id\":\"https:\\\/\\\/selectednews.info\\\/pl\\\/#website\"},\"primaryImageOfPage\":{\"@id\":\"https:\\\/\\\/selectednews.info\\\/pl\\\/bulgaria-chce-przyjac-euro-jest-data\\\/#primaryimage\"},\"image\":{\"@id\":\"https:\\\/\\\/selectednews.info\\\/pl\\\/bulgaria-chce-przyjac-euro-jest-data\\\/#primaryimage\"},\"thumbnailUrl\":\"https:\\\/\\\/selectednews.info\\\/pl\\\/wp-content\\\/uploads\\\/sites\\\/6\\\/2021\\\/07\\\/Bulgaria-chce-przyjac-euro-Jest-data.jpeg\",\"datePublished\":\"2021-07-01T14:05:56+00:00\",\"dateModified\":\"2021-07-01T14:06:00+00:00\",\"author\":{\"@id\":\"https:\\\/\\\/selectednews.info\\\/pl\\\/#\\\/schema\\\/person\\\/c8a0f1bfe64548cfb06c0529b0970068\"},\"breadcrumb\":{\"@id\":\"https:\\\/\\\/selectednews.info\\\/pl\\\/bulgaria-chce-przyjac-euro-jest-data\\\/#breadcrumb\"},\"inLanguage\":\"pl-PL\",\"potentialAction\":[{\"@type\":\"ReadAction\",\"target\":[\"https:\\\/\\\/selectednews.info\\\/pl\\\/bulgaria-chce-przyjac-euro-jest-data\\\/\"]}]},{\"@type\":\"ImageObject\",\"inLanguage\":\"pl-PL\",\"@id\":\"https:\\\/\\\/selectednews.info\\\/pl\\\/bulgaria-chce-przyjac-euro-jest-data\\\/#primaryimage\",\"url\":\"https:\\\/\\\/selectednews.info\\\/pl\\\/wp-content\\\/uploads\\\/sites\\\/6\\\/2021\\\/07\\\/Bulgaria-chce-przyjac-euro-Jest-data.jpeg\",\"contentUrl\":\"https:\\\/\\\/selectednews.info\\\/pl\\\/wp-content\\\/uploads\\\/sites\\\/6\\\/2021\\\/07\\\/Bulgaria-chce-przyjac-euro-Jest-data.jpeg\",\"width\":1280,\"height\":719,\"caption\":\"Bu\u0142garia chce przyj\u0105\u0107 euro. Jest data\"},{\"@type\":\"BreadcrumbList\",\"@id\":\"https:\\\/\\\/selectednews.info\\\/pl\\\/bulgaria-chce-przyjac-euro-jest-data\\\/#breadcrumb\",\"itemListElement\":[{\"@type\":\"ListItem\",\"position\":1,\"name\":\"\u0413\u043b\u0430\u0432\u043d\u0430\u044f \u0441\u0442\u0440\u0430\u043d\u0438\u0446\u0430\",\"item\":\"https:\\\/\\\/selectednews.info\\\/pl\\\/\"},{\"@type\":\"ListItem\",\"position\":2,\"name\":\"Bu\u0142garia chce przyj\u0105\u0107 euro. Jest data\"}]},{\"@type\":\"WebSite\",\"@id\":\"https:\\\/\\\/selectednews.info\\\/pl\\\/#website\",\"url\":\"https:\\\/\\\/selectednews.info\\\/pl\\\/\",\"name\":\"Selected News\",\"description\":\"Selected News Polska\",\"potentialAction\":[{\"@type\":\"SearchAction\",\"target\":{\"@type\":\"EntryPoint\",\"urlTemplate\":\"https:\\\/\\\/selectednews.info\\\/pl\\\/?s={search_term_string}\"},\"query-input\":{\"@type\":\"PropertyValueSpecification\",\"valueRequired\":true,\"valueName\":\"search_term_string\"}}],\"inLanguage\":\"pl-PL\"},{\"@type\":\"Person\",\"@id\":\"https:\\\/\\\/selectednews.info\\\/pl\\\/#\\\/schema\\\/person\\\/c8a0f1bfe64548cfb06c0529b0970068\",\"name\":\"selectednews\",\"image\":{\"@type\":\"ImageObject\",\"inLanguage\":\"pl-PL\",\"@id\":\"https:\\\/\\\/secure.gravatar.com\\\/avatar\\\/c88515018a25fd646d9f77ea80cc88996711575667608a2cd1b47f3d1145508a?s=96&d=mm&r=g\",\"url\":\"https:\\\/\\\/secure.gravatar.com\\\/avatar\\\/c88515018a25fd646d9f77ea80cc88996711575667608a2cd1b47f3d1145508a?s=96&d=mm&r=g\",\"contentUrl\":\"https:\\\/\\\/secure.gravatar.com\\\/avatar\\\/c88515018a25fd646d9f77ea80cc88996711575667608a2cd1b47f3d1145508a?s=96&d=mm&r=g\",\"caption\":\"selectednews\"},\"url\":\"https:\\\/\\\/selectednews.info\\\/pl\\\/author\\\/pt\\\/\"}]}<\/script>\n<!-- \/ Yoast SEO plugin. -->","yoast_head_json":{"title":"Bu\u0142garia chce przyj\u0105\u0107 euro. Jest data - Selected News","robots":{"index":"index","follow":"follow","max-snippet":"max-snippet:-1","max-image-preview":"max-image-preview:large","max-video-preview":"max-video-preview:-1"},"canonical":"https:\/\/selectednews.info\/pl\/bulgaria-chce-przyjac-euro-jest-data\/","og_locale":"pl_PL","og_type":"article","og_title":"Bu\u0142garia chce przyj\u0105\u0107 euro. Jest data - Selected News","og_description":"Bu\u0142garia podtrzymuje ch\u0119\u0107 przyj\u0119cia euro od 1 stycznia 2024 roku &#8211; poinformowali przedstawiciele tamtejszego rz\u0105du i banku centralnego. Bu\u0142garia, jeden z najbiedniejszych kraj\u00f3w cz\u0142onkowskich Unii Europejskiej, w lipcu ubieg\u0142ego roku zosta\u0142a przyj\u0119ta wraz z Chorwacj\u0105 do mechanizmu ERM-2. To obowi\u0105zkowy etap przed przyst\u0105pieniem do strefy euro.Rz\u0105d Bu\u0142garii i jej bank centralny opublikowali plan wprowadzenia euro [&hellip;]","og_url":"https:\/\/selectednews.info\/pl\/bulgaria-chce-przyjac-euro-jest-data\/","og_site_name":"Selected News","article_published_time":"2021-07-01T14:05:56+00:00","article_modified_time":"2021-07-01T14:06:00+00:00","og_image":[{"width":1280,"height":719,"url":"https:\/\/selectednews.info\/pl\/wp-content\/uploads\/sites\/6\/2021\/07\/Bulgaria-chce-przyjac-euro-Jest-data.jpeg","type":"image\/jpeg"}],"author":"selectednews","twitter_card":"summary_large_image","twitter_misc":{"Napisane przez":"selectednews","Szacowany czas czytania":"2 minuty"},"schema":{"@context":"https:\/\/schema.org","@graph":[{"@type":"Article","@id":"https:\/\/selectednews.info\/pl\/bulgaria-chce-przyjac-euro-jest-data\/#article","isPartOf":{"@id":"https:\/\/selectednews.info\/pl\/bulgaria-chce-przyjac-euro-jest-data\/"},"author":{"name":"selectednews","@id":"https:\/\/selectednews.info\/pl\/#\/schema\/person\/c8a0f1bfe64548cfb06c0529b0970068"},"headline":"Bu\u0142garia chce przyj\u0105\u0107 euro. Jest data","datePublished":"2021-07-01T14:05:56+00:00","dateModified":"2021-07-01T14:06:00+00:00","mainEntityOfPage":{"@id":"https:\/\/selectednews.info\/pl\/bulgaria-chce-przyjac-euro-jest-data\/"},"wordCount":386,"commentCount":0,"image":{"@id":"https:\/\/selectednews.info\/pl\/bulgaria-chce-przyjac-euro-jest-data\/#primaryimage"},"thumbnailUrl":"https:\/\/selectednews.info\/pl\/wp-content\/uploads\/sites\/6\/2021\/07\/Bulgaria-chce-przyjac-euro-Jest-data.jpeg","articleSection":["WIADOMO\u015aCI BIZNESOWE"],"inLanguage":"pl-PL","potentialAction":[{"@type":"CommentAction","name":"Comment","target":["https:\/\/selectednews.info\/pl\/bulgaria-chce-przyjac-euro-jest-data\/#respond"]}]},{"@type":"WebPage","@id":"https:\/\/selectednews.info\/pl\/bulgaria-chce-przyjac-euro-jest-data\/","url":"https:\/\/selectednews.info\/pl\/bulgaria-chce-przyjac-euro-jest-data\/","name":"Bu\u0142garia chce przyj\u0105\u0107 euro. Jest data - Selected News","isPartOf":{"@id":"https:\/\/selectednews.info\/pl\/#website"},"primaryImageOfPage":{"@id":"https:\/\/selectednews.info\/pl\/bulgaria-chce-przyjac-euro-jest-data\/#primaryimage"},"image":{"@id":"https:\/\/selectednews.info\/pl\/bulgaria-chce-przyjac-euro-jest-data\/#primaryimage"},"thumbnailUrl":"https:\/\/selectednews.info\/pl\/wp-content\/uploads\/sites\/6\/2021\/07\/Bulgaria-chce-przyjac-euro-Jest-data.jpeg","datePublished":"2021-07-01T14:05:56+00:00","dateModified":"2021-07-01T14:06:00+00:00","author":{"@id":"https:\/\/selectednews.info\/pl\/#\/schema\/person\/c8a0f1bfe64548cfb06c0529b0970068"},"breadcrumb":{"@id":"https:\/\/selectednews.info\/pl\/bulgaria-chce-przyjac-euro-jest-data\/#breadcrumb"},"inLanguage":"pl-PL","potentialAction":[{"@type":"ReadAction","target":["https:\/\/selectednews.info\/pl\/bulgaria-chce-przyjac-euro-jest-data\/"]}]},{"@type":"ImageObject","inLanguage":"pl-PL","@id":"https:\/\/selectednews.info\/pl\/bulgaria-chce-przyjac-euro-jest-data\/#primaryimage","url":"https:\/\/selectednews.info\/pl\/wp-content\/uploads\/sites\/6\/2021\/07\/Bulgaria-chce-przyjac-euro-Jest-data.jpeg","contentUrl":"https:\/\/selectednews.info\/pl\/wp-content\/uploads\/sites\/6\/2021\/07\/Bulgaria-chce-przyjac-euro-Jest-data.jpeg","width":1280,"height":719,"caption":"Bu\u0142garia chce przyj\u0105\u0107 euro. Jest data"},{"@type":"BreadcrumbList","@id":"https:\/\/selectednews.info\/pl\/bulgaria-chce-przyjac-euro-jest-data\/#breadcrumb","itemListElement":[{"@type":"ListItem","position":1,"name":"\u0413\u043b\u0430\u0432\u043d\u0430\u044f \u0441\u0442\u0440\u0430\u043d\u0438\u0446\u0430","item":"https:\/\/selectednews.info\/pl\/"},{"@type":"ListItem","position":2,"name":"Bu\u0142garia chce przyj\u0105\u0107 euro. Jest data"}]},{"@type":"WebSite","@id":"https:\/\/selectednews.info\/pl\/#website","url":"https:\/\/selectednews.info\/pl\/","name":"Selected News","description":"Selected News Polska","potentialAction":[{"@type":"SearchAction","target":{"@type":"EntryPoint","urlTemplate":"https:\/\/selectednews.info\/pl\/?s={search_term_string}"},"query-input":{"@type":"PropertyValueSpecification","valueRequired":true,"valueName":"search_term_string"}}],"inLanguage":"pl-PL"},{"@type":"Person","@id":"https:\/\/selectednews.info\/pl\/#\/schema\/person\/c8a0f1bfe64548cfb06c0529b0970068","name":"selectednews","image":{"@type":"ImageObject","inLanguage":"pl-PL","@id":"https:\/\/secure.gravatar.com\/avatar\/c88515018a25fd646d9f77ea80cc88996711575667608a2cd1b47f3d1145508a?s=96&d=mm&r=g","url":"https:\/\/secure.gravatar.com\/avatar\/c88515018a25fd646d9f77ea80cc88996711575667608a2cd1b47f3d1145508a?s=96&d=mm&r=g","contentUrl":"https:\/\/secure.gravatar.com\/avatar\/c88515018a25fd646d9f77ea80cc88996711575667608a2cd1b47f3d1145508a?s=96&d=mm&r=g","caption":"selectednews"},"url":"https:\/\/selectednews.info\/pl\/author\/pt\/"}]}},"_links":{"self":[{"href":"https:\/\/selectednews.info\/pl\/wp-json\/wp\/v2\/posts\/7559","targetHints":{"allow":["GET"]}}],"collection":[{"href":"https:\/\/selectednews.info\/pl\/wp-json\/wp\/v2\/posts"}],"about":[{"href":"https:\/\/selectednews.info\/pl\/wp-json\/wp\/v2\/types\/post"}],"author":[{"embeddable":true,"href":"https:\/\/selectednews.info\/pl\/wp-json\/wp\/v2\/users\/2"}],"replies":[{"embeddable":true,"href":"https:\/\/selectednews.info\/pl\/wp-json\/wp\/v2\/comments?post=7559"}],"version-history":[{"count":1,"href":"https:\/\/selectednews.info\/pl\/wp-json\/wp\/v2\/posts\/7559\/revisions"}],"predecessor-version":[{"id":7561,"href":"https:\/\/selectednews.info\/pl\/wp-json\/wp\/v2\/posts\/7559\/revisions\/7561"}],"wp:featuredmedia":[{"embeddable":true,"href":"https:\/\/selectednews.info\/pl\/wp-json\/wp\/v2\/media\/7560"}],"wp:attachment":[{"href":"https:\/\/selectednews.info\/pl\/wp-json\/wp\/v2\/media?parent=7559"}],"wp:term":[{"taxonomy":"category","embeddable":true,"href":"https:\/\/selectednews.info\/pl\/wp-json\/wp\/v2\/categories?post=7559"},{"taxonomy":"post_tag","embeddable":true,"href":"https:\/\/selectednews.info\/pl\/wp-json\/wp\/v2\/tags?post=7559"}],"curies":[{"name":"wp","href":"https:\/\/api.w.org\/{rel}","templated":true}]}}