{"id":7565,"date":"2021-07-02T17:10:27","date_gmt":"2021-07-02T14:10:27","guid":{"rendered":"https:\/\/selectednews.info\/pl\/unijny-certyfikat-covid-adam-niedzielski-o-liczbie-pobran-paszportow-covidowych-w-polsce\/"},"modified":"2021-07-02T17:10:31","modified_gmt":"2021-07-02T14:10:31","slug":"unijny-certyfikat-covid-adam-niedzielski-o-liczbie-pobran-paszportow-covidowych-w-polsce","status":"publish","type":"post","link":"https:\/\/selectednews.info\/pl\/unijny-certyfikat-covid-adam-niedzielski-o-liczbie-pobran-paszportow-covidowych-w-polsce\/","title":{"rendered":"Unijny Certyfikat Covid. Adam Niedzielski o liczbie pobra\u0144 paszport\u00f3w covidowych w Polsce"},"content":{"rendered":"<p>Do tej pory Unijny Certyfikat COVID pobra\u0142o blisko 7 milion\u00f3w os\u00f3b &#8211; wynika z najnowszych danych przekazanych przez ministra zdrowia Adama Niedzielskiego. &#8211; Jeste\u015bmy a\u017c sami zaskoczeni, jak bardzo szybko ca\u0142y czas ro\u015bnie zainteresowanie &#8211; podkre\u015bli\u0142 szef MZ.Podczas pi\u0105tkowej konferencji prasowej minister zdrowia Adam Niedzielski by\u0142 pytany o to, ile do tej pory pobrano Unijnych Certyfikat\u00f3w COVID w Polsce.- Jeste\u015bmy a\u017c sami zaskoczeni, jak bardzo szybko ca\u0142y czas ro\u015bnie zainteresowanie. Najnowsze dane (&#8230;), to jest blisko 7 milion\u00f3w pobra\u0144. Jeszcze kilka dni temu by\u0142o to nieca\u0142e 6 milion\u00f3w, wi\u0119c naprawd\u0119 w ci\u0105gu kilku dni blisko milion pobra\u0144 tego certyfikatu &#8211; wskaza\u0142 Niedzielski.Jak stwierdzi\u0142, &#8222;to zainteresowanie wynika z tego u\u0142atwienia, kt\u00f3re idzie za posiadaniem tego certyfikatu&#8221;. &#8211; G\u0142\u00f3wn\u0105 korzy\u015bci\u0105 jest to, \u017ce wystarczy ten dokument okaza\u0107, \u017ceby przekroczy\u0107 granic\u0119 w krajach, kt\u00f3re honoruj\u0105 ten certyfikat. Nie ma ryzyka wpadni\u0119cia na kwarantann\u0119 po przekroczeniu granicy i te\u017c nie ma tej dolegliwo\u015bci ci\u0105g\u0142ego wykonywania bada\u0144, bo to jest co\u015b, co w niekt\u00f3rych krajach jest r\u00f3wnie\u017c p\u0142atne. Wi\u0119c naprawd\u0119 szczepienie jest tutaj metod\u0105 na sp\u0119dzenie beztroskich wakacji &#8211; podkre\u015bli\u0142 minister zdrowia.OGL\u0104DAJ TVN24 W INTERNECIE W TVN24 GO &gt;&gt;&gt;Paszporty covidoweCertyfikat mog\u0105 pobra\u0107 osoby, kt\u00f3re s\u0105 w pe\u0142ni zaszczepione (dwiema dawkami preparatu lub przyj\u0119\u0142y szczepionk\u0119 jednodawkow\u0105). W ich przypadku\u00a0certyfikat wa\u017cny jest od 14. do 365. dnia po podaniu ostatniej dawki.Dokument mog\u0105 pobra\u0107 tak\u017ce osoby, kt\u00f3re otrzyma\u0142y negatywny wynik testu na obecno\u015b\u0107 koronawirusa &#8211; w ich przypadku wa\u017cno\u015b\u0107\u00a0certyfikatu to 48 godzin. Unijny\u00a0Certyfikat COVID przys\u0142uguje r\u00f3wnie\u017c ozdrowie\u0144com &#8211; w ich wypadku wa\u017cny jest od 11. do 180. dnia od uzyskania pozytywnego wyniku testu PCR.\u0179r\u00f3d\u0142o zdj\u0119cia g\u0142\u00f3wnego:\u00a0UE<br \/>\n<br \/>\n<!--noindex--><br \/>\n<a href=\"https:\/\/tvn24.pl\/biznes\/z-kraju\/unijny-certyfikat-covid-adam-niedzielski-o-liczbie-pobran-paszportow-covidowych-w-polsce-5138202?source=rss\" rel=\"nofollow\">Source link <\/a><br \/>\n<!--\/noindex--><\/p>\n","protected":false},"excerpt":{"rendered":"<p>Do tej pory Unijny Certyfikat COVID pobra\u0142o blisko 7 milion\u00f3w os\u00f3b &#8211; wynika z najnowszych danych przekazanych przez ministra zdrowia Adama Niedzielskiego. &#8211; Jeste\u015bmy a\u017c sami zaskoczeni, jak bardzo szybko ca\u0142y czas ro\u015bnie zainteresowanie &#8211; podkre\u015bli\u0142 szef MZ.Podczas pi\u0105tkowej konferencji prasowej minister zdrowia Adam Niedzielski by\u0142 pytany o to, ile do tej pory pobrano Unijnych [&hellip;]<\/p>\n","protected":false},"author":2,"featured_media":7566,"comment_status":"open","ping_status":"open","sticky":false,"template":"","format":"standard","meta":{"footnotes":""},"categories":[1],"tags":[],"class_list":["post-7565","post","type-post","status-publish","format-standard","has-post-thumbnail","hentry","category-wiadomosci-biznesowe"],"yoast_head":"<!-- This site is optimized with the Yoast SEO plugin v27.4 - https:\/\/yoast.com\/product\/yoast-seo-wordpress\/ -->\n<title>Unijny Certyfikat Covid. Adam Niedzielski o liczbie pobra\u0144 paszport\u00f3w covidowych w Polsce - Selected News<\/title>\n<meta name=\"robots\" content=\"index, follow, max-snippet:-1, max-image-preview:large, max-video-preview:-1\" \/>\n<link rel=\"canonical\" href=\"https:\/\/selectednews.info\/pl\/unijny-certyfikat-covid-adam-niedzielski-o-liczbie-pobran-paszportow-covidowych-w-polsce\/\" \/>\n<meta property=\"og:locale\" content=\"pl_PL\" \/>\n<meta property=\"og:type\" content=\"article\" \/>\n<meta property=\"og:title\" content=\"Unijny Certyfikat Covid. Adam Niedzielski o liczbie pobra\u0144 paszport\u00f3w covidowych w Polsce - Selected News\" \/>\n<meta property=\"og:description\" content=\"Do tej pory Unijny Certyfikat COVID pobra\u0142o blisko 7 milion\u00f3w os\u00f3b &#8211; wynika z najnowszych danych przekazanych przez ministra zdrowia Adama Niedzielskiego. &#8211; Jeste\u015bmy a\u017c sami zaskoczeni, jak bardzo szybko ca\u0142y czas ro\u015bnie zainteresowanie &#8211; podkre\u015bli\u0142 szef MZ.Podczas pi\u0105tkowej konferencji prasowej minister zdrowia Adam Niedzielski by\u0142 pytany o to, ile do tej pory pobrano Unijnych [&hellip;]\" \/>\n<meta property=\"og:url\" content=\"https:\/\/selectednews.info\/pl\/unijny-certyfikat-covid-adam-niedzielski-o-liczbie-pobran-paszportow-covidowych-w-polsce\/\" \/>\n<meta property=\"og:site_name\" content=\"Selected News\" \/>\n<meta property=\"article:published_time\" content=\"2021-07-02T14:10:27+00:00\" \/>\n<meta property=\"article:modified_time\" content=\"2021-07-02T14:10:31+00:00\" \/>\n<meta property=\"og:image\" content=\"https:\/\/selectednews.info\/pl\/wp-content\/uploads\/sites\/6\/2021\/07\/Unijny-Certyfikat-Covid-Adam-Niedzielski-o-liczbie-pobran-paszportow-covidowych.jpeg\" \/>\n\t<meta property=\"og:image:width\" content=\"1280\" \/>\n\t<meta property=\"og:image:height\" content=\"719\" \/>\n\t<meta property=\"og:image:type\" content=\"image\/jpeg\" \/>\n<meta name=\"author\" content=\"selectednews\" \/>\n<meta name=\"twitter:card\" content=\"summary_large_image\" \/>\n<meta name=\"twitter:label1\" content=\"Napisane przez\" \/>\n\t<meta name=\"twitter:data1\" content=\"selectednews\" \/>\n\t<meta name=\"twitter:label2\" content=\"Szacowany czas czytania\" \/>\n\t<meta name=\"twitter:data2\" content=\"2 minuty\" \/>\n<script type=\"application\/ld+json\" class=\"yoast-schema-graph\">{\"@context\":\"https:\\\/\\\/schema.org\",\"@graph\":[{\"@type\":\"Article\",\"@id\":\"https:\\\/\\\/selectednews.info\\\/pl\\\/unijny-certyfikat-covid-adam-niedzielski-o-liczbie-pobran-paszportow-covidowych-w-polsce\\\/#article\",\"isPartOf\":{\"@id\":\"https:\\\/\\\/selectednews.info\\\/pl\\\/unijny-certyfikat-covid-adam-niedzielski-o-liczbie-pobran-paszportow-covidowych-w-polsce\\\/\"},\"author\":{\"name\":\"selectednews\",\"@id\":\"https:\\\/\\\/selectednews.info\\\/pl\\\/#\\\/schema\\\/person\\\/c8a0f1bfe64548cfb06c0529b0970068\"},\"headline\":\"Unijny Certyfikat Covid. Adam Niedzielski o liczbie pobra\u0144 paszport\u00f3w covidowych w Polsce\",\"datePublished\":\"2021-07-02T14:10:27+00:00\",\"dateModified\":\"2021-07-02T14:10:31+00:00\",\"mainEntityOfPage\":{\"@id\":\"https:\\\/\\\/selectednews.info\\\/pl\\\/unijny-certyfikat-covid-adam-niedzielski-o-liczbie-pobran-paszportow-covidowych-w-polsce\\\/\"},\"wordCount\":327,\"commentCount\":0,\"image\":{\"@id\":\"https:\\\/\\\/selectednews.info\\\/pl\\\/unijny-certyfikat-covid-adam-niedzielski-o-liczbie-pobran-paszportow-covidowych-w-polsce\\\/#primaryimage\"},\"thumbnailUrl\":\"https:\\\/\\\/selectednews.info\\\/pl\\\/wp-content\\\/uploads\\\/sites\\\/6\\\/2021\\\/07\\\/Unijny-Certyfikat-Covid-Adam-Niedzielski-o-liczbie-pobran-paszportow-covidowych.jpeg\",\"articleSection\":[\"WIADOMO\u015aCI BIZNESOWE\"],\"inLanguage\":\"pl-PL\",\"potentialAction\":[{\"@type\":\"CommentAction\",\"name\":\"Comment\",\"target\":[\"https:\\\/\\\/selectednews.info\\\/pl\\\/unijny-certyfikat-covid-adam-niedzielski-o-liczbie-pobran-paszportow-covidowych-w-polsce\\\/#respond\"]}]},{\"@type\":\"WebPage\",\"@id\":\"https:\\\/\\\/selectednews.info\\\/pl\\\/unijny-certyfikat-covid-adam-niedzielski-o-liczbie-pobran-paszportow-covidowych-w-polsce\\\/\",\"url\":\"https:\\\/\\\/selectednews.info\\\/pl\\\/unijny-certyfikat-covid-adam-niedzielski-o-liczbie-pobran-paszportow-covidowych-w-polsce\\\/\",\"name\":\"Unijny Certyfikat Covid. Adam Niedzielski o liczbie pobra\u0144 paszport\u00f3w covidowych w Polsce - Selected News\",\"isPartOf\":{\"@id\":\"https:\\\/\\\/selectednews.info\\\/pl\\\/#website\"},\"primaryImageOfPage\":{\"@id\":\"https:\\\/\\\/selectednews.info\\\/pl\\\/unijny-certyfikat-covid-adam-niedzielski-o-liczbie-pobran-paszportow-covidowych-w-polsce\\\/#primaryimage\"},\"image\":{\"@id\":\"https:\\\/\\\/selectednews.info\\\/pl\\\/unijny-certyfikat-covid-adam-niedzielski-o-liczbie-pobran-paszportow-covidowych-w-polsce\\\/#primaryimage\"},\"thumbnailUrl\":\"https:\\\/\\\/selectednews.info\\\/pl\\\/wp-content\\\/uploads\\\/sites\\\/6\\\/2021\\\/07\\\/Unijny-Certyfikat-Covid-Adam-Niedzielski-o-liczbie-pobran-paszportow-covidowych.jpeg\",\"datePublished\":\"2021-07-02T14:10:27+00:00\",\"dateModified\":\"2021-07-02T14:10:31+00:00\",\"author\":{\"@id\":\"https:\\\/\\\/selectednews.info\\\/pl\\\/#\\\/schema\\\/person\\\/c8a0f1bfe64548cfb06c0529b0970068\"},\"breadcrumb\":{\"@id\":\"https:\\\/\\\/selectednews.info\\\/pl\\\/unijny-certyfikat-covid-adam-niedzielski-o-liczbie-pobran-paszportow-covidowych-w-polsce\\\/#breadcrumb\"},\"inLanguage\":\"pl-PL\",\"potentialAction\":[{\"@type\":\"ReadAction\",\"target\":[\"https:\\\/\\\/selectednews.info\\\/pl\\\/unijny-certyfikat-covid-adam-niedzielski-o-liczbie-pobran-paszportow-covidowych-w-polsce\\\/\"]}]},{\"@type\":\"ImageObject\",\"inLanguage\":\"pl-PL\",\"@id\":\"https:\\\/\\\/selectednews.info\\\/pl\\\/unijny-certyfikat-covid-adam-niedzielski-o-liczbie-pobran-paszportow-covidowych-w-polsce\\\/#primaryimage\",\"url\":\"https:\\\/\\\/selectednews.info\\\/pl\\\/wp-content\\\/uploads\\\/sites\\\/6\\\/2021\\\/07\\\/Unijny-Certyfikat-Covid-Adam-Niedzielski-o-liczbie-pobran-paszportow-covidowych.jpeg\",\"contentUrl\":\"https:\\\/\\\/selectednews.info\\\/pl\\\/wp-content\\\/uploads\\\/sites\\\/6\\\/2021\\\/07\\\/Unijny-Certyfikat-Covid-Adam-Niedzielski-o-liczbie-pobran-paszportow-covidowych.jpeg\",\"width\":1280,\"height\":719,\"caption\":\"Unijny Certyfikat Covid. Adam Niedzielski o liczbie pobra\u0144 paszport\u00f3w covidowych w Polsce\"},{\"@type\":\"BreadcrumbList\",\"@id\":\"https:\\\/\\\/selectednews.info\\\/pl\\\/unijny-certyfikat-covid-adam-niedzielski-o-liczbie-pobran-paszportow-covidowych-w-polsce\\\/#breadcrumb\",\"itemListElement\":[{\"@type\":\"ListItem\",\"position\":1,\"name\":\"\u0413\u043b\u0430\u0432\u043d\u0430\u044f \u0441\u0442\u0440\u0430\u043d\u0438\u0446\u0430\",\"item\":\"https:\\\/\\\/selectednews.info\\\/pl\\\/\"},{\"@type\":\"ListItem\",\"position\":2,\"name\":\"Unijny Certyfikat Covid. Adam Niedzielski o liczbie pobra\u0144 paszport\u00f3w covidowych w Polsce\"}]},{\"@type\":\"WebSite\",\"@id\":\"https:\\\/\\\/selectednews.info\\\/pl\\\/#website\",\"url\":\"https:\\\/\\\/selectednews.info\\\/pl\\\/\",\"name\":\"Selected News\",\"description\":\"Selected News Polska\",\"potentialAction\":[{\"@type\":\"SearchAction\",\"target\":{\"@type\":\"EntryPoint\",\"urlTemplate\":\"https:\\\/\\\/selectednews.info\\\/pl\\\/?s={search_term_string}\"},\"query-input\":{\"@type\":\"PropertyValueSpecification\",\"valueRequired\":true,\"valueName\":\"search_term_string\"}}],\"inLanguage\":\"pl-PL\"},{\"@type\":\"Person\",\"@id\":\"https:\\\/\\\/selectednews.info\\\/pl\\\/#\\\/schema\\\/person\\\/c8a0f1bfe64548cfb06c0529b0970068\",\"name\":\"selectednews\",\"image\":{\"@type\":\"ImageObject\",\"inLanguage\":\"pl-PL\",\"@id\":\"https:\\\/\\\/secure.gravatar.com\\\/avatar\\\/c88515018a25fd646d9f77ea80cc88996711575667608a2cd1b47f3d1145508a?s=96&d=mm&r=g\",\"url\":\"https:\\\/\\\/secure.gravatar.com\\\/avatar\\\/c88515018a25fd646d9f77ea80cc88996711575667608a2cd1b47f3d1145508a?s=96&d=mm&r=g\",\"contentUrl\":\"https:\\\/\\\/secure.gravatar.com\\\/avatar\\\/c88515018a25fd646d9f77ea80cc88996711575667608a2cd1b47f3d1145508a?s=96&d=mm&r=g\",\"caption\":\"selectednews\"},\"url\":\"https:\\\/\\\/selectednews.info\\\/pl\\\/author\\\/pt\\\/\"}]}<\/script>\n<!-- \/ Yoast SEO plugin. -->","yoast_head_json":{"title":"Unijny Certyfikat Covid. Adam Niedzielski o liczbie pobra\u0144 paszport\u00f3w covidowych w Polsce - Selected News","robots":{"index":"index","follow":"follow","max-snippet":"max-snippet:-1","max-image-preview":"max-image-preview:large","max-video-preview":"max-video-preview:-1"},"canonical":"https:\/\/selectednews.info\/pl\/unijny-certyfikat-covid-adam-niedzielski-o-liczbie-pobran-paszportow-covidowych-w-polsce\/","og_locale":"pl_PL","og_type":"article","og_title":"Unijny Certyfikat Covid. Adam Niedzielski o liczbie pobra\u0144 paszport\u00f3w covidowych w Polsce - Selected News","og_description":"Do tej pory Unijny Certyfikat COVID pobra\u0142o blisko 7 milion\u00f3w os\u00f3b &#8211; wynika z najnowszych danych przekazanych przez ministra zdrowia Adama Niedzielskiego. &#8211; Jeste\u015bmy a\u017c sami zaskoczeni, jak bardzo szybko ca\u0142y czas ro\u015bnie zainteresowanie &#8211; podkre\u015bli\u0142 szef MZ.Podczas pi\u0105tkowej konferencji prasowej minister zdrowia Adam Niedzielski by\u0142 pytany o to, ile do tej pory pobrano Unijnych [&hellip;]","og_url":"https:\/\/selectednews.info\/pl\/unijny-certyfikat-covid-adam-niedzielski-o-liczbie-pobran-paszportow-covidowych-w-polsce\/","og_site_name":"Selected News","article_published_time":"2021-07-02T14:10:27+00:00","article_modified_time":"2021-07-02T14:10:31+00:00","og_image":[{"width":1280,"height":719,"url":"https:\/\/selectednews.info\/pl\/wp-content\/uploads\/sites\/6\/2021\/07\/Unijny-Certyfikat-Covid-Adam-Niedzielski-o-liczbie-pobran-paszportow-covidowych.jpeg","type":"image\/jpeg"}],"author":"selectednews","twitter_card":"summary_large_image","twitter_misc":{"Napisane przez":"selectednews","Szacowany czas czytania":"2 minuty"},"schema":{"@context":"https:\/\/schema.org","@graph":[{"@type":"Article","@id":"https:\/\/selectednews.info\/pl\/unijny-certyfikat-covid-adam-niedzielski-o-liczbie-pobran-paszportow-covidowych-w-polsce\/#article","isPartOf":{"@id":"https:\/\/selectednews.info\/pl\/unijny-certyfikat-covid-adam-niedzielski-o-liczbie-pobran-paszportow-covidowych-w-polsce\/"},"author":{"name":"selectednews","@id":"https:\/\/selectednews.info\/pl\/#\/schema\/person\/c8a0f1bfe64548cfb06c0529b0970068"},"headline":"Unijny Certyfikat Covid. Adam Niedzielski o liczbie pobra\u0144 paszport\u00f3w covidowych w Polsce","datePublished":"2021-07-02T14:10:27+00:00","dateModified":"2021-07-02T14:10:31+00:00","mainEntityOfPage":{"@id":"https:\/\/selectednews.info\/pl\/unijny-certyfikat-covid-adam-niedzielski-o-liczbie-pobran-paszportow-covidowych-w-polsce\/"},"wordCount":327,"commentCount":0,"image":{"@id":"https:\/\/selectednews.info\/pl\/unijny-certyfikat-covid-adam-niedzielski-o-liczbie-pobran-paszportow-covidowych-w-polsce\/#primaryimage"},"thumbnailUrl":"https:\/\/selectednews.info\/pl\/wp-content\/uploads\/sites\/6\/2021\/07\/Unijny-Certyfikat-Covid-Adam-Niedzielski-o-liczbie-pobran-paszportow-covidowych.jpeg","articleSection":["WIADOMO\u015aCI BIZNESOWE"],"inLanguage":"pl-PL","potentialAction":[{"@type":"CommentAction","name":"Comment","target":["https:\/\/selectednews.info\/pl\/unijny-certyfikat-covid-adam-niedzielski-o-liczbie-pobran-paszportow-covidowych-w-polsce\/#respond"]}]},{"@type":"WebPage","@id":"https:\/\/selectednews.info\/pl\/unijny-certyfikat-covid-adam-niedzielski-o-liczbie-pobran-paszportow-covidowych-w-polsce\/","url":"https:\/\/selectednews.info\/pl\/unijny-certyfikat-covid-adam-niedzielski-o-liczbie-pobran-paszportow-covidowych-w-polsce\/","name":"Unijny Certyfikat Covid. Adam Niedzielski o liczbie pobra\u0144 paszport\u00f3w covidowych w Polsce - Selected News","isPartOf":{"@id":"https:\/\/selectednews.info\/pl\/#website"},"primaryImageOfPage":{"@id":"https:\/\/selectednews.info\/pl\/unijny-certyfikat-covid-adam-niedzielski-o-liczbie-pobran-paszportow-covidowych-w-polsce\/#primaryimage"},"image":{"@id":"https:\/\/selectednews.info\/pl\/unijny-certyfikat-covid-adam-niedzielski-o-liczbie-pobran-paszportow-covidowych-w-polsce\/#primaryimage"},"thumbnailUrl":"https:\/\/selectednews.info\/pl\/wp-content\/uploads\/sites\/6\/2021\/07\/Unijny-Certyfikat-Covid-Adam-Niedzielski-o-liczbie-pobran-paszportow-covidowych.jpeg","datePublished":"2021-07-02T14:10:27+00:00","dateModified":"2021-07-02T14:10:31+00:00","author":{"@id":"https:\/\/selectednews.info\/pl\/#\/schema\/person\/c8a0f1bfe64548cfb06c0529b0970068"},"breadcrumb":{"@id":"https:\/\/selectednews.info\/pl\/unijny-certyfikat-covid-adam-niedzielski-o-liczbie-pobran-paszportow-covidowych-w-polsce\/#breadcrumb"},"inLanguage":"pl-PL","potentialAction":[{"@type":"ReadAction","target":["https:\/\/selectednews.info\/pl\/unijny-certyfikat-covid-adam-niedzielski-o-liczbie-pobran-paszportow-covidowych-w-polsce\/"]}]},{"@type":"ImageObject","inLanguage":"pl-PL","@id":"https:\/\/selectednews.info\/pl\/unijny-certyfikat-covid-adam-niedzielski-o-liczbie-pobran-paszportow-covidowych-w-polsce\/#primaryimage","url":"https:\/\/selectednews.info\/pl\/wp-content\/uploads\/sites\/6\/2021\/07\/Unijny-Certyfikat-Covid-Adam-Niedzielski-o-liczbie-pobran-paszportow-covidowych.jpeg","contentUrl":"https:\/\/selectednews.info\/pl\/wp-content\/uploads\/sites\/6\/2021\/07\/Unijny-Certyfikat-Covid-Adam-Niedzielski-o-liczbie-pobran-paszportow-covidowych.jpeg","width":1280,"height":719,"caption":"Unijny Certyfikat Covid. Adam Niedzielski o liczbie pobra\u0144 paszport\u00f3w covidowych w Polsce"},{"@type":"BreadcrumbList","@id":"https:\/\/selectednews.info\/pl\/unijny-certyfikat-covid-adam-niedzielski-o-liczbie-pobran-paszportow-covidowych-w-polsce\/#breadcrumb","itemListElement":[{"@type":"ListItem","position":1,"name":"\u0413\u043b\u0430\u0432\u043d\u0430\u044f \u0441\u0442\u0440\u0430\u043d\u0438\u0446\u0430","item":"https:\/\/selectednews.info\/pl\/"},{"@type":"ListItem","position":2,"name":"Unijny Certyfikat Covid. Adam Niedzielski o liczbie pobra\u0144 paszport\u00f3w covidowych w Polsce"}]},{"@type":"WebSite","@id":"https:\/\/selectednews.info\/pl\/#website","url":"https:\/\/selectednews.info\/pl\/","name":"Selected News","description":"Selected News Polska","potentialAction":[{"@type":"SearchAction","target":{"@type":"EntryPoint","urlTemplate":"https:\/\/selectednews.info\/pl\/?s={search_term_string}"},"query-input":{"@type":"PropertyValueSpecification","valueRequired":true,"valueName":"search_term_string"}}],"inLanguage":"pl-PL"},{"@type":"Person","@id":"https:\/\/selectednews.info\/pl\/#\/schema\/person\/c8a0f1bfe64548cfb06c0529b0970068","name":"selectednews","image":{"@type":"ImageObject","inLanguage":"pl-PL","@id":"https:\/\/secure.gravatar.com\/avatar\/c88515018a25fd646d9f77ea80cc88996711575667608a2cd1b47f3d1145508a?s=96&d=mm&r=g","url":"https:\/\/secure.gravatar.com\/avatar\/c88515018a25fd646d9f77ea80cc88996711575667608a2cd1b47f3d1145508a?s=96&d=mm&r=g","contentUrl":"https:\/\/secure.gravatar.com\/avatar\/c88515018a25fd646d9f77ea80cc88996711575667608a2cd1b47f3d1145508a?s=96&d=mm&r=g","caption":"selectednews"},"url":"https:\/\/selectednews.info\/pl\/author\/pt\/"}]}},"_links":{"self":[{"href":"https:\/\/selectednews.info\/pl\/wp-json\/wp\/v2\/posts\/7565","targetHints":{"allow":["GET"]}}],"collection":[{"href":"https:\/\/selectednews.info\/pl\/wp-json\/wp\/v2\/posts"}],"about":[{"href":"https:\/\/selectednews.info\/pl\/wp-json\/wp\/v2\/types\/post"}],"author":[{"embeddable":true,"href":"https:\/\/selectednews.info\/pl\/wp-json\/wp\/v2\/users\/2"}],"replies":[{"embeddable":true,"href":"https:\/\/selectednews.info\/pl\/wp-json\/wp\/v2\/comments?post=7565"}],"version-history":[{"count":1,"href":"https:\/\/selectednews.info\/pl\/wp-json\/wp\/v2\/posts\/7565\/revisions"}],"predecessor-version":[{"id":7567,"href":"https:\/\/selectednews.info\/pl\/wp-json\/wp\/v2\/posts\/7565\/revisions\/7567"}],"wp:featuredmedia":[{"embeddable":true,"href":"https:\/\/selectednews.info\/pl\/wp-json\/wp\/v2\/media\/7566"}],"wp:attachment":[{"href":"https:\/\/selectednews.info\/pl\/wp-json\/wp\/v2\/media?parent=7565"}],"wp:term":[{"taxonomy":"category","embeddable":true,"href":"https:\/\/selectednews.info\/pl\/wp-json\/wp\/v2\/categories?post=7565"},{"taxonomy":"post_tag","embeddable":true,"href":"https:\/\/selectednews.info\/pl\/wp-json\/wp\/v2\/tags?post=7565"}],"curies":[{"name":"wp","href":"https:\/\/api.w.org\/{rel}","templated":true}]}}