{"id":6005,"date":"2021-01-19T18:37:01","date_gmt":"2021-01-19T15:37:01","guid":{"rendered":"https:\/\/selectednews.info\/pt\/iata-quer-certificado-europeu-de-vacinacao-para-viajar-livremente-na-europa\/"},"modified":"2021-01-19T18:37:03","modified_gmt":"2021-01-19T15:37:03","slug":"iata-quer-certificado-europeu-de-vacinacao-para-viajar-livremente-na-europa","status":"publish","type":"post","link":"https:\/\/selectednews.info\/pt\/iata-quer-certificado-europeu-de-vacinacao-para-viajar-livremente-na-europa\/","title":{"rendered":"IATA quer certificado europeu de vacina\u00e7\u00e3o para viajar livremente na Europa"},"content":{"rendered":"<p>\n&#8220;A IATA exortou todos os ramos da Uni\u00e3o Europeia a apoiar uma iniciativa do primeiro-ministro grego, Kyriakos Mitsotakis, para se chegar a acordo sobre um certificado europeu de vacina\u00e7\u00e3o covid-19 digital comum, que permitiria aos vacinados viajarem livremente pela Europa sem o teste \u00e0 covid-19&#8221;, l\u00ea-se num comunicado divulgado pela associa\u00e7\u00e3o que representa cerca de 290 companhias a\u00e9reas.Numa carta aberta \u00e0 presidente da Comiss\u00e3o Europeia, Ursula von der Leyen, tamb\u00e9m dirigida aos principais decisores pol\u00edticos da Uni\u00e3o Europeia (UE), o diretor-geral e presidente executivo da IATA, Alexandre de Juniac, apelou aos Estados-membros da UE para coordenarem uma medida que permitiria \u00e0 Europa &#8220;benef\u00edcios econ\u00f3micos e sociais&#8221; com a restitui\u00e7\u00e3o da liberdade de circula\u00e7\u00e3o, &#8220;a come\u00e7ar pelos vacinados&#8221;.<br \/>\nA Iata entende que a iniciativa grega deve ser &#8220;urgentemente&#8221; adotada pela Comiss\u00e3o Europeia e por todos os Estados-membros. &#8220;A vacina\u00e7\u00e3o \u00e9 fundamental para reabrir fronteiras com seguran\u00e7a e estimular a recupera\u00e7\u00e3o econ\u00f3mica&#8221;, defendeu Alexandre de Juniac, acrescentando que &#8220;um certificado de vacina\u00e7\u00e3o pan-europeu mutuamente reconhecido seria um passo importante para dar aos governos a confian\u00e7a para abrir com seguran\u00e7a as suas fronteiras e, aos passageiros, a confian\u00e7a para voar sem a barreira da quarentena&#8221;.O primeiro-ministro grego prop\u00f4s a cria\u00e7\u00e3o de um certificado de vacina\u00e7\u00e3o harmonizado, que, segundo a IATA, poderia contribuir &#8220;para o restabelecimento da mobilidade \u00e0 escala global, que \u00e9 a base para o restabelecimento da atividade econ\u00f3mica aos n\u00edveis anteriores \u00e0 crise&#8221;.Para a associa\u00e7\u00e3o, aquela medida torna-se mais urgente face aos novos bloqueios e restri\u00e7\u00f5es de viagens em todo o mundo, devido ao surgimento em alguns pa\u00edses de novas variantes mais agressivas do v\u00edrus.&#8221;Estamos a viver dias muito sombrios com esta pandemia. Mas as medidas duras adotadas, combinadas com programas de vacina\u00e7\u00e3o acelerados, devem dar-nos esperan\u00e7a de que podemos restabelecer com seguran\u00e7a a liberdade de circula\u00e7\u00e3o&#8221;, enfatizou o presidente executivo da IATA.Na perspetiva de Alexandre de Juniac, aquela medida &#8220;vai salvar empregos, aliviar a ang\u00fastia mental, juntar fam\u00edlias e reavivar a economia&#8221; e pediu que os governos &#8220;comecem a trabalhar juntos com muito mais efic\u00e1cia&#8221; no planeamento da retoma da &#8220;conectividade global&#8221;.Os Chefes de Estado da UE re\u00fanem-se na quinta-feira, com a proposta do primeiro-ministro grego em cima da mesa, dando esperan\u00e7a \u00e0s companhias a\u00e9reas de que a Comiss\u00e3o Europeia possa ser instru\u00edda no sentido de desenvolver uma certifica\u00e7\u00e3o estar\u00e1 na ordem do dia. Espera-se que eles instruam a Comiss\u00e3o a tomar medidas e desenvolver uma certifica\u00e7\u00e3o comum de vacina\u00e7\u00e3o.&#13;<\/p>\n<p>\n<!--noindex--><br \/>\n<a href=\"https:\/\/www.jornaldenegocios.pt\/economia\/coronavirus\/detalhe\/iata-quer-certificado-europeu-de-vacinacao-para-viajar-livremente-na-europa\" rel=\"nofollow\">Source link <\/a><br \/>\n<!--\/noindex--><\/p>\n","protected":false},"excerpt":{"rendered":"<p>&#8220;A IATA exortou todos os ramos da Uni\u00e3o Europeia a apoiar uma iniciativa do primeiro-ministro grego, Kyriakos Mitsotakis, para se chegar a acordo sobre um certificado europeu de vacina\u00e7\u00e3o covid-19 digital comum, que permitiria aos vacinados viajarem livremente pela Europa sem o teste \u00e0 covid-19&#8221;, l\u00ea-se num comunicado divulgado pela associa\u00e7\u00e3o que representa cerca de [&hellip;]<\/p>\n","protected":false},"author":2,"featured_media":6006,"comment_status":"open","ping_status":"open","sticky":false,"template":"","format":"standard","meta":{"footnotes":""},"categories":[1],"tags":[],"class_list":["post-6005","post","type-post","status-publish","format-standard","has-post-thumbnail","hentry","category-noticias-de-negocios"],"yoast_head":"<!-- This site is optimized with the Yoast SEO plugin v27.4 - https:\/\/yoast.com\/product\/yoast-seo-wordpress\/ -->\n<title>IATA quer certificado europeu de vacina\u00e7\u00e3o para viajar livremente na Europa - Selected News<\/title>\n<meta name=\"robots\" content=\"index, follow, max-snippet:-1, max-image-preview:large, max-video-preview:-1\" \/>\n<link rel=\"canonical\" href=\"https:\/\/selectednews.info\/pt\/iata-quer-certificado-europeu-de-vacinacao-para-viajar-livremente-na-europa\/\" \/>\n<meta property=\"og:locale\" content=\"pt_PT\" \/>\n<meta property=\"og:type\" content=\"article\" \/>\n<meta property=\"og:title\" content=\"IATA quer certificado europeu de vacina\u00e7\u00e3o para viajar livremente na Europa - Selected News\" \/>\n<meta property=\"og:description\" content=\"&#8220;A IATA exortou todos os ramos da Uni\u00e3o Europeia a apoiar uma iniciativa do primeiro-ministro grego, Kyriakos Mitsotakis, para se chegar a acordo sobre um certificado europeu de vacina\u00e7\u00e3o covid-19 digital comum, que permitiria aos vacinados viajarem livremente pela Europa sem o teste \u00e0 covid-19&#8221;, l\u00ea-se num comunicado divulgado pela associa\u00e7\u00e3o que representa cerca de [&hellip;]\" \/>\n<meta property=\"og:url\" content=\"https:\/\/selectednews.info\/pt\/iata-quer-certificado-europeu-de-vacinacao-para-viajar-livremente-na-europa\/\" \/>\n<meta property=\"og:site_name\" content=\"Selected News\" \/>\n<meta property=\"article:published_time\" content=\"2021-01-19T15:37:01+00:00\" \/>\n<meta property=\"article:modified_time\" content=\"2021-01-19T15:37:03+00:00\" \/>\n<meta property=\"og:image\" content=\"https:\/\/selectednews.info\/pt\/wp-content\/uploads\/sites\/2\/2021\/01\/IATA-quer-certificado-europeu-de-vacinacao-para-viajar-livremente-na.jpg\" \/>\n\t<meta property=\"og:image:width\" content=\"100\" \/>\n\t<meta property=\"og:image:height\" content=\"100\" \/>\n\t<meta property=\"og:image:type\" content=\"image\/jpeg\" \/>\n<meta name=\"author\" content=\"selectednews\" \/>\n<meta name=\"twitter:card\" content=\"summary_large_image\" \/>\n<meta name=\"twitter:label1\" content=\"Escrito por\" \/>\n\t<meta name=\"twitter:data1\" content=\"selectednews\" \/>\n\t<meta name=\"twitter:label2\" content=\"Tempo estimado de leitura\" \/>\n\t<meta name=\"twitter:data2\" content=\"2 minutos\" \/>\n<script type=\"application\/ld+json\" class=\"yoast-schema-graph\">{\"@context\":\"https:\\\/\\\/schema.org\",\"@graph\":[{\"@type\":\"Article\",\"@id\":\"https:\\\/\\\/selectednews.info\\\/pt\\\/iata-quer-certificado-europeu-de-vacinacao-para-viajar-livremente-na-europa\\\/#article\",\"isPartOf\":{\"@id\":\"https:\\\/\\\/selectednews.info\\\/pt\\\/iata-quer-certificado-europeu-de-vacinacao-para-viajar-livremente-na-europa\\\/\"},\"author\":{\"name\":\"selectednews\",\"@id\":\"https:\\\/\\\/selectednews.info\\\/pt\\\/#\\\/schema\\\/person\\\/c8a0f1bfe64548cfb06c0529b0970068\"},\"headline\":\"IATA quer certificado europeu de vacina\u00e7\u00e3o para viajar livremente na Europa\",\"datePublished\":\"2021-01-19T15:37:01+00:00\",\"dateModified\":\"2021-01-19T15:37:03+00:00\",\"mainEntityOfPage\":{\"@id\":\"https:\\\/\\\/selectednews.info\\\/pt\\\/iata-quer-certificado-europeu-de-vacinacao-para-viajar-livremente-na-europa\\\/\"},\"wordCount\":460,\"commentCount\":0,\"image\":{\"@id\":\"https:\\\/\\\/selectednews.info\\\/pt\\\/iata-quer-certificado-europeu-de-vacinacao-para-viajar-livremente-na-europa\\\/#primaryimage\"},\"thumbnailUrl\":\"https:\\\/\\\/selectednews.info\\\/pt\\\/wp-content\\\/uploads\\\/sites\\\/2\\\/2021\\\/01\\\/IATA-quer-certificado-europeu-de-vacinacao-para-viajar-livremente-na.jpg\",\"articleSection\":[\"NOT\u00cdCIAS DE NEG\u00d3CIOS\"],\"inLanguage\":\"pt-PT\",\"potentialAction\":[{\"@type\":\"CommentAction\",\"name\":\"Comment\",\"target\":[\"https:\\\/\\\/selectednews.info\\\/pt\\\/iata-quer-certificado-europeu-de-vacinacao-para-viajar-livremente-na-europa\\\/#respond\"]}]},{\"@type\":\"WebPage\",\"@id\":\"https:\\\/\\\/selectednews.info\\\/pt\\\/iata-quer-certificado-europeu-de-vacinacao-para-viajar-livremente-na-europa\\\/\",\"url\":\"https:\\\/\\\/selectednews.info\\\/pt\\\/iata-quer-certificado-europeu-de-vacinacao-para-viajar-livremente-na-europa\\\/\",\"name\":\"IATA quer certificado europeu de vacina\u00e7\u00e3o para viajar livremente na Europa - Selected News\",\"isPartOf\":{\"@id\":\"https:\\\/\\\/selectednews.info\\\/pt\\\/#website\"},\"primaryImageOfPage\":{\"@id\":\"https:\\\/\\\/selectednews.info\\\/pt\\\/iata-quer-certificado-europeu-de-vacinacao-para-viajar-livremente-na-europa\\\/#primaryimage\"},\"image\":{\"@id\":\"https:\\\/\\\/selectednews.info\\\/pt\\\/iata-quer-certificado-europeu-de-vacinacao-para-viajar-livremente-na-europa\\\/#primaryimage\"},\"thumbnailUrl\":\"https:\\\/\\\/selectednews.info\\\/pt\\\/wp-content\\\/uploads\\\/sites\\\/2\\\/2021\\\/01\\\/IATA-quer-certificado-europeu-de-vacinacao-para-viajar-livremente-na.jpg\",\"datePublished\":\"2021-01-19T15:37:01+00:00\",\"dateModified\":\"2021-01-19T15:37:03+00:00\",\"author\":{\"@id\":\"https:\\\/\\\/selectednews.info\\\/pt\\\/#\\\/schema\\\/person\\\/c8a0f1bfe64548cfb06c0529b0970068\"},\"breadcrumb\":{\"@id\":\"https:\\\/\\\/selectednews.info\\\/pt\\\/iata-quer-certificado-europeu-de-vacinacao-para-viajar-livremente-na-europa\\\/#breadcrumb\"},\"inLanguage\":\"pt-PT\",\"potentialAction\":[{\"@type\":\"ReadAction\",\"target\":[\"https:\\\/\\\/selectednews.info\\\/pt\\\/iata-quer-certificado-europeu-de-vacinacao-para-viajar-livremente-na-europa\\\/\"]}]},{\"@type\":\"ImageObject\",\"inLanguage\":\"pt-PT\",\"@id\":\"https:\\\/\\\/selectednews.info\\\/pt\\\/iata-quer-certificado-europeu-de-vacinacao-para-viajar-livremente-na-europa\\\/#primaryimage\",\"url\":\"https:\\\/\\\/selectednews.info\\\/pt\\\/wp-content\\\/uploads\\\/sites\\\/2\\\/2021\\\/01\\\/IATA-quer-certificado-europeu-de-vacinacao-para-viajar-livremente-na.jpg\",\"contentUrl\":\"https:\\\/\\\/selectednews.info\\\/pt\\\/wp-content\\\/uploads\\\/sites\\\/2\\\/2021\\\/01\\\/IATA-quer-certificado-europeu-de-vacinacao-para-viajar-livremente-na.jpg\",\"width\":100,\"height\":100,\"caption\":\"IATA quer certificado europeu de vacina\u00e7\u00e3o para viajar livremente na Europa\"},{\"@type\":\"BreadcrumbList\",\"@id\":\"https:\\\/\\\/selectednews.info\\\/pt\\\/iata-quer-certificado-europeu-de-vacinacao-para-viajar-livremente-na-europa\\\/#breadcrumb\",\"itemListElement\":[{\"@type\":\"ListItem\",\"position\":1,\"name\":\"\u0413\u043b\u0430\u0432\u043d\u0430\u044f \u0441\u0442\u0440\u0430\u043d\u0438\u0446\u0430\",\"item\":\"https:\\\/\\\/selectednews.info\\\/pt\\\/\"},{\"@type\":\"ListItem\",\"position\":2,\"name\":\"IATA quer certificado europeu de vacina\u00e7\u00e3o para viajar livremente na Europa\"}]},{\"@type\":\"WebSite\",\"@id\":\"https:\\\/\\\/selectednews.info\\\/pt\\\/#website\",\"url\":\"https:\\\/\\\/selectednews.info\\\/pt\\\/\",\"name\":\"Selected News\",\"description\":\"Selected News Portugal\",\"potentialAction\":[{\"@type\":\"SearchAction\",\"target\":{\"@type\":\"EntryPoint\",\"urlTemplate\":\"https:\\\/\\\/selectednews.info\\\/pt\\\/?s={search_term_string}\"},\"query-input\":{\"@type\":\"PropertyValueSpecification\",\"valueRequired\":true,\"valueName\":\"search_term_string\"}}],\"inLanguage\":\"pt-PT\"},{\"@type\":\"Person\",\"@id\":\"https:\\\/\\\/selectednews.info\\\/pt\\\/#\\\/schema\\\/person\\\/c8a0f1bfe64548cfb06c0529b0970068\",\"name\":\"selectednews\",\"image\":{\"@type\":\"ImageObject\",\"inLanguage\":\"pt-PT\",\"@id\":\"https:\\\/\\\/secure.gravatar.com\\\/avatar\\\/c88515018a25fd646d9f77ea80cc88996711575667608a2cd1b47f3d1145508a?s=96&d=mm&r=g\",\"url\":\"https:\\\/\\\/secure.gravatar.com\\\/avatar\\\/c88515018a25fd646d9f77ea80cc88996711575667608a2cd1b47f3d1145508a?s=96&d=mm&r=g\",\"contentUrl\":\"https:\\\/\\\/secure.gravatar.com\\\/avatar\\\/c88515018a25fd646d9f77ea80cc88996711575667608a2cd1b47f3d1145508a?s=96&d=mm&r=g\",\"caption\":\"selectednews\"},\"url\":\"https:\\\/\\\/selectednews.info\\\/pt\\\/author\\\/pt\\\/\"}]}<\/script>\n<!-- \/ Yoast SEO plugin. -->","yoast_head_json":{"title":"IATA quer certificado europeu de vacina\u00e7\u00e3o para viajar livremente na Europa - Selected News","robots":{"index":"index","follow":"follow","max-snippet":"max-snippet:-1","max-image-preview":"max-image-preview:large","max-video-preview":"max-video-preview:-1"},"canonical":"https:\/\/selectednews.info\/pt\/iata-quer-certificado-europeu-de-vacinacao-para-viajar-livremente-na-europa\/","og_locale":"pt_PT","og_type":"article","og_title":"IATA quer certificado europeu de vacina\u00e7\u00e3o para viajar livremente na Europa - Selected News","og_description":"&#8220;A IATA exortou todos os ramos da Uni\u00e3o Europeia a apoiar uma iniciativa do primeiro-ministro grego, Kyriakos Mitsotakis, para se chegar a acordo sobre um certificado europeu de vacina\u00e7\u00e3o covid-19 digital comum, que permitiria aos vacinados viajarem livremente pela Europa sem o teste \u00e0 covid-19&#8221;, l\u00ea-se num comunicado divulgado pela associa\u00e7\u00e3o que representa cerca de [&hellip;]","og_url":"https:\/\/selectednews.info\/pt\/iata-quer-certificado-europeu-de-vacinacao-para-viajar-livremente-na-europa\/","og_site_name":"Selected News","article_published_time":"2021-01-19T15:37:01+00:00","article_modified_time":"2021-01-19T15:37:03+00:00","og_image":[{"width":100,"height":100,"url":"https:\/\/selectednews.info\/pt\/wp-content\/uploads\/sites\/2\/2021\/01\/IATA-quer-certificado-europeu-de-vacinacao-para-viajar-livremente-na.jpg","type":"image\/jpeg"}],"author":"selectednews","twitter_card":"summary_large_image","twitter_misc":{"Escrito por":"selectednews","Tempo estimado de leitura":"2 minutos"},"schema":{"@context":"https:\/\/schema.org","@graph":[{"@type":"Article","@id":"https:\/\/selectednews.info\/pt\/iata-quer-certificado-europeu-de-vacinacao-para-viajar-livremente-na-europa\/#article","isPartOf":{"@id":"https:\/\/selectednews.info\/pt\/iata-quer-certificado-europeu-de-vacinacao-para-viajar-livremente-na-europa\/"},"author":{"name":"selectednews","@id":"https:\/\/selectednews.info\/pt\/#\/schema\/person\/c8a0f1bfe64548cfb06c0529b0970068"},"headline":"IATA quer certificado europeu de vacina\u00e7\u00e3o para viajar livremente na Europa","datePublished":"2021-01-19T15:37:01+00:00","dateModified":"2021-01-19T15:37:03+00:00","mainEntityOfPage":{"@id":"https:\/\/selectednews.info\/pt\/iata-quer-certificado-europeu-de-vacinacao-para-viajar-livremente-na-europa\/"},"wordCount":460,"commentCount":0,"image":{"@id":"https:\/\/selectednews.info\/pt\/iata-quer-certificado-europeu-de-vacinacao-para-viajar-livremente-na-europa\/#primaryimage"},"thumbnailUrl":"https:\/\/selectednews.info\/pt\/wp-content\/uploads\/sites\/2\/2021\/01\/IATA-quer-certificado-europeu-de-vacinacao-para-viajar-livremente-na.jpg","articleSection":["NOT\u00cdCIAS DE NEG\u00d3CIOS"],"inLanguage":"pt-PT","potentialAction":[{"@type":"CommentAction","name":"Comment","target":["https:\/\/selectednews.info\/pt\/iata-quer-certificado-europeu-de-vacinacao-para-viajar-livremente-na-europa\/#respond"]}]},{"@type":"WebPage","@id":"https:\/\/selectednews.info\/pt\/iata-quer-certificado-europeu-de-vacinacao-para-viajar-livremente-na-europa\/","url":"https:\/\/selectednews.info\/pt\/iata-quer-certificado-europeu-de-vacinacao-para-viajar-livremente-na-europa\/","name":"IATA quer certificado europeu de vacina\u00e7\u00e3o para viajar livremente na Europa - Selected News","isPartOf":{"@id":"https:\/\/selectednews.info\/pt\/#website"},"primaryImageOfPage":{"@id":"https:\/\/selectednews.info\/pt\/iata-quer-certificado-europeu-de-vacinacao-para-viajar-livremente-na-europa\/#primaryimage"},"image":{"@id":"https:\/\/selectednews.info\/pt\/iata-quer-certificado-europeu-de-vacinacao-para-viajar-livremente-na-europa\/#primaryimage"},"thumbnailUrl":"https:\/\/selectednews.info\/pt\/wp-content\/uploads\/sites\/2\/2021\/01\/IATA-quer-certificado-europeu-de-vacinacao-para-viajar-livremente-na.jpg","datePublished":"2021-01-19T15:37:01+00:00","dateModified":"2021-01-19T15:37:03+00:00","author":{"@id":"https:\/\/selectednews.info\/pt\/#\/schema\/person\/c8a0f1bfe64548cfb06c0529b0970068"},"breadcrumb":{"@id":"https:\/\/selectednews.info\/pt\/iata-quer-certificado-europeu-de-vacinacao-para-viajar-livremente-na-europa\/#breadcrumb"},"inLanguage":"pt-PT","potentialAction":[{"@type":"ReadAction","target":["https:\/\/selectednews.info\/pt\/iata-quer-certificado-europeu-de-vacinacao-para-viajar-livremente-na-europa\/"]}]},{"@type":"ImageObject","inLanguage":"pt-PT","@id":"https:\/\/selectednews.info\/pt\/iata-quer-certificado-europeu-de-vacinacao-para-viajar-livremente-na-europa\/#primaryimage","url":"https:\/\/selectednews.info\/pt\/wp-content\/uploads\/sites\/2\/2021\/01\/IATA-quer-certificado-europeu-de-vacinacao-para-viajar-livremente-na.jpg","contentUrl":"https:\/\/selectednews.info\/pt\/wp-content\/uploads\/sites\/2\/2021\/01\/IATA-quer-certificado-europeu-de-vacinacao-para-viajar-livremente-na.jpg","width":100,"height":100,"caption":"IATA quer certificado europeu de vacina\u00e7\u00e3o para viajar livremente na Europa"},{"@type":"BreadcrumbList","@id":"https:\/\/selectednews.info\/pt\/iata-quer-certificado-europeu-de-vacinacao-para-viajar-livremente-na-europa\/#breadcrumb","itemListElement":[{"@type":"ListItem","position":1,"name":"\u0413\u043b\u0430\u0432\u043d\u0430\u044f \u0441\u0442\u0440\u0430\u043d\u0438\u0446\u0430","item":"https:\/\/selectednews.info\/pt\/"},{"@type":"ListItem","position":2,"name":"IATA quer certificado europeu de vacina\u00e7\u00e3o para viajar livremente na Europa"}]},{"@type":"WebSite","@id":"https:\/\/selectednews.info\/pt\/#website","url":"https:\/\/selectednews.info\/pt\/","name":"Selected News","description":"Selected News Portugal","potentialAction":[{"@type":"SearchAction","target":{"@type":"EntryPoint","urlTemplate":"https:\/\/selectednews.info\/pt\/?s={search_term_string}"},"query-input":{"@type":"PropertyValueSpecification","valueRequired":true,"valueName":"search_term_string"}}],"inLanguage":"pt-PT"},{"@type":"Person","@id":"https:\/\/selectednews.info\/pt\/#\/schema\/person\/c8a0f1bfe64548cfb06c0529b0970068","name":"selectednews","image":{"@type":"ImageObject","inLanguage":"pt-PT","@id":"https:\/\/secure.gravatar.com\/avatar\/c88515018a25fd646d9f77ea80cc88996711575667608a2cd1b47f3d1145508a?s=96&d=mm&r=g","url":"https:\/\/secure.gravatar.com\/avatar\/c88515018a25fd646d9f77ea80cc88996711575667608a2cd1b47f3d1145508a?s=96&d=mm&r=g","contentUrl":"https:\/\/secure.gravatar.com\/avatar\/c88515018a25fd646d9f77ea80cc88996711575667608a2cd1b47f3d1145508a?s=96&d=mm&r=g","caption":"selectednews"},"url":"https:\/\/selectednews.info\/pt\/author\/pt\/"}]}},"_links":{"self":[{"href":"https:\/\/selectednews.info\/pt\/wp-json\/wp\/v2\/posts\/6005","targetHints":{"allow":["GET"]}}],"collection":[{"href":"https:\/\/selectednews.info\/pt\/wp-json\/wp\/v2\/posts"}],"about":[{"href":"https:\/\/selectednews.info\/pt\/wp-json\/wp\/v2\/types\/post"}],"author":[{"embeddable":true,"href":"https:\/\/selectednews.info\/pt\/wp-json\/wp\/v2\/users\/2"}],"replies":[{"embeddable":true,"href":"https:\/\/selectednews.info\/pt\/wp-json\/wp\/v2\/comments?post=6005"}],"version-history":[{"count":1,"href":"https:\/\/selectednews.info\/pt\/wp-json\/wp\/v2\/posts\/6005\/revisions"}],"predecessor-version":[{"id":6007,"href":"https:\/\/selectednews.info\/pt\/wp-json\/wp\/v2\/posts\/6005\/revisions\/6007"}],"wp:featuredmedia":[{"embeddable":true,"href":"https:\/\/selectednews.info\/pt\/wp-json\/wp\/v2\/media\/6006"}],"wp:attachment":[{"href":"https:\/\/selectednews.info\/pt\/wp-json\/wp\/v2\/media?parent=6005"}],"wp:term":[{"taxonomy":"category","embeddable":true,"href":"https:\/\/selectednews.info\/pt\/wp-json\/wp\/v2\/categories?post=6005"},{"taxonomy":"post_tag","embeddable":true,"href":"https:\/\/selectednews.info\/pt\/wp-json\/wp\/v2\/tags?post=6005"}],"curies":[{"name":"wp","href":"https:\/\/api.w.org\/{rel}","templated":true}]}}