{"id":6008,"date":"2021-01-20T06:40:33","date_gmt":"2021-01-20T03:40:33","guid":{"rendered":"https:\/\/selectednews.info\/pt\/ana-gomes-marcelo-vai-trabalhar-para-trazer-direita-e-passos-ao-poder\/"},"modified":"2021-01-20T06:40:36","modified_gmt":"2021-01-20T03:40:36","slug":"ana-gomes-marcelo-vai-trabalhar-para-trazer-direita-e-passos-ao-poder","status":"publish","type":"post","link":"https:\/\/selectednews.info\/pt\/ana-gomes-marcelo-vai-trabalhar-para-trazer-direita-e-passos-ao-poder\/","title":{"rendered":"Ana Gomes: Marcelo vai trabalhar para trazer direita e Passos ao poder"},"content":{"rendered":"<p>\nNuma conversa online com jovens socialistas sobre o papel da Presidente da Rep\u00fablica, organizado pela Federa\u00e7\u00e3o da \u00c1rea Urbana de Lisboa da Juventude Socialista e que se prolongou por cerca de duas horas, Ana Gomes foi questionada sobre o que a distingue do atual Presidente da Rep\u00fablica e recandidato ao cargo.&#8221;Ser\u00e1 que o que os portugueses e, em particular, os votantes socialistas querem \u00e9 esta estabilidade que \u00e9 enganosa? Num segundo mandato, o Presidente j\u00e1 n\u00e3o tem de ser reeleito, vai trabalhar de outra maneira e j\u00e1 temos demasiados ind\u00edcios que mostram que o presidente Marcelo Rebelo de Sousa vai trabalhar para trazer de volta a direita ao poder&#8221;, afirmou.<br \/>\nA antiga eurodeputada do PS precisou que ser\u00e1 &#8220;uma direita, tudo indica, que ser\u00e1 encabe\u00e7ada&#8221; pelo ex-primeiro-ministro Pedro Passos Coelho &#8211; &#8220;j\u00e1 come\u00e7aram as estrat\u00e9gias de promo\u00e7\u00e3o&#8221; &#8211; e que &#8220;n\u00e3o hesitar\u00e1 em recorrer \u00e0 normaliza\u00e7\u00e3o de um partido da ultradireita para esse des\u00edgnio&#8221;.Para Ana Gomes, a escolha que se coloca nas elei\u00e7\u00f5es do pr\u00f3ximo domingo aos votantes e militantes do PS \u00e9 &#8220;se v\u00e3o votar no candidato da direita e que tudo vai fazer para deixar a direita no poder&#8221; ou &#8220;em quem \u00e9 indiscutivelmente socialista&#8221;, apesar de assumir a sua faceta cr\u00edtica.A candidata admitiu que \u00e9 mais exigente com os socialistas, por ser o partido em que milita, e defendeu, por exemplo, que PS j\u00e1 deveria ter feito &#8220;uma autoan\u00e1lise&#8221; sobre a governa\u00e7\u00e3o de Jos\u00e9 S\u00f3crates&#8221;Infelizmente, n\u00e3o foi isso que aconteceu, houve alguma demarca\u00e7\u00e3o por parte do secret\u00e1rio-geral Ant\u00f3nio Costa, mas n\u00e3o houve nunca uma an\u00e1lise. Independentemente dos crimes de que \u00e9 acusado e que ser\u00e3o objeto de julgamento, h\u00e1 factos inquestion\u00e1veis&#8221;, disse, lembrando que foi durante a sua administra\u00e7\u00e3o que foram criados os RERT (Regime Excecional de Regulariza\u00e7\u00e3o Tribut\u00e1ria).&#8221;Isto aconteceu no Governo S\u00f3crates e se o PS n\u00e3o lida com isto e n\u00e3o assume que \u00e9 um erro e que foi um esquema para desviar recursos do Estado, do meu ponto de vista vulnerabiliza-se e eu quero um PS refor\u00e7ado&#8221;, frisou.<br \/>\n<br \/>\n<!--noindex--><br \/>\n<a href=\"https:\/\/www.jornaldenegocios.pt\/economia\/politica\/detalhe\/ana-gomes-marcelo-vai-trabalhar-para-trazer-direita-e-passos-ao-poder\" rel=\"nofollow\">Source link <\/a><br \/>\n<!--\/noindex--><\/p>\n","protected":false},"excerpt":{"rendered":"<p>Numa conversa online com jovens socialistas sobre o papel da Presidente da Rep\u00fablica, organizado pela Federa\u00e7\u00e3o da \u00c1rea Urbana de Lisboa da Juventude Socialista e que se prolongou por cerca de duas horas, Ana Gomes foi questionada sobre o que a distingue do atual Presidente da Rep\u00fablica e recandidato ao cargo.&#8221;Ser\u00e1 que o que os [&hellip;]<\/p>\n","protected":false},"author":2,"featured_media":6009,"comment_status":"open","ping_status":"open","sticky":false,"template":"","format":"standard","meta":{"footnotes":""},"categories":[1],"tags":[],"class_list":["post-6008","post","type-post","status-publish","format-standard","has-post-thumbnail","hentry","category-noticias-de-negocios"],"yoast_head":"<!-- This site is optimized with the Yoast SEO plugin v27.4 - https:\/\/yoast.com\/product\/yoast-seo-wordpress\/ -->\n<title>Ana Gomes: Marcelo vai trabalhar para trazer direita e Passos ao poder - Selected News<\/title>\n<meta name=\"robots\" content=\"index, follow, max-snippet:-1, max-image-preview:large, max-video-preview:-1\" \/>\n<link rel=\"canonical\" href=\"https:\/\/selectednews.info\/pt\/ana-gomes-marcelo-vai-trabalhar-para-trazer-direita-e-passos-ao-poder\/\" \/>\n<meta property=\"og:locale\" content=\"pt_PT\" \/>\n<meta property=\"og:type\" content=\"article\" \/>\n<meta property=\"og:title\" content=\"Ana Gomes: Marcelo vai trabalhar para trazer direita e Passos ao poder - Selected News\" \/>\n<meta property=\"og:description\" content=\"Numa conversa online com jovens socialistas sobre o papel da Presidente da Rep\u00fablica, organizado pela Federa\u00e7\u00e3o da \u00c1rea Urbana de Lisboa da Juventude Socialista e que se prolongou por cerca de duas horas, Ana Gomes foi questionada sobre o que a distingue do atual Presidente da Rep\u00fablica e recandidato ao cargo.&#8221;Ser\u00e1 que o que os [&hellip;]\" \/>\n<meta property=\"og:url\" content=\"https:\/\/selectednews.info\/pt\/ana-gomes-marcelo-vai-trabalhar-para-trazer-direita-e-passos-ao-poder\/\" \/>\n<meta property=\"og:site_name\" content=\"Selected News\" \/>\n<meta property=\"article:published_time\" content=\"2021-01-20T03:40:33+00:00\" \/>\n<meta property=\"article:modified_time\" content=\"2021-01-20T03:40:36+00:00\" \/>\n<meta property=\"og:image\" content=\"https:\/\/selectednews.info\/pt\/wp-content\/uploads\/sites\/2\/2021\/01\/Ana-Gomes-Marcelo-vai-trabalhar-para-trazer-direita-e-Passos.jpg\" \/>\n\t<meta property=\"og:image:width\" content=\"100\" \/>\n\t<meta property=\"og:image:height\" content=\"100\" \/>\n\t<meta property=\"og:image:type\" content=\"image\/jpeg\" \/>\n<meta name=\"author\" content=\"selectednews\" \/>\n<meta name=\"twitter:card\" content=\"summary_large_image\" \/>\n<meta name=\"twitter:label1\" content=\"Escrito por\" \/>\n\t<meta name=\"twitter:data1\" content=\"selectednews\" \/>\n\t<meta name=\"twitter:label2\" content=\"Tempo estimado de leitura\" \/>\n\t<meta name=\"twitter:data2\" content=\"2 minutos\" \/>\n<script type=\"application\/ld+json\" class=\"yoast-schema-graph\">{\"@context\":\"https:\\\/\\\/schema.org\",\"@graph\":[{\"@type\":\"Article\",\"@id\":\"https:\\\/\\\/selectednews.info\\\/pt\\\/ana-gomes-marcelo-vai-trabalhar-para-trazer-direita-e-passos-ao-poder\\\/#article\",\"isPartOf\":{\"@id\":\"https:\\\/\\\/selectednews.info\\\/pt\\\/ana-gomes-marcelo-vai-trabalhar-para-trazer-direita-e-passos-ao-poder\\\/\"},\"author\":{\"name\":\"selectednews\",\"@id\":\"https:\\\/\\\/selectednews.info\\\/pt\\\/#\\\/schema\\\/person\\\/c8a0f1bfe64548cfb06c0529b0970068\"},\"headline\":\"Ana Gomes: Marcelo vai trabalhar para trazer direita e Passos ao poder\",\"datePublished\":\"2021-01-20T03:40:33+00:00\",\"dateModified\":\"2021-01-20T03:40:36+00:00\",\"mainEntityOfPage\":{\"@id\":\"https:\\\/\\\/selectednews.info\\\/pt\\\/ana-gomes-marcelo-vai-trabalhar-para-trazer-direita-e-passos-ao-poder\\\/\"},\"wordCount\":379,\"commentCount\":0,\"image\":{\"@id\":\"https:\\\/\\\/selectednews.info\\\/pt\\\/ana-gomes-marcelo-vai-trabalhar-para-trazer-direita-e-passos-ao-poder\\\/#primaryimage\"},\"thumbnailUrl\":\"https:\\\/\\\/selectednews.info\\\/pt\\\/wp-content\\\/uploads\\\/sites\\\/2\\\/2021\\\/01\\\/Ana-Gomes-Marcelo-vai-trabalhar-para-trazer-direita-e-Passos.jpg\",\"articleSection\":[\"NOT\u00cdCIAS DE NEG\u00d3CIOS\"],\"inLanguage\":\"pt-PT\",\"potentialAction\":[{\"@type\":\"CommentAction\",\"name\":\"Comment\",\"target\":[\"https:\\\/\\\/selectednews.info\\\/pt\\\/ana-gomes-marcelo-vai-trabalhar-para-trazer-direita-e-passos-ao-poder\\\/#respond\"]}]},{\"@type\":\"WebPage\",\"@id\":\"https:\\\/\\\/selectednews.info\\\/pt\\\/ana-gomes-marcelo-vai-trabalhar-para-trazer-direita-e-passos-ao-poder\\\/\",\"url\":\"https:\\\/\\\/selectednews.info\\\/pt\\\/ana-gomes-marcelo-vai-trabalhar-para-trazer-direita-e-passos-ao-poder\\\/\",\"name\":\"Ana Gomes: Marcelo vai trabalhar para trazer direita e Passos ao poder - Selected News\",\"isPartOf\":{\"@id\":\"https:\\\/\\\/selectednews.info\\\/pt\\\/#website\"},\"primaryImageOfPage\":{\"@id\":\"https:\\\/\\\/selectednews.info\\\/pt\\\/ana-gomes-marcelo-vai-trabalhar-para-trazer-direita-e-passos-ao-poder\\\/#primaryimage\"},\"image\":{\"@id\":\"https:\\\/\\\/selectednews.info\\\/pt\\\/ana-gomes-marcelo-vai-trabalhar-para-trazer-direita-e-passos-ao-poder\\\/#primaryimage\"},\"thumbnailUrl\":\"https:\\\/\\\/selectednews.info\\\/pt\\\/wp-content\\\/uploads\\\/sites\\\/2\\\/2021\\\/01\\\/Ana-Gomes-Marcelo-vai-trabalhar-para-trazer-direita-e-Passos.jpg\",\"datePublished\":\"2021-01-20T03:40:33+00:00\",\"dateModified\":\"2021-01-20T03:40:36+00:00\",\"author\":{\"@id\":\"https:\\\/\\\/selectednews.info\\\/pt\\\/#\\\/schema\\\/person\\\/c8a0f1bfe64548cfb06c0529b0970068\"},\"breadcrumb\":{\"@id\":\"https:\\\/\\\/selectednews.info\\\/pt\\\/ana-gomes-marcelo-vai-trabalhar-para-trazer-direita-e-passos-ao-poder\\\/#breadcrumb\"},\"inLanguage\":\"pt-PT\",\"potentialAction\":[{\"@type\":\"ReadAction\",\"target\":[\"https:\\\/\\\/selectednews.info\\\/pt\\\/ana-gomes-marcelo-vai-trabalhar-para-trazer-direita-e-passos-ao-poder\\\/\"]}]},{\"@type\":\"ImageObject\",\"inLanguage\":\"pt-PT\",\"@id\":\"https:\\\/\\\/selectednews.info\\\/pt\\\/ana-gomes-marcelo-vai-trabalhar-para-trazer-direita-e-passos-ao-poder\\\/#primaryimage\",\"url\":\"https:\\\/\\\/selectednews.info\\\/pt\\\/wp-content\\\/uploads\\\/sites\\\/2\\\/2021\\\/01\\\/Ana-Gomes-Marcelo-vai-trabalhar-para-trazer-direita-e-Passos.jpg\",\"contentUrl\":\"https:\\\/\\\/selectednews.info\\\/pt\\\/wp-content\\\/uploads\\\/sites\\\/2\\\/2021\\\/01\\\/Ana-Gomes-Marcelo-vai-trabalhar-para-trazer-direita-e-Passos.jpg\",\"width\":100,\"height\":100,\"caption\":\"Ana Gomes: Marcelo vai trabalhar para trazer direita e Passos ao poder\"},{\"@type\":\"BreadcrumbList\",\"@id\":\"https:\\\/\\\/selectednews.info\\\/pt\\\/ana-gomes-marcelo-vai-trabalhar-para-trazer-direita-e-passos-ao-poder\\\/#breadcrumb\",\"itemListElement\":[{\"@type\":\"ListItem\",\"position\":1,\"name\":\"\u0413\u043b\u0430\u0432\u043d\u0430\u044f \u0441\u0442\u0440\u0430\u043d\u0438\u0446\u0430\",\"item\":\"https:\\\/\\\/selectednews.info\\\/pt\\\/\"},{\"@type\":\"ListItem\",\"position\":2,\"name\":\"Ana Gomes: Marcelo vai trabalhar para trazer direita e Passos ao poder\"}]},{\"@type\":\"WebSite\",\"@id\":\"https:\\\/\\\/selectednews.info\\\/pt\\\/#website\",\"url\":\"https:\\\/\\\/selectednews.info\\\/pt\\\/\",\"name\":\"Selected News\",\"description\":\"Selected News Portugal\",\"potentialAction\":[{\"@type\":\"SearchAction\",\"target\":{\"@type\":\"EntryPoint\",\"urlTemplate\":\"https:\\\/\\\/selectednews.info\\\/pt\\\/?s={search_term_string}\"},\"query-input\":{\"@type\":\"PropertyValueSpecification\",\"valueRequired\":true,\"valueName\":\"search_term_string\"}}],\"inLanguage\":\"pt-PT\"},{\"@type\":\"Person\",\"@id\":\"https:\\\/\\\/selectednews.info\\\/pt\\\/#\\\/schema\\\/person\\\/c8a0f1bfe64548cfb06c0529b0970068\",\"name\":\"selectednews\",\"image\":{\"@type\":\"ImageObject\",\"inLanguage\":\"pt-PT\",\"@id\":\"https:\\\/\\\/secure.gravatar.com\\\/avatar\\\/c88515018a25fd646d9f77ea80cc88996711575667608a2cd1b47f3d1145508a?s=96&d=mm&r=g\",\"url\":\"https:\\\/\\\/secure.gravatar.com\\\/avatar\\\/c88515018a25fd646d9f77ea80cc88996711575667608a2cd1b47f3d1145508a?s=96&d=mm&r=g\",\"contentUrl\":\"https:\\\/\\\/secure.gravatar.com\\\/avatar\\\/c88515018a25fd646d9f77ea80cc88996711575667608a2cd1b47f3d1145508a?s=96&d=mm&r=g\",\"caption\":\"selectednews\"},\"url\":\"https:\\\/\\\/selectednews.info\\\/pt\\\/author\\\/pt\\\/\"}]}<\/script>\n<!-- \/ Yoast SEO plugin. -->","yoast_head_json":{"title":"Ana Gomes: Marcelo vai trabalhar para trazer direita e Passos ao poder - Selected News","robots":{"index":"index","follow":"follow","max-snippet":"max-snippet:-1","max-image-preview":"max-image-preview:large","max-video-preview":"max-video-preview:-1"},"canonical":"https:\/\/selectednews.info\/pt\/ana-gomes-marcelo-vai-trabalhar-para-trazer-direita-e-passos-ao-poder\/","og_locale":"pt_PT","og_type":"article","og_title":"Ana Gomes: Marcelo vai trabalhar para trazer direita e Passos ao poder - Selected News","og_description":"Numa conversa online com jovens socialistas sobre o papel da Presidente da Rep\u00fablica, organizado pela Federa\u00e7\u00e3o da \u00c1rea Urbana de Lisboa da Juventude Socialista e que se prolongou por cerca de duas horas, Ana Gomes foi questionada sobre o que a distingue do atual Presidente da Rep\u00fablica e recandidato ao cargo.&#8221;Ser\u00e1 que o que os [&hellip;]","og_url":"https:\/\/selectednews.info\/pt\/ana-gomes-marcelo-vai-trabalhar-para-trazer-direita-e-passos-ao-poder\/","og_site_name":"Selected News","article_published_time":"2021-01-20T03:40:33+00:00","article_modified_time":"2021-01-20T03:40:36+00:00","og_image":[{"width":100,"height":100,"url":"https:\/\/selectednews.info\/pt\/wp-content\/uploads\/sites\/2\/2021\/01\/Ana-Gomes-Marcelo-vai-trabalhar-para-trazer-direita-e-Passos.jpg","type":"image\/jpeg"}],"author":"selectednews","twitter_card":"summary_large_image","twitter_misc":{"Escrito por":"selectednews","Tempo estimado de leitura":"2 minutos"},"schema":{"@context":"https:\/\/schema.org","@graph":[{"@type":"Article","@id":"https:\/\/selectednews.info\/pt\/ana-gomes-marcelo-vai-trabalhar-para-trazer-direita-e-passos-ao-poder\/#article","isPartOf":{"@id":"https:\/\/selectednews.info\/pt\/ana-gomes-marcelo-vai-trabalhar-para-trazer-direita-e-passos-ao-poder\/"},"author":{"name":"selectednews","@id":"https:\/\/selectednews.info\/pt\/#\/schema\/person\/c8a0f1bfe64548cfb06c0529b0970068"},"headline":"Ana Gomes: Marcelo vai trabalhar para trazer direita e Passos ao poder","datePublished":"2021-01-20T03:40:33+00:00","dateModified":"2021-01-20T03:40:36+00:00","mainEntityOfPage":{"@id":"https:\/\/selectednews.info\/pt\/ana-gomes-marcelo-vai-trabalhar-para-trazer-direita-e-passos-ao-poder\/"},"wordCount":379,"commentCount":0,"image":{"@id":"https:\/\/selectednews.info\/pt\/ana-gomes-marcelo-vai-trabalhar-para-trazer-direita-e-passos-ao-poder\/#primaryimage"},"thumbnailUrl":"https:\/\/selectednews.info\/pt\/wp-content\/uploads\/sites\/2\/2021\/01\/Ana-Gomes-Marcelo-vai-trabalhar-para-trazer-direita-e-Passos.jpg","articleSection":["NOT\u00cdCIAS DE NEG\u00d3CIOS"],"inLanguage":"pt-PT","potentialAction":[{"@type":"CommentAction","name":"Comment","target":["https:\/\/selectednews.info\/pt\/ana-gomes-marcelo-vai-trabalhar-para-trazer-direita-e-passos-ao-poder\/#respond"]}]},{"@type":"WebPage","@id":"https:\/\/selectednews.info\/pt\/ana-gomes-marcelo-vai-trabalhar-para-trazer-direita-e-passos-ao-poder\/","url":"https:\/\/selectednews.info\/pt\/ana-gomes-marcelo-vai-trabalhar-para-trazer-direita-e-passos-ao-poder\/","name":"Ana Gomes: Marcelo vai trabalhar para trazer direita e Passos ao poder - Selected News","isPartOf":{"@id":"https:\/\/selectednews.info\/pt\/#website"},"primaryImageOfPage":{"@id":"https:\/\/selectednews.info\/pt\/ana-gomes-marcelo-vai-trabalhar-para-trazer-direita-e-passos-ao-poder\/#primaryimage"},"image":{"@id":"https:\/\/selectednews.info\/pt\/ana-gomes-marcelo-vai-trabalhar-para-trazer-direita-e-passos-ao-poder\/#primaryimage"},"thumbnailUrl":"https:\/\/selectednews.info\/pt\/wp-content\/uploads\/sites\/2\/2021\/01\/Ana-Gomes-Marcelo-vai-trabalhar-para-trazer-direita-e-Passos.jpg","datePublished":"2021-01-20T03:40:33+00:00","dateModified":"2021-01-20T03:40:36+00:00","author":{"@id":"https:\/\/selectednews.info\/pt\/#\/schema\/person\/c8a0f1bfe64548cfb06c0529b0970068"},"breadcrumb":{"@id":"https:\/\/selectednews.info\/pt\/ana-gomes-marcelo-vai-trabalhar-para-trazer-direita-e-passos-ao-poder\/#breadcrumb"},"inLanguage":"pt-PT","potentialAction":[{"@type":"ReadAction","target":["https:\/\/selectednews.info\/pt\/ana-gomes-marcelo-vai-trabalhar-para-trazer-direita-e-passos-ao-poder\/"]}]},{"@type":"ImageObject","inLanguage":"pt-PT","@id":"https:\/\/selectednews.info\/pt\/ana-gomes-marcelo-vai-trabalhar-para-trazer-direita-e-passos-ao-poder\/#primaryimage","url":"https:\/\/selectednews.info\/pt\/wp-content\/uploads\/sites\/2\/2021\/01\/Ana-Gomes-Marcelo-vai-trabalhar-para-trazer-direita-e-Passos.jpg","contentUrl":"https:\/\/selectednews.info\/pt\/wp-content\/uploads\/sites\/2\/2021\/01\/Ana-Gomes-Marcelo-vai-trabalhar-para-trazer-direita-e-Passos.jpg","width":100,"height":100,"caption":"Ana Gomes: Marcelo vai trabalhar para trazer direita e Passos ao poder"},{"@type":"BreadcrumbList","@id":"https:\/\/selectednews.info\/pt\/ana-gomes-marcelo-vai-trabalhar-para-trazer-direita-e-passos-ao-poder\/#breadcrumb","itemListElement":[{"@type":"ListItem","position":1,"name":"\u0413\u043b\u0430\u0432\u043d\u0430\u044f \u0441\u0442\u0440\u0430\u043d\u0438\u0446\u0430","item":"https:\/\/selectednews.info\/pt\/"},{"@type":"ListItem","position":2,"name":"Ana Gomes: Marcelo vai trabalhar para trazer direita e Passos ao poder"}]},{"@type":"WebSite","@id":"https:\/\/selectednews.info\/pt\/#website","url":"https:\/\/selectednews.info\/pt\/","name":"Selected News","description":"Selected News Portugal","potentialAction":[{"@type":"SearchAction","target":{"@type":"EntryPoint","urlTemplate":"https:\/\/selectednews.info\/pt\/?s={search_term_string}"},"query-input":{"@type":"PropertyValueSpecification","valueRequired":true,"valueName":"search_term_string"}}],"inLanguage":"pt-PT"},{"@type":"Person","@id":"https:\/\/selectednews.info\/pt\/#\/schema\/person\/c8a0f1bfe64548cfb06c0529b0970068","name":"selectednews","image":{"@type":"ImageObject","inLanguage":"pt-PT","@id":"https:\/\/secure.gravatar.com\/avatar\/c88515018a25fd646d9f77ea80cc88996711575667608a2cd1b47f3d1145508a?s=96&d=mm&r=g","url":"https:\/\/secure.gravatar.com\/avatar\/c88515018a25fd646d9f77ea80cc88996711575667608a2cd1b47f3d1145508a?s=96&d=mm&r=g","contentUrl":"https:\/\/secure.gravatar.com\/avatar\/c88515018a25fd646d9f77ea80cc88996711575667608a2cd1b47f3d1145508a?s=96&d=mm&r=g","caption":"selectednews"},"url":"https:\/\/selectednews.info\/pt\/author\/pt\/"}]}},"_links":{"self":[{"href":"https:\/\/selectednews.info\/pt\/wp-json\/wp\/v2\/posts\/6008","targetHints":{"allow":["GET"]}}],"collection":[{"href":"https:\/\/selectednews.info\/pt\/wp-json\/wp\/v2\/posts"}],"about":[{"href":"https:\/\/selectednews.info\/pt\/wp-json\/wp\/v2\/types\/post"}],"author":[{"embeddable":true,"href":"https:\/\/selectednews.info\/pt\/wp-json\/wp\/v2\/users\/2"}],"replies":[{"embeddable":true,"href":"https:\/\/selectednews.info\/pt\/wp-json\/wp\/v2\/comments?post=6008"}],"version-history":[{"count":1,"href":"https:\/\/selectednews.info\/pt\/wp-json\/wp\/v2\/posts\/6008\/revisions"}],"predecessor-version":[{"id":6010,"href":"https:\/\/selectednews.info\/pt\/wp-json\/wp\/v2\/posts\/6008\/revisions\/6010"}],"wp:featuredmedia":[{"embeddable":true,"href":"https:\/\/selectednews.info\/pt\/wp-json\/wp\/v2\/media\/6009"}],"wp:attachment":[{"href":"https:\/\/selectednews.info\/pt\/wp-json\/wp\/v2\/media?parent=6008"}],"wp:term":[{"taxonomy":"category","embeddable":true,"href":"https:\/\/selectednews.info\/pt\/wp-json\/wp\/v2\/categories?post=6008"},{"taxonomy":"post_tag","embeddable":true,"href":"https:\/\/selectednews.info\/pt\/wp-json\/wp\/v2\/tags?post=6008"}],"curies":[{"name":"wp","href":"https:\/\/api.w.org\/{rel}","templated":true}]}}