{"id":8026,"date":"2021-09-05T18:47:08","date_gmt":"2021-09-05T15:47:08","guid":{"rendered":"https:\/\/selectednews.info\/pt\/carros-desportivos-de-alta-cilindrada-esperam-correr-em-pista-autonoma-na-reducao-de-emissoes\/"},"modified":"2021-09-05T18:48:25","modified_gmt":"2021-09-05T15:48:25","slug":"carros-desportivos-de-alta-cilindrada-esperam-correr-em-pista-autonoma-na-reducao-de-emissoes","status":"publish","type":"post","link":"https:\/\/selectednews.info\/pt\/carros-desportivos-de-alta-cilindrada-esperam-correr-em-pista-autonoma-na-reducao-de-emissoes\/","title":{"rendered":"Carros desportivos de alta cilindrada esperam correr em pista aut\u00f3noma na redu\u00e7\u00e3o de emiss\u00f5es"},"content":{"rendered":"<p>\nIt\u00e1lia estar\u00e1 em conversa\u00e7\u00f5es com a Comiss\u00e3o Europeia para encontrar formas de proteger os construtores dos autom\u00f3veis desportivos, como a Ferrari e\u00a0Lamborghini, das restri\u00e7\u00f5es que Bruxelas pretende impor aos ve\u00edculos a gasolina e a gas\u00f3leo at\u00e9 2035, avan\u00e7a a Bloomberg, citando fontes do governo de Mario Draghi.Dizendo que o governo italiano apoia os planos da Comiss\u00e3o Europeia de reduzir as emiss\u00f5es, &#8220;no mercado dos autom\u00f3veis h\u00e1 um nicho, e decorrem negocia\u00e7\u00f5es com Bruxelas&#8221; de como as novas regras se v\u00e3o aplicar aos ve\u00edculos desportivos cujas unidades vendidas s\u00e3o menores que as principais marcas, declarou Roberto Cingolani, ministro da transi\u00e7\u00e3o ecol\u00f3gica, \u00e0 Bloomberg TV.<br \/>\n&#8220;Esses carros precisam de tecnologia especial e de baterias para a transi\u00e7\u00e3o&#8221;, declarou. Um passo relevante, acrescentou, \u00e9 que &#8220;It\u00e1lia garanta independ\u00eancia na produ\u00e7\u00e3o de baterias de alta performance e \u00e9 por isso que estamos a lan\u00e7ar um programa para uma &#8216;giga-factory&#8217; para instalar no pa\u00eds uma unidade de produ\u00e7\u00e3o de larga escala de baterias&#8221;.A Comiss\u00e3o Europeia anunciou em julho planos para que a partir de 2035 seja proibida a venda de carros com motor a combust\u00e3o. O calend\u00e1rio, diz a Bloomberg, \u00e9 particularmente apertado para os construtores de carros de gama alta que produzem motores com muita pot\u00eancia, emitindo gases com efeito de estudo acima da m\u00e9dia.A Ferrari vendeu cerca de 9.100 ve\u00edculos em 2020, enquanto a\u00a0Lamborghini vendeu 7.400.\u00a0<br \/>\n<br \/>\n<!--noindex--><br \/>\n<a href=\"https:\/\/www.jornaldenegocios.pt\/empresas\/automovel\/detalhe\/carros-desportivos-de-alta-cilindrada-esperam-correr-em-pista-autonoma-na-reducao-de-emissoes\" rel=\"nofollow\">Source link <\/a><br \/>\n<!--\/noindex--><\/p>\n","protected":false},"excerpt":{"rendered":"<p>It\u00e1lia estar\u00e1 em conversa\u00e7\u00f5es com a Comiss\u00e3o Europeia para encontrar formas de proteger os construtores dos autom\u00f3veis desportivos, como a Ferrari e\u00a0Lamborghini, das restri\u00e7\u00f5es que Bruxelas pretende impor aos ve\u00edculos a gasolina e a gas\u00f3leo at\u00e9 2035, avan\u00e7a a Bloomberg, citando fontes do governo de Mario Draghi.Dizendo que o governo italiano apoia os planos da [&hellip;]<\/p>\n","protected":false},"author":2,"featured_media":8027,"comment_status":"open","ping_status":"open","sticky":false,"template":"","format":"standard","meta":{"footnotes":""},"categories":[1],"tags":[],"class_list":["post-8026","post","type-post","status-publish","format-standard","has-post-thumbnail","hentry","category-noticias-de-negocios"],"yoast_head":"<!-- This site is optimized with the Yoast SEO plugin v27.4 - https:\/\/yoast.com\/product\/yoast-seo-wordpress\/ -->\n<title>Carros desportivos de alta cilindrada esperam correr em pista aut\u00f3noma na redu\u00e7\u00e3o de emiss\u00f5es - Selected News<\/title>\n<meta name=\"robots\" content=\"index, follow, max-snippet:-1, max-image-preview:large, max-video-preview:-1\" \/>\n<link rel=\"canonical\" href=\"https:\/\/selectednews.info\/pt\/carros-desportivos-de-alta-cilindrada-esperam-correr-em-pista-autonoma-na-reducao-de-emissoes\/\" \/>\n<meta property=\"og:locale\" content=\"pt_PT\" \/>\n<meta property=\"og:type\" content=\"article\" \/>\n<meta property=\"og:title\" content=\"Carros desportivos de alta cilindrada esperam correr em pista aut\u00f3noma na redu\u00e7\u00e3o de emiss\u00f5es - Selected News\" \/>\n<meta property=\"og:description\" content=\"It\u00e1lia estar\u00e1 em conversa\u00e7\u00f5es com a Comiss\u00e3o Europeia para encontrar formas de proteger os construtores dos autom\u00f3veis desportivos, como a Ferrari e\u00a0Lamborghini, das restri\u00e7\u00f5es que Bruxelas pretende impor aos ve\u00edculos a gasolina e a gas\u00f3leo at\u00e9 2035, avan\u00e7a a Bloomberg, citando fontes do governo de Mario Draghi.Dizendo que o governo italiano apoia os planos da [&hellip;]\" \/>\n<meta property=\"og:url\" content=\"https:\/\/selectednews.info\/pt\/carros-desportivos-de-alta-cilindrada-esperam-correr-em-pista-autonoma-na-reducao-de-emissoes\/\" \/>\n<meta property=\"og:site_name\" content=\"Selected News\" \/>\n<meta property=\"article:published_time\" content=\"2021-09-05T15:47:08+00:00\" \/>\n<meta property=\"article:modified_time\" content=\"2021-09-05T15:48:25+00:00\" \/>\n<meta property=\"og:image\" content=\"https:\/\/selectednews.info\/pt\/wp-content\/uploads\/sites\/2\/2021\/09\/Carros-desportivos-de-alta-cilindrada-esperam-correr-em-pista-autonoma.jpg\" \/>\n\t<meta property=\"og:image:width\" content=\"100\" \/>\n\t<meta property=\"og:image:height\" content=\"100\" \/>\n\t<meta property=\"og:image:type\" content=\"image\/jpeg\" \/>\n<meta name=\"author\" content=\"selectednews\" \/>\n<meta name=\"twitter:card\" content=\"summary_large_image\" \/>\n<meta name=\"twitter:label1\" content=\"Escrito por\" \/>\n\t<meta name=\"twitter:data1\" content=\"selectednews\" \/>\n\t<meta name=\"twitter:label2\" content=\"Tempo estimado de leitura\" \/>\n\t<meta name=\"twitter:data2\" content=\"1 minuto\" \/>\n<script type=\"application\/ld+json\" class=\"yoast-schema-graph\">{\"@context\":\"https:\\\/\\\/schema.org\",\"@graph\":[{\"@type\":\"Article\",\"@id\":\"https:\\\/\\\/selectednews.info\\\/pt\\\/carros-desportivos-de-alta-cilindrada-esperam-correr-em-pista-autonoma-na-reducao-de-emissoes\\\/#article\",\"isPartOf\":{\"@id\":\"https:\\\/\\\/selectednews.info\\\/pt\\\/carros-desportivos-de-alta-cilindrada-esperam-correr-em-pista-autonoma-na-reducao-de-emissoes\\\/\"},\"author\":{\"name\":\"selectednews\",\"@id\":\"https:\\\/\\\/selectednews.info\\\/pt\\\/#\\\/schema\\\/person\\\/c8a0f1bfe64548cfb06c0529b0970068\"},\"headline\":\"Carros desportivos de alta cilindrada esperam correr em pista aut\u00f3noma na redu\u00e7\u00e3o de emiss\u00f5es\",\"datePublished\":\"2021-09-05T15:47:08+00:00\",\"dateModified\":\"2021-09-05T15:48:25+00:00\",\"mainEntityOfPage\":{\"@id\":\"https:\\\/\\\/selectednews.info\\\/pt\\\/carros-desportivos-de-alta-cilindrada-esperam-correr-em-pista-autonoma-na-reducao-de-emissoes\\\/\"},\"wordCount\":268,\"commentCount\":0,\"image\":{\"@id\":\"https:\\\/\\\/selectednews.info\\\/pt\\\/carros-desportivos-de-alta-cilindrada-esperam-correr-em-pista-autonoma-na-reducao-de-emissoes\\\/#primaryimage\"},\"thumbnailUrl\":\"https:\\\/\\\/selectednews.info\\\/pt\\\/wp-content\\\/uploads\\\/sites\\\/2\\\/2021\\\/09\\\/Carros-desportivos-de-alta-cilindrada-esperam-correr-em-pista-autonoma.jpg\",\"articleSection\":[\"NOT\u00cdCIAS DE NEG\u00d3CIOS\"],\"inLanguage\":\"pt-PT\",\"potentialAction\":[{\"@type\":\"CommentAction\",\"name\":\"Comment\",\"target\":[\"https:\\\/\\\/selectednews.info\\\/pt\\\/carros-desportivos-de-alta-cilindrada-esperam-correr-em-pista-autonoma-na-reducao-de-emissoes\\\/#respond\"]}]},{\"@type\":\"WebPage\",\"@id\":\"https:\\\/\\\/selectednews.info\\\/pt\\\/carros-desportivos-de-alta-cilindrada-esperam-correr-em-pista-autonoma-na-reducao-de-emissoes\\\/\",\"url\":\"https:\\\/\\\/selectednews.info\\\/pt\\\/carros-desportivos-de-alta-cilindrada-esperam-correr-em-pista-autonoma-na-reducao-de-emissoes\\\/\",\"name\":\"Carros desportivos de alta cilindrada esperam correr em pista aut\u00f3noma na redu\u00e7\u00e3o de emiss\u00f5es - Selected News\",\"isPartOf\":{\"@id\":\"https:\\\/\\\/selectednews.info\\\/pt\\\/#website\"},\"primaryImageOfPage\":{\"@id\":\"https:\\\/\\\/selectednews.info\\\/pt\\\/carros-desportivos-de-alta-cilindrada-esperam-correr-em-pista-autonoma-na-reducao-de-emissoes\\\/#primaryimage\"},\"image\":{\"@id\":\"https:\\\/\\\/selectednews.info\\\/pt\\\/carros-desportivos-de-alta-cilindrada-esperam-correr-em-pista-autonoma-na-reducao-de-emissoes\\\/#primaryimage\"},\"thumbnailUrl\":\"https:\\\/\\\/selectednews.info\\\/pt\\\/wp-content\\\/uploads\\\/sites\\\/2\\\/2021\\\/09\\\/Carros-desportivos-de-alta-cilindrada-esperam-correr-em-pista-autonoma.jpg\",\"datePublished\":\"2021-09-05T15:47:08+00:00\",\"dateModified\":\"2021-09-05T15:48:25+00:00\",\"author\":{\"@id\":\"https:\\\/\\\/selectednews.info\\\/pt\\\/#\\\/schema\\\/person\\\/c8a0f1bfe64548cfb06c0529b0970068\"},\"breadcrumb\":{\"@id\":\"https:\\\/\\\/selectednews.info\\\/pt\\\/carros-desportivos-de-alta-cilindrada-esperam-correr-em-pista-autonoma-na-reducao-de-emissoes\\\/#breadcrumb\"},\"inLanguage\":\"pt-PT\",\"potentialAction\":[{\"@type\":\"ReadAction\",\"target\":[\"https:\\\/\\\/selectednews.info\\\/pt\\\/carros-desportivos-de-alta-cilindrada-esperam-correr-em-pista-autonoma-na-reducao-de-emissoes\\\/\"]}]},{\"@type\":\"ImageObject\",\"inLanguage\":\"pt-PT\",\"@id\":\"https:\\\/\\\/selectednews.info\\\/pt\\\/carros-desportivos-de-alta-cilindrada-esperam-correr-em-pista-autonoma-na-reducao-de-emissoes\\\/#primaryimage\",\"url\":\"https:\\\/\\\/selectednews.info\\\/pt\\\/wp-content\\\/uploads\\\/sites\\\/2\\\/2021\\\/09\\\/Carros-desportivos-de-alta-cilindrada-esperam-correr-em-pista-autonoma.jpg\",\"contentUrl\":\"https:\\\/\\\/selectednews.info\\\/pt\\\/wp-content\\\/uploads\\\/sites\\\/2\\\/2021\\\/09\\\/Carros-desportivos-de-alta-cilindrada-esperam-correr-em-pista-autonoma.jpg\",\"width\":100,\"height\":100,\"caption\":\"Carros desportivos de alta cilindrada esperam correr em pista aut\u00f3noma na redu\u00e7\u00e3o de emiss\u00f5es\"},{\"@type\":\"BreadcrumbList\",\"@id\":\"https:\\\/\\\/selectednews.info\\\/pt\\\/carros-desportivos-de-alta-cilindrada-esperam-correr-em-pista-autonoma-na-reducao-de-emissoes\\\/#breadcrumb\",\"itemListElement\":[{\"@type\":\"ListItem\",\"position\":1,\"name\":\"\u0413\u043b\u0430\u0432\u043d\u0430\u044f \u0441\u0442\u0440\u0430\u043d\u0438\u0446\u0430\",\"item\":\"https:\\\/\\\/selectednews.info\\\/pt\\\/\"},{\"@type\":\"ListItem\",\"position\":2,\"name\":\"Carros desportivos de alta cilindrada esperam correr em pista aut\u00f3noma na redu\u00e7\u00e3o de emiss\u00f5es\"}]},{\"@type\":\"WebSite\",\"@id\":\"https:\\\/\\\/selectednews.info\\\/pt\\\/#website\",\"url\":\"https:\\\/\\\/selectednews.info\\\/pt\\\/\",\"name\":\"Selected News\",\"description\":\"Selected News Portugal\",\"potentialAction\":[{\"@type\":\"SearchAction\",\"target\":{\"@type\":\"EntryPoint\",\"urlTemplate\":\"https:\\\/\\\/selectednews.info\\\/pt\\\/?s={search_term_string}\"},\"query-input\":{\"@type\":\"PropertyValueSpecification\",\"valueRequired\":true,\"valueName\":\"search_term_string\"}}],\"inLanguage\":\"pt-PT\"},{\"@type\":\"Person\",\"@id\":\"https:\\\/\\\/selectednews.info\\\/pt\\\/#\\\/schema\\\/person\\\/c8a0f1bfe64548cfb06c0529b0970068\",\"name\":\"selectednews\",\"image\":{\"@type\":\"ImageObject\",\"inLanguage\":\"pt-PT\",\"@id\":\"https:\\\/\\\/secure.gravatar.com\\\/avatar\\\/c88515018a25fd646d9f77ea80cc88996711575667608a2cd1b47f3d1145508a?s=96&d=mm&r=g\",\"url\":\"https:\\\/\\\/secure.gravatar.com\\\/avatar\\\/c88515018a25fd646d9f77ea80cc88996711575667608a2cd1b47f3d1145508a?s=96&d=mm&r=g\",\"contentUrl\":\"https:\\\/\\\/secure.gravatar.com\\\/avatar\\\/c88515018a25fd646d9f77ea80cc88996711575667608a2cd1b47f3d1145508a?s=96&d=mm&r=g\",\"caption\":\"selectednews\"},\"url\":\"https:\\\/\\\/selectednews.info\\\/pt\\\/author\\\/pt\\\/\"}]}<\/script>\n<!-- \/ Yoast SEO plugin. -->","yoast_head_json":{"title":"Carros desportivos de alta cilindrada esperam correr em pista aut\u00f3noma na redu\u00e7\u00e3o de emiss\u00f5es - Selected News","robots":{"index":"index","follow":"follow","max-snippet":"max-snippet:-1","max-image-preview":"max-image-preview:large","max-video-preview":"max-video-preview:-1"},"canonical":"https:\/\/selectednews.info\/pt\/carros-desportivos-de-alta-cilindrada-esperam-correr-em-pista-autonoma-na-reducao-de-emissoes\/","og_locale":"pt_PT","og_type":"article","og_title":"Carros desportivos de alta cilindrada esperam correr em pista aut\u00f3noma na redu\u00e7\u00e3o de emiss\u00f5es - Selected News","og_description":"It\u00e1lia estar\u00e1 em conversa\u00e7\u00f5es com a Comiss\u00e3o Europeia para encontrar formas de proteger os construtores dos autom\u00f3veis desportivos, como a Ferrari e\u00a0Lamborghini, das restri\u00e7\u00f5es que Bruxelas pretende impor aos ve\u00edculos a gasolina e a gas\u00f3leo at\u00e9 2035, avan\u00e7a a Bloomberg, citando fontes do governo de Mario Draghi.Dizendo que o governo italiano apoia os planos da [&hellip;]","og_url":"https:\/\/selectednews.info\/pt\/carros-desportivos-de-alta-cilindrada-esperam-correr-em-pista-autonoma-na-reducao-de-emissoes\/","og_site_name":"Selected News","article_published_time":"2021-09-05T15:47:08+00:00","article_modified_time":"2021-09-05T15:48:25+00:00","og_image":[{"width":100,"height":100,"url":"https:\/\/selectednews.info\/pt\/wp-content\/uploads\/sites\/2\/2021\/09\/Carros-desportivos-de-alta-cilindrada-esperam-correr-em-pista-autonoma.jpg","type":"image\/jpeg"}],"author":"selectednews","twitter_card":"summary_large_image","twitter_misc":{"Escrito por":"selectednews","Tempo estimado de leitura":"1 minuto"},"schema":{"@context":"https:\/\/schema.org","@graph":[{"@type":"Article","@id":"https:\/\/selectednews.info\/pt\/carros-desportivos-de-alta-cilindrada-esperam-correr-em-pista-autonoma-na-reducao-de-emissoes\/#article","isPartOf":{"@id":"https:\/\/selectednews.info\/pt\/carros-desportivos-de-alta-cilindrada-esperam-correr-em-pista-autonoma-na-reducao-de-emissoes\/"},"author":{"name":"selectednews","@id":"https:\/\/selectednews.info\/pt\/#\/schema\/person\/c8a0f1bfe64548cfb06c0529b0970068"},"headline":"Carros desportivos de alta cilindrada esperam correr em pista aut\u00f3noma na redu\u00e7\u00e3o de emiss\u00f5es","datePublished":"2021-09-05T15:47:08+00:00","dateModified":"2021-09-05T15:48:25+00:00","mainEntityOfPage":{"@id":"https:\/\/selectednews.info\/pt\/carros-desportivos-de-alta-cilindrada-esperam-correr-em-pista-autonoma-na-reducao-de-emissoes\/"},"wordCount":268,"commentCount":0,"image":{"@id":"https:\/\/selectednews.info\/pt\/carros-desportivos-de-alta-cilindrada-esperam-correr-em-pista-autonoma-na-reducao-de-emissoes\/#primaryimage"},"thumbnailUrl":"https:\/\/selectednews.info\/pt\/wp-content\/uploads\/sites\/2\/2021\/09\/Carros-desportivos-de-alta-cilindrada-esperam-correr-em-pista-autonoma.jpg","articleSection":["NOT\u00cdCIAS DE NEG\u00d3CIOS"],"inLanguage":"pt-PT","potentialAction":[{"@type":"CommentAction","name":"Comment","target":["https:\/\/selectednews.info\/pt\/carros-desportivos-de-alta-cilindrada-esperam-correr-em-pista-autonoma-na-reducao-de-emissoes\/#respond"]}]},{"@type":"WebPage","@id":"https:\/\/selectednews.info\/pt\/carros-desportivos-de-alta-cilindrada-esperam-correr-em-pista-autonoma-na-reducao-de-emissoes\/","url":"https:\/\/selectednews.info\/pt\/carros-desportivos-de-alta-cilindrada-esperam-correr-em-pista-autonoma-na-reducao-de-emissoes\/","name":"Carros desportivos de alta cilindrada esperam correr em pista aut\u00f3noma na redu\u00e7\u00e3o de emiss\u00f5es - Selected News","isPartOf":{"@id":"https:\/\/selectednews.info\/pt\/#website"},"primaryImageOfPage":{"@id":"https:\/\/selectednews.info\/pt\/carros-desportivos-de-alta-cilindrada-esperam-correr-em-pista-autonoma-na-reducao-de-emissoes\/#primaryimage"},"image":{"@id":"https:\/\/selectednews.info\/pt\/carros-desportivos-de-alta-cilindrada-esperam-correr-em-pista-autonoma-na-reducao-de-emissoes\/#primaryimage"},"thumbnailUrl":"https:\/\/selectednews.info\/pt\/wp-content\/uploads\/sites\/2\/2021\/09\/Carros-desportivos-de-alta-cilindrada-esperam-correr-em-pista-autonoma.jpg","datePublished":"2021-09-05T15:47:08+00:00","dateModified":"2021-09-05T15:48:25+00:00","author":{"@id":"https:\/\/selectednews.info\/pt\/#\/schema\/person\/c8a0f1bfe64548cfb06c0529b0970068"},"breadcrumb":{"@id":"https:\/\/selectednews.info\/pt\/carros-desportivos-de-alta-cilindrada-esperam-correr-em-pista-autonoma-na-reducao-de-emissoes\/#breadcrumb"},"inLanguage":"pt-PT","potentialAction":[{"@type":"ReadAction","target":["https:\/\/selectednews.info\/pt\/carros-desportivos-de-alta-cilindrada-esperam-correr-em-pista-autonoma-na-reducao-de-emissoes\/"]}]},{"@type":"ImageObject","inLanguage":"pt-PT","@id":"https:\/\/selectednews.info\/pt\/carros-desportivos-de-alta-cilindrada-esperam-correr-em-pista-autonoma-na-reducao-de-emissoes\/#primaryimage","url":"https:\/\/selectednews.info\/pt\/wp-content\/uploads\/sites\/2\/2021\/09\/Carros-desportivos-de-alta-cilindrada-esperam-correr-em-pista-autonoma.jpg","contentUrl":"https:\/\/selectednews.info\/pt\/wp-content\/uploads\/sites\/2\/2021\/09\/Carros-desportivos-de-alta-cilindrada-esperam-correr-em-pista-autonoma.jpg","width":100,"height":100,"caption":"Carros desportivos de alta cilindrada esperam correr em pista aut\u00f3noma na redu\u00e7\u00e3o de emiss\u00f5es"},{"@type":"BreadcrumbList","@id":"https:\/\/selectednews.info\/pt\/carros-desportivos-de-alta-cilindrada-esperam-correr-em-pista-autonoma-na-reducao-de-emissoes\/#breadcrumb","itemListElement":[{"@type":"ListItem","position":1,"name":"\u0413\u043b\u0430\u0432\u043d\u0430\u044f \u0441\u0442\u0440\u0430\u043d\u0438\u0446\u0430","item":"https:\/\/selectednews.info\/pt\/"},{"@type":"ListItem","position":2,"name":"Carros desportivos de alta cilindrada esperam correr em pista aut\u00f3noma na redu\u00e7\u00e3o de emiss\u00f5es"}]},{"@type":"WebSite","@id":"https:\/\/selectednews.info\/pt\/#website","url":"https:\/\/selectednews.info\/pt\/","name":"Selected News","description":"Selected News Portugal","potentialAction":[{"@type":"SearchAction","target":{"@type":"EntryPoint","urlTemplate":"https:\/\/selectednews.info\/pt\/?s={search_term_string}"},"query-input":{"@type":"PropertyValueSpecification","valueRequired":true,"valueName":"search_term_string"}}],"inLanguage":"pt-PT"},{"@type":"Person","@id":"https:\/\/selectednews.info\/pt\/#\/schema\/person\/c8a0f1bfe64548cfb06c0529b0970068","name":"selectednews","image":{"@type":"ImageObject","inLanguage":"pt-PT","@id":"https:\/\/secure.gravatar.com\/avatar\/c88515018a25fd646d9f77ea80cc88996711575667608a2cd1b47f3d1145508a?s=96&d=mm&r=g","url":"https:\/\/secure.gravatar.com\/avatar\/c88515018a25fd646d9f77ea80cc88996711575667608a2cd1b47f3d1145508a?s=96&d=mm&r=g","contentUrl":"https:\/\/secure.gravatar.com\/avatar\/c88515018a25fd646d9f77ea80cc88996711575667608a2cd1b47f3d1145508a?s=96&d=mm&r=g","caption":"selectednews"},"url":"https:\/\/selectednews.info\/pt\/author\/pt\/"}]}},"_links":{"self":[{"href":"https:\/\/selectednews.info\/pt\/wp-json\/wp\/v2\/posts\/8026","targetHints":{"allow":["GET"]}}],"collection":[{"href":"https:\/\/selectednews.info\/pt\/wp-json\/wp\/v2\/posts"}],"about":[{"href":"https:\/\/selectednews.info\/pt\/wp-json\/wp\/v2\/types\/post"}],"author":[{"embeddable":true,"href":"https:\/\/selectednews.info\/pt\/wp-json\/wp\/v2\/users\/2"}],"replies":[{"embeddable":true,"href":"https:\/\/selectednews.info\/pt\/wp-json\/wp\/v2\/comments?post=8026"}],"version-history":[{"count":1,"href":"https:\/\/selectednews.info\/pt\/wp-json\/wp\/v2\/posts\/8026\/revisions"}],"predecessor-version":[{"id":8028,"href":"https:\/\/selectednews.info\/pt\/wp-json\/wp\/v2\/posts\/8026\/revisions\/8028"}],"wp:featuredmedia":[{"embeddable":true,"href":"https:\/\/selectednews.info\/pt\/wp-json\/wp\/v2\/media\/8027"}],"wp:attachment":[{"href":"https:\/\/selectednews.info\/pt\/wp-json\/wp\/v2\/media?parent=8026"}],"wp:term":[{"taxonomy":"category","embeddable":true,"href":"https:\/\/selectednews.info\/pt\/wp-json\/wp\/v2\/categories?post=8026"},{"taxonomy":"post_tag","embeddable":true,"href":"https:\/\/selectednews.info\/pt\/wp-json\/wp\/v2\/tags?post=8026"}],"curies":[{"name":"wp","href":"https:\/\/api.w.org\/{rel}","templated":true}]}}