{"id":8029,"date":"2021-09-06T06:48:32","date_gmt":"2021-09-06T03:48:32","guid":{"rendered":"https:\/\/selectednews.info\/pt\/portugal-atingiu-85-da-populacao-com-uma-dose-da-vacina\/"},"modified":"2021-09-06T06:48:46","modified_gmt":"2021-09-06T03:48:46","slug":"portugal-atingiu-85-da-populacao-com-uma-dose-da-vacina","status":"publish","type":"post","link":"https:\/\/selectednews.info\/pt\/portugal-atingiu-85-da-populacao-com-uma-dose-da-vacina\/","title":{"rendered":"Portugal atingiu 85% da popula\u00e7\u00e3o com uma dose da vacina"},"content":{"rendered":"<p>\nPortugal atingiu este domingo 85% da popula\u00e7\u00e3o com uma dose da vacina contra a covid-19, anunciou a diretora-geral da Sa\u00fade, ao adiantar que est\u00e3o previstos tr\u00eas cen\u00e1rios de resposta face \u00e0 evolu\u00e7\u00e3o da pandemia nos pr\u00f3ximos meses.<\/p>\n<p>&#8220;Hoje \u00e9 um dia importante para todos n\u00f3s. 85% da popula\u00e7\u00e3o portuguesa tem uma dose da vacina e esse \u00e9 um resultado que devemos todos, enquanto povo, estar bastante orgulhosos&#8221;, salientou Gra\u00e7a Freitas na SIC Not\u00edcias.<br \/>\nSegundo a respons\u00e1vel da Dire\u00e7\u00e3o-Geral da Sa\u00fade (DGS), &#8220;h\u00e1 sempre algum cuidado em encarar o outono e o inverno&#8221;, esta\u00e7\u00f5es de &#8220;grande stress em termos da sa\u00fade&#8221;, devido \u00e0 circula\u00e7\u00e3o de v\u00edrus respirat\u00f3rios, mas salientou que, este ano, ao contr\u00e1rio do que aconteceu em 2020, a maior parte da popula\u00e7\u00e3o vai estar imunizada contra o SARS-CoV-2.<br \/>\nDe acordo com Gra\u00e7a Freitas, o &#8220;bom cen\u00e1rio&#8221; prev\u00ea que se mantenha a atual &#8220;tend\u00eancia est\u00e1vel e decrescente&#8221; da pandemia, em que a variante Delta continuar\u00e1 a ser a predominante e a vacina n\u00e3o perde a sua efic\u00e1cia.<br \/>\n&#8220;No segundo cen\u00e1rio pode acontecer uma subida lenta do n\u00famero de casos porque a vacina pode ir perdendo o seu efeito ao longo do tempo, mas ainda sem uma nova variante. Ser\u00e1 um cen\u00e1rio de mais casos, provavelmente, mais ligeiros do que graves&#8221;, adiantou a diretora-geral.<br \/>\nO &#8220;cen\u00e1rio pior, que n\u00e3o est\u00e1 posto fora de quest\u00e3o&#8221;, contempla o surgimento de uma nova variante do v\u00edrus, o que obrigaria \u00e0 ado\u00e7\u00e3o de medidas para &#8220;aguentar, novamente, uma grande press\u00e3o sob o Servi\u00e7o Nacional de Sa\u00fade e sob o sistema de sa\u00fade&#8221;, admitiu.<br \/>\nSobre a possibilidade de administra\u00e7\u00e3o uma terceira dose a grupos vulner\u00e1veis, como os idosos, Gra\u00e7a Freitas adiantou que a farmac\u00eautica Pfizer submeteu, nos \u00faltimos dias, \u00e0 Ag\u00eancia Europeia do Medicamento (EMA, na sigla em ingl\u00eas) o pedido para aprova\u00e7\u00e3o deste refor\u00e7o de imuniza\u00e7\u00e3o.<br \/>\n&#8220;Teremos de esperar que o regulador nos diga se sim, se n\u00e3o. De qualquer maneira, estamos a fazer o trabalho de casa em duas frentes: a cient\u00edfica, que vai acompanhando toda a evolu\u00e7\u00e3o, e a log\u00edstica. Continuamos a adquirir vacinas para um cen\u00e1rio de ser necess\u00e1rio a terceira dose ou de refor\u00e7o&#8221;, assegurou.<br \/>\nNo que se refere ao fim da obrigatoriedade do uso de m\u00e1scara, a diretora-geral da Sa\u00fade recordou que essa \u00e9 uma decis\u00e3o da Assembleia da Rep\u00fablica, mas adiantou que, com 85% da popula\u00e7\u00e3o vacinada, a &#8220;circula\u00e7\u00e3o do v\u00edrus ser\u00e1 muito menor&#8221;.<br \/>\nNo entanto, Gra\u00e7a Freitas defende que ser\u00e1 necess\u00e1rio ainda usar m\u00e1scara ao ar livre em algumas exce\u00e7\u00f5es, como no caso de ajuntamentos de pessoas em que n\u00e3o \u00e9 poss\u00edvel manter o distanciamento.Em Portugal, desde mar\u00e7o de 2020, morreram 17.798 pessoas e foram contabilizados 1.047.047 casos de infe\u00e7\u00e3o confirmados, segundo dados da Dire\u00e7\u00e3o-Geral da Sa\u00fade. A doen\u00e7a respirat\u00f3ria \u00e9 provocada pelo coronav\u00edrus SARS-CoV-2, detetado no final de 2019 em Wuhan, cidade do centro da China, e atualmente com variantes identificadas em pa\u00edses como o Reino Unido, \u00cdndia, \u00c1frica do Sul, Brasil ou Peru.<\/p>\n<p>\n<!--noindex--><br \/>\n<a href=\"https:\/\/www.jornaldenegocios.pt\/economia\/coronavirus\/detalhe\/portugal-atingiu-85-da-populacao-com-uma-dose-da-vacina\" rel=\"nofollow\">Source link <\/a><br \/>\n<!--\/noindex--><\/p>\n","protected":false},"excerpt":{"rendered":"<p>Portugal atingiu este domingo 85% da popula\u00e7\u00e3o com uma dose da vacina contra a covid-19, anunciou a diretora-geral da Sa\u00fade, ao adiantar que est\u00e3o previstos tr\u00eas cen\u00e1rios de resposta face \u00e0 evolu\u00e7\u00e3o da pandemia nos pr\u00f3ximos meses. &#8220;Hoje \u00e9 um dia importante para todos n\u00f3s. 85% da popula\u00e7\u00e3o portuguesa tem uma dose da vacina e [&hellip;]<\/p>\n","protected":false},"author":2,"featured_media":8030,"comment_status":"open","ping_status":"open","sticky":false,"template":"","format":"standard","meta":{"footnotes":""},"categories":[1],"tags":[],"class_list":["post-8029","post","type-post","status-publish","format-standard","has-post-thumbnail","hentry","category-noticias-de-negocios"],"yoast_head":"<!-- This site is optimized with the Yoast SEO plugin v27.4 - https:\/\/yoast.com\/product\/yoast-seo-wordpress\/ -->\n<title>Portugal atingiu 85% da popula\u00e7\u00e3o com uma dose da vacina - Selected News<\/title>\n<meta name=\"robots\" content=\"index, follow, max-snippet:-1, max-image-preview:large, max-video-preview:-1\" \/>\n<link rel=\"canonical\" href=\"https:\/\/selectednews.info\/pt\/portugal-atingiu-85-da-populacao-com-uma-dose-da-vacina\/\" \/>\n<meta property=\"og:locale\" content=\"pt_PT\" \/>\n<meta property=\"og:type\" content=\"article\" \/>\n<meta property=\"og:title\" content=\"Portugal atingiu 85% da popula\u00e7\u00e3o com uma dose da vacina - Selected News\" \/>\n<meta property=\"og:description\" content=\"Portugal atingiu este domingo 85% da popula\u00e7\u00e3o com uma dose da vacina contra a covid-19, anunciou a diretora-geral da Sa\u00fade, ao adiantar que est\u00e3o previstos tr\u00eas cen\u00e1rios de resposta face \u00e0 evolu\u00e7\u00e3o da pandemia nos pr\u00f3ximos meses. &#8220;Hoje \u00e9 um dia importante para todos n\u00f3s. 85% da popula\u00e7\u00e3o portuguesa tem uma dose da vacina e [&hellip;]\" \/>\n<meta property=\"og:url\" content=\"https:\/\/selectednews.info\/pt\/portugal-atingiu-85-da-populacao-com-uma-dose-da-vacina\/\" \/>\n<meta property=\"og:site_name\" content=\"Selected News\" \/>\n<meta property=\"article:published_time\" content=\"2021-09-06T03:48:32+00:00\" \/>\n<meta property=\"article:modified_time\" content=\"2021-09-06T03:48:46+00:00\" \/>\n<meta property=\"og:image\" content=\"https:\/\/selectednews.info\/pt\/wp-content\/uploads\/sites\/2\/2021\/09\/Portugal-atingiu-85-da-populacao-com-uma-dose-da-vacina.jpg\" \/>\n\t<meta property=\"og:image:width\" content=\"100\" \/>\n\t<meta property=\"og:image:height\" content=\"100\" \/>\n\t<meta property=\"og:image:type\" content=\"image\/jpeg\" \/>\n<meta name=\"author\" content=\"selectednews\" \/>\n<meta name=\"twitter:card\" content=\"summary_large_image\" \/>\n<meta name=\"twitter:label1\" content=\"Escrito por\" \/>\n\t<meta name=\"twitter:data1\" content=\"selectednews\" \/>\n\t<meta name=\"twitter:label2\" content=\"Tempo estimado de leitura\" \/>\n\t<meta name=\"twitter:data2\" content=\"3 minutos\" \/>\n<script type=\"application\/ld+json\" class=\"yoast-schema-graph\">{\"@context\":\"https:\\\/\\\/schema.org\",\"@graph\":[{\"@type\":\"Article\",\"@id\":\"https:\\\/\\\/selectednews.info\\\/pt\\\/portugal-atingiu-85-da-populacao-com-uma-dose-da-vacina\\\/#article\",\"isPartOf\":{\"@id\":\"https:\\\/\\\/selectednews.info\\\/pt\\\/portugal-atingiu-85-da-populacao-com-uma-dose-da-vacina\\\/\"},\"author\":{\"name\":\"selectednews\",\"@id\":\"https:\\\/\\\/selectednews.info\\\/pt\\\/#\\\/schema\\\/person\\\/c8a0f1bfe64548cfb06c0529b0970068\"},\"headline\":\"Portugal atingiu 85% da popula\u00e7\u00e3o com uma dose da vacina\",\"datePublished\":\"2021-09-06T03:48:32+00:00\",\"dateModified\":\"2021-09-06T03:48:46+00:00\",\"mainEntityOfPage\":{\"@id\":\"https:\\\/\\\/selectednews.info\\\/pt\\\/portugal-atingiu-85-da-populacao-com-uma-dose-da-vacina\\\/\"},\"wordCount\":559,\"commentCount\":0,\"image\":{\"@id\":\"https:\\\/\\\/selectednews.info\\\/pt\\\/portugal-atingiu-85-da-populacao-com-uma-dose-da-vacina\\\/#primaryimage\"},\"thumbnailUrl\":\"https:\\\/\\\/selectednews.info\\\/pt\\\/wp-content\\\/uploads\\\/sites\\\/2\\\/2021\\\/09\\\/Portugal-atingiu-85-da-populacao-com-uma-dose-da-vacina.jpg\",\"articleSection\":[\"NOT\u00cdCIAS DE NEG\u00d3CIOS\"],\"inLanguage\":\"pt-PT\",\"potentialAction\":[{\"@type\":\"CommentAction\",\"name\":\"Comment\",\"target\":[\"https:\\\/\\\/selectednews.info\\\/pt\\\/portugal-atingiu-85-da-populacao-com-uma-dose-da-vacina\\\/#respond\"]}]},{\"@type\":\"WebPage\",\"@id\":\"https:\\\/\\\/selectednews.info\\\/pt\\\/portugal-atingiu-85-da-populacao-com-uma-dose-da-vacina\\\/\",\"url\":\"https:\\\/\\\/selectednews.info\\\/pt\\\/portugal-atingiu-85-da-populacao-com-uma-dose-da-vacina\\\/\",\"name\":\"Portugal atingiu 85% da popula\u00e7\u00e3o com uma dose da vacina - Selected News\",\"isPartOf\":{\"@id\":\"https:\\\/\\\/selectednews.info\\\/pt\\\/#website\"},\"primaryImageOfPage\":{\"@id\":\"https:\\\/\\\/selectednews.info\\\/pt\\\/portugal-atingiu-85-da-populacao-com-uma-dose-da-vacina\\\/#primaryimage\"},\"image\":{\"@id\":\"https:\\\/\\\/selectednews.info\\\/pt\\\/portugal-atingiu-85-da-populacao-com-uma-dose-da-vacina\\\/#primaryimage\"},\"thumbnailUrl\":\"https:\\\/\\\/selectednews.info\\\/pt\\\/wp-content\\\/uploads\\\/sites\\\/2\\\/2021\\\/09\\\/Portugal-atingiu-85-da-populacao-com-uma-dose-da-vacina.jpg\",\"datePublished\":\"2021-09-06T03:48:32+00:00\",\"dateModified\":\"2021-09-06T03:48:46+00:00\",\"author\":{\"@id\":\"https:\\\/\\\/selectednews.info\\\/pt\\\/#\\\/schema\\\/person\\\/c8a0f1bfe64548cfb06c0529b0970068\"},\"breadcrumb\":{\"@id\":\"https:\\\/\\\/selectednews.info\\\/pt\\\/portugal-atingiu-85-da-populacao-com-uma-dose-da-vacina\\\/#breadcrumb\"},\"inLanguage\":\"pt-PT\",\"potentialAction\":[{\"@type\":\"ReadAction\",\"target\":[\"https:\\\/\\\/selectednews.info\\\/pt\\\/portugal-atingiu-85-da-populacao-com-uma-dose-da-vacina\\\/\"]}]},{\"@type\":\"ImageObject\",\"inLanguage\":\"pt-PT\",\"@id\":\"https:\\\/\\\/selectednews.info\\\/pt\\\/portugal-atingiu-85-da-populacao-com-uma-dose-da-vacina\\\/#primaryimage\",\"url\":\"https:\\\/\\\/selectednews.info\\\/pt\\\/wp-content\\\/uploads\\\/sites\\\/2\\\/2021\\\/09\\\/Portugal-atingiu-85-da-populacao-com-uma-dose-da-vacina.jpg\",\"contentUrl\":\"https:\\\/\\\/selectednews.info\\\/pt\\\/wp-content\\\/uploads\\\/sites\\\/2\\\/2021\\\/09\\\/Portugal-atingiu-85-da-populacao-com-uma-dose-da-vacina.jpg\",\"width\":100,\"height\":100,\"caption\":\"Portugal atingiu 85% da popula\u00e7\u00e3o com uma dose da vacina\"},{\"@type\":\"BreadcrumbList\",\"@id\":\"https:\\\/\\\/selectednews.info\\\/pt\\\/portugal-atingiu-85-da-populacao-com-uma-dose-da-vacina\\\/#breadcrumb\",\"itemListElement\":[{\"@type\":\"ListItem\",\"position\":1,\"name\":\"\u0413\u043b\u0430\u0432\u043d\u0430\u044f \u0441\u0442\u0440\u0430\u043d\u0438\u0446\u0430\",\"item\":\"https:\\\/\\\/selectednews.info\\\/pt\\\/\"},{\"@type\":\"ListItem\",\"position\":2,\"name\":\"Portugal atingiu 85% da popula\u00e7\u00e3o com uma dose da vacina\"}]},{\"@type\":\"WebSite\",\"@id\":\"https:\\\/\\\/selectednews.info\\\/pt\\\/#website\",\"url\":\"https:\\\/\\\/selectednews.info\\\/pt\\\/\",\"name\":\"Selected News\",\"description\":\"Selected News Portugal\",\"potentialAction\":[{\"@type\":\"SearchAction\",\"target\":{\"@type\":\"EntryPoint\",\"urlTemplate\":\"https:\\\/\\\/selectednews.info\\\/pt\\\/?s={search_term_string}\"},\"query-input\":{\"@type\":\"PropertyValueSpecification\",\"valueRequired\":true,\"valueName\":\"search_term_string\"}}],\"inLanguage\":\"pt-PT\"},{\"@type\":\"Person\",\"@id\":\"https:\\\/\\\/selectednews.info\\\/pt\\\/#\\\/schema\\\/person\\\/c8a0f1bfe64548cfb06c0529b0970068\",\"name\":\"selectednews\",\"image\":{\"@type\":\"ImageObject\",\"inLanguage\":\"pt-PT\",\"@id\":\"https:\\\/\\\/secure.gravatar.com\\\/avatar\\\/c88515018a25fd646d9f77ea80cc88996711575667608a2cd1b47f3d1145508a?s=96&d=mm&r=g\",\"url\":\"https:\\\/\\\/secure.gravatar.com\\\/avatar\\\/c88515018a25fd646d9f77ea80cc88996711575667608a2cd1b47f3d1145508a?s=96&d=mm&r=g\",\"contentUrl\":\"https:\\\/\\\/secure.gravatar.com\\\/avatar\\\/c88515018a25fd646d9f77ea80cc88996711575667608a2cd1b47f3d1145508a?s=96&d=mm&r=g\",\"caption\":\"selectednews\"},\"url\":\"https:\\\/\\\/selectednews.info\\\/pt\\\/author\\\/pt\\\/\"}]}<\/script>\n<!-- \/ Yoast SEO plugin. -->","yoast_head_json":{"title":"Portugal atingiu 85% da popula\u00e7\u00e3o com uma dose da vacina - Selected News","robots":{"index":"index","follow":"follow","max-snippet":"max-snippet:-1","max-image-preview":"max-image-preview:large","max-video-preview":"max-video-preview:-1"},"canonical":"https:\/\/selectednews.info\/pt\/portugal-atingiu-85-da-populacao-com-uma-dose-da-vacina\/","og_locale":"pt_PT","og_type":"article","og_title":"Portugal atingiu 85% da popula\u00e7\u00e3o com uma dose da vacina - Selected News","og_description":"Portugal atingiu este domingo 85% da popula\u00e7\u00e3o com uma dose da vacina contra a covid-19, anunciou a diretora-geral da Sa\u00fade, ao adiantar que est\u00e3o previstos tr\u00eas cen\u00e1rios de resposta face \u00e0 evolu\u00e7\u00e3o da pandemia nos pr\u00f3ximos meses. &#8220;Hoje \u00e9 um dia importante para todos n\u00f3s. 85% da popula\u00e7\u00e3o portuguesa tem uma dose da vacina e [&hellip;]","og_url":"https:\/\/selectednews.info\/pt\/portugal-atingiu-85-da-populacao-com-uma-dose-da-vacina\/","og_site_name":"Selected News","article_published_time":"2021-09-06T03:48:32+00:00","article_modified_time":"2021-09-06T03:48:46+00:00","og_image":[{"width":100,"height":100,"url":"https:\/\/selectednews.info\/pt\/wp-content\/uploads\/sites\/2\/2021\/09\/Portugal-atingiu-85-da-populacao-com-uma-dose-da-vacina.jpg","type":"image\/jpeg"}],"author":"selectednews","twitter_card":"summary_large_image","twitter_misc":{"Escrito por":"selectednews","Tempo estimado de leitura":"3 minutos"},"schema":{"@context":"https:\/\/schema.org","@graph":[{"@type":"Article","@id":"https:\/\/selectednews.info\/pt\/portugal-atingiu-85-da-populacao-com-uma-dose-da-vacina\/#article","isPartOf":{"@id":"https:\/\/selectednews.info\/pt\/portugal-atingiu-85-da-populacao-com-uma-dose-da-vacina\/"},"author":{"name":"selectednews","@id":"https:\/\/selectednews.info\/pt\/#\/schema\/person\/c8a0f1bfe64548cfb06c0529b0970068"},"headline":"Portugal atingiu 85% da popula\u00e7\u00e3o com uma dose da vacina","datePublished":"2021-09-06T03:48:32+00:00","dateModified":"2021-09-06T03:48:46+00:00","mainEntityOfPage":{"@id":"https:\/\/selectednews.info\/pt\/portugal-atingiu-85-da-populacao-com-uma-dose-da-vacina\/"},"wordCount":559,"commentCount":0,"image":{"@id":"https:\/\/selectednews.info\/pt\/portugal-atingiu-85-da-populacao-com-uma-dose-da-vacina\/#primaryimage"},"thumbnailUrl":"https:\/\/selectednews.info\/pt\/wp-content\/uploads\/sites\/2\/2021\/09\/Portugal-atingiu-85-da-populacao-com-uma-dose-da-vacina.jpg","articleSection":["NOT\u00cdCIAS DE NEG\u00d3CIOS"],"inLanguage":"pt-PT","potentialAction":[{"@type":"CommentAction","name":"Comment","target":["https:\/\/selectednews.info\/pt\/portugal-atingiu-85-da-populacao-com-uma-dose-da-vacina\/#respond"]}]},{"@type":"WebPage","@id":"https:\/\/selectednews.info\/pt\/portugal-atingiu-85-da-populacao-com-uma-dose-da-vacina\/","url":"https:\/\/selectednews.info\/pt\/portugal-atingiu-85-da-populacao-com-uma-dose-da-vacina\/","name":"Portugal atingiu 85% da popula\u00e7\u00e3o com uma dose da vacina - Selected News","isPartOf":{"@id":"https:\/\/selectednews.info\/pt\/#website"},"primaryImageOfPage":{"@id":"https:\/\/selectednews.info\/pt\/portugal-atingiu-85-da-populacao-com-uma-dose-da-vacina\/#primaryimage"},"image":{"@id":"https:\/\/selectednews.info\/pt\/portugal-atingiu-85-da-populacao-com-uma-dose-da-vacina\/#primaryimage"},"thumbnailUrl":"https:\/\/selectednews.info\/pt\/wp-content\/uploads\/sites\/2\/2021\/09\/Portugal-atingiu-85-da-populacao-com-uma-dose-da-vacina.jpg","datePublished":"2021-09-06T03:48:32+00:00","dateModified":"2021-09-06T03:48:46+00:00","author":{"@id":"https:\/\/selectednews.info\/pt\/#\/schema\/person\/c8a0f1bfe64548cfb06c0529b0970068"},"breadcrumb":{"@id":"https:\/\/selectednews.info\/pt\/portugal-atingiu-85-da-populacao-com-uma-dose-da-vacina\/#breadcrumb"},"inLanguage":"pt-PT","potentialAction":[{"@type":"ReadAction","target":["https:\/\/selectednews.info\/pt\/portugal-atingiu-85-da-populacao-com-uma-dose-da-vacina\/"]}]},{"@type":"ImageObject","inLanguage":"pt-PT","@id":"https:\/\/selectednews.info\/pt\/portugal-atingiu-85-da-populacao-com-uma-dose-da-vacina\/#primaryimage","url":"https:\/\/selectednews.info\/pt\/wp-content\/uploads\/sites\/2\/2021\/09\/Portugal-atingiu-85-da-populacao-com-uma-dose-da-vacina.jpg","contentUrl":"https:\/\/selectednews.info\/pt\/wp-content\/uploads\/sites\/2\/2021\/09\/Portugal-atingiu-85-da-populacao-com-uma-dose-da-vacina.jpg","width":100,"height":100,"caption":"Portugal atingiu 85% da popula\u00e7\u00e3o com uma dose da vacina"},{"@type":"BreadcrumbList","@id":"https:\/\/selectednews.info\/pt\/portugal-atingiu-85-da-populacao-com-uma-dose-da-vacina\/#breadcrumb","itemListElement":[{"@type":"ListItem","position":1,"name":"\u0413\u043b\u0430\u0432\u043d\u0430\u044f \u0441\u0442\u0440\u0430\u043d\u0438\u0446\u0430","item":"https:\/\/selectednews.info\/pt\/"},{"@type":"ListItem","position":2,"name":"Portugal atingiu 85% da popula\u00e7\u00e3o com uma dose da vacina"}]},{"@type":"WebSite","@id":"https:\/\/selectednews.info\/pt\/#website","url":"https:\/\/selectednews.info\/pt\/","name":"Selected News","description":"Selected News Portugal","potentialAction":[{"@type":"SearchAction","target":{"@type":"EntryPoint","urlTemplate":"https:\/\/selectednews.info\/pt\/?s={search_term_string}"},"query-input":{"@type":"PropertyValueSpecification","valueRequired":true,"valueName":"search_term_string"}}],"inLanguage":"pt-PT"},{"@type":"Person","@id":"https:\/\/selectednews.info\/pt\/#\/schema\/person\/c8a0f1bfe64548cfb06c0529b0970068","name":"selectednews","image":{"@type":"ImageObject","inLanguage":"pt-PT","@id":"https:\/\/secure.gravatar.com\/avatar\/c88515018a25fd646d9f77ea80cc88996711575667608a2cd1b47f3d1145508a?s=96&d=mm&r=g","url":"https:\/\/secure.gravatar.com\/avatar\/c88515018a25fd646d9f77ea80cc88996711575667608a2cd1b47f3d1145508a?s=96&d=mm&r=g","contentUrl":"https:\/\/secure.gravatar.com\/avatar\/c88515018a25fd646d9f77ea80cc88996711575667608a2cd1b47f3d1145508a?s=96&d=mm&r=g","caption":"selectednews"},"url":"https:\/\/selectednews.info\/pt\/author\/pt\/"}]}},"_links":{"self":[{"href":"https:\/\/selectednews.info\/pt\/wp-json\/wp\/v2\/posts\/8029","targetHints":{"allow":["GET"]}}],"collection":[{"href":"https:\/\/selectednews.info\/pt\/wp-json\/wp\/v2\/posts"}],"about":[{"href":"https:\/\/selectednews.info\/pt\/wp-json\/wp\/v2\/types\/post"}],"author":[{"embeddable":true,"href":"https:\/\/selectednews.info\/pt\/wp-json\/wp\/v2\/users\/2"}],"replies":[{"embeddable":true,"href":"https:\/\/selectednews.info\/pt\/wp-json\/wp\/v2\/comments?post=8029"}],"version-history":[{"count":1,"href":"https:\/\/selectednews.info\/pt\/wp-json\/wp\/v2\/posts\/8029\/revisions"}],"predecessor-version":[{"id":8031,"href":"https:\/\/selectednews.info\/pt\/wp-json\/wp\/v2\/posts\/8029\/revisions\/8031"}],"wp:featuredmedia":[{"embeddable":true,"href":"https:\/\/selectednews.info\/pt\/wp-json\/wp\/v2\/media\/8030"}],"wp:attachment":[{"href":"https:\/\/selectednews.info\/pt\/wp-json\/wp\/v2\/media?parent=8029"}],"wp:term":[{"taxonomy":"category","embeddable":true,"href":"https:\/\/selectednews.info\/pt\/wp-json\/wp\/v2\/categories?post=8029"},{"taxonomy":"post_tag","embeddable":true,"href":"https:\/\/selectednews.info\/pt\/wp-json\/wp\/v2\/tags?post=8029"}],"curies":[{"name":"wp","href":"https:\/\/api.w.org\/{rel}","templated":true}]}}