{"id":8035,"date":"2021-09-06T18:49:20","date_gmt":"2021-09-06T15:49:20","guid":{"rendered":"https:\/\/selectednews.info\/pt\/portugal-soma-663-casos-de-covid-19-e-12-mortes-nas-ultimas-24-horas\/"},"modified":"2021-09-06T18:49:38","modified_gmt":"2021-09-06T15:49:38","slug":"portugal-soma-663-casos-de-covid-19-e-12-mortes-nas-ultimas-24-horas","status":"publish","type":"post","link":"https:\/\/selectednews.info\/pt\/portugal-soma-663-casos-de-covid-19-e-12-mortes-nas-ultimas-24-horas\/","title":{"rendered":"Portugal soma 663 casos de covid-19 e 12 mortes nas \u00faltimas 24 horas"},"content":{"rendered":"<p>\nPortugal contabiliza mais 663 casos de covid-19 nas \u00faltimas 24 horas, de acordo com o boletim di\u00e1rio da Dire\u00e7\u00e3o-Geral de Sa\u00fade (DGS), revelado esta segunda-feira, dia 6 de setembro. \u00c9 o valor mais baixo de infe\u00e7\u00f5es desde 14 de junho, o que poder\u00e1 estar relacionado com o dia da semana j\u00e1 que ao domingo h\u00e1, tradicionalmente, uma quebra na testagem. A atualiza\u00e7\u00e3o di\u00e1ria aponta para 12 mortes.Nas \u00faltimas 24 horas foi registada uma subida no n\u00famero de internamentos: h\u00e1 mais 17 pessoas internadas, elevando para 682 o n\u00famero total de pessoas internadas. H\u00e1 registo de mais duas pessoas internadas em unidades de cuidados intensivos, elevando este n\u00famero para 140.\u00a0<br \/>\nO boletim da DGS indica que h\u00e1 mais 1.109 pessoas recuperadas da covid-19 nas \u00faltimas 24 horas. Desde o in\u00edcio da pandemia em Portugal h\u00e1 registo de 987.935 mil pessoas recuperadas da doen\u00e7a.\u00a0<\/p>\n<p>Rt e incid\u00eancia a cairO boletim da DGS atualiza esta segunda-feira a matriz de risco, revelando novos dados sobre a incid\u00eancia e o Rt.\u00a0O Rt &#8212; que mede a taxa de transmissibilidade &#8212; a n\u00edvel nacional caiu de 0,96 na \u00faltima sexta-feira para 0,92. Considerando apenas o continente, a descida foi de\u00a00,97 para 0,93. No que diz respeito \u00e0 incid\u00eancia nacional, esta caiu de 295,5 pessoas por cada mil habitantes para 276 e, no continente, passou de 302,6 para 283,8.\u00a0<\/p>\n<p>(not\u00edcia atualizada)<\/p>\n<p>\n<!--noindex--><br \/>\n<a href=\"https:\/\/www.jornaldenegocios.pt\/economia\/coronavirus\/detalhe\/portugal-soma-663-casos-de-covid-19-e-12-mortes-nas-ultimas-24-horas\" rel=\"nofollow\">Source link <\/a><br \/>\n<!--\/noindex--><\/p>\n","protected":false},"excerpt":{"rendered":"<p>Portugal contabiliza mais 663 casos de covid-19 nas \u00faltimas 24 horas, de acordo com o boletim di\u00e1rio da Dire\u00e7\u00e3o-Geral de Sa\u00fade (DGS), revelado esta segunda-feira, dia 6 de setembro. \u00c9 o valor mais baixo de infe\u00e7\u00f5es desde 14 de junho, o que poder\u00e1 estar relacionado com o dia da semana j\u00e1 que ao domingo h\u00e1, [&hellip;]<\/p>\n","protected":false},"author":2,"featured_media":8036,"comment_status":"open","ping_status":"open","sticky":false,"template":"","format":"standard","meta":{"footnotes":""},"categories":[1],"tags":[],"class_list":["post-8035","post","type-post","status-publish","format-standard","has-post-thumbnail","hentry","category-noticias-de-negocios"],"yoast_head":"<!-- This site is optimized with the Yoast SEO plugin v27.4 - https:\/\/yoast.com\/product\/yoast-seo-wordpress\/ -->\n<title>Portugal soma 663 casos de covid-19 e 12 mortes nas \u00faltimas 24 horas - Selected News<\/title>\n<meta name=\"robots\" content=\"index, follow, max-snippet:-1, max-image-preview:large, max-video-preview:-1\" \/>\n<link rel=\"canonical\" href=\"https:\/\/selectednews.info\/pt\/portugal-soma-663-casos-de-covid-19-e-12-mortes-nas-ultimas-24-horas\/\" \/>\n<meta property=\"og:locale\" content=\"pt_PT\" \/>\n<meta property=\"og:type\" content=\"article\" \/>\n<meta property=\"og:title\" content=\"Portugal soma 663 casos de covid-19 e 12 mortes nas \u00faltimas 24 horas - Selected News\" \/>\n<meta property=\"og:description\" content=\"Portugal contabiliza mais 663 casos de covid-19 nas \u00faltimas 24 horas, de acordo com o boletim di\u00e1rio da Dire\u00e7\u00e3o-Geral de Sa\u00fade (DGS), revelado esta segunda-feira, dia 6 de setembro. \u00c9 o valor mais baixo de infe\u00e7\u00f5es desde 14 de junho, o que poder\u00e1 estar relacionado com o dia da semana j\u00e1 que ao domingo h\u00e1, [&hellip;]\" \/>\n<meta property=\"og:url\" content=\"https:\/\/selectednews.info\/pt\/portugal-soma-663-casos-de-covid-19-e-12-mortes-nas-ultimas-24-horas\/\" \/>\n<meta property=\"og:site_name\" content=\"Selected News\" \/>\n<meta property=\"article:published_time\" content=\"2021-09-06T15:49:20+00:00\" \/>\n<meta property=\"article:modified_time\" content=\"2021-09-06T15:49:38+00:00\" \/>\n<meta property=\"og:image\" content=\"https:\/\/selectednews.info\/pt\/wp-content\/uploads\/sites\/2\/2021\/09\/Portugal-soma-663-casos-de-covid-19-e-12-mortes-nas.jpg\" \/>\n\t<meta property=\"og:image:width\" content=\"100\" \/>\n\t<meta property=\"og:image:height\" content=\"100\" \/>\n\t<meta property=\"og:image:type\" content=\"image\/jpeg\" \/>\n<meta name=\"author\" content=\"selectednews\" \/>\n<meta name=\"twitter:card\" content=\"summary_large_image\" \/>\n<meta name=\"twitter:label1\" content=\"Escrito por\" \/>\n\t<meta name=\"twitter:data1\" content=\"selectednews\" \/>\n\t<meta name=\"twitter:label2\" content=\"Tempo estimado de leitura\" \/>\n\t<meta name=\"twitter:data2\" content=\"1 minuto\" \/>\n<script type=\"application\/ld+json\" class=\"yoast-schema-graph\">{\"@context\":\"https:\\\/\\\/schema.org\",\"@graph\":[{\"@type\":\"Article\",\"@id\":\"https:\\\/\\\/selectednews.info\\\/pt\\\/portugal-soma-663-casos-de-covid-19-e-12-mortes-nas-ultimas-24-horas\\\/#article\",\"isPartOf\":{\"@id\":\"https:\\\/\\\/selectednews.info\\\/pt\\\/portugal-soma-663-casos-de-covid-19-e-12-mortes-nas-ultimas-24-horas\\\/\"},\"author\":{\"name\":\"selectednews\",\"@id\":\"https:\\\/\\\/selectednews.info\\\/pt\\\/#\\\/schema\\\/person\\\/c8a0f1bfe64548cfb06c0529b0970068\"},\"headline\":\"Portugal soma 663 casos de covid-19 e 12 mortes nas \u00faltimas 24 horas\",\"datePublished\":\"2021-09-06T15:49:20+00:00\",\"dateModified\":\"2021-09-06T15:49:38+00:00\",\"mainEntityOfPage\":{\"@id\":\"https:\\\/\\\/selectednews.info\\\/pt\\\/portugal-soma-663-casos-de-covid-19-e-12-mortes-nas-ultimas-24-horas\\\/\"},\"wordCount\":233,\"commentCount\":0,\"image\":{\"@id\":\"https:\\\/\\\/selectednews.info\\\/pt\\\/portugal-soma-663-casos-de-covid-19-e-12-mortes-nas-ultimas-24-horas\\\/#primaryimage\"},\"thumbnailUrl\":\"https:\\\/\\\/selectednews.info\\\/pt\\\/wp-content\\\/uploads\\\/sites\\\/2\\\/2021\\\/09\\\/Portugal-soma-663-casos-de-covid-19-e-12-mortes-nas.jpg\",\"articleSection\":[\"NOT\u00cdCIAS DE NEG\u00d3CIOS\"],\"inLanguage\":\"pt-PT\",\"potentialAction\":[{\"@type\":\"CommentAction\",\"name\":\"Comment\",\"target\":[\"https:\\\/\\\/selectednews.info\\\/pt\\\/portugal-soma-663-casos-de-covid-19-e-12-mortes-nas-ultimas-24-horas\\\/#respond\"]}]},{\"@type\":\"WebPage\",\"@id\":\"https:\\\/\\\/selectednews.info\\\/pt\\\/portugal-soma-663-casos-de-covid-19-e-12-mortes-nas-ultimas-24-horas\\\/\",\"url\":\"https:\\\/\\\/selectednews.info\\\/pt\\\/portugal-soma-663-casos-de-covid-19-e-12-mortes-nas-ultimas-24-horas\\\/\",\"name\":\"Portugal soma 663 casos de covid-19 e 12 mortes nas \u00faltimas 24 horas - Selected News\",\"isPartOf\":{\"@id\":\"https:\\\/\\\/selectednews.info\\\/pt\\\/#website\"},\"primaryImageOfPage\":{\"@id\":\"https:\\\/\\\/selectednews.info\\\/pt\\\/portugal-soma-663-casos-de-covid-19-e-12-mortes-nas-ultimas-24-horas\\\/#primaryimage\"},\"image\":{\"@id\":\"https:\\\/\\\/selectednews.info\\\/pt\\\/portugal-soma-663-casos-de-covid-19-e-12-mortes-nas-ultimas-24-horas\\\/#primaryimage\"},\"thumbnailUrl\":\"https:\\\/\\\/selectednews.info\\\/pt\\\/wp-content\\\/uploads\\\/sites\\\/2\\\/2021\\\/09\\\/Portugal-soma-663-casos-de-covid-19-e-12-mortes-nas.jpg\",\"datePublished\":\"2021-09-06T15:49:20+00:00\",\"dateModified\":\"2021-09-06T15:49:38+00:00\",\"author\":{\"@id\":\"https:\\\/\\\/selectednews.info\\\/pt\\\/#\\\/schema\\\/person\\\/c8a0f1bfe64548cfb06c0529b0970068\"},\"breadcrumb\":{\"@id\":\"https:\\\/\\\/selectednews.info\\\/pt\\\/portugal-soma-663-casos-de-covid-19-e-12-mortes-nas-ultimas-24-horas\\\/#breadcrumb\"},\"inLanguage\":\"pt-PT\",\"potentialAction\":[{\"@type\":\"ReadAction\",\"target\":[\"https:\\\/\\\/selectednews.info\\\/pt\\\/portugal-soma-663-casos-de-covid-19-e-12-mortes-nas-ultimas-24-horas\\\/\"]}]},{\"@type\":\"ImageObject\",\"inLanguage\":\"pt-PT\",\"@id\":\"https:\\\/\\\/selectednews.info\\\/pt\\\/portugal-soma-663-casos-de-covid-19-e-12-mortes-nas-ultimas-24-horas\\\/#primaryimage\",\"url\":\"https:\\\/\\\/selectednews.info\\\/pt\\\/wp-content\\\/uploads\\\/sites\\\/2\\\/2021\\\/09\\\/Portugal-soma-663-casos-de-covid-19-e-12-mortes-nas.jpg\",\"contentUrl\":\"https:\\\/\\\/selectednews.info\\\/pt\\\/wp-content\\\/uploads\\\/sites\\\/2\\\/2021\\\/09\\\/Portugal-soma-663-casos-de-covid-19-e-12-mortes-nas.jpg\",\"width\":100,\"height\":100,\"caption\":\"Portugal soma 663 casos de covid-19 e 12 mortes nas \u00faltimas 24 horas\"},{\"@type\":\"BreadcrumbList\",\"@id\":\"https:\\\/\\\/selectednews.info\\\/pt\\\/portugal-soma-663-casos-de-covid-19-e-12-mortes-nas-ultimas-24-horas\\\/#breadcrumb\",\"itemListElement\":[{\"@type\":\"ListItem\",\"position\":1,\"name\":\"\u0413\u043b\u0430\u0432\u043d\u0430\u044f \u0441\u0442\u0440\u0430\u043d\u0438\u0446\u0430\",\"item\":\"https:\\\/\\\/selectednews.info\\\/pt\\\/\"},{\"@type\":\"ListItem\",\"position\":2,\"name\":\"Portugal soma 663 casos de covid-19 e 12 mortes nas \u00faltimas 24 horas\"}]},{\"@type\":\"WebSite\",\"@id\":\"https:\\\/\\\/selectednews.info\\\/pt\\\/#website\",\"url\":\"https:\\\/\\\/selectednews.info\\\/pt\\\/\",\"name\":\"Selected News\",\"description\":\"Selected News Portugal\",\"potentialAction\":[{\"@type\":\"SearchAction\",\"target\":{\"@type\":\"EntryPoint\",\"urlTemplate\":\"https:\\\/\\\/selectednews.info\\\/pt\\\/?s={search_term_string}\"},\"query-input\":{\"@type\":\"PropertyValueSpecification\",\"valueRequired\":true,\"valueName\":\"search_term_string\"}}],\"inLanguage\":\"pt-PT\"},{\"@type\":\"Person\",\"@id\":\"https:\\\/\\\/selectednews.info\\\/pt\\\/#\\\/schema\\\/person\\\/c8a0f1bfe64548cfb06c0529b0970068\",\"name\":\"selectednews\",\"image\":{\"@type\":\"ImageObject\",\"inLanguage\":\"pt-PT\",\"@id\":\"https:\\\/\\\/secure.gravatar.com\\\/avatar\\\/c88515018a25fd646d9f77ea80cc88996711575667608a2cd1b47f3d1145508a?s=96&d=mm&r=g\",\"url\":\"https:\\\/\\\/secure.gravatar.com\\\/avatar\\\/c88515018a25fd646d9f77ea80cc88996711575667608a2cd1b47f3d1145508a?s=96&d=mm&r=g\",\"contentUrl\":\"https:\\\/\\\/secure.gravatar.com\\\/avatar\\\/c88515018a25fd646d9f77ea80cc88996711575667608a2cd1b47f3d1145508a?s=96&d=mm&r=g\",\"caption\":\"selectednews\"},\"url\":\"https:\\\/\\\/selectednews.info\\\/pt\\\/author\\\/pt\\\/\"}]}<\/script>\n<!-- \/ Yoast SEO plugin. -->","yoast_head_json":{"title":"Portugal soma 663 casos de covid-19 e 12 mortes nas \u00faltimas 24 horas - Selected News","robots":{"index":"index","follow":"follow","max-snippet":"max-snippet:-1","max-image-preview":"max-image-preview:large","max-video-preview":"max-video-preview:-1"},"canonical":"https:\/\/selectednews.info\/pt\/portugal-soma-663-casos-de-covid-19-e-12-mortes-nas-ultimas-24-horas\/","og_locale":"pt_PT","og_type":"article","og_title":"Portugal soma 663 casos de covid-19 e 12 mortes nas \u00faltimas 24 horas - Selected News","og_description":"Portugal contabiliza mais 663 casos de covid-19 nas \u00faltimas 24 horas, de acordo com o boletim di\u00e1rio da Dire\u00e7\u00e3o-Geral de Sa\u00fade (DGS), revelado esta segunda-feira, dia 6 de setembro. \u00c9 o valor mais baixo de infe\u00e7\u00f5es desde 14 de junho, o que poder\u00e1 estar relacionado com o dia da semana j\u00e1 que ao domingo h\u00e1, [&hellip;]","og_url":"https:\/\/selectednews.info\/pt\/portugal-soma-663-casos-de-covid-19-e-12-mortes-nas-ultimas-24-horas\/","og_site_name":"Selected News","article_published_time":"2021-09-06T15:49:20+00:00","article_modified_time":"2021-09-06T15:49:38+00:00","og_image":[{"width":100,"height":100,"url":"https:\/\/selectednews.info\/pt\/wp-content\/uploads\/sites\/2\/2021\/09\/Portugal-soma-663-casos-de-covid-19-e-12-mortes-nas.jpg","type":"image\/jpeg"}],"author":"selectednews","twitter_card":"summary_large_image","twitter_misc":{"Escrito por":"selectednews","Tempo estimado de leitura":"1 minuto"},"schema":{"@context":"https:\/\/schema.org","@graph":[{"@type":"Article","@id":"https:\/\/selectednews.info\/pt\/portugal-soma-663-casos-de-covid-19-e-12-mortes-nas-ultimas-24-horas\/#article","isPartOf":{"@id":"https:\/\/selectednews.info\/pt\/portugal-soma-663-casos-de-covid-19-e-12-mortes-nas-ultimas-24-horas\/"},"author":{"name":"selectednews","@id":"https:\/\/selectednews.info\/pt\/#\/schema\/person\/c8a0f1bfe64548cfb06c0529b0970068"},"headline":"Portugal soma 663 casos de covid-19 e 12 mortes nas \u00faltimas 24 horas","datePublished":"2021-09-06T15:49:20+00:00","dateModified":"2021-09-06T15:49:38+00:00","mainEntityOfPage":{"@id":"https:\/\/selectednews.info\/pt\/portugal-soma-663-casos-de-covid-19-e-12-mortes-nas-ultimas-24-horas\/"},"wordCount":233,"commentCount":0,"image":{"@id":"https:\/\/selectednews.info\/pt\/portugal-soma-663-casos-de-covid-19-e-12-mortes-nas-ultimas-24-horas\/#primaryimage"},"thumbnailUrl":"https:\/\/selectednews.info\/pt\/wp-content\/uploads\/sites\/2\/2021\/09\/Portugal-soma-663-casos-de-covid-19-e-12-mortes-nas.jpg","articleSection":["NOT\u00cdCIAS DE NEG\u00d3CIOS"],"inLanguage":"pt-PT","potentialAction":[{"@type":"CommentAction","name":"Comment","target":["https:\/\/selectednews.info\/pt\/portugal-soma-663-casos-de-covid-19-e-12-mortes-nas-ultimas-24-horas\/#respond"]}]},{"@type":"WebPage","@id":"https:\/\/selectednews.info\/pt\/portugal-soma-663-casos-de-covid-19-e-12-mortes-nas-ultimas-24-horas\/","url":"https:\/\/selectednews.info\/pt\/portugal-soma-663-casos-de-covid-19-e-12-mortes-nas-ultimas-24-horas\/","name":"Portugal soma 663 casos de covid-19 e 12 mortes nas \u00faltimas 24 horas - Selected News","isPartOf":{"@id":"https:\/\/selectednews.info\/pt\/#website"},"primaryImageOfPage":{"@id":"https:\/\/selectednews.info\/pt\/portugal-soma-663-casos-de-covid-19-e-12-mortes-nas-ultimas-24-horas\/#primaryimage"},"image":{"@id":"https:\/\/selectednews.info\/pt\/portugal-soma-663-casos-de-covid-19-e-12-mortes-nas-ultimas-24-horas\/#primaryimage"},"thumbnailUrl":"https:\/\/selectednews.info\/pt\/wp-content\/uploads\/sites\/2\/2021\/09\/Portugal-soma-663-casos-de-covid-19-e-12-mortes-nas.jpg","datePublished":"2021-09-06T15:49:20+00:00","dateModified":"2021-09-06T15:49:38+00:00","author":{"@id":"https:\/\/selectednews.info\/pt\/#\/schema\/person\/c8a0f1bfe64548cfb06c0529b0970068"},"breadcrumb":{"@id":"https:\/\/selectednews.info\/pt\/portugal-soma-663-casos-de-covid-19-e-12-mortes-nas-ultimas-24-horas\/#breadcrumb"},"inLanguage":"pt-PT","potentialAction":[{"@type":"ReadAction","target":["https:\/\/selectednews.info\/pt\/portugal-soma-663-casos-de-covid-19-e-12-mortes-nas-ultimas-24-horas\/"]}]},{"@type":"ImageObject","inLanguage":"pt-PT","@id":"https:\/\/selectednews.info\/pt\/portugal-soma-663-casos-de-covid-19-e-12-mortes-nas-ultimas-24-horas\/#primaryimage","url":"https:\/\/selectednews.info\/pt\/wp-content\/uploads\/sites\/2\/2021\/09\/Portugal-soma-663-casos-de-covid-19-e-12-mortes-nas.jpg","contentUrl":"https:\/\/selectednews.info\/pt\/wp-content\/uploads\/sites\/2\/2021\/09\/Portugal-soma-663-casos-de-covid-19-e-12-mortes-nas.jpg","width":100,"height":100,"caption":"Portugal soma 663 casos de covid-19 e 12 mortes nas \u00faltimas 24 horas"},{"@type":"BreadcrumbList","@id":"https:\/\/selectednews.info\/pt\/portugal-soma-663-casos-de-covid-19-e-12-mortes-nas-ultimas-24-horas\/#breadcrumb","itemListElement":[{"@type":"ListItem","position":1,"name":"\u0413\u043b\u0430\u0432\u043d\u0430\u044f \u0441\u0442\u0440\u0430\u043d\u0438\u0446\u0430","item":"https:\/\/selectednews.info\/pt\/"},{"@type":"ListItem","position":2,"name":"Portugal soma 663 casos de covid-19 e 12 mortes nas \u00faltimas 24 horas"}]},{"@type":"WebSite","@id":"https:\/\/selectednews.info\/pt\/#website","url":"https:\/\/selectednews.info\/pt\/","name":"Selected News","description":"Selected News Portugal","potentialAction":[{"@type":"SearchAction","target":{"@type":"EntryPoint","urlTemplate":"https:\/\/selectednews.info\/pt\/?s={search_term_string}"},"query-input":{"@type":"PropertyValueSpecification","valueRequired":true,"valueName":"search_term_string"}}],"inLanguage":"pt-PT"},{"@type":"Person","@id":"https:\/\/selectednews.info\/pt\/#\/schema\/person\/c8a0f1bfe64548cfb06c0529b0970068","name":"selectednews","image":{"@type":"ImageObject","inLanguage":"pt-PT","@id":"https:\/\/secure.gravatar.com\/avatar\/c88515018a25fd646d9f77ea80cc88996711575667608a2cd1b47f3d1145508a?s=96&d=mm&r=g","url":"https:\/\/secure.gravatar.com\/avatar\/c88515018a25fd646d9f77ea80cc88996711575667608a2cd1b47f3d1145508a?s=96&d=mm&r=g","contentUrl":"https:\/\/secure.gravatar.com\/avatar\/c88515018a25fd646d9f77ea80cc88996711575667608a2cd1b47f3d1145508a?s=96&d=mm&r=g","caption":"selectednews"},"url":"https:\/\/selectednews.info\/pt\/author\/pt\/"}]}},"_links":{"self":[{"href":"https:\/\/selectednews.info\/pt\/wp-json\/wp\/v2\/posts\/8035","targetHints":{"allow":["GET"]}}],"collection":[{"href":"https:\/\/selectednews.info\/pt\/wp-json\/wp\/v2\/posts"}],"about":[{"href":"https:\/\/selectednews.info\/pt\/wp-json\/wp\/v2\/types\/post"}],"author":[{"embeddable":true,"href":"https:\/\/selectednews.info\/pt\/wp-json\/wp\/v2\/users\/2"}],"replies":[{"embeddable":true,"href":"https:\/\/selectednews.info\/pt\/wp-json\/wp\/v2\/comments?post=8035"}],"version-history":[{"count":1,"href":"https:\/\/selectednews.info\/pt\/wp-json\/wp\/v2\/posts\/8035\/revisions"}],"predecessor-version":[{"id":8037,"href":"https:\/\/selectednews.info\/pt\/wp-json\/wp\/v2\/posts\/8035\/revisions\/8037"}],"wp:featuredmedia":[{"embeddable":true,"href":"https:\/\/selectednews.info\/pt\/wp-json\/wp\/v2\/media\/8036"}],"wp:attachment":[{"href":"https:\/\/selectednews.info\/pt\/wp-json\/wp\/v2\/media?parent=8035"}],"wp:term":[{"taxonomy":"category","embeddable":true,"href":"https:\/\/selectednews.info\/pt\/wp-json\/wp\/v2\/categories?post=8035"},{"taxonomy":"post_tag","embeddable":true,"href":"https:\/\/selectednews.info\/pt\/wp-json\/wp\/v2\/tags?post=8035"}],"curies":[{"name":"wp","href":"https:\/\/api.w.org\/{rel}","templated":true}]}}