{"id":8041,"date":"2021-09-10T12:42:48","date_gmt":"2021-09-10T09:42:48","guid":{"rendered":"https:\/\/selectednews.info\/pt\/sampaio-livre-realca-papel-precursor-na-convergencia-a-esquerda\/"},"modified":"2021-09-10T12:42:57","modified_gmt":"2021-09-10T09:42:57","slug":"sampaio-livre-realca-papel-precursor-na-convergencia-a-esquerda","status":"publish","type":"post","link":"https:\/\/selectednews.info\/pt\/sampaio-livre-realca-papel-precursor-na-convergencia-a-esquerda\/","title":{"rendered":"Sampaio: Livre real\u00e7a papel precursor na converg\u00eancia \u00e0 esquerda"},"content":{"rendered":"<p>\nO Livre real\u00e7ou hoje o &#8220;papel precursor na converg\u00eancia \u00e0 esquerda em Portugal&#8221; de Jorge Sampaio enquanto Presidente da Rep\u00fablica e tamb\u00e9m a sua defesa dos Diretos Humanos, considerando que a a\u00e7\u00e3o do ex-chefe de Estado permanecer\u00e1.&#8221;\u00c9 com pesar que recebemos a not\u00edcia do falecimento de Jorge Sampaio. Vai ser relembrado pelo seu papel precursor na converg\u00eancia \u00e0 esquerda em Portugal como Presidente da Rep\u00fablica, mas tamb\u00e9m na sua a\u00e7\u00e3o em defesa dos Direitos Humanos&#8221;, l\u00ea-se numa mensagem deixada pelo partido na rede social &#8216;Twitter&#8217;. &#8220;A sua a\u00e7\u00e3o pol\u00edtica permanecer\u00e1&#8221;, acrescentam.<br \/>\nO antigo Presidente da Rep\u00fablica Jorge Sampaio morreu hoje aos 81 anos, disse \u00e0 ag\u00eancia Lusa fonte da fam\u00edlia.<\/p>\n<p>O ex-chefe de Estado estava internado desde dia 27 de agosto no Hospital de Santa Cruz, em Lisboa, com dificuldades respirat\u00f3rias.Sampaio estava no Algarve, mas ap\u00f3s sentir dificuldades respirat\u00f3rias, e &#8220;dado o seu historial de doente card\u00edaco&#8221;, foi transferido para Lisboa, disse na altura com fonte do seu gabinete.Jorge Sampaio, 81 anos, foi Presidente da Rep\u00fablica durante dois mandatos, entre 1996 e 2006.<\/p>\n<p>Em 1989 foi eleito l\u00edder do Partido Socialista e na mesma altura foi eleito presidente da C\u00e2mara de Lisboa, tendo sido reeleito em 1993.Ap\u00f3s a passagem pela Presid\u00eancia da Rep\u00fablica, foi nomeado em 2006 pelo secret\u00e1rio-geral da Organiza\u00e7\u00e3o das Na\u00e7\u00f5es Unidas enviado especial para a Luta contra a Tuberculose e entre 2007 e 2013 foi alto representante da ONU para a Alian\u00e7a das Civiliza\u00e7\u00f5es.Atualmente presidia \u00e0 Plataforma Global para os Estudantes S\u00edrios, fundada por si em 2013 com o objetivo de contribuir para dar resposta \u00e0 emerg\u00eancia acad\u00e9mica que o conflito na S\u00edria criara, deixando milhares de jovens para tr\u00e1s sem acesso \u00e0 educa\u00e7\u00e3o.<\/p>\n<p>Jorge Fernando Branco de Sampaio desempenhou, ao logo da sua vida, os mais altos cargos pol\u00edticos no pa\u00eds.Iniciou o seu percurso, ainda estudante, como um dos protagonistas, na Universidade de Lisboa, da crise acad\u00e9mica do princ\u00edpio dos anos 60, que gerou um longo e generalizado movimento de contesta\u00e7\u00e3o estudantil ao Estado Novo, at\u00e9 ao 25 de Abril de 1974.Homem de esquerda e advogado de forma\u00e7\u00e3o, defendeu casos c\u00e9lebres, como a defesa dos r\u00e9us do assalto ao Quartel de Beja, o caso da `Capela do Rato&#8217;, em que foram presas dezenas de pessoas que protestaram contra a guerra colonial<\/p>\n<p>Depois do 25 de Abril de 1974, militou em forma\u00e7\u00f5es de esquerda, como o MES, onde se cruzou com Ferro Rodrigues, ex-l\u00edder do PS atual presidente do parlamento, e s\u00f3 aderiu ao partido fundado por M\u00e1rio Soares em 1978. Mais tarde, foi secret\u00e1rio-geral do PS (1989-1992), presidente da C\u00e2mara Municipal de Lisboa (1990-1995) e Presidente da Rep\u00fablica (1996 e 2006).&#13;<br \/>\n&#13;<\/p>\n<p>\n<!--noindex--><br \/>\n<a href=\"https:\/\/www.jornaldenegocios.pt\/economia\/detalhe\/sampaio-livre-realca-papel-precursor-na-convergencia-a-esquerda\" rel=\"nofollow\">Source link <\/a><br \/>\n<!--\/noindex--><\/p>\n","protected":false},"excerpt":{"rendered":"<p>O Livre real\u00e7ou hoje o &#8220;papel precursor na converg\u00eancia \u00e0 esquerda em Portugal&#8221; de Jorge Sampaio enquanto Presidente da Rep\u00fablica e tamb\u00e9m a sua defesa dos Diretos Humanos, considerando que a a\u00e7\u00e3o do ex-chefe de Estado permanecer\u00e1.&#8221;\u00c9 com pesar que recebemos a not\u00edcia do falecimento de Jorge Sampaio. Vai ser relembrado pelo seu papel precursor [&hellip;]<\/p>\n","protected":false},"author":2,"featured_media":8042,"comment_status":"open","ping_status":"open","sticky":false,"template":"","format":"standard","meta":{"footnotes":""},"categories":[1],"tags":[],"class_list":["post-8041","post","type-post","status-publish","format-standard","has-post-thumbnail","hentry","category-noticias-de-negocios"],"yoast_head":"<!-- This site is optimized with the Yoast SEO plugin v27.4 - https:\/\/yoast.com\/product\/yoast-seo-wordpress\/ -->\n<title>Sampaio: Livre real\u00e7a papel precursor na converg\u00eancia \u00e0 esquerda - Selected News<\/title>\n<meta name=\"robots\" content=\"index, follow, max-snippet:-1, max-image-preview:large, max-video-preview:-1\" \/>\n<link rel=\"canonical\" href=\"https:\/\/selectednews.info\/pt\/sampaio-livre-realca-papel-precursor-na-convergencia-a-esquerda\/\" \/>\n<meta property=\"og:locale\" content=\"pt_PT\" \/>\n<meta property=\"og:type\" content=\"article\" \/>\n<meta property=\"og:title\" content=\"Sampaio: Livre real\u00e7a papel precursor na converg\u00eancia \u00e0 esquerda - Selected News\" \/>\n<meta property=\"og:description\" content=\"O Livre real\u00e7ou hoje o &#8220;papel precursor na converg\u00eancia \u00e0 esquerda em Portugal&#8221; de Jorge Sampaio enquanto Presidente da Rep\u00fablica e tamb\u00e9m a sua defesa dos Diretos Humanos, considerando que a a\u00e7\u00e3o do ex-chefe de Estado permanecer\u00e1.&#8221;\u00c9 com pesar que recebemos a not\u00edcia do falecimento de Jorge Sampaio. Vai ser relembrado pelo seu papel precursor [&hellip;]\" \/>\n<meta property=\"og:url\" content=\"https:\/\/selectednews.info\/pt\/sampaio-livre-realca-papel-precursor-na-convergencia-a-esquerda\/\" \/>\n<meta property=\"og:site_name\" content=\"Selected News\" \/>\n<meta property=\"article:published_time\" content=\"2021-09-10T09:42:48+00:00\" \/>\n<meta property=\"article:modified_time\" content=\"2021-09-10T09:42:57+00:00\" \/>\n<meta property=\"og:image\" content=\"https:\/\/selectednews.info\/pt\/wp-content\/uploads\/sites\/2\/2021\/09\/Sampaio-Livre-realca-papel-precursor-na-convergencia-a-esquerda.jpg\" \/>\n\t<meta property=\"og:image:width\" content=\"100\" \/>\n\t<meta property=\"og:image:height\" content=\"100\" \/>\n\t<meta property=\"og:image:type\" content=\"image\/jpeg\" \/>\n<meta name=\"author\" content=\"selectednews\" \/>\n<meta name=\"twitter:card\" content=\"summary_large_image\" \/>\n<meta name=\"twitter:label1\" content=\"Escrito por\" \/>\n\t<meta name=\"twitter:data1\" content=\"selectednews\" \/>\n\t<meta name=\"twitter:label2\" content=\"Tempo estimado de leitura\" \/>\n\t<meta name=\"twitter:data2\" content=\"2 minutos\" \/>\n<script type=\"application\/ld+json\" class=\"yoast-schema-graph\">{\"@context\":\"https:\\\/\\\/schema.org\",\"@graph\":[{\"@type\":\"Article\",\"@id\":\"https:\\\/\\\/selectednews.info\\\/pt\\\/sampaio-livre-realca-papel-precursor-na-convergencia-a-esquerda\\\/#article\",\"isPartOf\":{\"@id\":\"https:\\\/\\\/selectednews.info\\\/pt\\\/sampaio-livre-realca-papel-precursor-na-convergencia-a-esquerda\\\/\"},\"author\":{\"name\":\"selectednews\",\"@id\":\"https:\\\/\\\/selectednews.info\\\/pt\\\/#\\\/schema\\\/person\\\/c8a0f1bfe64548cfb06c0529b0970068\"},\"headline\":\"Sampaio: Livre real\u00e7a papel precursor na converg\u00eancia \u00e0 esquerda\",\"datePublished\":\"2021-09-10T09:42:48+00:00\",\"dateModified\":\"2021-09-10T09:42:57+00:00\",\"mainEntityOfPage\":{\"@id\":\"https:\\\/\\\/selectednews.info\\\/pt\\\/sampaio-livre-realca-papel-precursor-na-convergencia-a-esquerda\\\/\"},\"wordCount\":479,\"commentCount\":0,\"image\":{\"@id\":\"https:\\\/\\\/selectednews.info\\\/pt\\\/sampaio-livre-realca-papel-precursor-na-convergencia-a-esquerda\\\/#primaryimage\"},\"thumbnailUrl\":\"https:\\\/\\\/selectednews.info\\\/pt\\\/wp-content\\\/uploads\\\/sites\\\/2\\\/2021\\\/09\\\/Sampaio-Livre-realca-papel-precursor-na-convergencia-a-esquerda.jpg\",\"articleSection\":[\"NOT\u00cdCIAS DE NEG\u00d3CIOS\"],\"inLanguage\":\"pt-PT\",\"potentialAction\":[{\"@type\":\"CommentAction\",\"name\":\"Comment\",\"target\":[\"https:\\\/\\\/selectednews.info\\\/pt\\\/sampaio-livre-realca-papel-precursor-na-convergencia-a-esquerda\\\/#respond\"]}]},{\"@type\":\"WebPage\",\"@id\":\"https:\\\/\\\/selectednews.info\\\/pt\\\/sampaio-livre-realca-papel-precursor-na-convergencia-a-esquerda\\\/\",\"url\":\"https:\\\/\\\/selectednews.info\\\/pt\\\/sampaio-livre-realca-papel-precursor-na-convergencia-a-esquerda\\\/\",\"name\":\"Sampaio: Livre real\u00e7a papel precursor na converg\u00eancia \u00e0 esquerda - Selected News\",\"isPartOf\":{\"@id\":\"https:\\\/\\\/selectednews.info\\\/pt\\\/#website\"},\"primaryImageOfPage\":{\"@id\":\"https:\\\/\\\/selectednews.info\\\/pt\\\/sampaio-livre-realca-papel-precursor-na-convergencia-a-esquerda\\\/#primaryimage\"},\"image\":{\"@id\":\"https:\\\/\\\/selectednews.info\\\/pt\\\/sampaio-livre-realca-papel-precursor-na-convergencia-a-esquerda\\\/#primaryimage\"},\"thumbnailUrl\":\"https:\\\/\\\/selectednews.info\\\/pt\\\/wp-content\\\/uploads\\\/sites\\\/2\\\/2021\\\/09\\\/Sampaio-Livre-realca-papel-precursor-na-convergencia-a-esquerda.jpg\",\"datePublished\":\"2021-09-10T09:42:48+00:00\",\"dateModified\":\"2021-09-10T09:42:57+00:00\",\"author\":{\"@id\":\"https:\\\/\\\/selectednews.info\\\/pt\\\/#\\\/schema\\\/person\\\/c8a0f1bfe64548cfb06c0529b0970068\"},\"breadcrumb\":{\"@id\":\"https:\\\/\\\/selectednews.info\\\/pt\\\/sampaio-livre-realca-papel-precursor-na-convergencia-a-esquerda\\\/#breadcrumb\"},\"inLanguage\":\"pt-PT\",\"potentialAction\":[{\"@type\":\"ReadAction\",\"target\":[\"https:\\\/\\\/selectednews.info\\\/pt\\\/sampaio-livre-realca-papel-precursor-na-convergencia-a-esquerda\\\/\"]}]},{\"@type\":\"ImageObject\",\"inLanguage\":\"pt-PT\",\"@id\":\"https:\\\/\\\/selectednews.info\\\/pt\\\/sampaio-livre-realca-papel-precursor-na-convergencia-a-esquerda\\\/#primaryimage\",\"url\":\"https:\\\/\\\/selectednews.info\\\/pt\\\/wp-content\\\/uploads\\\/sites\\\/2\\\/2021\\\/09\\\/Sampaio-Livre-realca-papel-precursor-na-convergencia-a-esquerda.jpg\",\"contentUrl\":\"https:\\\/\\\/selectednews.info\\\/pt\\\/wp-content\\\/uploads\\\/sites\\\/2\\\/2021\\\/09\\\/Sampaio-Livre-realca-papel-precursor-na-convergencia-a-esquerda.jpg\",\"width\":100,\"height\":100,\"caption\":\"Sampaio: Livre real\u00e7a papel precursor na converg\u00eancia \u00e0 esquerda\"},{\"@type\":\"BreadcrumbList\",\"@id\":\"https:\\\/\\\/selectednews.info\\\/pt\\\/sampaio-livre-realca-papel-precursor-na-convergencia-a-esquerda\\\/#breadcrumb\",\"itemListElement\":[{\"@type\":\"ListItem\",\"position\":1,\"name\":\"\u0413\u043b\u0430\u0432\u043d\u0430\u044f \u0441\u0442\u0440\u0430\u043d\u0438\u0446\u0430\",\"item\":\"https:\\\/\\\/selectednews.info\\\/pt\\\/\"},{\"@type\":\"ListItem\",\"position\":2,\"name\":\"Sampaio: Livre real\u00e7a papel precursor na converg\u00eancia \u00e0 esquerda\"}]},{\"@type\":\"WebSite\",\"@id\":\"https:\\\/\\\/selectednews.info\\\/pt\\\/#website\",\"url\":\"https:\\\/\\\/selectednews.info\\\/pt\\\/\",\"name\":\"Selected News\",\"description\":\"Selected News Portugal\",\"potentialAction\":[{\"@type\":\"SearchAction\",\"target\":{\"@type\":\"EntryPoint\",\"urlTemplate\":\"https:\\\/\\\/selectednews.info\\\/pt\\\/?s={search_term_string}\"},\"query-input\":{\"@type\":\"PropertyValueSpecification\",\"valueRequired\":true,\"valueName\":\"search_term_string\"}}],\"inLanguage\":\"pt-PT\"},{\"@type\":\"Person\",\"@id\":\"https:\\\/\\\/selectednews.info\\\/pt\\\/#\\\/schema\\\/person\\\/c8a0f1bfe64548cfb06c0529b0970068\",\"name\":\"selectednews\",\"image\":{\"@type\":\"ImageObject\",\"inLanguage\":\"pt-PT\",\"@id\":\"https:\\\/\\\/secure.gravatar.com\\\/avatar\\\/c88515018a25fd646d9f77ea80cc88996711575667608a2cd1b47f3d1145508a?s=96&d=mm&r=g\",\"url\":\"https:\\\/\\\/secure.gravatar.com\\\/avatar\\\/c88515018a25fd646d9f77ea80cc88996711575667608a2cd1b47f3d1145508a?s=96&d=mm&r=g\",\"contentUrl\":\"https:\\\/\\\/secure.gravatar.com\\\/avatar\\\/c88515018a25fd646d9f77ea80cc88996711575667608a2cd1b47f3d1145508a?s=96&d=mm&r=g\",\"caption\":\"selectednews\"},\"url\":\"https:\\\/\\\/selectednews.info\\\/pt\\\/author\\\/pt\\\/\"}]}<\/script>\n<!-- \/ Yoast SEO plugin. -->","yoast_head_json":{"title":"Sampaio: Livre real\u00e7a papel precursor na converg\u00eancia \u00e0 esquerda - Selected News","robots":{"index":"index","follow":"follow","max-snippet":"max-snippet:-1","max-image-preview":"max-image-preview:large","max-video-preview":"max-video-preview:-1"},"canonical":"https:\/\/selectednews.info\/pt\/sampaio-livre-realca-papel-precursor-na-convergencia-a-esquerda\/","og_locale":"pt_PT","og_type":"article","og_title":"Sampaio: Livre real\u00e7a papel precursor na converg\u00eancia \u00e0 esquerda - Selected News","og_description":"O Livre real\u00e7ou hoje o &#8220;papel precursor na converg\u00eancia \u00e0 esquerda em Portugal&#8221; de Jorge Sampaio enquanto Presidente da Rep\u00fablica e tamb\u00e9m a sua defesa dos Diretos Humanos, considerando que a a\u00e7\u00e3o do ex-chefe de Estado permanecer\u00e1.&#8221;\u00c9 com pesar que recebemos a not\u00edcia do falecimento de Jorge Sampaio. Vai ser relembrado pelo seu papel precursor [&hellip;]","og_url":"https:\/\/selectednews.info\/pt\/sampaio-livre-realca-papel-precursor-na-convergencia-a-esquerda\/","og_site_name":"Selected News","article_published_time":"2021-09-10T09:42:48+00:00","article_modified_time":"2021-09-10T09:42:57+00:00","og_image":[{"width":100,"height":100,"url":"https:\/\/selectednews.info\/pt\/wp-content\/uploads\/sites\/2\/2021\/09\/Sampaio-Livre-realca-papel-precursor-na-convergencia-a-esquerda.jpg","type":"image\/jpeg"}],"author":"selectednews","twitter_card":"summary_large_image","twitter_misc":{"Escrito por":"selectednews","Tempo estimado de leitura":"2 minutos"},"schema":{"@context":"https:\/\/schema.org","@graph":[{"@type":"Article","@id":"https:\/\/selectednews.info\/pt\/sampaio-livre-realca-papel-precursor-na-convergencia-a-esquerda\/#article","isPartOf":{"@id":"https:\/\/selectednews.info\/pt\/sampaio-livre-realca-papel-precursor-na-convergencia-a-esquerda\/"},"author":{"name":"selectednews","@id":"https:\/\/selectednews.info\/pt\/#\/schema\/person\/c8a0f1bfe64548cfb06c0529b0970068"},"headline":"Sampaio: Livre real\u00e7a papel precursor na converg\u00eancia \u00e0 esquerda","datePublished":"2021-09-10T09:42:48+00:00","dateModified":"2021-09-10T09:42:57+00:00","mainEntityOfPage":{"@id":"https:\/\/selectednews.info\/pt\/sampaio-livre-realca-papel-precursor-na-convergencia-a-esquerda\/"},"wordCount":479,"commentCount":0,"image":{"@id":"https:\/\/selectednews.info\/pt\/sampaio-livre-realca-papel-precursor-na-convergencia-a-esquerda\/#primaryimage"},"thumbnailUrl":"https:\/\/selectednews.info\/pt\/wp-content\/uploads\/sites\/2\/2021\/09\/Sampaio-Livre-realca-papel-precursor-na-convergencia-a-esquerda.jpg","articleSection":["NOT\u00cdCIAS DE NEG\u00d3CIOS"],"inLanguage":"pt-PT","potentialAction":[{"@type":"CommentAction","name":"Comment","target":["https:\/\/selectednews.info\/pt\/sampaio-livre-realca-papel-precursor-na-convergencia-a-esquerda\/#respond"]}]},{"@type":"WebPage","@id":"https:\/\/selectednews.info\/pt\/sampaio-livre-realca-papel-precursor-na-convergencia-a-esquerda\/","url":"https:\/\/selectednews.info\/pt\/sampaio-livre-realca-papel-precursor-na-convergencia-a-esquerda\/","name":"Sampaio: Livre real\u00e7a papel precursor na converg\u00eancia \u00e0 esquerda - Selected News","isPartOf":{"@id":"https:\/\/selectednews.info\/pt\/#website"},"primaryImageOfPage":{"@id":"https:\/\/selectednews.info\/pt\/sampaio-livre-realca-papel-precursor-na-convergencia-a-esquerda\/#primaryimage"},"image":{"@id":"https:\/\/selectednews.info\/pt\/sampaio-livre-realca-papel-precursor-na-convergencia-a-esquerda\/#primaryimage"},"thumbnailUrl":"https:\/\/selectednews.info\/pt\/wp-content\/uploads\/sites\/2\/2021\/09\/Sampaio-Livre-realca-papel-precursor-na-convergencia-a-esquerda.jpg","datePublished":"2021-09-10T09:42:48+00:00","dateModified":"2021-09-10T09:42:57+00:00","author":{"@id":"https:\/\/selectednews.info\/pt\/#\/schema\/person\/c8a0f1bfe64548cfb06c0529b0970068"},"breadcrumb":{"@id":"https:\/\/selectednews.info\/pt\/sampaio-livre-realca-papel-precursor-na-convergencia-a-esquerda\/#breadcrumb"},"inLanguage":"pt-PT","potentialAction":[{"@type":"ReadAction","target":["https:\/\/selectednews.info\/pt\/sampaio-livre-realca-papel-precursor-na-convergencia-a-esquerda\/"]}]},{"@type":"ImageObject","inLanguage":"pt-PT","@id":"https:\/\/selectednews.info\/pt\/sampaio-livre-realca-papel-precursor-na-convergencia-a-esquerda\/#primaryimage","url":"https:\/\/selectednews.info\/pt\/wp-content\/uploads\/sites\/2\/2021\/09\/Sampaio-Livre-realca-papel-precursor-na-convergencia-a-esquerda.jpg","contentUrl":"https:\/\/selectednews.info\/pt\/wp-content\/uploads\/sites\/2\/2021\/09\/Sampaio-Livre-realca-papel-precursor-na-convergencia-a-esquerda.jpg","width":100,"height":100,"caption":"Sampaio: Livre real\u00e7a papel precursor na converg\u00eancia \u00e0 esquerda"},{"@type":"BreadcrumbList","@id":"https:\/\/selectednews.info\/pt\/sampaio-livre-realca-papel-precursor-na-convergencia-a-esquerda\/#breadcrumb","itemListElement":[{"@type":"ListItem","position":1,"name":"\u0413\u043b\u0430\u0432\u043d\u0430\u044f \u0441\u0442\u0440\u0430\u043d\u0438\u0446\u0430","item":"https:\/\/selectednews.info\/pt\/"},{"@type":"ListItem","position":2,"name":"Sampaio: Livre real\u00e7a papel precursor na converg\u00eancia \u00e0 esquerda"}]},{"@type":"WebSite","@id":"https:\/\/selectednews.info\/pt\/#website","url":"https:\/\/selectednews.info\/pt\/","name":"Selected News","description":"Selected News Portugal","potentialAction":[{"@type":"SearchAction","target":{"@type":"EntryPoint","urlTemplate":"https:\/\/selectednews.info\/pt\/?s={search_term_string}"},"query-input":{"@type":"PropertyValueSpecification","valueRequired":true,"valueName":"search_term_string"}}],"inLanguage":"pt-PT"},{"@type":"Person","@id":"https:\/\/selectednews.info\/pt\/#\/schema\/person\/c8a0f1bfe64548cfb06c0529b0970068","name":"selectednews","image":{"@type":"ImageObject","inLanguage":"pt-PT","@id":"https:\/\/secure.gravatar.com\/avatar\/c88515018a25fd646d9f77ea80cc88996711575667608a2cd1b47f3d1145508a?s=96&d=mm&r=g","url":"https:\/\/secure.gravatar.com\/avatar\/c88515018a25fd646d9f77ea80cc88996711575667608a2cd1b47f3d1145508a?s=96&d=mm&r=g","contentUrl":"https:\/\/secure.gravatar.com\/avatar\/c88515018a25fd646d9f77ea80cc88996711575667608a2cd1b47f3d1145508a?s=96&d=mm&r=g","caption":"selectednews"},"url":"https:\/\/selectednews.info\/pt\/author\/pt\/"}]}},"_links":{"self":[{"href":"https:\/\/selectednews.info\/pt\/wp-json\/wp\/v2\/posts\/8041","targetHints":{"allow":["GET"]}}],"collection":[{"href":"https:\/\/selectednews.info\/pt\/wp-json\/wp\/v2\/posts"}],"about":[{"href":"https:\/\/selectednews.info\/pt\/wp-json\/wp\/v2\/types\/post"}],"author":[{"embeddable":true,"href":"https:\/\/selectednews.info\/pt\/wp-json\/wp\/v2\/users\/2"}],"replies":[{"embeddable":true,"href":"https:\/\/selectednews.info\/pt\/wp-json\/wp\/v2\/comments?post=8041"}],"version-history":[{"count":1,"href":"https:\/\/selectednews.info\/pt\/wp-json\/wp\/v2\/posts\/8041\/revisions"}],"predecessor-version":[{"id":8043,"href":"https:\/\/selectednews.info\/pt\/wp-json\/wp\/v2\/posts\/8041\/revisions\/8043"}],"wp:featuredmedia":[{"embeddable":true,"href":"https:\/\/selectednews.info\/pt\/wp-json\/wp\/v2\/media\/8042"}],"wp:attachment":[{"href":"https:\/\/selectednews.info\/pt\/wp-json\/wp\/v2\/media?parent=8041"}],"wp:term":[{"taxonomy":"category","embeddable":true,"href":"https:\/\/selectednews.info\/pt\/wp-json\/wp\/v2\/categories?post=8041"},{"taxonomy":"post_tag","embeddable":true,"href":"https:\/\/selectednews.info\/pt\/wp-json\/wp\/v2\/tags?post=8041"}],"curies":[{"name":"wp","href":"https:\/\/api.w.org\/{rel}","templated":true}]}}