{"id":1565,"date":"2019-06-14T14:49:50","date_gmt":"2019-06-14T11:49:50","guid":{"rendered":"https:\/\/selectednews.info\/vi\/ceo-apple-gap-tong-thong-donald-trump\/"},"modified":"2019-06-14T14:49:51","modified_gmt":"2019-06-14T11:49:51","slug":"ceo-apple-gap-tong-thong-donald-trump","status":"publish","type":"post","link":"https:\/\/selectednews.info\/vi\/ceo-apple-gap-tong-thong-donald-trump\/","title":{"rendered":"CEO Apple g\u1eb7p T\u1ed5ng th\u1ed1ng Donald Trump"},"content":{"rendered":"<p> [ad_1]<br \/>\n<\/p>\n<p>\nCu\u1ed9c g\u1eb7p di\u1ec5n ra trong b\u1ed1i c\u1ea3nh M\u1ef9 d\u1ecda \u00e1p thu\u1ebf l\u00ean to\u00e0n b\u1ed9 h\u00e0ng Trung Qu\u1ed1c, c\u00f3 kh\u1ea3 n\u0103ng \u1ea3nh h\u01b0\u1edfng \u0111\u1ebfn Apple.\u00a0\t<\/p>\n<div id=\"\">\n<p class=\"Normal\">\nT\u1ed5ng th\u1ed1ng M\u1ef9 Donald Trump h\u00f4m qua \u0111\u00e3 g\u1eb7p CEO Apple Tim Cook \u0111\u1ec3 b\u00e0n b\u1ea1c c\u00e1c v\u1ea5n \u0111\u1ec1 th\u01b0\u01a1ng m\u1ea1i, \u0111\u1ea7u t\u01b0, nh\u1eadp c\u01b0 v\u00e0 quy\u1ec1n ri\u00eang t\u01b0, ng\u01b0\u1eddi ph\u00e1t ng\u00f4n c\u1ee7a Nh\u00e0 Tr\u1eafng cho bi\u1ebft. Vi\u1ec7c n\u00e0y di\u1ec5n ra trong b\u1ed1i c\u1ea3nh \u00f4ng Trump \u0111e d\u1ecda \u00e1p thu\u1ebf l\u00ean to\u00e0n b\u1ed9 h\u00e0ng nh\u1eadp kh\u1ea9u t\u1eeb Trung Qu\u1ed1c, c\u00f3 th\u1ec3 khi\u1ebfn chi ph\u00ed s\u1ea3n xu\u1ea5t h\u00e0ng \u0111i\u1ec7n t\u1eed ti\u00eau d\u00f9ng, nh\u01b0 \u0111i\u1ec7n tho\u1ea1i hay m\u00e1y t\u00ednh b\u1ea3ng, t\u0103ng v\u1ecdt.<\/p>\n<p class=\"Normal\">\nTheo Bloomberg, Tim Cook c\u00f2n \u0111\u1ebfn Nh\u00e0 Tr\u1eafng \u0111\u1ec3 b\u00e0n b\u1ea1c v\u1edbi Ch\u00ednh ph\u1ee7 M\u1ef9 v\u1ec1 ch\u01b0\u01a1ng tr\u00ecnh \u0111\u00e0o t\u1ea1o vi\u1ec7c l\u00e0m. Cu\u1ed9c g\u1eb7p n\u00e0y n\u1eb1m trong k\u1ebf ho\u1ea1ch c\u1ee7a H\u1ed9i \u0111\u1ed3ng C\u1ed1 v\u1ea5n Ch\u00ednh s\u00e1ch Nh\u00e2n l\u1ef1c M\u1ef9. Nh\u00f3m n\u00e0y g\u1ed3m nhi\u1ec1u l\u00e3nh \u0111\u1ea1o doanh nghi\u1ec7p M\u1ef9 v\u00e0 l\u00e0 s\u00e1ng ki\u1ebfn \u0111\u1ea7u n\u0103m nay c\u1ee7a B\u1ed9 tr\u01b0\u1edfng Th\u01b0\u01a1ng m\u1ea1i M\u1ef9 Wilbur Ross c\u00f9ng con g\u00e1i T\u1ed5ng th\u1ed1ng Donald Trump &#8211; Ivanka Trump.<\/p>\n<table align=\"center\" border=\"0\" cellpadding=\"3\" cellspacing=\"0\" class=\"tplCaption\">\n<tbody>\n<tr>\n<td>\n<\/td>\n<\/tr>\n<tr>\n<td>\n<p class=\"Image\">\nTim Cook v\u00e0 T\u1ed5ng th\u1ed1ng Donald Trump trong m\u1ed9t s\u1ef1 ki\u1ec7n h\u1ed3i th\u00e1ng 3. \u1ea2nh: <em>Bloomberg<\/em><\/p>\n<\/td>\n<\/tr>\n<\/tbody>\n<\/table>\n<p class=\"Normal\">\n&#8220;L\u0129nh v\u1ef1c t\u01b0 nh\u00e2n \u0111ang d\u1ea7n ti\u1ebfn l\u00ean. Ch\u00fang t\u00f4i \u0111\u00e3 \u0111\u1ea1t \u0111\u01b0\u1ee3c m\u1ed9t s\u1ed1 cam k\u1ebft. Tim Cook c\u1ee7a Apple l\u00e0 ng\u01b0\u1eddi c\u00f3 quy\u1ebft t\u00e2m r\u1ea5t l\u1edbn, c\u1ea3 v\u1edbi h\u1ed9i \u0111\u1ed3ng c\u1ed1 v\u1ea5n l\u1eabn cam k\u1ebft c\u1ee7a \u00f4ng v\u1ec1 vi\u1ec7c h\u1ecdc su\u1ed1t \u0111\u1eddi&#8221;, Ivanka Trump cho bi\u1ebft.<\/p>\n<p class=\"Normal\">\nIvanka Trump c\u0169ng cho bi\u1ebft trong cu\u1ed9c g\u1eb7p th\u00e1ng tr\u01b0\u1edbc t\u1ea1i Indiana, CEO Salesforce.com Marc Benioff cam k\u1ebft \u0111\u00e0o t\u1ea1o 1 tri\u1ec7u lao \u0111\u1ed9ng M\u1ef9 trong 5 n\u0103m t\u1edbi. Salesforce ban \u0111\u1ea7u ch\u1ec9 tuy\u00ean b\u1ed1 s\u1ebd \u0111\u00e0o t\u1ea1o 500.000 ng\u01b0\u1eddi s\u1eed d\u1ee5ng n\u1ec1n t\u1ea3ng h\u1ecdc tr\u1ef1c tuy\u1ebfn Trailhead. Nh\u01b0ng sau \u0111\u00f3, \u00f4ng \u0111\u00e3 n\u00e2ng g\u1ea5p \u0111\u00f4i con s\u1ed1 n\u00e0y trong s\u1ef1 ki\u1ec7n t\u1ea1i Indiana.<\/p>\n<p class=\"Normal\">\nC\u00e1c h\u00e3ng c\u00f4ng ngh\u1ec7 l\u1edbn c\u1ee7a M\u1ef9 t\u1eeb l\u00e2u \u0111\u00e3 ph\u00e0n n\u00e0n v\u1ec1 vi\u1ec7c thi\u1ebfu nh\u00e2n l\u1ef1c gi\u1ecfi c\u00f4ng ngh\u1ec7 \u0111\u1ec3 tuy\u1ec3n d\u1ee5ng. Tuy nhi\u00ean, ng\u00e0nh n\u00e0y g\u1ea7n \u0111\u00e2y c\u00f2n g\u1eb7p nhi\u1ec1u v\u1ea5n \u0111\u1ec1 kh\u00e1c, trong \u0111\u00f3 c\u00f3 chi\u1ebfn tranh th\u01b0\u01a1ng m\u1ea1i M\u1ef9 &#8211; Trung Qu\u1ed1c.<\/p>\n<p class=\"Normal\">\n\u00d4ng Trump l\u00e0 m\u1ed9t trong nh\u1eefng ng\u01b0\u1eddi ch\u1ec9 tr\u00edch m\u1ea1nh m\u1ebd nh\u1ea5t c\u00e1c h\u00e3ng c\u00f4ng ngh\u1ec7 l\u1edbn. Ng\u00e0y 10\/6, trong cu\u1ed9c ph\u1ecfng v\u1ea5n v\u1edbi CNBC, \u00f4ng \u0111\u1ec1 c\u1eadp \u0111\u1ebfn v\u1ea5n \u0111\u1ec1 &#8220;\u0111\u1ed9c quy\u1ec1n&#8221; v\u00e0 cho r\u1eb1ng M\u1ef9 n\u00ean l\u00e0m theo c\u00e1c n\u01b0\u1edbc ch\u00e2u \u00c2u &#8211; ki\u1ec7n c\u00e1c \u0111\u1ea1i gia c\u00f4ng ngh\u1ec7 M\u1ef9.<\/p>\n<p class=\"Normal\">\nC\u01a1 quan gi\u00e1m s\u00e1t ch\u1ed1ng \u0111\u1ed9c quy\u1ec1n thu\u1ed9c B\u1ed9 T\u01b0 ph\u00e1p M\u1ef9 v\u00e0 \u1ee6y ban Th\u01b0\u01a1ng m\u1ea1i Li\u00ean bang M\u1ef9 g\u1ea7n \u0111\u00e2y c\u0169ng chia nhau gi\u00e1m s\u00e1t c\u00e1c \u0111\u1ea1i gia c\u00f4ng ngh\u1ec7 nh\u01b0 Google, Apple, Amazon v\u00e0 Facebook \u0111\u1ec3 tr\u00e1nh c\u00e1c h\u00e0nh vi ph\u1ea3n c\u1ea1nh tranh. Apple hi\u1ec7n do B\u1ed9 T\u01b0 ph\u00e1p M\u1ef9 gi\u00e1m s\u00e1t.<\/p>\n<p class=\"Normal\" style=\"text-align:right;\">\n<strong>H\u00e0 Thu<\/strong> <em>(theo Reuters\/Bloomberg)<\/em><\/p>\n<\/p><\/div>\n<p>[ad_2]<br \/>\n<br \/><a href=\"https:\/\/vnexpress.net\/kinh-doanh\/ceo-apple-gap-tong-thong-donald-trump-3938700.html\">Source link <\/a><\/p>\n","protected":false},"excerpt":{"rendered":"<p>[ad_1] Cu\u1ed9c g\u1eb7p di\u1ec5n ra trong b\u1ed1i c\u1ea3nh M\u1ef9 d\u1ecda \u00e1p thu\u1ebf l\u00ean to\u00e0n b\u1ed9 h\u00e0ng Trung Qu\u1ed1c, c\u00f3 kh\u1ea3 n\u0103ng \u1ea3nh h\u01b0\u1edfng \u0111\u1ebfn Apple.\u00a0 T\u1ed5ng th\u1ed1ng M\u1ef9 Donald Trump h\u00f4m qua \u0111\u00e3 g\u1eb7p CEO Apple Tim Cook \u0111\u1ec3 b\u00e0n b\u1ea1c c\u00e1c v\u1ea5n \u0111\u1ec1 th\u01b0\u01a1ng m\u1ea1i, \u0111\u1ea7u t\u01b0, nh\u1eadp c\u01b0 v\u00e0 quy\u1ec1n ri\u00eang t\u01b0, ng\u01b0\u1eddi [&hellip;]<\/p>\n","protected":false},"author":2,"featured_media":1566,"comment_status":"open","ping_status":"open","sticky":false,"template":"","format":"standard","meta":{"footnotes":""},"categories":[1],"tags":[],"class_list":["post-1565","post","type-post","status-publish","format-standard","has-post-thumbnail","hentry","category-ban-tin-kinh-doanh"],"yoast_head":"<!-- This site is optimized with the Yoast SEO plugin v27.4 - https:\/\/yoast.com\/product\/yoast-seo-wordpress\/ -->\n<title>CEO Apple g\u1eb7p T\u1ed5ng th\u1ed1ng Donald Trump - Selected News<\/title>\n<meta name=\"robots\" content=\"index, follow, max-snippet:-1, max-image-preview:large, max-video-preview:-1\" \/>\n<link rel=\"canonical\" href=\"https:\/\/selectednews.info\/vi\/ceo-apple-gap-tong-thong-donald-trump\/\" \/>\n<meta property=\"og:locale\" content=\"vi_VN\" \/>\n<meta property=\"og:type\" content=\"article\" \/>\n<meta property=\"og:title\" content=\"CEO Apple g\u1eb7p T\u1ed5ng th\u1ed1ng Donald Trump - Selected News\" \/>\n<meta property=\"og:description\" content=\"[ad_1] Cu\u1ed9c g\u1eb7p di\u1ec5n ra trong b\u1ed1i c\u1ea3nh M\u1ef9 d\u1ecda \u00e1p thu\u1ebf l\u00ean to\u00e0n b\u1ed9 h\u00e0ng Trung Qu\u1ed1c, c\u00f3 kh\u1ea3 n\u0103ng \u1ea3nh h\u01b0\u1edfng \u0111\u1ebfn Apple.\u00a0 T\u1ed5ng th\u1ed1ng M\u1ef9 Donald Trump h\u00f4m qua \u0111\u00e3 g\u1eb7p CEO Apple Tim Cook \u0111\u1ec3 b\u00e0n b\u1ea1c c\u00e1c v\u1ea5n \u0111\u1ec1 th\u01b0\u01a1ng m\u1ea1i, \u0111\u1ea7u t\u01b0, nh\u1eadp c\u01b0 v\u00e0 quy\u1ec1n ri\u00eang t\u01b0, ng\u01b0\u1eddi [&hellip;]\" \/>\n<meta property=\"og:url\" content=\"https:\/\/selectednews.info\/vi\/ceo-apple-gap-tong-thong-donald-trump\/\" \/>\n<meta property=\"og:site_name\" content=\"Selected News\" \/>\n<meta property=\"article:published_time\" content=\"2019-06-14T11:49:50+00:00\" \/>\n<meta property=\"article:modified_time\" content=\"2019-06-14T11:49:51+00:00\" \/>\n<meta property=\"og:image\" content=\"https:\/\/selectednews.info\/vi\/wp-content\/uploads\/sites\/5\/2019\/06\/CEO-Apple-g\u1eb7p-T\u1ed5ng-th\u1ed1ng-Donald-Trump.png\" \/>\n\t<meta property=\"og:image:width\" content=\"500\" \/>\n\t<meta property=\"og:image:height\" content=\"333\" \/>\n\t<meta property=\"og:image:type\" content=\"image\/png\" \/>\n<meta name=\"author\" content=\"selectednews\" \/>\n<meta name=\"twitter:card\" content=\"summary_large_image\" \/>\n<meta name=\"twitter:label1\" content=\"\u0110\u01b0\u1ee3c vi\u1ebft b\u1edfi\" \/>\n\t<meta name=\"twitter:data1\" content=\"selectednews\" \/>\n\t<meta name=\"twitter:label2\" content=\"\u01af\u1edbc t\u00ednh th\u1eddi gian \u0111\u1ecdc\" \/>\n\t<meta name=\"twitter:data2\" content=\"3 ph\u00fat\" \/>\n<script type=\"application\/ld+json\" class=\"yoast-schema-graph\">{\"@context\":\"https:\\\/\\\/schema.org\",\"@graph\":[{\"@type\":\"Article\",\"@id\":\"https:\\\/\\\/selectednews.info\\\/vi\\\/ceo-apple-gap-tong-thong-donald-trump\\\/#article\",\"isPartOf\":{\"@id\":\"https:\\\/\\\/selectednews.info\\\/vi\\\/ceo-apple-gap-tong-thong-donald-trump\\\/\"},\"author\":{\"name\":\"selectednews\",\"@id\":\"https:\\\/\\\/selectednews.info\\\/vi\\\/#\\\/schema\\\/person\\\/c8a0f1bfe64548cfb06c0529b0970068\"},\"headline\":\"CEO Apple g\u1eb7p T\u1ed5ng th\u1ed1ng Donald Trump\",\"datePublished\":\"2019-06-14T11:49:50+00:00\",\"dateModified\":\"2019-06-14T11:49:51+00:00\",\"mainEntityOfPage\":{\"@id\":\"https:\\\/\\\/selectednews.info\\\/vi\\\/ceo-apple-gap-tong-thong-donald-trump\\\/\"},\"wordCount\":695,\"commentCount\":0,\"image\":{\"@id\":\"https:\\\/\\\/selectednews.info\\\/vi\\\/ceo-apple-gap-tong-thong-donald-trump\\\/#primaryimage\"},\"thumbnailUrl\":\"https:\\\/\\\/selectednews.info\\\/vi\\\/wp-content\\\/uploads\\\/sites\\\/5\\\/2019\\\/06\\\/CEO-Apple-g\u1eb7p-T\u1ed5ng-th\u1ed1ng-Donald-Trump.png\",\"articleSection\":[\"B\u1ea2N TIN KINH DOANH\"],\"inLanguage\":\"vi\",\"potentialAction\":[{\"@type\":\"CommentAction\",\"name\":\"Comment\",\"target\":[\"https:\\\/\\\/selectednews.info\\\/vi\\\/ceo-apple-gap-tong-thong-donald-trump\\\/#respond\"]}]},{\"@type\":\"WebPage\",\"@id\":\"https:\\\/\\\/selectednews.info\\\/vi\\\/ceo-apple-gap-tong-thong-donald-trump\\\/\",\"url\":\"https:\\\/\\\/selectednews.info\\\/vi\\\/ceo-apple-gap-tong-thong-donald-trump\\\/\",\"name\":\"CEO Apple g\u1eb7p T\u1ed5ng th\u1ed1ng Donald Trump - Selected News\",\"isPartOf\":{\"@id\":\"https:\\\/\\\/selectednews.info\\\/vi\\\/#website\"},\"primaryImageOfPage\":{\"@id\":\"https:\\\/\\\/selectednews.info\\\/vi\\\/ceo-apple-gap-tong-thong-donald-trump\\\/#primaryimage\"},\"image\":{\"@id\":\"https:\\\/\\\/selectednews.info\\\/vi\\\/ceo-apple-gap-tong-thong-donald-trump\\\/#primaryimage\"},\"thumbnailUrl\":\"https:\\\/\\\/selectednews.info\\\/vi\\\/wp-content\\\/uploads\\\/sites\\\/5\\\/2019\\\/06\\\/CEO-Apple-g\u1eb7p-T\u1ed5ng-th\u1ed1ng-Donald-Trump.png\",\"datePublished\":\"2019-06-14T11:49:50+00:00\",\"dateModified\":\"2019-06-14T11:49:51+00:00\",\"author\":{\"@id\":\"https:\\\/\\\/selectednews.info\\\/vi\\\/#\\\/schema\\\/person\\\/c8a0f1bfe64548cfb06c0529b0970068\"},\"breadcrumb\":{\"@id\":\"https:\\\/\\\/selectednews.info\\\/vi\\\/ceo-apple-gap-tong-thong-donald-trump\\\/#breadcrumb\"},\"inLanguage\":\"vi\",\"potentialAction\":[{\"@type\":\"ReadAction\",\"target\":[\"https:\\\/\\\/selectednews.info\\\/vi\\\/ceo-apple-gap-tong-thong-donald-trump\\\/\"]}]},{\"@type\":\"ImageObject\",\"inLanguage\":\"vi\",\"@id\":\"https:\\\/\\\/selectednews.info\\\/vi\\\/ceo-apple-gap-tong-thong-donald-trump\\\/#primaryimage\",\"url\":\"https:\\\/\\\/selectednews.info\\\/vi\\\/wp-content\\\/uploads\\\/sites\\\/5\\\/2019\\\/06\\\/CEO-Apple-g\u1eb7p-T\u1ed5ng-th\u1ed1ng-Donald-Trump.png\",\"contentUrl\":\"https:\\\/\\\/selectednews.info\\\/vi\\\/wp-content\\\/uploads\\\/sites\\\/5\\\/2019\\\/06\\\/CEO-Apple-g\u1eb7p-T\u1ed5ng-th\u1ed1ng-Donald-Trump.png\",\"width\":500,\"height\":333,\"caption\":\"Tim Cook v\u00e0 T\u1ed5ng th\u1ed1ng Donald Trump trong m\u1ed9t s\u1ef1 ki\u1ec7n h\u1ed3i th\u00e1ng 3. \u1ea2nh: Bloomberg\"},{\"@type\":\"BreadcrumbList\",\"@id\":\"https:\\\/\\\/selectednews.info\\\/vi\\\/ceo-apple-gap-tong-thong-donald-trump\\\/#breadcrumb\",\"itemListElement\":[{\"@type\":\"ListItem\",\"position\":1,\"name\":\"\u0413\u043b\u0430\u0432\u043d\u0430\u044f \u0441\u0442\u0440\u0430\u043d\u0438\u0446\u0430\",\"item\":\"https:\\\/\\\/selectednews.info\\\/vi\\\/\"},{\"@type\":\"ListItem\",\"position\":2,\"name\":\"CEO Apple g\u1eb7p T\u1ed5ng th\u1ed1ng Donald Trump\"}]},{\"@type\":\"WebSite\",\"@id\":\"https:\\\/\\\/selectednews.info\\\/vi\\\/#website\",\"url\":\"https:\\\/\\\/selectednews.info\\\/vi\\\/\",\"name\":\"Selected News\",\"description\":\"Selected News Vi\u1ec7t nam\",\"potentialAction\":[{\"@type\":\"SearchAction\",\"target\":{\"@type\":\"EntryPoint\",\"urlTemplate\":\"https:\\\/\\\/selectednews.info\\\/vi\\\/?s={search_term_string}\"},\"query-input\":{\"@type\":\"PropertyValueSpecification\",\"valueRequired\":true,\"valueName\":\"search_term_string\"}}],\"inLanguage\":\"vi\"},{\"@type\":\"Person\",\"@id\":\"https:\\\/\\\/selectednews.info\\\/vi\\\/#\\\/schema\\\/person\\\/c8a0f1bfe64548cfb06c0529b0970068\",\"name\":\"selectednews\",\"image\":{\"@type\":\"ImageObject\",\"inLanguage\":\"vi\",\"@id\":\"https:\\\/\\\/secure.gravatar.com\\\/avatar\\\/c88515018a25fd646d9f77ea80cc88996711575667608a2cd1b47f3d1145508a?s=96&d=mm&r=g\",\"url\":\"https:\\\/\\\/secure.gravatar.com\\\/avatar\\\/c88515018a25fd646d9f77ea80cc88996711575667608a2cd1b47f3d1145508a?s=96&d=mm&r=g\",\"contentUrl\":\"https:\\\/\\\/secure.gravatar.com\\\/avatar\\\/c88515018a25fd646d9f77ea80cc88996711575667608a2cd1b47f3d1145508a?s=96&d=mm&r=g\",\"caption\":\"selectednews\"},\"url\":\"https:\\\/\\\/selectednews.info\\\/vi\\\/author\\\/pt\\\/\"}]}<\/script>\n<!-- \/ Yoast SEO plugin. -->","yoast_head_json":{"title":"CEO Apple g\u1eb7p T\u1ed5ng th\u1ed1ng Donald Trump - Selected News","robots":{"index":"index","follow":"follow","max-snippet":"max-snippet:-1","max-image-preview":"max-image-preview:large","max-video-preview":"max-video-preview:-1"},"canonical":"https:\/\/selectednews.info\/vi\/ceo-apple-gap-tong-thong-donald-trump\/","og_locale":"vi_VN","og_type":"article","og_title":"CEO Apple g\u1eb7p T\u1ed5ng th\u1ed1ng Donald Trump - Selected News","og_description":"[ad_1] Cu\u1ed9c g\u1eb7p di\u1ec5n ra trong b\u1ed1i c\u1ea3nh M\u1ef9 d\u1ecda \u00e1p thu\u1ebf l\u00ean to\u00e0n b\u1ed9 h\u00e0ng Trung Qu\u1ed1c, c\u00f3 kh\u1ea3 n\u0103ng \u1ea3nh h\u01b0\u1edfng \u0111\u1ebfn Apple.\u00a0 T\u1ed5ng th\u1ed1ng M\u1ef9 Donald Trump h\u00f4m qua \u0111\u00e3 g\u1eb7p CEO Apple Tim Cook \u0111\u1ec3 b\u00e0n b\u1ea1c c\u00e1c v\u1ea5n \u0111\u1ec1 th\u01b0\u01a1ng m\u1ea1i, \u0111\u1ea7u t\u01b0, nh\u1eadp c\u01b0 v\u00e0 quy\u1ec1n ri\u00eang t\u01b0, ng\u01b0\u1eddi [&hellip;]","og_url":"https:\/\/selectednews.info\/vi\/ceo-apple-gap-tong-thong-donald-trump\/","og_site_name":"Selected News","article_published_time":"2019-06-14T11:49:50+00:00","article_modified_time":"2019-06-14T11:49:51+00:00","og_image":[{"width":500,"height":333,"url":"https:\/\/selectednews.info\/vi\/wp-content\/uploads\/sites\/5\/2019\/06\/CEO-Apple-g\u1eb7p-T\u1ed5ng-th\u1ed1ng-Donald-Trump.png","type":"image\/png"}],"author":"selectednews","twitter_card":"summary_large_image","twitter_misc":{"\u0110\u01b0\u1ee3c vi\u1ebft b\u1edfi":"selectednews","\u01af\u1edbc t\u00ednh th\u1eddi gian \u0111\u1ecdc":"3 ph\u00fat"},"schema":{"@context":"https:\/\/schema.org","@graph":[{"@type":"Article","@id":"https:\/\/selectednews.info\/vi\/ceo-apple-gap-tong-thong-donald-trump\/#article","isPartOf":{"@id":"https:\/\/selectednews.info\/vi\/ceo-apple-gap-tong-thong-donald-trump\/"},"author":{"name":"selectednews","@id":"https:\/\/selectednews.info\/vi\/#\/schema\/person\/c8a0f1bfe64548cfb06c0529b0970068"},"headline":"CEO Apple g\u1eb7p T\u1ed5ng th\u1ed1ng Donald Trump","datePublished":"2019-06-14T11:49:50+00:00","dateModified":"2019-06-14T11:49:51+00:00","mainEntityOfPage":{"@id":"https:\/\/selectednews.info\/vi\/ceo-apple-gap-tong-thong-donald-trump\/"},"wordCount":695,"commentCount":0,"image":{"@id":"https:\/\/selectednews.info\/vi\/ceo-apple-gap-tong-thong-donald-trump\/#primaryimage"},"thumbnailUrl":"https:\/\/selectednews.info\/vi\/wp-content\/uploads\/sites\/5\/2019\/06\/CEO-Apple-g\u1eb7p-T\u1ed5ng-th\u1ed1ng-Donald-Trump.png","articleSection":["B\u1ea2N TIN KINH DOANH"],"inLanguage":"vi","potentialAction":[{"@type":"CommentAction","name":"Comment","target":["https:\/\/selectednews.info\/vi\/ceo-apple-gap-tong-thong-donald-trump\/#respond"]}]},{"@type":"WebPage","@id":"https:\/\/selectednews.info\/vi\/ceo-apple-gap-tong-thong-donald-trump\/","url":"https:\/\/selectednews.info\/vi\/ceo-apple-gap-tong-thong-donald-trump\/","name":"CEO Apple g\u1eb7p T\u1ed5ng th\u1ed1ng Donald Trump - Selected News","isPartOf":{"@id":"https:\/\/selectednews.info\/vi\/#website"},"primaryImageOfPage":{"@id":"https:\/\/selectednews.info\/vi\/ceo-apple-gap-tong-thong-donald-trump\/#primaryimage"},"image":{"@id":"https:\/\/selectednews.info\/vi\/ceo-apple-gap-tong-thong-donald-trump\/#primaryimage"},"thumbnailUrl":"https:\/\/selectednews.info\/vi\/wp-content\/uploads\/sites\/5\/2019\/06\/CEO-Apple-g\u1eb7p-T\u1ed5ng-th\u1ed1ng-Donald-Trump.png","datePublished":"2019-06-14T11:49:50+00:00","dateModified":"2019-06-14T11:49:51+00:00","author":{"@id":"https:\/\/selectednews.info\/vi\/#\/schema\/person\/c8a0f1bfe64548cfb06c0529b0970068"},"breadcrumb":{"@id":"https:\/\/selectednews.info\/vi\/ceo-apple-gap-tong-thong-donald-trump\/#breadcrumb"},"inLanguage":"vi","potentialAction":[{"@type":"ReadAction","target":["https:\/\/selectednews.info\/vi\/ceo-apple-gap-tong-thong-donald-trump\/"]}]},{"@type":"ImageObject","inLanguage":"vi","@id":"https:\/\/selectednews.info\/vi\/ceo-apple-gap-tong-thong-donald-trump\/#primaryimage","url":"https:\/\/selectednews.info\/vi\/wp-content\/uploads\/sites\/5\/2019\/06\/CEO-Apple-g\u1eb7p-T\u1ed5ng-th\u1ed1ng-Donald-Trump.png","contentUrl":"https:\/\/selectednews.info\/vi\/wp-content\/uploads\/sites\/5\/2019\/06\/CEO-Apple-g\u1eb7p-T\u1ed5ng-th\u1ed1ng-Donald-Trump.png","width":500,"height":333,"caption":"Tim Cook v\u00e0 T\u1ed5ng th\u1ed1ng Donald Trump trong m\u1ed9t s\u1ef1 ki\u1ec7n h\u1ed3i th\u00e1ng 3. \u1ea2nh: Bloomberg"},{"@type":"BreadcrumbList","@id":"https:\/\/selectednews.info\/vi\/ceo-apple-gap-tong-thong-donald-trump\/#breadcrumb","itemListElement":[{"@type":"ListItem","position":1,"name":"\u0413\u043b\u0430\u0432\u043d\u0430\u044f \u0441\u0442\u0440\u0430\u043d\u0438\u0446\u0430","item":"https:\/\/selectednews.info\/vi\/"},{"@type":"ListItem","position":2,"name":"CEO Apple g\u1eb7p T\u1ed5ng th\u1ed1ng Donald Trump"}]},{"@type":"WebSite","@id":"https:\/\/selectednews.info\/vi\/#website","url":"https:\/\/selectednews.info\/vi\/","name":"Selected News","description":"Selected News Vi\u1ec7t nam","potentialAction":[{"@type":"SearchAction","target":{"@type":"EntryPoint","urlTemplate":"https:\/\/selectednews.info\/vi\/?s={search_term_string}"},"query-input":{"@type":"PropertyValueSpecification","valueRequired":true,"valueName":"search_term_string"}}],"inLanguage":"vi"},{"@type":"Person","@id":"https:\/\/selectednews.info\/vi\/#\/schema\/person\/c8a0f1bfe64548cfb06c0529b0970068","name":"selectednews","image":{"@type":"ImageObject","inLanguage":"vi","@id":"https:\/\/secure.gravatar.com\/avatar\/c88515018a25fd646d9f77ea80cc88996711575667608a2cd1b47f3d1145508a?s=96&d=mm&r=g","url":"https:\/\/secure.gravatar.com\/avatar\/c88515018a25fd646d9f77ea80cc88996711575667608a2cd1b47f3d1145508a?s=96&d=mm&r=g","contentUrl":"https:\/\/secure.gravatar.com\/avatar\/c88515018a25fd646d9f77ea80cc88996711575667608a2cd1b47f3d1145508a?s=96&d=mm&r=g","caption":"selectednews"},"url":"https:\/\/selectednews.info\/vi\/author\/pt\/"}]}},"_links":{"self":[{"href":"https:\/\/selectednews.info\/vi\/wp-json\/wp\/v2\/posts\/1565","targetHints":{"allow":["GET"]}}],"collection":[{"href":"https:\/\/selectednews.info\/vi\/wp-json\/wp\/v2\/posts"}],"about":[{"href":"https:\/\/selectednews.info\/vi\/wp-json\/wp\/v2\/types\/post"}],"author":[{"embeddable":true,"href":"https:\/\/selectednews.info\/vi\/wp-json\/wp\/v2\/users\/2"}],"replies":[{"embeddable":true,"href":"https:\/\/selectednews.info\/vi\/wp-json\/wp\/v2\/comments?post=1565"}],"version-history":[{"count":1,"href":"https:\/\/selectednews.info\/vi\/wp-json\/wp\/v2\/posts\/1565\/revisions"}],"predecessor-version":[{"id":1567,"href":"https:\/\/selectednews.info\/vi\/wp-json\/wp\/v2\/posts\/1565\/revisions\/1567"}],"wp:featuredmedia":[{"embeddable":true,"href":"https:\/\/selectednews.info\/vi\/wp-json\/wp\/v2\/media\/1566"}],"wp:attachment":[{"href":"https:\/\/selectednews.info\/vi\/wp-json\/wp\/v2\/media?parent=1565"}],"wp:term":[{"taxonomy":"category","embeddable":true,"href":"https:\/\/selectednews.info\/vi\/wp-json\/wp\/v2\/categories?post=1565"},{"taxonomy":"post_tag","embeddable":true,"href":"https:\/\/selectednews.info\/vi\/wp-json\/wp\/v2\/tags?post=1565"}],"curies":[{"name":"wp","href":"https:\/\/api.w.org\/{rel}","templated":true}]}}