{"id":4239,"date":"2019-08-11T01:21:01","date_gmt":"2019-08-10T22:21:01","guid":{"rendered":"https:\/\/selectednews.info\/vi\/vedan-gioi-thieu-san-pham-tieu-bieu-tai-trien-lam-taiwan-expo-2019\/"},"modified":"2019-08-11T01:21:02","modified_gmt":"2019-08-10T22:21:02","slug":"vedan-gioi-thieu-san-pham-tieu-bieu-tai-trien-lam-taiwan-expo-2019","status":"publish","type":"post","link":"https:\/\/selectednews.info\/vi\/vedan-gioi-thieu-san-pham-tieu-bieu-tai-trien-lam-taiwan-expo-2019\/","title":{"rendered":"Vedan gi\u1edbi thi\u1ec7u s\u1ea3n ph\u1ea9m ti\u00eau bi\u1ec3u t\u1ea1i tri\u1ec3n l\u00e3m Taiwan Expo 2019"},"content":{"rendered":"<p> [ad_1]<br \/>\n<\/p>\n<p>\nV\u1edbi nhi\u1ec1u s\u1ea3n ph\u1ea9m \u0111a d\u1ea1ng, Vedan mong mu\u1ed1n mang \u0111\u1ebfn s\u1ef1 ti\u1ec7n d\u1ee5ng, nhanh ch\u00f3ng v\u00e0 b\u1eefa c\u01a1m ngon mi\u1ec7ng cho h\u00e0ng tri\u1ec7u gia \u0111\u00ecnh Vi\u1ec7t Nam.\t<\/p>\n<div id=\"\">\n<p class=\"Normal\">\n<span style=\"color:rgb(34,34,34);\">L\u00e0 ho\u1ea1t \u0111\u1ed9ng th\u01b0\u1eddng ni\u00ean \u0111\u01b0\u1ee3c t\u1ed5 ch\u1ee9c nh\u1eb1m x\u00e2y d\u1ef1ng m\u1ed1i quan h\u1ec7 h\u1ee3p t\u00e1c gi\u1eefa \u0110\u00e0i Loan v\u00e0 c\u00e1c n\u01b0\u1edbc ASEAN, \u0111\u1ed3ng th\u1eddi \u0111em \u0111\u1ebfn c\u01a1 h\u1ed9i tr\u1ea3i nghi\u1ec7m c\u00e1c s\u1ea3n ph\u1ea9m ti\u00eau bi\u1ec3u cho kh\u00e1ch h\u00e0ng, \u0111\u1ed1i t\u00e1c v\u00e0 ng\u01b0\u1eddi ti\u00eau d\u00f9ng, Taiwan Expo 2019 x\u00e2y d\u1ef1ng nhi\u1ec1u khu v\u1ef1c tri\u1ec3n l\u00e3m v\u1edbi nh\u1eefng ch\u1ee7 \u0111\u1ec1 s\u00e1ng t\u1ea1o. \u0110i\u1ec3m nh\u1ea5n l\u00e0 c\u00e1c s\u1ea3n ph\u1ea9m th\u00e2n thi\u1ec7n v\u1edbi m\u00f4i tr\u01b0\u1eddng, th\u00e0nh ph\u1ed1 th\u00f4ng minh, c\u00f4ng nghi\u1ec7p hoa lan, du l\u1ecbch v\u00e0 tr\u00e0 s\u1eefa \u0110\u00e0i Loan. <\/span><\/p>\n<table align=\"center\" border=\"0\" cellpadding=\"3\" cellspacing=\"0\" class=\"tplCaption\">\n<tbody>\n<tr>\n<td>\n<\/td>\n<\/tr>\n<tr>\n<td>\n<p class=\"Image\">\nNh\u00e2n vi\u00ean gi\u1edbi thi\u1ec7u s\u1ea3n ph\u1ea9m c\u1ee7a Vedan t\u1ea1i tri\u1ec3n l\u00e3m.<\/p>\n<\/td>\n<\/tr>\n<\/tbody>\n<\/table>\n<p class=\"Normal\">\n<span style=\"color:rgb(34,34,34);\">N<\/span><span style=\"color:rgb(34,34,34);\">go\u00e0i ra, tri\u1ec3n l\u00e3m c\u00f2n c\u00f3 c\u00e1c s\u1ea3n ph\u1ea9m ti\u00eau bi\u1ec3u thu\u1ed9c c\u00e1c ng\u00e0nh c\u00f4ng nghi\u1ec7p n\u1ed5i b\u1eadt kh\u00e1c nh\u01b0 th\u1ec3 thao, s\u1ee9c kh\u1ecfe, ch\u0103m s\u00f3c s\u1eafc \u0111\u1eb9p, gia d\u1ee5ng, ICT, thi\u1ebft b\u1ecb \u0111i\u1ec7n, n\u00f4ng nghi\u1ec7p, th\u1ef1c ph\u1ea7m, \u0111\u1ed3 u\u1ed1ng, thi\u1ebft b\u1ecb m\u00f4i tr\u01b0\u1eddng v\u00e0 d\u1ecbch v\u1ee5 gi\u00e1o d\u1ee5c. S\u1ef1 ki\u1ec7n c\u00f3 s\u1ef1 quy t\u1ee5 g\u1ea7n 100 gian h\u00e0ng \u0111\u1ebfn t\u1eeb c\u00e1c doanh nghi\u1ec7p \u0110\u00e0i Loan.<\/span><\/p>\n<p>\nTham gia h\u1ed9i ch\u1ee3 l\u1ea7n n\u00e0y, ngo\u00e0i gi\u1edbi thi\u1ec7u c\u00e1c s\u1ea3n ph\u1ea9m s\u1ea3n xu\u1ea5t t\u1ea1i \u0110\u00e0i Loan nh\u01b0 m\u00ec \u0103n li\u1ec1n, \u0111\u1ed3 u\u1ed1ng, n\u01b0\u1edbc \u0111\u00f3ng chai, th\u1ef1c ph\u1ea9m b\u1ea3o v\u1ec7 s\u1ee9c kh\u1ecfe, C\u00f4ng ty C\u1ed5 ph\u1ea7n h\u1eefu h\u1ea1n Vedan Vi\u1ec7t Nam (Vedan) mong mu\u1ed1n qu\u1ea3ng b\u00e1 v\u0103n h\u00f3a \u1ea9m th\u1ef1c b\u1eb1ng c\u00e1c m\u00f3n \u0103n nh\u01b0 Oden, c\u00e1c m\u00f3n chi\u00ean, m\u00ec b\u00f2, tr\u00e0 s\u1eefa tr\u00e2n ch\u00e2u&#8230;<\/p>\n<table align=\"center\" border=\"0\" cellpadding=\"3\" cellspacing=\"0\" class=\"tplCaption\">\n<tbody>\n<tr>\n<td>\n<img decoding=\"async\" alt=\"C\u00e1c nh\u00e2n vi\u00ean c\u1ee7a Vedan th\u1ef1c hi\u1ec7n c\u00e1c m\u00f3n \u0103n \u0111\u1eb7c tr\u01b0ng c\u1ee7a \u0110\u00e0i Loan.\" data-natural-h=\"375\" data-natural-width=\"500\" src=\"https:\/\/selectednews.info\/vi\/wp-content\/uploads\/sites\/5\/2019\/08\/1565475661_119_Vedan-gioi-thieu-san-pham-tieu-bieu-tai-trien-lam.jpg\"\/><\/td>\n<\/tr>\n<tr>\n<td>\n<p class=\"Image\">\nC\u00e1c nh\u00e2n vi\u00ean c\u1ee7a Vedan th\u1ef1c hi\u1ec7n c\u00e1c m\u00f3n \u0103n \u0111\u1eb7c tr\u01b0ng c\u1ee7a \u0110\u00e0i Loan.<\/p>\n<\/td>\n<\/tr>\n<\/tbody>\n<\/table>\n<p>\nC\u00e1c s\u1ea3n ph\u1ea9m v\u00e0 nguy\u00ean li\u1ec7u c\u1ee7a Vedan \u0111\u01b0\u1ee3c \u1ee9ng d\u1ee5ng trong c\u00e1c lo\u1ea1i th\u1ef1c ph\u1ea9m kh\u00e1c nhau nh\u01b0 m\u00f3n Oden d\u00f9ng h\u1ea1t n\u00eam n\u1ea5m h\u01b0\u01a1ng Vedan, tinh b\u1ed9t bi\u1ebfn t\u00ednh s\u1eed d\u1ee5ng trong s\u1ea3n xu\u1ea5t tr\u00e0 s\u1eefa tr\u00e2n ch\u00e2u, c\u00e1c nguy\u00ean li\u1ec7u \u0111\u1ec3 n\u1ea5u m\u00f3n Oden, m\u00ec s\u1ee3i&#8230; B\u00ean c\u1ea1nh \u0111\u00f3, \u0111\u01b0\u1eddng m\u1ea1ch nha \u0111\u01b0\u1ee3c s\u1eed d\u1ee5ng \u0111\u1ec3 s\u1ea3n xu\u1ea5t b\u00e1nh k\u1eb9o, tr\u00e1i c\u00e2y s\u1ea5y, m\u1ee9t tr\u00e1i c\u00e2y&#8230;, HVP (protein th\u1ee7y ph\u00e2n th\u1ef1c v\u1eadt), HAP (protein th\u1ee7y ph\u00e2n \u0111\u1ed9ng v\u1eadt) s\u1eed d\u1ee5ng trong c\u00e1c l\u0129nh v\u1ef1c s\u1ea3n xu\u1ea5t m\u00ec \u0103n li\u1ec1n, b\u00e1nh, n\u01b0\u1edbc t\u01b0\u01a1ng, n\u01b0\u1edbc s\u1ed1t&#8230;<\/p>\n<table align=\"center\" border=\"0\" cellpadding=\"3\" cellspacing=\"0\" class=\"tplCaption\">\n<tbody>\n<tr>\n<td>\n<img decoding=\"async\" alt=\"Gian h\u00e0ng c\u1ee7a Vedan t\u1ea1i tri\u1ec3n l\u00e3m.\" data-natural-h=\"375\" data-natural-width=\"500\" src=\"https:\/\/selectednews.info\/vi\/wp-content\/uploads\/sites\/5\/2019\/08\/1565475661_622_Vedan-gioi-thieu-san-pham-tieu-bieu-tai-trien-lam.jpg\"\/><\/td>\n<\/tr>\n<tr>\n<td>\n<p class=\"Image\">\nGian h\u00e0ng c\u1ee7a Vedan t\u1ea1i tri\u1ec3n l\u00e3m.<\/p>\n<\/td>\n<\/tr>\n<\/tbody>\n<\/table>\n<p>\nV\u1edbi 28 n\u0103m ph\u00e1t tri\u1ec3n t\u1ea1i Vi\u1ec7t Nam, Vedan lu\u00f4n n\u1ed7 l\u1ef1c nghi\u00ean c\u1ee9u ph\u00e1t tri\u1ec3n nh\u1eefng s\u1ea3n ph\u1ea9m m\u1edbi \u0111a d\u1ea1ng, ti\u1ec7n l\u1ee3i, mang l\u1ea1i nh\u1eefng b\u1eefa c\u01a1m ngon mi\u1ec7ng cho gia \u0111\u00ecnh. Ngo\u00e0i \u0111\u00e1p \u1ee9ng nhu c\u1ea7u c\u1ee7a th\u1ecb tr\u01b0\u1eddng Vi\u1ec7t Nam, doanh nghi\u1ec7p c\u00f2n xu\u1ea5t kh\u1ea9u sang M\u1ef9, Nh\u1eadt B\u1ea3n, ch\u00e2u \u00c2u v\u00e0 c\u00e1c n\u01b0\u1edbc \u0110\u00f4ng Nam \u00c1&#8230;.<\/p>\n<p>\nNh\u1eefng s\u1ea3n ph\u1ea9m gia v\u1ecb ti\u00eau bi\u1ec3u c\u1ee7a Vedan c\u00f3 th\u1ec3 k\u1ec3 \u0111\u1ebfn nh\u01b0 b\u1ed9t ng\u1ecdt, h\u1ea1t n\u00eam, h\u1ed7n h\u1ee3p t\u0103ng v\u1ecb, gia v\u1ecb l\u1ea9u, gia v\u1ecb c\u01a1m chi\u00ean, b\u1ed9t chi\u00ean gi\u00f2n \u0111a d\u1ee5ng, b\u1ed9t chi\u00ean gi\u00f2n t\u1ea9m kh\u00f4, b\u1ed9t chi\u00ean b\u00e1nh&#8230;<\/p>\n<p>\n\u0110\u00e1p \u1ee9ng nhu c\u1ea7u cu\u1ed9c s\u1ed1ng hi\u1ec7n \u0111\u1ea1i, doanh nghi\u1ec7p cho ra \u0111\u1eddi c\u00e1c d\u00f2ng s\u1ea3n ph\u1ea9m ti\u1ec7n d\u1ee5ng, gi\u00fap cho c\u00e1c th\u00e0nh vi\u00ean trong gia \u0111\u00ecnh d\u1ec5 d\u00e0ng chu\u1ea9n b\u1ecb b\u1eefa c\u01a1m ngon l\u00e0nh, \u0111a d\u1ea1ng cho ng\u01b0\u1eddi th\u00e2n v\u00e0 b\u1ea1n b\u00e8 m\u00e0 kh\u00f4ng m\u1ea5t qu\u00e1 nhi\u1ec1u th\u1eddi gian n\u1ea5u n\u01b0\u1edbng. \u0110\u00f3 c\u0169ng ch\u00ednh l\u00e0 gi\u00e1 tr\u1ecb c\u1ed1t l\u00f5i c\u1ee7a th\u01b0\u01a1ng hi\u1ec7u m\u00e0 doanh nghi\u1ec7p lu\u00f4n h\u01b0\u1edbng t\u1edbi: &#8220;Vedan &#8211; t\u1ef1 h\u00e0o t\u1ea1o n\u00ean h\u01b0\u01a1ng v\u1ecb m\u00f3n ngon&#8221;.<\/p>\n<p style=\"text-align:right;\">\n(Ngu\u1ed3n: <em>Vedan<\/em>)<\/p>\n<\/p><\/div>\n<p>[ad_2]<br \/>\n<br \/><a href=\"https:\/\/vnexpress.net\/kinh-doanh\/vedan-gioi-thieu-san-pham-tieu-bieu-tai-trien-lam-taiwan-expo-2019-3960512.html\">Source link <\/a><\/p>\n","protected":false},"excerpt":{"rendered":"<p>[ad_1] V\u1edbi nhi\u1ec1u s\u1ea3n ph\u1ea9m \u0111a d\u1ea1ng, Vedan mong mu\u1ed1n mang \u0111\u1ebfn s\u1ef1 ti\u1ec7n d\u1ee5ng, nhanh ch\u00f3ng v\u00e0 b\u1eefa c\u01a1m ngon mi\u1ec7ng cho h\u00e0ng tri\u1ec7u gia \u0111\u00ecnh Vi\u1ec7t Nam. L\u00e0 ho\u1ea1t \u0111\u1ed9ng th\u01b0\u1eddng ni\u00ean \u0111\u01b0\u1ee3c t\u1ed5 ch\u1ee9c nh\u1eb1m x\u00e2y d\u1ef1ng m\u1ed1i quan h\u1ec7 h\u1ee3p t\u00e1c gi\u1eefa \u0110\u00e0i Loan v\u00e0 c\u00e1c n\u01b0\u1edbc ASEAN, \u0111\u1ed3ng th\u1eddi \u0111em [&hellip;]<\/p>\n","protected":false},"author":2,"featured_media":4240,"comment_status":"open","ping_status":"open","sticky":false,"template":"","format":"standard","meta":{"footnotes":""},"categories":[1],"tags":[],"class_list":["post-4239","post","type-post","status-publish","format-standard","has-post-thumbnail","hentry","category-ban-tin-kinh-doanh"],"yoast_head":"<!-- This site is optimized with the Yoast SEO plugin v28.3 - https:\/\/yoast.com\/product\/yoast-seo-wordpress\/ -->\n<title>Vedan gi\u1edbi thi\u1ec7u s\u1ea3n ph\u1ea9m ti\u00eau bi\u1ec3u t\u1ea1i tri\u1ec3n l\u00e3m Taiwan Expo 2019 - Selected News<\/title>\n<meta name=\"robots\" content=\"index, follow, max-snippet:-1, max-image-preview:large, max-video-preview:-1\" \/>\n<link rel=\"canonical\" href=\"https:\/\/selectednews.info\/vi\/vedan-gioi-thieu-san-pham-tieu-bieu-tai-trien-lam-taiwan-expo-2019\/\" \/>\n<meta property=\"og:locale\" content=\"vi_VN\" \/>\n<meta property=\"og:type\" content=\"article\" \/>\n<meta property=\"og:title\" content=\"Vedan gi\u1edbi thi\u1ec7u s\u1ea3n ph\u1ea9m ti\u00eau bi\u1ec3u t\u1ea1i tri\u1ec3n l\u00e3m Taiwan Expo 2019 - Selected News\" \/>\n<meta property=\"og:description\" content=\"[ad_1] V\u1edbi nhi\u1ec1u s\u1ea3n ph\u1ea9m \u0111a d\u1ea1ng, Vedan mong mu\u1ed1n mang \u0111\u1ebfn s\u1ef1 ti\u1ec7n d\u1ee5ng, nhanh ch\u00f3ng v\u00e0 b\u1eefa c\u01a1m ngon mi\u1ec7ng cho h\u00e0ng tri\u1ec7u gia \u0111\u00ecnh Vi\u1ec7t Nam. L\u00e0 ho\u1ea1t \u0111\u1ed9ng th\u01b0\u1eddng ni\u00ean \u0111\u01b0\u1ee3c t\u1ed5 ch\u1ee9c nh\u1eb1m x\u00e2y d\u1ef1ng m\u1ed1i quan h\u1ec7 h\u1ee3p t\u00e1c gi\u1eefa \u0110\u00e0i Loan v\u00e0 c\u00e1c n\u01b0\u1edbc ASEAN, \u0111\u1ed3ng th\u1eddi \u0111em [&hellip;]\" \/>\n<meta property=\"og:url\" content=\"https:\/\/selectednews.info\/vi\/vedan-gioi-thieu-san-pham-tieu-bieu-tai-trien-lam-taiwan-expo-2019\/\" \/>\n<meta property=\"og:site_name\" content=\"Selected News\" \/>\n<meta property=\"article:published_time\" content=\"2019-08-10T22:21:01+00:00\" \/>\n<meta property=\"article:modified_time\" content=\"2019-08-10T22:21:02+00:00\" \/>\n<meta property=\"og:image\" content=\"https:\/\/selectednews.info\/vi\/wp-content\/uploads\/sites\/5\/2019\/08\/Vedan-gi\u1edbi-thi\u1ec7u-s\u1ea3n-ph\u1ea9m-ti\u00eau-bi\u1ec3u-t\u1ea1i-tri\u1ec3n-l\u00e3m.jpg\" \/>\n\t<meta property=\"og:image:width\" content=\"500\" \/>\n\t<meta property=\"og:image:height\" content=\"375\" \/>\n\t<meta property=\"og:image:type\" content=\"image\/jpeg\" \/>\n<meta name=\"author\" content=\"selectednews\" \/>\n<meta name=\"twitter:card\" content=\"summary_large_image\" \/>\n<meta name=\"twitter:label1\" content=\"\u0110\u01b0\u1ee3c vi\u1ebft b\u1edfi\" \/>\n\t<meta name=\"twitter:data1\" content=\"selectednews\" \/>\n\t<meta name=\"twitter:label2\" content=\"\u01af\u1edbc t\u00ednh th\u1eddi gian \u0111\u1ecdc\" \/>\n\t<meta name=\"twitter:data2\" content=\"5 ph\u00fat\" \/>\n<script type=\"application\/ld+json\" class=\"yoast-schema-graph\">{\"@context\":\"https:\\\/\\\/schema.org\",\"@graph\":[{\"@type\":\"Article\",\"@id\":\"https:\\\/\\\/selectednews.info\\\/vi\\\/vedan-gioi-thieu-san-pham-tieu-bieu-tai-trien-lam-taiwan-expo-2019\\\/#article\",\"isPartOf\":{\"@id\":\"https:\\\/\\\/selectednews.info\\\/vi\\\/vedan-gioi-thieu-san-pham-tieu-bieu-tai-trien-lam-taiwan-expo-2019\\\/\"},\"author\":{\"name\":\"selectednews\",\"@id\":\"https:\\\/\\\/selectednews.info\\\/vi\\\/#\\\/schema\\\/person\\\/c8a0f1bfe64548cfb06c0529b0970068\"},\"headline\":\"Vedan gi\u1edbi thi\u1ec7u s\u1ea3n ph\u1ea9m ti\u00eau bi\u1ec3u t\u1ea1i tri\u1ec3n l\u00e3m Taiwan Expo 2019\",\"datePublished\":\"2019-08-10T22:21:01+00:00\",\"dateModified\":\"2019-08-10T22:21:02+00:00\",\"mainEntityOfPage\":{\"@id\":\"https:\\\/\\\/selectednews.info\\\/vi\\\/vedan-gioi-thieu-san-pham-tieu-bieu-tai-trien-lam-taiwan-expo-2019\\\/\"},\"wordCount\":927,\"commentCount\":0,\"image\":{\"@id\":\"https:\\\/\\\/selectednews.info\\\/vi\\\/vedan-gioi-thieu-san-pham-tieu-bieu-tai-trien-lam-taiwan-expo-2019\\\/#primaryimage\"},\"thumbnailUrl\":\"https:\\\/\\\/selectednews.info\\\/vi\\\/wp-content\\\/uploads\\\/sites\\\/5\\\/2019\\\/08\\\/Vedan-gi\u1edbi-thi\u1ec7u-s\u1ea3n-ph\u1ea9m-ti\u00eau-bi\u1ec3u-t\u1ea1i-tri\u1ec3n-l\u00e3m.jpg\",\"articleSection\":[\"B\u1ea2N TIN KINH DOANH\"],\"inLanguage\":\"vi\",\"potentialAction\":[{\"@type\":\"CommentAction\",\"name\":\"Comment\",\"target\":[\"https:\\\/\\\/selectednews.info\\\/vi\\\/vedan-gioi-thieu-san-pham-tieu-bieu-tai-trien-lam-taiwan-expo-2019\\\/#respond\"]}]},{\"@type\":\"WebPage\",\"@id\":\"https:\\\/\\\/selectednews.info\\\/vi\\\/vedan-gioi-thieu-san-pham-tieu-bieu-tai-trien-lam-taiwan-expo-2019\\\/\",\"url\":\"https:\\\/\\\/selectednews.info\\\/vi\\\/vedan-gioi-thieu-san-pham-tieu-bieu-tai-trien-lam-taiwan-expo-2019\\\/\",\"name\":\"Vedan gi\u1edbi thi\u1ec7u s\u1ea3n ph\u1ea9m ti\u00eau bi\u1ec3u t\u1ea1i tri\u1ec3n l\u00e3m Taiwan Expo 2019 - Selected News\",\"isPartOf\":{\"@id\":\"https:\\\/\\\/selectednews.info\\\/vi\\\/#website\"},\"primaryImageOfPage\":{\"@id\":\"https:\\\/\\\/selectednews.info\\\/vi\\\/vedan-gioi-thieu-san-pham-tieu-bieu-tai-trien-lam-taiwan-expo-2019\\\/#primaryimage\"},\"image\":{\"@id\":\"https:\\\/\\\/selectednews.info\\\/vi\\\/vedan-gioi-thieu-san-pham-tieu-bieu-tai-trien-lam-taiwan-expo-2019\\\/#primaryimage\"},\"thumbnailUrl\":\"https:\\\/\\\/selectednews.info\\\/vi\\\/wp-content\\\/uploads\\\/sites\\\/5\\\/2019\\\/08\\\/Vedan-gi\u1edbi-thi\u1ec7u-s\u1ea3n-ph\u1ea9m-ti\u00eau-bi\u1ec3u-t\u1ea1i-tri\u1ec3n-l\u00e3m.jpg\",\"datePublished\":\"2019-08-10T22:21:01+00:00\",\"dateModified\":\"2019-08-10T22:21:02+00:00\",\"author\":{\"@id\":\"https:\\\/\\\/selectednews.info\\\/vi\\\/#\\\/schema\\\/person\\\/c8a0f1bfe64548cfb06c0529b0970068\"},\"breadcrumb\":{\"@id\":\"https:\\\/\\\/selectednews.info\\\/vi\\\/vedan-gioi-thieu-san-pham-tieu-bieu-tai-trien-lam-taiwan-expo-2019\\\/#breadcrumb\"},\"inLanguage\":\"vi\",\"potentialAction\":[{\"@type\":\"ReadAction\",\"target\":[\"https:\\\/\\\/selectednews.info\\\/vi\\\/vedan-gioi-thieu-san-pham-tieu-bieu-tai-trien-lam-taiwan-expo-2019\\\/\"]}]},{\"@type\":\"ImageObject\",\"inLanguage\":\"vi\",\"@id\":\"https:\\\/\\\/selectednews.info\\\/vi\\\/vedan-gioi-thieu-san-pham-tieu-bieu-tai-trien-lam-taiwan-expo-2019\\\/#primaryimage\",\"url\":\"https:\\\/\\\/selectednews.info\\\/vi\\\/wp-content\\\/uploads\\\/sites\\\/5\\\/2019\\\/08\\\/Vedan-gi\u1edbi-thi\u1ec7u-s\u1ea3n-ph\u1ea9m-ti\u00eau-bi\u1ec3u-t\u1ea1i-tri\u1ec3n-l\u00e3m.jpg\",\"contentUrl\":\"https:\\\/\\\/selectednews.info\\\/vi\\\/wp-content\\\/uploads\\\/sites\\\/5\\\/2019\\\/08\\\/Vedan-gi\u1edbi-thi\u1ec7u-s\u1ea3n-ph\u1ea9m-ti\u00eau-bi\u1ec3u-t\u1ea1i-tri\u1ec3n-l\u00e3m.jpg\",\"width\":500,\"height\":375,\"caption\":\"Nh\u00e2n vi\u00ean gi\u1edbi thi\u1ec7u s\u1ea3n ph\u1ea9m c\u1ee7a Vedan t\u1ea1i tri\u1ec3n l\u00e3m.\"},{\"@type\":\"BreadcrumbList\",\"@id\":\"https:\\\/\\\/selectednews.info\\\/vi\\\/vedan-gioi-thieu-san-pham-tieu-bieu-tai-trien-lam-taiwan-expo-2019\\\/#breadcrumb\",\"itemListElement\":[{\"@type\":\"ListItem\",\"position\":1,\"name\":\"\u0413\u043b\u0430\u0432\u043d\u0430\u044f \u0441\u0442\u0440\u0430\u043d\u0438\u0446\u0430\",\"item\":\"https:\\\/\\\/selectednews.info\\\/vi\\\/\"},{\"@type\":\"ListItem\",\"position\":2,\"name\":\"Vedan gi\u1edbi thi\u1ec7u s\u1ea3n ph\u1ea9m ti\u00eau bi\u1ec3u t\u1ea1i tri\u1ec3n l\u00e3m Taiwan Expo 2019\"}]},{\"@type\":\"WebSite\",\"@id\":\"https:\\\/\\\/selectednews.info\\\/vi\\\/#website\",\"url\":\"https:\\\/\\\/selectednews.info\\\/vi\\\/\",\"name\":\"Selected News\",\"description\":\"Selected News Vi\u1ec7t nam\",\"potentialAction\":[{\"@type\":\"SearchAction\",\"target\":{\"@type\":\"EntryPoint\",\"urlTemplate\":\"https:\\\/\\\/selectednews.info\\\/vi\\\/?s={search_term_string}\"},\"query-input\":{\"@type\":\"PropertyValueSpecification\",\"valueRequired\":true,\"valueName\":\"search_term_string\"}}],\"inLanguage\":\"vi\"},{\"@type\":\"Person\",\"@id\":\"https:\\\/\\\/selectednews.info\\\/vi\\\/#\\\/schema\\\/person\\\/c8a0f1bfe64548cfb06c0529b0970068\",\"name\":\"selectednews\",\"image\":{\"@type\":\"ImageObject\",\"inLanguage\":\"vi\",\"@id\":\"https:\\\/\\\/secure.gravatar.com\\\/avatar\\\/c88515018a25fd646d9f77ea80cc88996711575667608a2cd1b47f3d1145508a?s=96&d=mm&r=g\",\"url\":\"https:\\\/\\\/secure.gravatar.com\\\/avatar\\\/c88515018a25fd646d9f77ea80cc88996711575667608a2cd1b47f3d1145508a?s=96&d=mm&r=g\",\"contentUrl\":\"https:\\\/\\\/secure.gravatar.com\\\/avatar\\\/c88515018a25fd646d9f77ea80cc88996711575667608a2cd1b47f3d1145508a?s=96&d=mm&r=g\",\"caption\":\"selectednews\"},\"url\":\"https:\\\/\\\/selectednews.info\\\/vi\\\/author\\\/pt\\\/\"}]}<\/script>\n<!-- \/ Yoast SEO plugin. -->","yoast_head_json":{"title":"Vedan gi\u1edbi thi\u1ec7u s\u1ea3n ph\u1ea9m ti\u00eau bi\u1ec3u t\u1ea1i tri\u1ec3n l\u00e3m Taiwan Expo 2019 - Selected News","robots":{"index":"index","follow":"follow","max-snippet":"max-snippet:-1","max-image-preview":"max-image-preview:large","max-video-preview":"max-video-preview:-1"},"canonical":"https:\/\/selectednews.info\/vi\/vedan-gioi-thieu-san-pham-tieu-bieu-tai-trien-lam-taiwan-expo-2019\/","og_locale":"vi_VN","og_type":"article","og_title":"Vedan gi\u1edbi thi\u1ec7u s\u1ea3n ph\u1ea9m ti\u00eau bi\u1ec3u t\u1ea1i tri\u1ec3n l\u00e3m Taiwan Expo 2019 - Selected News","og_description":"[ad_1] V\u1edbi nhi\u1ec1u s\u1ea3n ph\u1ea9m \u0111a d\u1ea1ng, Vedan mong mu\u1ed1n mang \u0111\u1ebfn s\u1ef1 ti\u1ec7n d\u1ee5ng, nhanh ch\u00f3ng v\u00e0 b\u1eefa c\u01a1m ngon mi\u1ec7ng cho h\u00e0ng tri\u1ec7u gia \u0111\u00ecnh Vi\u1ec7t Nam. L\u00e0 ho\u1ea1t \u0111\u1ed9ng th\u01b0\u1eddng ni\u00ean \u0111\u01b0\u1ee3c t\u1ed5 ch\u1ee9c nh\u1eb1m x\u00e2y d\u1ef1ng m\u1ed1i quan h\u1ec7 h\u1ee3p t\u00e1c gi\u1eefa \u0110\u00e0i Loan v\u00e0 c\u00e1c n\u01b0\u1edbc ASEAN, \u0111\u1ed3ng th\u1eddi \u0111em [&hellip;]","og_url":"https:\/\/selectednews.info\/vi\/vedan-gioi-thieu-san-pham-tieu-bieu-tai-trien-lam-taiwan-expo-2019\/","og_site_name":"Selected News","article_published_time":"2019-08-10T22:21:01+00:00","article_modified_time":"2019-08-10T22:21:02+00:00","og_image":[{"width":500,"height":375,"url":"https:\/\/selectednews.info\/vi\/wp-content\/uploads\/sites\/5\/2019\/08\/Vedan-gi\u1edbi-thi\u1ec7u-s\u1ea3n-ph\u1ea9m-ti\u00eau-bi\u1ec3u-t\u1ea1i-tri\u1ec3n-l\u00e3m.jpg","type":"image\/jpeg"}],"author":"selectednews","twitter_card":"summary_large_image","twitter_misc":{"\u0110\u01b0\u1ee3c vi\u1ebft b\u1edfi":"selectednews","\u01af\u1edbc t\u00ednh th\u1eddi gian \u0111\u1ecdc":"5 ph\u00fat"},"schema":{"@context":"https:\/\/schema.org","@graph":[{"@type":"Article","@id":"https:\/\/selectednews.info\/vi\/vedan-gioi-thieu-san-pham-tieu-bieu-tai-trien-lam-taiwan-expo-2019\/#article","isPartOf":{"@id":"https:\/\/selectednews.info\/vi\/vedan-gioi-thieu-san-pham-tieu-bieu-tai-trien-lam-taiwan-expo-2019\/"},"author":{"name":"selectednews","@id":"https:\/\/selectednews.info\/vi\/#\/schema\/person\/c8a0f1bfe64548cfb06c0529b0970068"},"headline":"Vedan gi\u1edbi thi\u1ec7u s\u1ea3n ph\u1ea9m ti\u00eau bi\u1ec3u t\u1ea1i tri\u1ec3n l\u00e3m Taiwan Expo 2019","datePublished":"2019-08-10T22:21:01+00:00","dateModified":"2019-08-10T22:21:02+00:00","mainEntityOfPage":{"@id":"https:\/\/selectednews.info\/vi\/vedan-gioi-thieu-san-pham-tieu-bieu-tai-trien-lam-taiwan-expo-2019\/"},"wordCount":927,"commentCount":0,"image":{"@id":"https:\/\/selectednews.info\/vi\/vedan-gioi-thieu-san-pham-tieu-bieu-tai-trien-lam-taiwan-expo-2019\/#primaryimage"},"thumbnailUrl":"https:\/\/selectednews.info\/vi\/wp-content\/uploads\/sites\/5\/2019\/08\/Vedan-gi\u1edbi-thi\u1ec7u-s\u1ea3n-ph\u1ea9m-ti\u00eau-bi\u1ec3u-t\u1ea1i-tri\u1ec3n-l\u00e3m.jpg","articleSection":["B\u1ea2N TIN KINH DOANH"],"inLanguage":"vi","potentialAction":[{"@type":"CommentAction","name":"Comment","target":["https:\/\/selectednews.info\/vi\/vedan-gioi-thieu-san-pham-tieu-bieu-tai-trien-lam-taiwan-expo-2019\/#respond"]}]},{"@type":"WebPage","@id":"https:\/\/selectednews.info\/vi\/vedan-gioi-thieu-san-pham-tieu-bieu-tai-trien-lam-taiwan-expo-2019\/","url":"https:\/\/selectednews.info\/vi\/vedan-gioi-thieu-san-pham-tieu-bieu-tai-trien-lam-taiwan-expo-2019\/","name":"Vedan gi\u1edbi thi\u1ec7u s\u1ea3n ph\u1ea9m ti\u00eau bi\u1ec3u t\u1ea1i tri\u1ec3n l\u00e3m Taiwan Expo 2019 - Selected News","isPartOf":{"@id":"https:\/\/selectednews.info\/vi\/#website"},"primaryImageOfPage":{"@id":"https:\/\/selectednews.info\/vi\/vedan-gioi-thieu-san-pham-tieu-bieu-tai-trien-lam-taiwan-expo-2019\/#primaryimage"},"image":{"@id":"https:\/\/selectednews.info\/vi\/vedan-gioi-thieu-san-pham-tieu-bieu-tai-trien-lam-taiwan-expo-2019\/#primaryimage"},"thumbnailUrl":"https:\/\/selectednews.info\/vi\/wp-content\/uploads\/sites\/5\/2019\/08\/Vedan-gi\u1edbi-thi\u1ec7u-s\u1ea3n-ph\u1ea9m-ti\u00eau-bi\u1ec3u-t\u1ea1i-tri\u1ec3n-l\u00e3m.jpg","datePublished":"2019-08-10T22:21:01+00:00","dateModified":"2019-08-10T22:21:02+00:00","author":{"@id":"https:\/\/selectednews.info\/vi\/#\/schema\/person\/c8a0f1bfe64548cfb06c0529b0970068"},"breadcrumb":{"@id":"https:\/\/selectednews.info\/vi\/vedan-gioi-thieu-san-pham-tieu-bieu-tai-trien-lam-taiwan-expo-2019\/#breadcrumb"},"inLanguage":"vi","potentialAction":[{"@type":"ReadAction","target":["https:\/\/selectednews.info\/vi\/vedan-gioi-thieu-san-pham-tieu-bieu-tai-trien-lam-taiwan-expo-2019\/"]}]},{"@type":"ImageObject","inLanguage":"vi","@id":"https:\/\/selectednews.info\/vi\/vedan-gioi-thieu-san-pham-tieu-bieu-tai-trien-lam-taiwan-expo-2019\/#primaryimage","url":"https:\/\/selectednews.info\/vi\/wp-content\/uploads\/sites\/5\/2019\/08\/Vedan-gi\u1edbi-thi\u1ec7u-s\u1ea3n-ph\u1ea9m-ti\u00eau-bi\u1ec3u-t\u1ea1i-tri\u1ec3n-l\u00e3m.jpg","contentUrl":"https:\/\/selectednews.info\/vi\/wp-content\/uploads\/sites\/5\/2019\/08\/Vedan-gi\u1edbi-thi\u1ec7u-s\u1ea3n-ph\u1ea9m-ti\u00eau-bi\u1ec3u-t\u1ea1i-tri\u1ec3n-l\u00e3m.jpg","width":500,"height":375,"caption":"Nh\u00e2n vi\u00ean gi\u1edbi thi\u1ec7u s\u1ea3n ph\u1ea9m c\u1ee7a Vedan t\u1ea1i tri\u1ec3n l\u00e3m."},{"@type":"BreadcrumbList","@id":"https:\/\/selectednews.info\/vi\/vedan-gioi-thieu-san-pham-tieu-bieu-tai-trien-lam-taiwan-expo-2019\/#breadcrumb","itemListElement":[{"@type":"ListItem","position":1,"name":"\u0413\u043b\u0430\u0432\u043d\u0430\u044f \u0441\u0442\u0440\u0430\u043d\u0438\u0446\u0430","item":"https:\/\/selectednews.info\/vi\/"},{"@type":"ListItem","position":2,"name":"Vedan gi\u1edbi thi\u1ec7u s\u1ea3n ph\u1ea9m ti\u00eau bi\u1ec3u t\u1ea1i tri\u1ec3n l\u00e3m Taiwan Expo 2019"}]},{"@type":"WebSite","@id":"https:\/\/selectednews.info\/vi\/#website","url":"https:\/\/selectednews.info\/vi\/","name":"Selected News","description":"Selected News Vi\u1ec7t nam","potentialAction":[{"@type":"SearchAction","target":{"@type":"EntryPoint","urlTemplate":"https:\/\/selectednews.info\/vi\/?s={search_term_string}"},"query-input":{"@type":"PropertyValueSpecification","valueRequired":true,"valueName":"search_term_string"}}],"inLanguage":"vi"},{"@type":"Person","@id":"https:\/\/selectednews.info\/vi\/#\/schema\/person\/c8a0f1bfe64548cfb06c0529b0970068","name":"selectednews","image":{"@type":"ImageObject","inLanguage":"vi","@id":"https:\/\/secure.gravatar.com\/avatar\/c88515018a25fd646d9f77ea80cc88996711575667608a2cd1b47f3d1145508a?s=96&d=mm&r=g","url":"https:\/\/secure.gravatar.com\/avatar\/c88515018a25fd646d9f77ea80cc88996711575667608a2cd1b47f3d1145508a?s=96&d=mm&r=g","contentUrl":"https:\/\/secure.gravatar.com\/avatar\/c88515018a25fd646d9f77ea80cc88996711575667608a2cd1b47f3d1145508a?s=96&d=mm&r=g","caption":"selectednews"},"url":"https:\/\/selectednews.info\/vi\/author\/pt\/"}]}},"_links":{"self":[{"href":"https:\/\/selectednews.info\/vi\/wp-json\/wp\/v2\/posts\/4239","targetHints":{"allow":["GET"]}}],"collection":[{"href":"https:\/\/selectednews.info\/vi\/wp-json\/wp\/v2\/posts"}],"about":[{"href":"https:\/\/selectednews.info\/vi\/wp-json\/wp\/v2\/types\/post"}],"author":[{"embeddable":true,"href":"https:\/\/selectednews.info\/vi\/wp-json\/wp\/v2\/users\/2"}],"replies":[{"embeddable":true,"href":"https:\/\/selectednews.info\/vi\/wp-json\/wp\/v2\/comments?post=4239"}],"version-history":[{"count":1,"href":"https:\/\/selectednews.info\/vi\/wp-json\/wp\/v2\/posts\/4239\/revisions"}],"predecessor-version":[{"id":4241,"href":"https:\/\/selectednews.info\/vi\/wp-json\/wp\/v2\/posts\/4239\/revisions\/4241"}],"wp:featuredmedia":[{"embeddable":true,"href":"https:\/\/selectednews.info\/vi\/wp-json\/wp\/v2\/media\/4240"}],"wp:attachment":[{"href":"https:\/\/selectednews.info\/vi\/wp-json\/wp\/v2\/media?parent=4239"}],"wp:term":[{"taxonomy":"category","embeddable":true,"href":"https:\/\/selectednews.info\/vi\/wp-json\/wp\/v2\/categories?post=4239"},{"taxonomy":"post_tag","embeddable":true,"href":"https:\/\/selectednews.info\/vi\/wp-json\/wp\/v2\/tags?post=4239"}],"curies":[{"name":"wp","href":"https:\/\/api.w.org\/{rel}","templated":true}]}}